{"id":2417,"date":"2010-07-08T13:41:04","date_gmt":"2010-07-08T13:41:04","guid":{"rendered":"https:\/\/la-presse-anarchiste.net\/index.php\/2010\/07\/08\/une-tentative-de-rajeunissement-du-socialisme-bourgeois-les-theories-de-mm-georges-valois-et-consorts\/"},"modified":"2010-07-08T13:41:04","modified_gmt":"2010-07-08T13:41:04","slug":"une-tentative-de-rajeunissement-du-socialisme-bourgeois-les-theories-de-mm-georges-valois-et-consorts","status":"publish","type":"post","link":"https:\/\/la-presse-anarchiste.net\/index.php\/2010\/07\/08\/une-tentative-de-rajeunissement-du-socialisme-bourgeois-les-theories-de-mm-georges-valois-et-consorts\/","title":{"rendered":"Une tentative de rajeunissement du socialisme bourgeois&nbsp;: les th\u00e9ories de MM.&nbsp;Georges Valois et consorts"},"content":{"rendered":"<div class=\"pdfprnt-buttons pdfprnt-buttons-post pdfprnt-top-right\"><a href=\"https:\/\/la-presse-anarchiste.net\/index.php\/wp-json\/wp\/v2\/posts\/2417?print=pdf\" class=\"pdfprnt-button pdfprnt-button-pdf\" target=\"_blank\"><img decoding=\"async\" src=\"https:\/\/la-presse-anarchiste.net\/wp-content\/plugins\/pdf-print\/images\/pdf.png\" alt=\"image_pdf\" title=\"Afficher le PDF\"><\/a><a href=\"https:\/\/la-presse-anarchiste.net\/index.php\/wp-json\/wp\/v2\/posts\/2417?print=print\" class=\"pdfprnt-button pdfprnt-button-print\" target=\"_blank\"><img decoding=\"async\" src=\"https:\/\/la-presse-anarchiste.net\/wp-content\/plugins\/pdf-print\/images\/print.png\" alt=\"image_print\" title=\"Contenu imprim\u00e9\"><\/a><\/div><p>Plu\u00adsieurs d\u2019entre nous ont re\u00e7u, comme sans doute bien d\u2019autres indi\u00advi\u00addus que rien ne d\u00e9si\u00adgnait par\u00adti\u00adcu\u00adli\u00e8\u00adre\u00adment pour cela, les num\u00e9\u00adros-pro\u00adgrammes du nou\u00adveau jour\u00adnal de M.&nbsp;Georges Valois, <i>Chan\u00adtiers Coop\u00e9\u00adra\u00adtifs<\/i>. Ces envois \u00e9taient accom\u00adpa\u00adgn\u00e9s de cir\u00adcu\u00adlaires nous invi\u00adtant \u00e0 signer divers mani\u00adfestes et \u00e0 sous\u00adcrire des actions (!) des\u00adti\u00adn\u00e9es \u00e0 assu\u00adrer le finan\u00adce\u00adment du nou\u00advel organe. Tout en nous r\u00e9ser\u00advant de cri\u00adti\u00adquer ult\u00e9\u00adrieu\u00adre\u00adment sur tous les ter\u00adrains o\u00f9 cela sera jug\u00e9 n\u00e9ces\u00adsaire l\u2019i\u00add\u00e9o\u00adlo\u00adgie et la ligne de conduite de M.&nbsp;Georges Valois et de ses amis, nous avons jug\u00e9 bon, sans plus attendre, de tra\u00adcer une d\u00e9li\u00admi\u00adta\u00adtion g\u00e9n\u00e9\u00adrale entre le ter\u00adrain de l\u2019ac\u00adtion. directe pro\u00adl\u00e9\u00adta\u00adrienne comme moyen de trans\u00adfor\u00adma\u00adtion sociale, et de ce que nous consi\u00add\u00e9\u00adrons comme le der\u00adnier effort du socia\u00adlisme bour\u00adgeois. Nous avons confi\u00e9 ce soin \u00e0 l\u2019un de nos meilleurs cama\u00adrades, Michel B. La pre\u00admi\u00e8re des \u00e9tudes cri\u00adtiques qu\u2019il a consa\u00adcr\u00e9e \u00e0 tra\u00adcer dans le socia\u00adlisme une fron\u00adti\u00e8re de classe se trouve donc d\u2019i\u00adnau\u00adgu\u00adrer la s\u00e9rie des cor\u00adres\u00adpon\u00addances, d\u2019in\u00adfor\u00adma\u00adtion et de dis\u00adcus\u00adsion que nous ouvrons dans ces colonnes aux expres\u00adsions diverses de la conscience prol\u00e9tarienne.<\/p>\n<p>Le groupe initiateur.<\/p>\n","protected":false},"excerpt":{"rendered":"<p>Plu\u00adsieurs d\u2019entre nous ont re\u00e7u, comme sans doute bien d\u2019autres indi\u00advi\u00addus que rien ne d\u00e9si\u00adgnait par\u00adti\u00adcu\u00adli\u00e8\u00adre\u00adment pour cela, les num\u00e9\u00ad\u00adros-pro\u00ad\u00adgrammes du nou\u00adveau jour\u00adnal de M.&nbsp;Georges Valois, Chan\u00adtiers Coop\u00e9\u00adra\u00adtifs. Ces envois \u00e9taient accom\u00adpa\u00adgn\u00e9s de cir\u00adcu\u00adlaires nous invi\u00adtant \u00e0 signer divers mani\u00adfestes et \u00e0 sous\u00adcrire des actions (!) des\u00adti\u00adn\u00e9es \u00e0 assu\u00adrer le finan\u00adce\u00adment du nou\u00advel organe. Tout&nbsp;[\u2026]<\/p>\n","protected":false},"author":1,"featured_media":0,"comment_status":"closed","ping_status":"closed","sticky":false,"template":"","format":"standard","meta":{"wp_typography_post_enhancements_disabled":false,"footnotes":""},"categories":[307],"tags":[],"ppma_author":[540],"class_list":["post-2417","post","type-post","status-publish","format-standard","hentry","category-correspondance-internationale-ouvriere-n1-25-septembre-1932"],"authors":[{"term_id":540,"user_id":1,"is_guest":0,"slug":"admin_3gikpwyf","display_name":"Vincent Dubuc","avatar_url":"https:\/\/secure.gravatar.com\/avatar\/d015720652c25fd2ced191ade86430094e1f288a17483713e3b34d26dea52507?s=96&d=mm&r=g","author_category":"","user_url":"https:\/\/la-presse-anarchiste.net","last_name":"Dubuc","first_name":"Vincent","job_title":"","description":""}],"_links":{"self":[{"href":"https:\/\/la-presse-anarchiste.net\/index.php\/wp-json\/wp\/v2\/posts\/2417","targetHints":{"allow":["GET"]}}],"collection":[{"href":"https:\/\/la-presse-anarchiste.net\/index.php\/wp-json\/wp\/v2\/posts"}],"about":[{"href":"https:\/\/la-presse-anarchiste.net\/index.php\/wp-json\/wp\/v2\/types\/post"}],"author":[{"embeddable":true,"href":"https:\/\/la-presse-anarchiste.net\/index.php\/wp-json\/wp\/v2\/users\/1"}],"replies":[{"embeddable":true,"href":"https:\/\/la-presse-anarchiste.net\/index.php\/wp-json\/wp\/v2\/comments?post=2417"}],"version-history":[{"count":0,"href":"https:\/\/la-presse-anarchiste.net\/index.php\/wp-json\/wp\/v2\/posts\/2417\/revisions"}],"wp:attachment":[{"href":"https:\/\/la-presse-anarchiste.net\/index.php\/wp-json\/wp\/v2\/media?parent=2417"}],"wp:term":[{"taxonomy":"category","embeddable":true,"href":"https:\/\/la-presse-anarchiste.net\/index.php\/wp-json\/wp\/v2\/categories?post=2417"},{"taxonomy":"post_tag","embeddable":true,"href":"https:\/\/la-presse-anarchiste.net\/index.php\/wp-json\/wp\/v2\/tags?post=2417"},{"taxonomy":"author","embeddable":true,"href":"https:\/\/la-presse-anarchiste.net\/index.php\/wp-json\/wp\/v2\/ppma_author?post=2417"}],"curies":[{"name":"wp","href":"https:\/\/api.w.org\/{rel}","templated":true}]}}