{"id":2422,"date":"2010-07-08T13:58:53","date_gmt":"2010-07-08T13:58:53","guid":{"rendered":"https:\/\/la-presse-anarchiste.net\/index.php\/2010\/07\/08\/les-anarchistes-et-la-revolution-sociale-la-periode-de-transition\/"},"modified":"2010-07-08T13:58:53","modified_gmt":"2010-07-08T13:58:53","slug":"les-anarchistes-et-la-revolution-sociale-la-periode-de-transition","status":"publish","type":"post","link":"https:\/\/la-presse-anarchiste.net\/index.php\/2010\/07\/08\/les-anarchistes-et-la-revolution-sociale-la-periode-de-transition\/","title":{"rendered":"Les anarchistes et la r\u00e9volution sociale, la p\u00e9riode de transition"},"content":{"rendered":"<div class=\"pdfprnt-buttons pdfprnt-buttons-post pdfprnt-top-right\"><a href=\"https:\/\/la-presse-anarchiste.net\/index.php\/wp-json\/wp\/v2\/posts\/2422?print=pdf\" class=\"pdfprnt-button pdfprnt-button-pdf\" target=\"_blank\"><img decoding=\"async\" src=\"https:\/\/la-presse-anarchiste.net\/wp-content\/plugins\/pdf-print\/images\/pdf.png\" alt=\"image_pdf\" title=\"Afficher le PDF\"><\/a><a href=\"https:\/\/la-presse-anarchiste.net\/index.php\/wp-json\/wp\/v2\/posts\/2422?print=print\" class=\"pdfprnt-button pdfprnt-button-print\" target=\"_blank\"><img decoding=\"async\" src=\"https:\/\/la-presse-anarchiste.net\/wp-content\/plugins\/pdf-print\/images\/print.png\" alt=\"image_print\" title=\"Contenu imprim\u00e9\"><\/a><\/div><p>La ques\u00adtion de la p\u00e9riode de tran\u00adsi\u00adtion inqui\u00e8te \u00e0 juste titre tous les anar\u00adchistes qui demandent \u00e0 la r\u00e9vo\u00adlu\u00adtion sociale la r\u00e9a\u00adli\u00adsa\u00adtion de leur id\u00e9al et se pro\u00adposent d\u2019y jouer un r\u00f4le agis\u00adsant. \u00c0 cette ques\u00adtion, qui n\u2019est autre que celle des moyens de r\u00e9a\u00adli\u00adser l\u2019a\u00adnar\u00adchie, il a \u00e9t\u00e9 r\u00e9pon\u00addu de diverses mani\u00e8res.<\/p>\n<p>1\u00b0 \u2013 Les uns se refusent \u00e0 toute tran\u00adsac\u00adtion entre la r\u00e9a\u00adli\u00adt\u00e9 pr\u00e9\u00adsente et leur r\u00eave supr\u00eame de liber\u00adt\u00e9 et d\u2019har\u00admo\u00adnie int\u00e9\u00adgrale. Ils sont ame\u00adn\u00e9s par l\u00e0-m\u00eame \u00e0 admettre qu\u2019une tr\u00e8s longue p\u00e9riode his\u00adto\u00adrique pr\u00e9\u00adc\u00e9\u00adde\u00adra l\u2019ac\u00adcom\u00adplis\u00adse\u00adment de leurs v\u0153ux ils con\u00e7oivent cette p\u00e9riode comme un pro\u00adlon\u00adge\u00adment de l\u2019\u00e8re capi\u00adta\u00adliste-d\u00e9mo\u00adcra\u00adtique. En un mot, la p\u00e9riode de tran\u00adsi\u00adtion, du moment qu\u2019ils se refusent \u00e0 la consi\u00add\u00e9\u00adrer comme une \u00e9tape vio\u00adlente et r\u00e9vo\u00adlu\u00adtion\u00adnaire, prend chez eux la forme d\u2019un d\u00e9ve\u00adlop\u00adpe\u00adment paci\u00adfique et lib\u00e9\u00adral presque ind\u00e9\u00adfi\u00adni de la soci\u00e9\u00adt\u00e9 actuelle. Du m\u00eame coup, le pro\u00adgramme d\u2019ac\u00adtion imm\u00e9\u00addiate des anar\u00adchistes se trouve limi\u00adt\u00e9 \u00e0 des t\u00e2ches de pro\u00adpa\u00adgande, d\u2019\u00e9\u00addi\u00adfi\u00adca\u00adtion syn\u00addi\u00adcale et coop\u00e9\u00adra\u00adtive, d\u2019ac\u00adtion cultu\u00adrelle, etc. C\u2019est ce qu\u2019on pour\u00adrait appe\u00adler l\u2019a\u00adnar\u00adchisme <i>id\u00e9a\u00adlo-r\u00e9for\u00admiste<\/i>, ten\u00addance qui pr\u00e9\u00addo\u00admine d\u2019une mani\u00e8re presque abso\u00adlue dans les pays les plus stables socia\u00adle\u00adment \u2013 \u00e0 com\u00admen\u00adcer par la France.<\/p>\n<p>2\u00b0 \u2013 Cepen\u00addant d\u2019au\u00adcuns se sont ren\u00addu compte que la p\u00e9riode lib\u00e9\u00adrale, pros\u00adp\u00e8re et d\u00e9mo\u00adcra\u00adtique, du capi\u00adta\u00adlisme est pas\u00ads\u00e9e&nbsp;; que la crise \u00e9co\u00adno\u00admique, la guerre, le fas\u00adcisme, la r\u00e9pres\u00adsion sociale sous toutes ses formes sont sus\u00adpen\u00addues sur le monde entier&nbsp;; que la lutte est in\u00e9vi\u00adtable \u00e0 br\u00e8ve \u00e9ch\u00e9ance entre les ten\u00addances des\u00adtruc\u00adtives de la domi\u00adna\u00adtion bour\u00adgeoise et la volon\u00adt\u00e9 de vie et de pro\u00adgr\u00e8s des masses tra\u00advailleuses&nbsp;; que cette lutte \u2013 qu\u2019on le veuille ou non \u2013 prend la forme d\u2019une lutte pour le pou\u00advoir. L\u2019ex\u00adp\u00e9\u00adrience des p\u00e9riodes r\u00e9vo\u00adlu\u00adtion\u00adnaires qu\u2019ils ont pu tra\u00adver\u00adser eux-m\u00eames, le plus sou\u00advent comme jouets d\u2019\u00e9\u00adv\u00e9\u00adne\u00adments qu\u2019une th\u00e9o\u00adrie tra\u00addi\u00adtion\u00adnel\u00adle\u00adment inter\u00adpr\u00e9\u00adt\u00e9e ne leur avait pas per\u00admis de pr\u00e9\u00advoir ou de com\u00adprendre, les a ame\u00adn\u00e9s \u00e0 une r\u00e9vi\u00adsion sys\u00adt\u00e9\u00adma\u00adtique de cette th\u00e9o\u00adrie. Ils ont \u00e9t\u00e9 contraints d\u2019ac\u00adcep\u00adter l\u2019i\u00add\u00e9e d\u2019une p\u00e9riode de tran\u00adsi\u00adtion catas\u00adtro\u00adphique, pen\u00addant laquelle les anar\u00adchistes lut\u00adte\u00adront r\u00e9vo\u00adlu\u00adtion\u00adnai\u00adre\u00adment pour un cer\u00adtain pro\u00adgramme mini\u00admum. Mais sur ce pro\u00adgramme mini\u00admum non plus que sur les m\u00e9thodes \u00e0 employer, l\u2019ac\u00adcord ne s\u2019est pas encore fait.<\/p>\n<ol>\n<li> Par\u00adfois le pro\u00adgramme mini\u00admum est con\u00e7u comme un pro\u00adgramme de luttes \u00e9co\u00adno\u00admiques  (jour\u00adn\u00e9es de six heures, salaire unique, contr\u00f4le sur la pro\u00adduc\u00adtion) diri\u00adg\u00e9es par des \u00ab&nbsp;syn\u00addi\u00adcats r\u00e9vo\u00adlu\u00adtion\u00adnaires&nbsp;\u00bb et abou\u00adtis\u00adsant \u00e0 la main\u00admise de ces syn\u00addi\u00adcats sur l\u2019\u00e9\u00adco\u00adno\u00admie. C\u2019est <i>l\u2019a\u00adnar\u00adchisme syn\u00addi\u00adca\u00adliste<\/i> de Bes\u00adnard et de ses amis. Il exerce une notable influence sur l\u2019As\u00adso\u00adcia\u00adtion Inter\u00adna\u00adtio\u00adnale des Tra\u00advailleurs, et son expres\u00adsion la plus extr\u00eame se refl\u00e8te dans la for\u00admule pure\u00adment syn\u00addi\u00adca\u00adliste d\u2019Al\u00adfon\u00adso Miguel&nbsp;: \u00ab&nbsp;Tout le pou\u00advoir aux Syndicats&nbsp;\u00bb.<\/li>\n<li> D\u2019autres \u00e9l\u00e9\u00adments con\u00e7oivent un pro\u00adgramme de nature sur\u00adtout poli\u00adtique, impli\u00adquant la for\u00adma\u00adtion d\u2019un v\u00e9ri\u00adtable par\u00adti anar\u00adchiste. Celui-ci aurait \u00e0 lut\u00adter avec les autres par\u00adtis pour  s\u2019as\u00adsu\u00adrer l\u2019h\u00e9\u00adg\u00e9\u00admo\u00adnie dans la r\u00e9vo\u00adlu\u00adtion, et s\u2019il le faut pas\u00adse\u00adrait avec eux des com\u00adpro\u00admis tran\u00adsi\u00adtoires pour assu\u00adrer le suc\u00adc\u00e8s des reven\u00addi\u00adca\u00adtions com\u00admunes. Tels sont les \u00ab&nbsp;Pla\u00adte\u00adfor\u00admistes&nbsp;\u00bb russes et les ita\u00adlo-am\u00e9\u00adri\u00adcains du groupe \u00ab&nbsp;Ere\u00adsia&nbsp;\u00bb. La cons\u00e9\u00adquence logique de cette atti\u00adtude appa\u00adra\u00eet dans le semi-bol\u00adch\u00e9\u00advisme d\u2019Ar\u00adchi\u00adnoff et dans le bol\u00adch\u00e9\u00advisme \u00e0 cent-dix pour cent des Ernest Girault et des Ghis\u00adlain. Aus\u00adsi appel\u00adle\u00adrons-nous cette ten\u00addance <i>l\u2019a\u00adnar\u00adchisme bol\u00adch\u00e9\u00advi\u00adsant<\/i>.<\/li>\n<\/ol>\n<p>3\u00b0 \u2013 Enfin il existe un troi\u00adsi\u00e8me grand cou\u00adrant qui se base sur les consi\u00add\u00e9\u00adra\u00adtions suivantes&nbsp;:<\/p>\n<ol>\n<li> L\u2019a\u00adnar\u00adcho-r\u00e9for\u00admisme nie la crise et les pers\u00adpec\u00adtives r\u00e9vo\u00adlu\u00adtion\u00adnaires. Il tend \u00e0 conser\u00adver le capi\u00adta\u00adlisme d\u00e9mo\u00adcra\u00adtique et \u00e0 mar\u00adcher paral\u00adl\u00e8\u00adle\u00adment \u00e0 lui, il se confond alors avec le <i>lib\u00e9\u00adra\u00adlisme bour\u00adgeois<\/i>. Il entra\u00eene par\u00adfois sur ce ter\u00adrain m\u00eame l\u2019aile gauche anar\u00adcho-syn\u00addi\u00adca\u00adliste, qui se d\u00e9clare pure\u00adment \u00e9du\u00adca\u00adtion\u00adniste et \u00e9co\u00adno\u00admique et par suite indif\u00adf\u00e9\u00adrente en mati\u00e8re de lutte poli\u00adtique. \u2013 Comme si toute lutte directe \u00e9co\u00adno\u00admique et toute pro\u00adpa\u00adgande sub\u00adver\u00adsive ne rev\u00ea\u00adtait pas un carac\u00adt\u00e8re concr\u00e8\u00adte\u00adment, socia\u00adle\u00adment r\u00e9vo\u00adlu\u00adtion\u00adnaire dans tous les domaines&nbsp;!<\/li>\n<li> L\u2019a\u00adnar\u00adcho-syn\u00addi\u00adca\u00adlisme pr\u00e9\u00adtend avoir un carac\u00adt\u00e8re \u00ab&nbsp;\u00e9co\u00adno\u00admique pur&nbsp;\u00bb, et en ce sens, il est enclin \u00e0 lais\u00adser sub\u00adsis\u00adter sans com\u00adbat l\u2019ap\u00adpa\u00adreil poli\u00adtique r\u00e9ac\u00adtion\u00adnaire de la bour\u00adgeoi\u00adsie. Mais, en admet\u00adtant que celui-ci s\u2019\u00e9\u00adcroule brus\u00adque\u00adment sans avoir \u00e9t\u00e9 d\u00e9bus\u00adqu\u00e9 de ses posi\u00adtions par l\u2019or\u00adga\u00adni\u00adsa\u00adtion int\u00e9\u00adgrale des masses. il arri\u00adve\u00adrait ceci, que le pou\u00advoir poli\u00adtique tom\u00adbe\u00adrait tout sim\u00adple\u00adment entre les mains des orga\u00adnismes \u00ab&nbsp;pure\u00adment \u00e9co\u00adno\u00admiques&nbsp;\u00bb du syn\u00addi\u00adca\u00adlisme <i>sup\u00adpo\u00ads\u00e9 total, mono\u00adli\u00adthique et \u00e0 id\u00e9o\u00adlo\u00adgie anar\u00adchiste<\/i>. Mais cette hypo\u00adth\u00e8se est d\u2019ailleurs pure\u00adment gra\u00adtuite&nbsp;: un tel syn\u00addi\u00adca\u00adlisme n\u2019existe et n\u2019a exis\u00adt\u00e9 nulle part, et cela suf\u00adfi\u00adrait \u00e0 prou\u00adver que l\u2019on ne fait pas la r\u00e9vo\u00adlu\u00adtion avec des organes d\u2019a\u00addap\u00adta\u00adtion aux condi\u00adtions internes du capi\u00adta\u00adlisme d\u00e9mo\u00adcra\u00adtique, \u00e0 base cor\u00adpo\u00adra\u00adtive ou professionnelle.<\/li>\n<li> L\u2019a\u00adnar\u00adcho-bol\u00adch\u00e9\u00advisme se consti\u00adtue lui aus\u00adsi sur des hases mono\u00adli\u00adthiques et auto\u00adri\u00adtaires, mais avec le des\u00adsein avou\u00e9 de se m\u00ealer au jeu des par\u00adtis, et d\u2019y triom\u00adpher par une poli\u00adtique de chef (com\u00adpro\u00admis, rup\u00adtures, etc\u2026). Or cette poli\u00adtique est propre \u00e0 \u00e9touf\u00adfer ou \u00e0 \u00ab&nbsp;sta\u00adbi\u00adli\u00adser&nbsp;\u00bb la r\u00e9vo\u00adlu\u00adtion, mais nul\u00adle\u00adment \u00e0 la pous\u00adser en avant. Comme l\u2019a\u00adnar\u00adcho-syn\u00addi\u00adca\u00adlisme et plus encore que lui, l\u2019a\u00adnar\u00adcho-bol\u00adch\u00e9\u00advisme est une <i>uto\u00adpie auto\u00adri\u00adtaire<\/i>.<\/li>\n<\/ol>\n<p>Ain\u00adsi, bien qu\u2019a\u00adni\u00adm\u00e9s des meilleures inten\u00adtions, les anar\u00adchistes des ten\u00addances ci-des\u00adsus auraient \u00e9chou\u00e9 dans la recherche d\u2019un pro\u00adgramme mini\u00admum r\u00e9el\u00adle\u00adment anar\u00adchiste et r\u00e9volutionnaire.<\/p>\n<p>Quant aux \u00e9l\u00e9\u00adments qu\u2019on pour\u00adrait appe\u00adler les <i>anar\u00adchistes-r\u00e9a\u00adlistes<\/i> ou <i>anar\u00adchistes d\u2019ac\u00adtion directe<\/i>, ils for\u00admulent \u00e0 peu pr\u00e8s les pro\u00adpo\u00adsi\u00adtions g\u00e9n\u00e9\u00adrales suivantes&nbsp;:<\/p>\n<p>I. \u2013 L\u2019a\u00adnar\u00adchisme en action se mani\u00adfeste actuel\u00adle\u00adment dans les \u00e9l\u00e9\u00adments les plus avan\u00adc\u00e9s et les plus d\u00e9s\u00adin\u00adt\u00e9\u00adres\u00ads\u00e9s de la lutte de classes, qui sou\u00adtiennent sur tous les ter\u00adrains, vis-\u00e0-vis de tous les domi\u00adna\u00adteurs du mou\u00adve\u00adment ouvrier, le prin\u00adcipe de l\u2019ac\u00adtion directe et de l\u2019au\u00adto\u00adno\u00admie r\u00e9vo\u00adlu\u00adtion\u00adnaire des indi\u00advi\u00addus et des masses.<\/p>\n<p>II. \u2013 Il ne se pro\u00adpose pas de mener une concur\u00adrence des\u00adtruc\u00adtive aux orga\u00adni\u00adsa\u00adtions ouvri\u00e8res exis\u00adtantes en leur oppo\u00adsant des orga\u00adni\u00adsa\u00adtions per\u00adma\u00adnentes et exclu\u00adsives domi\u00adn\u00e9es par les anar\u00adchistes, mais il pr\u00e9\u00adco\u00adnise l\u2019af\u00adfran\u00adchis\u00adse\u00adment des tra\u00advailleurs par eux-m\u00eames dans des organes tran\u00adsi\u00adtoires spon\u00adta\u00adn\u00e9\u00adment cr\u00e9\u00e9s en marge des orga\u00adni\u00adsa\u00adtions bureau\u00adcra\u00adtiques, et sus\u00adcep\u00adtibles de grou\u00adper des col\u00adlec\u00adti\u00advi\u00adt\u00e9s tra\u00advailleuses toutes enti\u00e8res sur un pro\u00adgramme pra\u00adtique imm\u00e9\u00addiat de lutte directe.<\/p>\n<p>III. \u2013 Il tend \u00e0 por\u00adter au maxi\u00admum, par la pro\u00adpa\u00adgande et par l\u2019exemple, l\u2019i\u00adni\u00adtia\u00adtive et l\u2019au\u00addace des col\u00adlec\u00adti\u00advi\u00adt\u00e9s tra\u00advailleuses ain\u00adsi for\u00adm\u00e9es. En \u00e9ten\u00addant leur champs d\u2019ac\u00adtion \u00e0 toutes les fonc\u00adtions sociales, celles-ci d\u00e9ra\u00adci\u00adne\u00adront les orga\u00adnismes par\u00adle\u00admen\u00adtaires et bureau\u00adcra\u00adtiques de l\u2019an\u00adcienne soci\u00e9\u00adt\u00e9 et sub\u00adsti\u00adtue\u00adront \u00e0 la domi\u00adna\u00adtion bour\u00adgeoise l\u2019au\u00adto-direc\u00adtion des masses tra\u00advailleuses dans la pro\u00adduc\u00adtion et dans la r\u00e9volution.<\/p>\n<p>[Remarque&nbsp;: Les divers \u00e9l\u00e9\u00adments (anglais, alle\u00admands, belges, hol\u00adlan\u00addais, fran\u00ad\u00e7ais, ita\u00adliens) qui se rat\u00adtachent \u00e0 ce pro\u00adgramme mini\u00admum de \u00ab&nbsp;l\u2019a\u00adnar\u00adchisme en action&nbsp;\u00bb ne sont pas enti\u00e8\u00adre\u00adment d\u2019ac\u00adcord sur la valeur rela\u00adtive de l\u2019ac\u00adtion de groupe et de l\u2019ac\u00adtion syn\u00addi\u00adcale, des comi\u00adt\u00e9s d\u2019ac\u00adtion et du sys\u00adt\u00e8me des conseils. Mais ils trouvent un ter\u00adrain com\u00admun dans l\u2019af\u00adfir\u00adma\u00adtion sui\u00advante, que, pour notre part, nous consi\u00add\u00e9\u00adrons comme capitale.]<\/p>\n<p>IV. \u2013 La p\u00e9riode de tran\u00adsi\u00adtion qui nous s\u00e9pare du r\u00e9gime de pleine liber\u00adt\u00e9 et de paci\u00adfique har\u00admo\u00adnie qu\u2019il nous est per\u00admis d\u2019en\u00adtre\u00advoir est une p\u00e9riode de lutte de classes et de r\u00e9vo\u00adlu\u00adtion per\u00adma\u00adnente&nbsp;; une insur\u00adrec\u00adtion conti\u00adnue des masses contre l\u2019\u00e9\u00adtreinte mor\u00adtelle du capi\u00adta\u00adlisme, de l\u2019\u00e9\u00adta\u00adtisme, du r\u00e9gime des castes. C\u2019est la p\u00e9riode d\u00e9ci\u00adsive de la lutte entre l\u2019hu\u00adma\u00adni\u00adt\u00e9 tra\u00advailleuse et le sys\u00adt\u00e8me s\u00e9cu\u00adlaire des pri\u00advi\u00adl\u00e8ges, un accou\u00adche\u00adment labo\u00adrieux et dou\u00adlou\u00adreux, hors de la mis\u00e8re et du chaos social, par l\u2019ex\u00adter\u00admi\u00adna\u00adtion du capitalisme.<\/p>\n<p>Je crois n\u2019a\u00advoir pas tra\u00adhi la pen\u00ads\u00e9e de cama\u00adrades tels que M\u00fch\u00adsam (Alle\u00admagne), Constandze (Hol\u00adlande), Aldred (Angle\u00adterre), Ber\u00adne\u00adri (Ita\u00adlie), Michaud (France) et Mah\u00adni (Bel\u00adgique) en essayant de don\u00adner une expres\u00adsion com\u00admune \u00e0 leurs aspi\u00adra\u00adtions, quelles que soient les dif\u00adf\u00e9\u00adrences qui puissent, par ailleurs, sub\u00adsis\u00adter entre eux. Et j\u2019a\u00adjou\u00adte\u00adrai imm\u00e9\u00addia\u00adte\u00adment que sur le ter\u00adrain que j\u2019ai essay\u00e9 ci-des\u00adsus de d\u00e9fi\u00adnir je suis pr\u00eat \u00e0 me pla\u00adcer avec eux, parce que je crois que l\u00e0 ne sont pas d\u00e9fen\u00addus les int\u00e9\u00adr\u00eats d\u2019une secte, mais les int\u00e9\u00adr\u00eats les plus g\u00e9n\u00e9\u00adraux des classes tra\u00advailleuses et de l\u2019hu\u00adma\u00adni\u00adt\u00e9. En r\u00e9a\u00adli\u00adt\u00e9, ce ter\u00adrain n\u2019est pas celui d\u2019une doc\u00adtrine, mais d\u2019in\u00adt\u00e9\u00adr\u00eats r\u00e9vo\u00adlu\u00adtion\u00adnaires de la masse. C\u2019est pour\u00adquoi, m\u2019a\u00addres\u00adsant aux lec\u00adteurs de ce jour\u00adnal, syn\u00addi\u00adca\u00adlistes, com\u00admu\u00adnistes, socia\u00adlistes, anar\u00adchistes de toutes ten\u00addances, je les invite \u00e0 dis\u00adcu\u00adter fra\u00adter\u00adnel\u00adle\u00adment la fameuse ques\u00adtion de la p\u00e9riode de tran\u00adsi\u00adtion <i>qu\u2019on a pr\u00e9\u00adsen\u00adt\u00e9e comme un obs\u00adtacle insur\u00admon\u00adtable \u00e0 l\u2019u\u00adnion des r\u00e9vo\u00adlu\u00adtion\u00adnaires pro\u00adl\u00e9\u00adta\u00adriens des diverses \u00e9coles, mais qui pour\u00adtant ne pour\u00adra \u00eatre r\u00e9so\u00adlue dans le fait que par l\u2019u\u00adnion pra\u00adtique de tous dans la lutte finale contre le capi\u00adta\u00adlisme<\/i>.<\/p>\n<p>A.P. (France)<\/p>\n","protected":false},"excerpt":{"rendered":"<p>La ques\u00adtion de la p\u00e9riode de tran\u00adsi\u00adtion inqui\u00e8te \u00e0 juste titre tous les anar\u00adchistes qui demandent \u00e0 la r\u00e9vo\u00adlu\u00adtion sociale la r\u00e9a\u00adli\u00adsa\u00adtion de leur id\u00e9al et se pro\u00adposent d\u2019y jouer un r\u00f4le agis\u00adsant. \u00c0 cette ques\u00adtion, qui n\u2019est autre que celle des moyens de r\u00e9a\u00adli\u00adser l\u2019a\u00adnar\u00adchie, il a \u00e9t\u00e9 r\u00e9pon\u00addu de diverses mani\u00e8res. 1\u00b0&nbsp;\u2013&nbsp;[\u2026]<\/p>\n","protected":false},"author":1,"featured_media":0,"comment_status":"closed","ping_status":"closed","sticky":false,"template":"","format":"standard","meta":{"wp_typography_post_enhancements_disabled":false,"footnotes":""},"categories":[307],"tags":[],"ppma_author":[540],"class_list":["post-2422","post","type-post","status-publish","format-standard","hentry","category-correspondance-internationale-ouvriere-n1-25-septembre-1932"],"authors":[{"term_id":540,"user_id":1,"is_guest":0,"slug":"admin_3gikpwyf","display_name":"Vincent Dubuc","avatar_url":"https:\/\/secure.gravatar.com\/avatar\/d015720652c25fd2ced191ade86430094e1f288a17483713e3b34d26dea52507?s=96&d=mm&r=g","author_category":"","user_url":"https:\/\/la-presse-anarchiste.net","last_name":"Dubuc","first_name":"Vincent","job_title":"","description":""}],"_links":{"self":[{"href":"https:\/\/la-presse-anarchiste.net\/index.php\/wp-json\/wp\/v2\/posts\/2422","targetHints":{"allow":["GET"]}}],"collection":[{"href":"https:\/\/la-presse-anarchiste.net\/index.php\/wp-json\/wp\/v2\/posts"}],"about":[{"href":"https:\/\/la-presse-anarchiste.net\/index.php\/wp-json\/wp\/v2\/types\/post"}],"author":[{"embeddable":true,"href":"https:\/\/la-presse-anarchiste.net\/index.php\/wp-json\/wp\/v2\/users\/1"}],"replies":[{"embeddable":true,"href":"https:\/\/la-presse-anarchiste.net\/index.php\/wp-json\/wp\/v2\/comments?post=2422"}],"version-history":[{"count":0,"href":"https:\/\/la-presse-anarchiste.net\/index.php\/wp-json\/wp\/v2\/posts\/2422\/revisions"}],"wp:attachment":[{"href":"https:\/\/la-presse-anarchiste.net\/index.php\/wp-json\/wp\/v2\/media?parent=2422"}],"wp:term":[{"taxonomy":"category","embeddable":true,"href":"https:\/\/la-presse-anarchiste.net\/index.php\/wp-json\/wp\/v2\/categories?post=2422"},{"taxonomy":"post_tag","embeddable":true,"href":"https:\/\/la-presse-anarchiste.net\/index.php\/wp-json\/wp\/v2\/tags?post=2422"},{"taxonomy":"author","embeddable":true,"href":"https:\/\/la-presse-anarchiste.net\/index.php\/wp-json\/wp\/v2\/ppma_author?post=2422"}],"curies":[{"name":"wp","href":"https:\/\/api.w.org\/{rel}","templated":true}]}}