{"id":2428,"date":"2010-07-08T14:28:13","date_gmt":"2010-07-08T14:28:13","guid":{"rendered":"https:\/\/la-presse-anarchiste.net\/index.php\/2010\/07\/08\/a-propos-de-la-litterature-proletarienne\/"},"modified":"2010-07-08T14:28:13","modified_gmt":"2010-07-08T14:28:13","slug":"a-propos-de-la-litterature-proletarienne","status":"publish","type":"post","link":"https:\/\/la-presse-anarchiste.net\/index.php\/2010\/07\/08\/a-propos-de-la-litterature-proletarienne\/","title":{"rendered":"\u00c0 propos de la litt\u00e9rature prol\u00e9tarienne"},"content":{"rendered":"<div class=\"pdfprnt-buttons pdfprnt-buttons-post pdfprnt-top-right\"><a href=\"https:\/\/la-presse-anarchiste.net\/index.php\/wp-json\/wp\/v2\/posts\/2428?print=pdf\" class=\"pdfprnt-button pdfprnt-button-pdf\" target=\"_blank\"><img decoding=\"async\" src=\"https:\/\/la-presse-anarchiste.net\/wp-content\/plugins\/pdf-print\/images\/pdf.png\" alt=\"image_pdf\" title=\"Afficher le PDF\"><\/a><a href=\"https:\/\/la-presse-anarchiste.net\/index.php\/wp-json\/wp\/v2\/posts\/2428?print=print\" class=\"pdfprnt-button pdfprnt-button-print\" target=\"_blank\"><img decoding=\"async\" src=\"https:\/\/la-presse-anarchiste.net\/wp-content\/plugins\/pdf-print\/images\/print.png\" alt=\"image_print\" title=\"Contenu imprim\u00e9\"><\/a><\/div><p>On dis\u00adcute beau\u00adcoup en ce moment sur la lit\u00adt\u00e9\u00adra\u00adture pro\u00adl\u00e9\u00adta\u00adrienne. Cepen\u00addant qu\u2019il me soit per\u00admis de faire remar\u00adquer que, dans cette ques\u00adtion, comme dans toutes celles qui int\u00e9\u00adressent direc\u00adte\u00adment le pro\u00adl\u00e9\u00adta\u00adriat, ce n\u2019est point ce der\u00adnier qui a la parole, mais ses soi-disant d\u00e9fen\u00adseurs. Que vou\u00adlez-vous, on est tel\u00adle\u00adment convain\u00adcu dans les milieux poli\u00adtiques que la classe ouvri\u00e8re ne peut rien faire par elle-m\u00eame, que l\u2019on croit abso\u00adlu\u00adment n\u00e9ces\u00adsaire de prendre ses affaires en mains et d\u2019a\u00adgir \u00e0 sa place&nbsp;! On appelle cela <i>diri\u00adger la classe ouvri\u00e8re<\/i>. Or, c\u2019est pr\u00e9\u00adci\u00ads\u00e9\u00adment parce que la classe ouvri\u00e8re s\u2019est tou\u00adjours lais\u00ads\u00e9 diri\u00adger au lieu de se diri\u00adger elle-m\u00eame qu\u2019elle sert encore \u00e0 l\u2019heure actuelle de simple \u00e9l\u00e9\u00adment de man\u0153uvre entre les mains de poli\u00adti\u00adciens arri\u00advistes qui se r\u00e9clament du pro\u00adl\u00e9\u00adta\u00adriat et de la lutte de classes, mais qui luttent en r\u00e9a\u00adli\u00adt\u00e9 pour les places&nbsp;: c\u2019est la lutte des places.<\/p>\n<p>Ain\u00adsi donc, quand on entend par\u00adler de la classe ouvri\u00e8re, c\u2019est \u00e0 ses repr\u00e9\u00adsen\u00adtants qu\u2019il faut pen\u00adser. La classe ouvri\u00e8re, le pro\u00adl\u00e9\u00adta\u00adriat, c\u2019est le trem\u00adplin qui per\u00admet \u00e0 ces Mes\u00adsieurs de la Poli\u00adtique de s\u2019\u00e9\u00adle\u00adver et d\u2019ar\u00adri\u00adver \u00e0 leurs&nbsp;fins.<\/p>\n<p>Aujourd\u2019\u00adhui, la mode est \u00e0 la lit\u00adt\u00e9\u00adra\u00adture pro\u00adl\u00e9\u00adta\u00adrienne. Beau\u00adcoup d\u2019in\u00adtel\u00adlec\u00adtuels qui hier encore adop\u00adtaient \u00e0 l\u2019\u00e9\u00adgard de l\u2019U.R.S.S. une posi\u00adtion de m\u00e9fiance, ou qui la com\u00adbat\u00adtaient m\u00eame, se d\u00e9couvrent tout \u00e0 coup sym\u00adpa\u00adthi\u00adsants, voire m\u00eame d\u2019a\u00adchar\u00adn\u00e9s com\u00admu\u00adnistes. Ils deviennent les d\u00e9fen\u00adseurs de l\u2019U.R.S.S. et de la poli\u00adtique stalinienne.<\/p>\n<p>D\u2019o\u00f9 pro\u00advient donc ce ph\u00e9\u00adno\u00adm\u00e8ne&nbsp;? C\u2019est bien simple. Ces gens-l\u00e0 ont fini par s\u2019a\u00adper\u00adce\u00advoir, avec le temps. que la fameuse dic\u00adta\u00adture du pro\u00adl\u00e9\u00adta\u00adriat en U.R.S.S. n\u2019est, en v\u00e9ri\u00adt\u00e9, que la dic\u00adta\u00adture d\u2019une immense arm\u00e9e bureau\u00adcra\u00adtique qui pos\u00ads\u00e8de l\u2019\u00c9tat en pro\u00adpri\u00e9\u00adt\u00e9 pri\u00adv\u00e9e et qui est la v\u00e9ri\u00adtable classe domi\u00adnante de la Rus\u00adsie actuelle.<\/p>\n<p>La lit\u00adt\u00e9\u00adra\u00adture pro\u00adl\u00e9\u00adta\u00adrienne signi\u00adfie donc, pour la plu\u00adpart de ces intel\u00adlec\u00adtuels plus ou moins, r\u00e9cem\u00adment acquis au com\u00admu\u00adnisme, en par\u00adti\u00adcu\u00adlier ceux qui ont adh\u00e9\u00adr\u00e9 \u00e0 la plate-forme de Khar\u00adkov, louer l\u2019U.R.S.S. sans r\u00e9serves ain\u00adsi que la poli\u00adtique sta\u00adli\u00adnienne qui dirige toute l\u2019Internationale.<\/p>\n<p>Cepen\u00addant, \u00e0 c\u00f4t\u00e9 des khar\u00adko\u00advistes, il existe un cou\u00adrant qui, tout en louant l\u2019U.R.S.S. et la \u00ab&nbsp;construc\u00adtion du socia\u00adlisme&nbsp;\u00bb (?) entend res\u00adter et agir \u00ab&nbsp;au-des\u00adsus des par\u00adtis&nbsp;\u00bb. C\u2019est le \u00ab&nbsp;Groupe des \u00c9cri\u00advains Pro\u00adl\u00e9\u00adta\u00adriens de langue fran\u00ad\u00e7aise&nbsp;\u00bb. Ce Groupe a d\u00e9j\u00e0 r\u00e9uni des \u00e9cri\u00advains aux ten\u00addances poli\u00adtiques diverses et \u00e9dite un Bul\u00adle\u00adtin. La ten\u00addance g\u00e9n\u00e9\u00adrale de ce groupe peut \u00eatre carac\u00adt\u00e9\u00adri\u00ads\u00e9e par la for\u00admule sui\u00advante&nbsp;: \u00ab&nbsp;Mon\u00adtrer, sans y rien chan\u00adger, la r\u00e9a\u00adli\u00adt\u00e9&nbsp;\u00bb. C\u2019est en appli\u00adquant cette for\u00admule que les \u00e9cri\u00advains du groupe en ques\u00adtion pr\u00e9\u00adtendent, cr\u00e9er des \u0153uvres r\u00e9vo\u00adlu\u00adtion\u00adnaires. Donc, pour le \u00ab&nbsp;Groupe des \u00c9cri\u00advains Pro\u00adl\u00e9\u00adta\u00adriens&nbsp;\u00bb comme pour <i>Monde<\/i>, la lit\u00adt\u00e9\u00adra\u00adture pro\u00adl\u00e9\u00adta\u00adrienne doit \u00eatre une <i>pein\u00adture stric\u00adte\u00adment objec\u00adtive de la r\u00e9a\u00adli\u00adt\u00e9<\/i>. Un point, c\u2019est tout. Et, en agis\u00adsant ain\u00adsi, l\u2019on fera \u00ab&nbsp;\u0153uvre r\u00e9volutionnaire&nbsp;\u00bb.<\/p>\n<p>Cepen\u00addant, qu\u2019il me soit per\u00admis, \u00e0 moi, pro\u00adl\u00e9\u00adtaire, de ne pas conce\u00advoir la chose de cette fa\u00e7on-l\u00e0. J\u2019es\u00adtime en effet que le r\u00f4le de la lit\u00adt\u00e9\u00adra\u00adture pro\u00adl\u00e9\u00adta\u00adrienne ne doit pas se bor\u00adner \u00e0 une pein\u00adture plus ou moins exacte de la r\u00e9a\u00adli\u00adt\u00e9. Ce qui n\u2019ap\u00adpren\u00addrait rien \u00e0 l\u2019ou\u00advrier qui vit jus\u00adte\u00adment dans cette r\u00e9a\u00adli\u00adt\u00e9 qu\u2019il ne com\u00adprend pas. Ce qu\u2019il faut donc, \u00e0 mon avis, c\u2019est d\u00e9voi\u00adler les des\u00adsous de la r\u00e9a\u00adli\u00adt\u00e9 sociale&nbsp;; et, les mon\u00adtrant \u00e0 l\u2019ou\u00advrier, dire&nbsp;: Voi\u00adl\u00e0 la cause de tes maux, celle que tu dois sup\u00adpri\u00admer si tu veux \u00eatre&nbsp;libre.<\/p>\n<p>En outre (et c\u2019est l\u00e0 un point tr\u00e8s impor\u00adtant) lui dire, \u00e0 cet ouvrier&nbsp;: ne remets plus <i>ta cause<\/i> entre les mains de chefs qui l\u2019ont tou\u00adjours tra\u00adhie et la tra\u00adhi\u00adront tou\u00adjours, <i>d\u00e9fends-la toi m\u00eame, ta cause<\/i>.<\/p>\n<p>Je pense que l\u2019on me com\u00adpren\u00addra. il faut ame\u00adner l\u2019ou\u00advrier \u00e0 prendre conscience de sa propre force, \u00e0 agir par lui-m\u00eame et non plus par l\u2019in\u00adter\u00adm\u00e9\u00addiaire de gens dont l\u2019u\u00adnique pr\u00e9\u00adoc\u00adcu\u00adpa\u00adtion est, les trois quarts du temps, de par\u00adve\u00adnir. Il faut que l\u2019ou\u00advrier arrive \u00e0 com\u00adprendre que ce n\u2019est pas en envoyant des d\u00e9pu\u00adt\u00e9s com\u00admu\u00adnistes \u00e0 la Chambre que la R\u00e9vo\u00adlu\u00adtion se fera ni que son sort chan\u00adge\u00adra. Il faut qu\u2019il par\u00advienne \u00e0 cr\u00e9er lui-m\u00eame ses \u0153uvres, \u00e0 ne plus se conten\u00adter de reven\u00addi\u00adquer quelque droit que ce soit, mais \u00e0 prendre ce qui est son droit. Il faut en un mot que la lit\u00adt\u00e9\u00adra\u00adture pro\u00adl\u00e9\u00adta\u00adrienne ait pour mis\u00adsion de faire de l\u2019ou\u00advrier un homme conscient, un v\u00e9ri\u00adtable r\u00e9vo\u00adlu\u00adtion\u00adnaire. Il est \u00e9vident qu\u2019un tel lan\u00adgage ne sau\u00adrait conve\u00adnir qu\u2019\u00e0 des consciences vrai\u00adment r\u00e9vo\u00adlu\u00adtion\u00adnaires et non point \u00e0 des gens qui font de la poli\u00adtique par int\u00e9\u00adr\u00eat, pour se his\u00adser et mon\u00adter \u00e0 l\u2019\u00e9\u00adchelle des classes. Ceux-l\u00e0 ne veulent \u00e0 aucun prix que la classe ouvri\u00e8re devienne consciente et par\u00advienne. par l\u00e0 m\u00eame \u00e0 se pas\u00adser d\u2019eux en se diri\u00adgeant elle-m\u00eame.<\/p>\n<p>Les \u00c9cri\u00advains Pro\u00adl\u00e9\u00adta\u00adriens \u00e9crivent bien ceci dans leur Bul\u00adle\u00adtin&nbsp;: \u00ab&nbsp;Nous fai\u00adsons n\u00f4tre cette for\u00admule&nbsp;: l\u2019\u00e9\u00adman\u00adci\u00adpa\u00adtion des tra\u00advailleurs sera l\u2019\u0153uvre des tra\u00advailleurs eux-m\u00eames&nbsp;\u00bb. Oui, mais aus\u00adsi s\u2019empressent-ils d\u2019ajouter&nbsp;:<\/p>\n<p>\u00ab&nbsp;Si les agi\u00adta\u00adteurs, lei pro\u00adpa\u00adgan\u00addistes, les th\u00e9o\u00adri\u00adciens et les doc\u00adtri\u00adnaires ne sont pas \u00e0 la hau\u00adteur de leur fonc\u00adtion, tant pis pour eux. Ce n\u2019est pas \u00e0 nous de les rem\u00adpla\u00adcer&nbsp;\u00bb. Apr\u00e8s cela on se demande quelle valeur on peut bien accor\u00adder \u00e0 cette affir\u00adma\u00adtion qui vient un peu plus loin dans le m\u00eame article&nbsp;: \u00ab&nbsp;Notre r\u00f4le (j\u2019a\u00adbr\u00e8ge) est de sus\u00adci\u00adter direc\u00adte\u00adment une lit\u00adt\u00e9\u00adra\u00adture pro\u00adl\u00e9\u00adta\u00adrienne pour le pro\u00adl\u00e9\u00adta\u00adriat&nbsp;\u00bb. Remar\u00adquons bien tou\u00adte\u00adfois, qu\u2019il s\u2019a\u00adgit ici d\u2019\u00abune lit\u00adt\u00e9\u00adra\u00adture pro\u00adl\u00e9\u00adta\u00adrienne pour et non point par le pro\u00adl\u00e9\u00adta\u00adriat&nbsp;\u00bb, ce qui n\u2019est pas du tout la m\u00eame chose. Or, c\u2019est pr\u00e9\u00adci\u00ads\u00e9\u00adment cette lit\u00adt\u00e9\u00adra\u00adture pro\u00adl\u00e9\u00adta\u00adrienne faite par le pro\u00adl\u00e9\u00adta\u00adriat lui-m\u00eame qu\u2019il fau\u00addrait \u00ab&nbsp;sus\u00adci\u00adter\u00bb&nbsp;; car en dehors de cela pas de lit\u00adt\u00e9\u00adra\u00adture <i>vrai\u00adment<\/i> prol\u00e9tarienne.<\/p>\n<p>Certes, il n\u2019est pas don\u00adn\u00e9 au pre\u00admier pro\u00adl\u00e9\u00adtaire venu d\u2019\u00e9\u00adcrire un roman, une,nouvelle, une po\u00e9\u00adsie, etc.; mais il est ind\u00e9\u00adniable qu\u2019il existe au sein de la classe ouvri\u00e8re beau\u00adcoup d\u2019hommes et de femmes assez dou\u00e9s pour le faire apr\u00e8s avoir re\u00e7u les notions indis\u00adpen\u00adsables. Et m\u00eame, cer\u00adtains pour\u00adraient s\u00fbre\u00adment le faire sans cela, ayant re\u00e7u assez d\u2019\u00e9\u00addu\u00adca\u00adtion \u00e0 l\u2019\u00e9\u00adcole et conti\u00adnu\u00e9 par la suite \u00e0 \u00e9tu\u00addier par eux-m\u00eames.<\/p>\n<p>\u00c0 <i>l\u2019Hu\u00adma\u00adni\u00adt\u00e9<\/i> aus\u00adsi bien qu\u2019\u00e0 <i>Monde<\/i> et qu\u2019au \u00ab&nbsp;Groupe des \u00c9cri\u00advains Pro\u00adl\u00e9\u00adta\u00adriens&nbsp;\u00bb, on entend dire sur tous les tons&nbsp;: \u00ab&nbsp;ouvriers, \u00e9cri\u00advez-nous\u00bb&nbsp;; seule\u00adment voi\u00adl\u00e0, quand les ouvriers \u00e9crivent, ils ne sont jamais s\u00fbrs de voir para\u00eetre ce qu\u2019ils ont \u00e9crit, car comme on sait, il faut \u00e9crire dans la ligne du jour\u00adnal qui vous sol\u00adli\u00adcite pour \u00eatre ins\u00e9\u00adr\u00e9. Ce qui fait que l\u2019on ne sait jamais ce que le pro\u00adl\u00e9\u00adta\u00adriat pense au&nbsp;juste.<\/p>\n<p>Je conclu\u00adrai donc en disant que la lit\u00adt\u00e9\u00adra\u00adture pro\u00adl\u00e9\u00adta\u00adrienne doit \u00eatre, et sera, l\u2019\u0153uvre du pro\u00adl\u00e9\u00adta\u00adriat lui-m\u00eame.&nbsp;<\/p>\n<p>D. Attruia (<i>Les Humbles<\/i>)<\/p>\n","protected":false},"excerpt":{"rendered":"<p>On dis\u00adcute beau\u00adcoup en ce moment sur la lit\u00adt\u00e9\u00adra\u00adture pro\u00adl\u00e9\u00adta\u00adrienne. Cepen\u00addant qu\u2019il me soit per\u00admis de faire remar\u00adquer que, dans cette ques\u00adtion, comme dans toutes celles qui int\u00e9\u00adressent direc\u00adte\u00adment le pro\u00adl\u00e9\u00adta\u00adriat, ce n\u2019est point ce der\u00adnier qui a la parole, mais ses soi-disant d\u00e9fen\u00adseurs. Que vou\u00ad\u00adlez-vous, on est tel\u00adle\u00adment convain\u00adcu dans les milieux poli\u00adtiques que&nbsp;[\u2026]<\/p>\n","protected":false},"author":1,"featured_media":0,"comment_status":"closed","ping_status":"closed","sticky":false,"template":"","format":"standard","meta":{"wp_typography_post_enhancements_disabled":false,"footnotes":""},"categories":[307],"tags":[],"ppma_author":[540],"class_list":["post-2428","post","type-post","status-publish","format-standard","hentry","category-correspondance-internationale-ouvriere-n1-25-septembre-1932"],"authors":[{"term_id":540,"user_id":1,"is_guest":0,"slug":"admin_3gikpwyf","display_name":"Vincent Dubuc","avatar_url":"https:\/\/secure.gravatar.com\/avatar\/d015720652c25fd2ced191ade86430094e1f288a17483713e3b34d26dea52507?s=96&d=mm&r=g","author_category":"","user_url":"https:\/\/la-presse-anarchiste.net","last_name":"Dubuc","first_name":"Vincent","job_title":"","description":""}],"_links":{"self":[{"href":"https:\/\/la-presse-anarchiste.net\/index.php\/wp-json\/wp\/v2\/posts\/2428","targetHints":{"allow":["GET"]}}],"collection":[{"href":"https:\/\/la-presse-anarchiste.net\/index.php\/wp-json\/wp\/v2\/posts"}],"about":[{"href":"https:\/\/la-presse-anarchiste.net\/index.php\/wp-json\/wp\/v2\/types\/post"}],"author":[{"embeddable":true,"href":"https:\/\/la-presse-anarchiste.net\/index.php\/wp-json\/wp\/v2\/users\/1"}],"replies":[{"embeddable":true,"href":"https:\/\/la-presse-anarchiste.net\/index.php\/wp-json\/wp\/v2\/comments?post=2428"}],"version-history":[{"count":0,"href":"https:\/\/la-presse-anarchiste.net\/index.php\/wp-json\/wp\/v2\/posts\/2428\/revisions"}],"wp:attachment":[{"href":"https:\/\/la-presse-anarchiste.net\/index.php\/wp-json\/wp\/v2\/media?parent=2428"}],"wp:term":[{"taxonomy":"category","embeddable":true,"href":"https:\/\/la-presse-anarchiste.net\/index.php\/wp-json\/wp\/v2\/categories?post=2428"},{"taxonomy":"post_tag","embeddable":true,"href":"https:\/\/la-presse-anarchiste.net\/index.php\/wp-json\/wp\/v2\/tags?post=2428"},{"taxonomy":"author","embeddable":true,"href":"https:\/\/la-presse-anarchiste.net\/index.php\/wp-json\/wp\/v2\/ppma_author?post=2428"}],"curies":[{"name":"wp","href":"https:\/\/api.w.org\/{rel}","templated":true}]}}