{"id":2444,"date":"2010-07-10T01:01:53","date_gmt":"2010-07-10T01:01:53","guid":{"rendered":"https:\/\/la-presse-anarchiste.net\/index.php\/2010\/07\/10\/ma-vie\/"},"modified":"2010-07-10T01:01:53","modified_gmt":"2010-07-10T01:01:53","slug":"ma-vie","status":"publish","type":"post","link":"https:\/\/la-presse-anarchiste.net\/index.php\/2010\/07\/10\/ma-vie\/","title":{"rendered":"Ma vie"},"content":{"rendered":"<div class=\"pdfprnt-buttons pdfprnt-buttons-post pdfprnt-top-right\"><a href=\"https:\/\/la-presse-anarchiste.net\/index.php\/wp-json\/wp\/v2\/posts\/2444?print=pdf\" class=\"pdfprnt-button pdfprnt-button-pdf\" target=\"_blank\"><img decoding=\"async\" src=\"https:\/\/la-presse-anarchiste.net\/wp-content\/plugins\/pdf-print\/images\/pdf.png\" alt=\"image_pdf\" title=\"Afficher le PDF\"><\/a><a href=\"https:\/\/la-presse-anarchiste.net\/index.php\/wp-json\/wp\/v2\/posts\/2444?print=print\" class=\"pdfprnt-button pdfprnt-button-print\" target=\"_blank\"><img decoding=\"async\" src=\"https:\/\/la-presse-anarchiste.net\/wp-content\/plugins\/pdf-print\/images\/print.png\" alt=\"image_print\" title=\"Contenu imprim\u00e9\"><\/a><\/div><p>\tLa vie que je vis main\u00adte\u00adnant&nbsp;! Presque com\u00adpl\u00e8\u00adte\u00adment ont dis\u00adpa\u00adru les tor\u00adtures de cinq ann\u00e9es de mala\u00addies que les m\u00e9de\u00adcins fameux ne sur\u00adent pas gu\u00e9\u00adrir et que j\u2019ar\u00adri\u00advai \u00e0 faire dis\u00adpa\u00adra\u00eetre par l\u2019ef\u00adfort de la volon\u00adt\u00e9, par l\u2019hy\u00adgi\u00e8ne, par la m\u00e9thode\u200a\u2014\u200agr\u00e2ce \u00e0 l\u2019eau, au soleil, \u00e0 la lumi\u00e8re, \u00e0 l\u2019air. Je m\u00e8ne une vie qui\u00e8te et pai\u00adsible comme les eaux d\u2019un grand lac. J\u2019ai rom\u00adpu les rela\u00adtions avec le monde ext\u00e9\u00adrieur et je par\u00adviens \u00e0 peine \u00e0 contem\u00adpler le monde intime de mon, \u00ab&nbsp;moi&nbsp;\u00bb. Ma com\u00adpagne et ma fille sont \u00e0 mes c\u00f4t\u00e9s. Et quelle joie dans le sou\u00adrire inno\u00adcent du petit \u00eatre&nbsp;! Quel triomphe&nbsp;! Quelle gloire&nbsp;!<\/p>\n<p>\tJe me suis confi\u00e9 \u00e0 la Nature toute puis\u00adsante. Man\u00adgeant des fruits, buvant de l\u2019eau, res\u00adpi\u00adrant de l\u2019oxy\u00adg\u00e8ne, je passe mes jours dans une s\u00e9r\u00e9\u00adni\u00adt\u00e9 que rien ne par\u00advient \u00e0 trou\u00adbler&nbsp;: je jar\u00addine dans mon ver\u00adger&nbsp;; je pioche la terre&nbsp;; je fais alter\u00adner le tra\u00advail de l\u2019es\u00adprit avec celui du corps&nbsp;; fr\u00e9\u00adquem\u00adment je pra\u00adtique l\u2019hy\u00addro\u00adth\u00e9\u00adra\u00adpie\u2026 et la joie me for\u00adti\u00adfie et me vivifie.<\/p>\n<p>\tDe temps \u00e0 autre on frappe \u00e0 la porte. Est-ce un ami&nbsp;? Qu\u2019il soit le bien\u00adve\u00adnu&nbsp;! Qu\u2019il secoue la pous\u00adsi\u00e8re de ses san\u00addales souill\u00e9es par la ville et qu\u2019il entre. Nous cau\u00adse\u00adrons. Puis nous nous ren\u00addrons au plus pro\u00adfond de la for\u00eat prochaine.<\/p>\n<p>\tOh&nbsp;! le doux enchan\u00adte\u00adment des soirs pas\u00ads\u00e9s sous les sapins, nous emplis\u00adsant les pou\u00admons de bon air, man\u00adgeant des fruits, conver\u00adsant de choses agr\u00e9ables&nbsp;! Il n\u2019y a pas de villes, de Paris, de Rome, de Venise qui vaillent la magie de cette petite mai\u00adson de cam\u00adpagne o\u00f9 ma fille gazouille et o\u00f9, tout proche, les coni\u00adf\u00e8res pointent vers le ciel leur cime verte et r\u00e9sineuse.<\/p>\n<p>\tSEUL, com\u00adbien je suis heu\u00adreux&nbsp;! La ville est comme une chose loin\u00adtaine dont je conserve \u00e0 peine quelques faibles sou\u00adve\u00adnirs. Peu \u00e0 peu, j\u2019ai d\u00fb cou\u00adper les liens qui m\u2019at\u00adta\u00adchaient encore \u00e0&nbsp;elle.<\/p>\n<p>\tIntri\u00adguez, mor\u00addez, men\u00adtez, calom\u00adniez, gavez-vous\u200a\u2014\u200a\u00f4 esprits mes\u00adquins, \u00f4 hommes-mati\u00e8re, \u00f4 carac\u00adt\u00e8res sor\u00addides&nbsp;! Loin de vous, seul avec ELLES, je suis heu\u00adreux\tje vous m\u00e9prise.<\/p>\n<p>\tQue celui qui se sent quelque affi\u00adni\u00adt\u00e9 spi\u00adri\u00adtuelle et morale frappe \u00e0 ma porte j\u2019ou\u00advri\u00adrai. Que les autres passent au&nbsp;large.<\/p>\n<p>\t\u00ab&nbsp;L\u2019homme le plus fort du monde, c\u2019est celui qui est le plus&nbsp;seul.&nbsp;\u00bb<\/p>\n<p>Ange\u00adlo&nbsp;Jorge<\/p>\n","protected":false},"excerpt":{"rendered":"<p>La vie que je vis main\u00adte\u00adnant&nbsp;! Presque com\u00adpl\u00e8\u00adte\u00adment ont dis\u00adpa\u00adru les tor\u00adtures de cinq ann\u00e9es de mala\u00addies que les m\u00e9de\u00adcins fameux ne sur\u00adent pas gu\u00e9\u00adrir et que j\u2019ar\u00adri\u00advai \u00e0 faire dis\u00adpa\u00adra\u00eetre par l\u2019ef\u00adfort de la volon\u00adt\u00e9, par l\u2019hy\u00adgi\u00e8ne, par la m\u00e9thode\u200a\u2014\u200agr\u00e2ce \u00e0 l\u2019eau, au soleil, \u00e0 la lumi\u00e8re, \u00e0 l\u2019air. Je m\u00e8ne une vie qui\u00e8te&nbsp;[\u2026]<\/p>\n","protected":false},"author":1,"featured_media":0,"comment_status":"closed","ping_status":"closed","sticky":false,"template":"","format":"standard","meta":{"wp_typography_post_enhancements_disabled":false,"footnotes":""},"categories":[108],"tags":[],"ppma_author":[540],"class_list":["post-2444","post","type-post","status-publish","format-standard","hentry","category-lunique-na11-juin-1946"],"authors":[{"term_id":540,"user_id":1,"is_guest":0,"slug":"admin_3gikpwyf","display_name":"Vincent Dubuc","avatar_url":"https:\/\/secure.gravatar.com\/avatar\/d015720652c25fd2ced191ade86430094e1f288a17483713e3b34d26dea52507?s=96&d=mm&r=g","author_category":"","user_url":"https:\/\/la-presse-anarchiste.net","last_name":"Dubuc","first_name":"Vincent","job_title":"","description":""}],"_links":{"self":[{"href":"https:\/\/la-presse-anarchiste.net\/index.php\/wp-json\/wp\/v2\/posts\/2444","targetHints":{"allow":["GET"]}}],"collection":[{"href":"https:\/\/la-presse-anarchiste.net\/index.php\/wp-json\/wp\/v2\/posts"}],"about":[{"href":"https:\/\/la-presse-anarchiste.net\/index.php\/wp-json\/wp\/v2\/types\/post"}],"author":[{"embeddable":true,"href":"https:\/\/la-presse-anarchiste.net\/index.php\/wp-json\/wp\/v2\/users\/1"}],"replies":[{"embeddable":true,"href":"https:\/\/la-presse-anarchiste.net\/index.php\/wp-json\/wp\/v2\/comments?post=2444"}],"version-history":[{"count":0,"href":"https:\/\/la-presse-anarchiste.net\/index.php\/wp-json\/wp\/v2\/posts\/2444\/revisions"}],"wp:attachment":[{"href":"https:\/\/la-presse-anarchiste.net\/index.php\/wp-json\/wp\/v2\/media?parent=2444"}],"wp:term":[{"taxonomy":"category","embeddable":true,"href":"https:\/\/la-presse-anarchiste.net\/index.php\/wp-json\/wp\/v2\/categories?post=2444"},{"taxonomy":"post_tag","embeddable":true,"href":"https:\/\/la-presse-anarchiste.net\/index.php\/wp-json\/wp\/v2\/tags?post=2444"},{"taxonomy":"author","embeddable":true,"href":"https:\/\/la-presse-anarchiste.net\/index.php\/wp-json\/wp\/v2\/ppma_author?post=2444"}],"curies":[{"name":"wp","href":"https:\/\/api.w.org\/{rel}","templated":true}]}}