{"id":245,"date":"2007-03-23T17:45:45","date_gmt":"2007-03-23T17:45:45","guid":{"rendered":"https:\/\/la-presse-anarchiste.net\/index.php\/2007\/03\/23\/lutte-des-femmes-et-lutte-anti-fasciste\/"},"modified":"2007-03-23T17:45:45","modified_gmt":"2007-03-23T17:45:45","slug":"lutte-des-femmes-et-lutte-anti-fasciste","status":"publish","type":"post","link":"https:\/\/la-presse-anarchiste.net\/index.php\/2007\/03\/23\/lutte-des-femmes-et-lutte-anti-fasciste\/","title":{"rendered":"Lutte des femmes et lutte anti-fasciste"},"content":{"rendered":"<div class=\"pdfprnt-buttons pdfprnt-buttons-post pdfprnt-top-right\"><a href=\"https:\/\/la-presse-anarchiste.net\/index.php\/wp-json\/wp\/v2\/posts\/245?print=pdf\" class=\"pdfprnt-button pdfprnt-button-pdf\" target=\"_blank\"><img decoding=\"async\" src=\"https:\/\/la-presse-anarchiste.net\/wp-content\/plugins\/pdf-print\/images\/pdf.png\" alt=\"image_pdf\" title=\"Afficher le PDF\"><\/a><a href=\"https:\/\/la-presse-anarchiste.net\/index.php\/wp-json\/wp\/v2\/posts\/245?print=print\" class=\"pdfprnt-button pdfprnt-button-print\" target=\"_blank\"><img decoding=\"async\" src=\"https:\/\/la-presse-anarchiste.net\/wp-content\/plugins\/pdf-print\/images\/print.png\" alt=\"image_print\" title=\"Contenu imprim\u00e9\"><\/a><\/div><div align=\"justify\">\n\u00c0 la suite de l\u2019ar\u00adres\u00adta\u00adtion d\u2019une quin\u00adzaine de per\u00adsonnes. dont huit femmes, accu\u00ads\u00e9es d\u2019a\u00advoir par\u00adti\u00adci\u00adp\u00e9 le 13 sep\u00adtembre 1974 \u00e0 un atten\u00adtat \u00e0 la bombe dans un caf\u00e9 de Madrid, le groupe de femmes \u00ab&nbsp;psy\u00adcha\u00adna\u00adlyse et poli\u00adtique&nbsp;\u00bb (groupe fran\u00ad\u00e7ais), prit l\u2019i\u00adni\u00adtia\u00adtive d\u2019une p\u00e9ti\u00adtion appe\u00adlant \u00e0 sou\u00adte\u00adnir les femmes empri\u00adson\u00adn\u00e9es et plus particuli\u00e8rement&nbsp;:\n<p>\t<quote>\u00ab&nbsp;Eva Forest, psy\u00adchiatre, femme en lutte, prin\u00adci\u00adpale accu\u00ads\u00e9e et qui risque la peine la plus&nbsp;forte.<\/quote><\/p>\n<p>\tMaria Paz Bal\u00adles\u00adte\u00adros, actrice.<\/p>\n<p>\tLidia Fal\u00adcan, avo\u00adcate, auteur de plu\u00adsieurs livres sur la condi\u00adtion des femmes en Espagne.&nbsp;\u00bb[\/\u200b(<em>Le Monde<\/em> du 31 octobre 1974).\/]<\/p>\n<p>\tIl se trouve que l\u2019\u00e9\u00adclai\u00adrage stric\u00adte\u00adment \u00ab&nbsp;f\u00e9mi\u00adniste&nbsp;\u00bb [[\u00ab&nbsp;F\u00e9mi\u00adniste&nbsp;\u00bb enten\u00addons par l\u00e0&nbsp;: s\u2019at\u00adta\u00adchant stric\u00adte\u00adment aux femmes. Loin de nous toute id\u00e9e de pol\u00e9\u00admique sur la reven\u00addi\u00adca\u00adtion de ce terme.]] de la p\u00e9ti\u00adtion appe\u00adla un cer\u00adtain nombre de r\u00e9ac\u00adtions. Pour\u00adquoi, en effet, s\u00e9pa\u00adrer hommes et femmes, dans cet appel lorsque le des\u00adtin d\u2019E\u00adva Forest et celui d\u2019An\u00adto\u00adnio Duran risque d\u2019\u00eatre mal\u00adheu\u00adreu\u00adse\u00adment&nbsp;li\u00e9&nbsp;?<\/p>\n<p>Pour\u00adquoi s\u2019en tenir \u00e0 des pro\u00adpos d\u2019un lyrisme d\u00e9ma\u00adgo\u00adgique quant \u00e0 la per\u00adson\u00adna\u00adli\u00adt\u00e9 de la prin\u00adci\u00adpale incul\u00adp\u00e9e, Eva Forest (voir \u00e0 ce sujet l\u2019ar\u00adticle du <em>Monde<\/em>, 17 et 18 novembre 1974, de Gis\u00e8le Hali\u00admi, \u00ab&nbsp;Eva mon amie\u2026 Blonde, rieuse, mili\u00adtante de gauche et m\u00eame d\u2019ex\u00adtr\u00eame gauche, heu\u00adreuse de vivre\u2026&nbsp;\u00bb) Comme si c\u2019\u00e9\u00adtait la pre\u00admi\u00e8re fois que la r\u00e9pres\u00adsion fran\u00adquiste s\u2019a\u00adbat\u00adtait sur des femmes&nbsp;! Maria Angus\u00adtias Mateos, 17 ans, fut jug\u00e9e avec Puig Antich et Jos\u00e9 Luis Llo\u00adbet, et condam\u00adn\u00e9e \u00e0 cinq ans de pri\u00adson\u2026 Le texte des femmes de Bayonne (\u00ab&nbsp;Quo\u00adti\u00addien des femmes&nbsp;\u00bb same\u00addi 23 novembre 1974) t\u00e9moigne au contraire de cette r\u00e9pres\u00adsion f\u00e9roce qui s\u2019a\u00adbat sur tout ce qui s\u2019at\u00adtaque au r\u00e9gime fran\u00adquiste, femmes y comprises.<\/p>\n<p>\tDans le texte de la p\u00e9ti\u00adtion il est rap\u00adpe\u00adl\u00e9&nbsp;: \u00ab&nbsp;Pour Puig Antich l\u2019o\u00adpi\u00adnion inter\u00adna\u00adtio\u00adnale a \u00e9t\u00e9 aler\u00adt\u00e9e trop tard&nbsp;\u00bb. Nous disons que ce n\u2019est pas par manque d\u2019in\u00adfor\u00adma\u00adtion que le sou\u00adtien fut \u00ab&nbsp;enter\u00adr\u00e9&nbsp;\u00bb, mais pour des causes poli\u00adtiques pro\u00adfondes&nbsp;: le MIL (pr\u00e9\u00adsen\u00adt\u00e9 par les mass m\u00e9dia comme trop pr\u00e8s des droits com\u00admuns) ne consti\u00adtuait pas un relais stra\u00adt\u00e9\u00adgique pour les orga\u00adni\u00adsa\u00adtions de gauche. Der\u00adri\u00e8re les fronts com\u00admuns et les grandes mani\u00adfes\u00adta\u00adtions uni\u00adtaires se cachent sou\u00advent des int\u00e9\u00adr\u00eats id\u00e9o\u00adlo\u00adgiques, qui n\u2019ont rien \u00e0 voir avec l\u2019ur\u00adgence d\u2019une situation.<\/p>\n<p>Le conte\u00adnu du texte de la p\u00e9ti\u00adtion, confir\u00adm\u00e9 dans ses vues par le mee\u00adting orga\u00adni\u00ads\u00e9 par le comi\u00adt\u00e9 de sou\u00adtien Eva Forest (Bata\u00adclan, same\u00addi 23 novembre 1974) ren\u00adforce l\u2019im\u00adpres\u00adsion que nous nous trou\u00advons devant l\u2019ex\u00adploi\u00adta\u00adtion, consciente ou non, d\u2019un \u00e9v\u00e9\u00adne\u00adment poli\u00adtique, men\u00e9e par un petit groupe au nom du mou\u00adve\u00adment des femmes \u00e0 des fins d\u2019h\u00e9\u00adg\u00e9\u00admo\u00adnie per\u00adson\u00adnelle. Car autre\u00adment, pour\u00adquoi blo\u00adquer le d\u00e9bat par des \u00e9vo\u00adca\u00adtions d\u00e9chi\u00adrantes et des chan\u00adsons, lorsque se posent des pro\u00adbl\u00e8mes fon\u00adda\u00admen\u00adtaux tels&nbsp;: la nature du sou\u00adtien, l\u00e9ga\u00adlisme ou ill\u00e9galisme&nbsp;?<\/p>\n<p>\tPour\u00adquoi appe\u00adler entre\u00adprise de d\u00e9mo\u00adbi\u00adli\u00adsa\u00adtion une ten\u00adta\u00adtive de poser la ques\u00adtion du sou\u00adtien sur un autre ter\u00adrain que celui de la repr\u00e9sentation&nbsp;?<\/p>\n<p>\tNous repro\u00addui\u00adsons ici un tract qui fut dis\u00adtri\u00adbu\u00e9 au mee\u00adting par un groupe de femmes, car \u00e0 nos yeux, il r\u00e9sume le mieux cette posi\u00adtion qui tente de d\u00e9cen\u00adtrer le d\u00e9bat. Ce qui ne veut \u00e9vi\u00addem\u00adment pas dire que nous ne devons pas nous pr\u00e9\u00adoc\u00adcu\u00adper d\u2019E\u00adva Forest et Anto\u00adnio&nbsp;Duran\u2026<\/p>\n<p>Gil\u00adberte<\/p>\n<h2>Pourquoi les femmes&nbsp;?<\/h2>\n<p>\tUn des groupes pari\u00adsiens du mou\u00adve\u00adment des femmes a fait para\u00eetre en publi\u00adci\u00adt\u00e9 \u00e0 l\u2019a\u00adm\u00e9\u00adri\u00adcaine dans <em>Le Monde<\/em> (31 octobre 1974) une p\u00e9ti\u00adtion sign\u00e9e par des femmes en faveur des femmes espa\u00adgnoles arr\u00ea\u00adt\u00e9es et tor\u00adtu\u00adr\u00e9es (en par\u00adti\u00adcu\u00adlier de trois d\u2019entre elles) par\u00admi un groupe d\u2019op\u00adpo\u00adsants au r\u00e9gime franquiste.<\/p>\n<p>\tD\u2019autres femmes du Mou\u00adve\u00adment n\u2019ont pas par\u00adti\u00adci\u00adp\u00e9 \u00e0 cette op\u00e9\u00adra\u00adtion pr\u00e9\u00adcise, bien qu\u2019elles ne soient pas moins soli\u00addaires des per\u00adsonnes arr\u00ea\u00adt\u00e9es et de toutes les actions anti-fas\u00adcistes. Elles estiment en effet, que pra\u00adti\u00adquer une s\u00e9gr\u00e9\u00adga\u00adtion, dans un cas qui ne l\u2019a pas impli\u00adqu\u00e9e, est contraire \u00e0 leur vision poli\u00adtique. La r\u00e9pres\u00adsion fran\u00adquiste s\u2019est abat\u00adtue sur des anti-fas\u00adcistes, sans consi\u00add\u00e9\u00adra\u00adtion de leur sexe, \u00e2ge, ori\u00adgine,&nbsp;etc.<\/p>\n<p>\tNous n\u2019a\u00advons pas \u00e0 faire des choix par\u00admi les vic\u00adtimes&nbsp;: les femmes (comme on ferait choix des vieillards, des juifs, ou des blonds) en lais\u00adsant tran\u00adquille\u00adment tom\u00adber le reste dans les mains des m\u00eames bour\u00adreaux, subissent les m\u00eames sup\u00adplices pour les m\u00eames rai\u00adsons. Ce qui signi\u00adfie\u00adrait, qu\u2019en ce qui nous concerne, on se fout de tout ce qui n\u2019est pas nous. CE QUI S\u2019APPELLERAIT RACISME.<\/p>\n<p>\tNous nous sou\u00adve\u00adnons que, dans le m\u00eame ordre d\u2019i\u00add\u00e9es, des mes\u00adsa\u00adgers de for\u00adma\u00adtions poli\u00adtiques, \u00e0 appa\u00adrence ext\u00e9\u00adrieure de femmes, se pr\u00e9\u00adsen\u00adt\u00e8rent jadis, dans les assem\u00adbl\u00e9es g\u00e9n\u00e9\u00adrales du Mou\u00adve\u00adment, et ten\u00adt\u00e8rent de nous mobi\u00adli\u00adser pour la d\u00e9fense des seules femmes de leur par\u00adti, vic\u00adtimes de la police. Nous avons \u00e9t\u00e9 tr\u00e8s trou\u00adbl\u00e9es par ces demandes&nbsp;; car effec\u00adti\u00adve\u00adment nous nous sen\u00adtions soli\u00addaires de ces femmes\u2026 Puis nous avons r\u00e9fl\u00e9\u00adchi. Et nous avons r\u00e9pon\u00addu que, en tant que femmes et oppri\u00adm\u00e9es, nous \u00e9tions soli\u00addaires de tout ce qui \u00e9tait oppri\u00adm\u00e9 au titre d\u2019une action poli\u00adtique d\u2019op\u00adpo\u00adsi\u00adtion au Pou\u00advoir. Mais nous mobi\u00adli\u00adser en tant que femmes et pour les seules femmes en cause dans une action com\u00admune appa\u00adra\u00eet comme une OP\u00c9RATION POLITIQUE DE R\u00c9CUP\u00c9RATION PROCHE DE LA MAGOUILLE,\u200a\u2014\u200avolon\u00adtaire ou&nbsp;non.<\/p>\n<p>\tNous sommes all\u00e9es mani\u00adfes\u00adter en faveur de TOUTES les vic\u00adtimes, en tant qu\u2019ad\u00adver\u00adsaires du fas\u00adcisme sous toutes ses formes, et non en tant que \u00ab&nbsp;femmes&nbsp;\u00bb appe\u00adl\u00e9es par \u00ab&nbsp;LE&nbsp;\u00bb Mou\u00adve\u00adment de Lib\u00e9\u00adra\u00adtion des Femmes.<\/p>\n<h2>Pourquoi ces femmes&nbsp;?<\/h2>\n<p>\tLa p\u00e9ti\u00adtion semble d\u00e9fendre une action ter\u00adro\u00adriste puisque tel est le chef d\u2019in\u00adcul\u00adpa\u00adtion, mais est-ce vrai\u00adment un hasard si les indi\u00advi\u00addus qu\u2019on a choi\u00adsi de sou\u00adte\u00adnir nom\u00adm\u00e9\u00adment ne le sont pas en rai\u00adson de cette pra\u00adtique pr\u00e9\u00adsu\u00adm\u00e9e (ano\u00adnyme et ill\u00e9\u00adgale), mais au contraire pour leur sta\u00adtut de \u00ab&nbsp;per\u00adson\u00adna\u00adli\u00adt\u00e9s&nbsp;\u00bb sou\u00adte\u00adnues et recon\u00adnues par les ins\u00adti\u00adtu\u00adtions bour\u00adgeoises offi\u00adcielles (presse, Amnes\u00adty Inter\u00adna\u00adtio\u00adnal, etc.)&nbsp;? En contraste, le silence \u00e9pais qui entoure les \u00ab&nbsp;femmes&nbsp;\u00bb de la \u00ab&nbsp;bande \u00e0 Baa\u00adder&nbsp;\u00bb ou les femmes du M.I.L. (orga\u00adni\u00adsa\u00adtion dont fai\u00adsait par\u00adtie Puig Antich), qui crou\u00adpissent et meurent \u00e0 l\u2019heure actuelle dans les pri\u00adsons alle\u00admandes et espa\u00adgnoles, montre clai\u00adre\u00adment les limites de ce type de \u00ab&nbsp;solidarit\u00e9&nbsp;\u00bb.<\/p>\n<p>Des femmes anti-fascistes<\/p><\/div>\n","protected":false},"excerpt":{"rendered":"<p>\u00c0 la suite de l\u2019ar\u00adres\u00adta\u00adtion d\u2019une quin\u00adzaine de per\u00adsonnes. dont huit femmes, accu\u00ads\u00e9es d\u2019a\u00advoir par\u00adti\u00adci\u00adp\u00e9 le 13 sep\u00adtembre 1974 \u00e0 un atten\u00adtat \u00e0 la bombe dans un caf\u00e9 de Madrid, le groupe de femmes \u00ab&nbsp;psy\u00adcha\u00adna\u00adlyse et poli\u00adtique&nbsp;\u00bb (groupe fran\u00ad\u00e7ais), prit l\u2019i\u00adni\u00adtia\u00adtive d\u2019une p\u00e9ti\u00adtion appe\u00adlant \u00e0 sou\u00adte\u00adnir les femmes empri\u00adson\u00adn\u00e9es et plus par\u00adti\u00adcu\u00adli\u00e8\u00adre\u00adment&nbsp;: \u00ab&nbsp;Eva Forest, psychiatre,&nbsp;[\u2026]<\/p>\n","protected":false},"author":1,"featured_media":0,"comment_status":"closed","ping_status":"closed","sticky":false,"template":"","format":"standard","meta":{"wp_typography_post_enhancements_disabled":false,"footnotes":""},"categories":[36],"tags":[],"ppma_author":[540],"class_list":["post-245","post","type-post","status-publish","format-standard","hentry","category-la-lanterne-noire-n2-decembre-1974-janvier-1975"],"authors":[{"term_id":540,"user_id":1,"is_guest":0,"slug":"admin_3gikpwyf","display_name":"Vincent Dubuc","avatar_url":"https:\/\/secure.gravatar.com\/avatar\/d015720652c25fd2ced191ade86430094e1f288a17483713e3b34d26dea52507?s=96&d=mm&r=g","author_category":"","user_url":"https:\/\/la-presse-anarchiste.net","last_name":"Dubuc","first_name":"Vincent","job_title":"","description":""}],"_links":{"self":[{"href":"https:\/\/la-presse-anarchiste.net\/index.php\/wp-json\/wp\/v2\/posts\/245","targetHints":{"allow":["GET"]}}],"collection":[{"href":"https:\/\/la-presse-anarchiste.net\/index.php\/wp-json\/wp\/v2\/posts"}],"about":[{"href":"https:\/\/la-presse-anarchiste.net\/index.php\/wp-json\/wp\/v2\/types\/post"}],"author":[{"embeddable":true,"href":"https:\/\/la-presse-anarchiste.net\/index.php\/wp-json\/wp\/v2\/users\/1"}],"replies":[{"embeddable":true,"href":"https:\/\/la-presse-anarchiste.net\/index.php\/wp-json\/wp\/v2\/comments?post=245"}],"version-history":[{"count":0,"href":"https:\/\/la-presse-anarchiste.net\/index.php\/wp-json\/wp\/v2\/posts\/245\/revisions"}],"wp:attachment":[{"href":"https:\/\/la-presse-anarchiste.net\/index.php\/wp-json\/wp\/v2\/media?parent=245"}],"wp:term":[{"taxonomy":"category","embeddable":true,"href":"https:\/\/la-presse-anarchiste.net\/index.php\/wp-json\/wp\/v2\/categories?post=245"},{"taxonomy":"post_tag","embeddable":true,"href":"https:\/\/la-presse-anarchiste.net\/index.php\/wp-json\/wp\/v2\/tags?post=245"},{"taxonomy":"author","embeddable":true,"href":"https:\/\/la-presse-anarchiste.net\/index.php\/wp-json\/wp\/v2\/ppma_author?post=245"}],"curies":[{"name":"wp","href":"https:\/\/api.w.org\/{rel}","templated":true}]}}