{"id":2483,"date":"2010-07-10T20:34:01","date_gmt":"2010-07-10T20:34:01","guid":{"rendered":"https:\/\/la-presse-anarchiste.net\/index.php\/2010\/07\/10\/rappel\/"},"modified":"2010-07-10T20:34:01","modified_gmt":"2010-07-10T20:34:01","slug":"rappel","status":"publish","type":"post","link":"https:\/\/la-presse-anarchiste.net\/index.php\/2010\/07\/10\/rappel\/","title":{"rendered":"Rappel\u2026"},"content":{"rendered":"<div class=\"pdfprnt-buttons pdfprnt-buttons-post pdfprnt-top-right\"><a href=\"https:\/\/la-presse-anarchiste.net\/index.php\/wp-json\/wp\/v2\/posts\/2483?print=pdf\" class=\"pdfprnt-button pdfprnt-button-pdf\" target=\"_blank\"><img decoding=\"async\" src=\"https:\/\/la-presse-anarchiste.net\/wp-content\/plugins\/pdf-print\/images\/pdf.png\" alt=\"image_pdf\" title=\"Afficher le PDF\"><\/a><a href=\"https:\/\/la-presse-anarchiste.net\/index.php\/wp-json\/wp\/v2\/posts\/2483?print=print\" class=\"pdfprnt-button pdfprnt-button-print\" target=\"_blank\"><img decoding=\"async\" src=\"https:\/\/la-presse-anarchiste.net\/wp-content\/plugins\/pdf-print\/images\/print.png\" alt=\"image_print\" title=\"Contenu imprim\u00e9\"><\/a><\/div><p>\tUn lec\u00adteur de l\u2019heb\u00addo\u00adma\u00addaire <i>Erkennt\u00adniss und Befreiung<\/i> qui parais\u00adsait avant la der\u00adni\u00e8re guerre \u00e0 Vienne, sous la direc\u00adtion de P. Ramus, ayant deman\u00add\u00e9 \u00e0 ce jour\u00adnal ce qu\u2019il faut pen\u00adser de ces lignes de Nietzsche, qu\u2019on trou\u00adve\u00adra. au \u00a7 330 de \u00ab&nbsp;La Volon\u00adt\u00e9 de Puissance&nbsp;\u00bb&nbsp;:<\/p>\n<p>\t\u00ab&nbsp;R\u00c9COMPENSE ET PUNITION.\u200a\u2014\u200aComme on vit ensemble, on suc\u00adcombe ensemble. Aujourd\u2019\u00adhui, l\u2019on ne veut pas \u00eatre r\u00e9com\u00adpen\u00ads\u00e9, on ne veut recon\u00adna\u00eetre per\u00adsonne qui punisse\u2026 On a r\u00e9ta\u00adbli le pied de guerre\u2026 on veut quelque chose, on ren\u00adcontre des oppo\u00adsants et on arri\u00adve\u00adrait peut-\u00eatre \u00e0 quelque chose de plus rai\u00adson\u00adnable si on vivait en bon accord, si l\u2019on pas\u00adsait un contrat.<\/p>\n<p>\t\u00ab&nbsp;Dans une soci\u00e9\u00adt\u00e9 moderne, o\u00f9 chaque indi\u00advi\u00addu a pas\u00ads\u00e9 son contrat, le cri\u00admi\u00adnel est un bri\u00adseur de contrats\u2026 Ce serait l\u00e0 une notion claire. Mais alors on ne pour\u00adrait pas tol\u00e9\u00adrer les anar\u00adchistes et les adver\u00adsaires de prin\u00adcipe d\u2019une forme quel\u00adconque de soci\u00e9\u00adt\u00e9 au sein de celle-ci.&nbsp;\u00bb<\/p>\n<p>\tApr\u00e8s avoir d\u00e9cla\u00adr\u00e9 qu\u2019on ne pou\u00advait s\u00e9pa\u00adrer Nietzsche de sa vie\u200a\u2014\u200anot\u00e9 son obs\u00adcu\u00adri\u00adt\u00e9, ses contra\u00addic\u00adtions, son indi\u00advi\u00addua\u00adlisme, sa m\u00e9fiance des masses\u200a\u2014\u200aapr\u00e8s avoir fait allu\u00adsion \u00e0 son para\u00addoxal (?) anar\u00adchisme aris\u00adto\u00adcra\u00adtique, <i>Erkennt\u00adniss und Befreiung<\/i>, qui \u00e9tait un organe kro\u00adpot\u00adki\u00adno-tol\u00adsto\u00efen, r\u00e9pon\u00addit&nbsp;ainsi&nbsp;:&nbsp;<\/p>\n<p>\t\u00ab&nbsp;Ce pas\u00adsage n\u2019est qu\u2019une r\u00e9p\u00e9\u00adti\u00adtion des doc\u00adtrines de Prou\u00addhon, que Nietzsche connais\u00adsait bien. D\u2019a\u00adpr\u00e8s Prou\u00addhon, toute la vie sociale repo\u00adsait sur des contrats sous\u00adcrits libre\u00adment entre les indi\u00advi\u00addus en l\u2019ab\u00adsence de gou\u00adver\u00adne\u00adment et de lois. Ces contrats lient, ceux qui les ont sous\u00adcrits, autre\u00adment, aucune vie sociale n\u2019est conce\u00advable. Nietzsche par\u00adta\u00adgeait ce point de vue de Prou\u00addhon et ce que, dans ce pas\u00adsage, il d\u00e9signe comme \u00ab&nbsp;anar\u00adchistes&nbsp;\u00bb, ce sont les hommes d\u2019\u00c9\u00adtat, les gou\u00adver\u00adnants et autres v\u00e9ri\u00adtables enne\u00admis de la soci\u00e9\u00adt\u00e9, qui inca\u00adpables de se ma\u00ee\u00adtri\u00adser eux-m\u00eames&nbsp;\u2015<br>\nle prin\u00adcipe fon\u00adda\u00admen\u00adtal de la liber\u00adt\u00e9\u200a\u2014\u200aveulent domi\u00adner, r\u00e9gen\u00adter, asser\u00advir.\u200a\u2014\u200aCe que veulent les anar\u00adchistes c\u2019est une soci\u00e9\u00adt\u00e9 libre, sans \u00e9tat ni ma\u00eetres, repo\u00adsant sur des contrats libre\u00adment mais net\u00adte\u00adment d\u00e9ter\u00admi\u00adn\u00e9s\u200a\u2014\u200ail est \u00e9vident que si de faux anar\u00adchistes (ceux qui ne le sont que pour eux-m\u00eames) se pr\u00e9\u00adsentent qui ne veulent admettre ni contrats indi\u00advi\u00adduels ni contrats col\u00adlec\u00adtifs, la soci\u00e9\u00adt\u00e9 ne sau\u00adrait les tol\u00e9\u00adrer pas plus qu\u2019elle tol\u00e9\u00adre\u00adra tyran\u00adnies et auto\u00adri\u00adt\u00e9s d\u2019au\u00adcun&nbsp;genre.&nbsp;\u00bb<\/p>\n<p>\tC\u2019est exact et il n\u2019est aucun indi\u00advi\u00addua\u00adliste anar\u00adchiste qui ne soit pr\u00eat \u00e0 sous\u00adcrire \u00e0 ces paroles et \u00e0 vou\u00adloir une huma\u00adni\u00adt\u00e9 repo\u00adsant, sur des contrats indi\u00advi\u00adduels ou col\u00adlec\u00adtifs sans inter\u00adven\u00adtion \u00e9ta\u00adtiste ou reli\u00adgieuse quant \u00e0 leur fonc\u00adtion\u00adne\u00adment \u00e9co\u00adno\u00admique, \u00e9thique, intel\u00adlec\u00adtuel ou autre. Mais cette huma\u00adni\u00adt\u00e9 n\u2019est pas la n\u00f4tre. Nul indi\u00advi\u00addu n\u2019est en situa\u00adtion de faire son accord ou de pas\u00adser son contrat. (<i>sei\u00adnen<\/i> \u00ab&nbsp;<i>Ver\u00adtrag<\/i>&nbsp;\u00bb) dans la \u00ab&nbsp;soci\u00e9\u00adt\u00e9 moderne&nbsp;\u00bb. Sans doute, si la soci\u00e9\u00adt\u00e9 moderne \u00e9tait (w\u00e6re) ain\u00adsi consti\u00adtu\u00e9e, elle ne pour\u00adrait pas (<i>k\u0153nnte nicht<\/i>) tol\u00e9\u00adrer les adver\u00adsaires de prin\u00adcipe (<i>prin\u00adzi\u00adpielle Gegner<\/i>) d\u2019une forme de soci\u00e9\u00adt\u00e9 quel\u00adconque&nbsp;; mais la soci\u00e9\u00adt\u00e9 moderne \u00e9tant autre\u00adment consti\u00adtu\u00e9e (au pr\u00e9\u00adsent et non pas au condi\u00adtion\u00adnel), cela explique le\t\u00ab&nbsp;trans\u00adgres\u00adseur&nbsp;\u00bb et les bri\u00adseurs de \u00ab&nbsp;contrats impo\u00ads\u00e9s&nbsp;\u00bb. Aucun indi\u00advi\u00addua\u00adliste anar\u00adchiste n\u2019a jamais ni\u00e9, d\u2019ailleurs, la fid\u00e9\u00adli\u00adt\u00e9 aux contrats libre\u00adment sous\u00adcrits dans le milieu social actuel.<\/p>\n<p>E. Armand<\/p>\n","protected":false},"excerpt":{"rendered":"<p>Un lec\u00adteur de l\u2019heb\u00addo\u00adma\u00addaire Erkennt\u00adniss und Befreiung qui parais\u00adsait avant la der\u00adni\u00e8re guerre \u00e0 Vienne, sous la direc\u00adtion de P. Ramus, ayant deman\u00add\u00e9 \u00e0 ce jour\u00adnal ce qu\u2019il faut pen\u00adser de ces lignes de Nietzsche, qu\u2019on trou\u00adve\u00adra. au \u00a7 330 de \u00ab&nbsp;La Volon\u00adt\u00e9 de Puis\u00adsance&nbsp;\u00bb&nbsp;: \u00ab&nbsp;R\u00c9COMPENSE ET PUNITION.\u200a\u2014\u200aComme on vit ensemble, on suc\u00adcombe ensemble. Aujourd\u2019\u00adhui, [\u2026]<\/p>\n","protected":false},"author":1,"featured_media":0,"comment_status":"closed","ping_status":"closed","sticky":false,"template":"","format":"standard","meta":{"wp_typography_post_enhancements_disabled":false,"footnotes":""},"categories":[109],"tags":[],"ppma_author":[540],"class_list":["post-2483","post","type-post","status-publish","format-standard","hentry","category-lunique-na12-juillet-1946"],"authors":[{"term_id":540,"user_id":1,"is_guest":0,"slug":"admin_3gikpwyf","display_name":"Vincent Dubuc","avatar_url":"https:\/\/secure.gravatar.com\/avatar\/d015720652c25fd2ced191ade86430094e1f288a17483713e3b34d26dea52507?s=96&d=mm&r=g","author_category":"","user_url":"https:\/\/la-presse-anarchiste.net","last_name":"Dubuc","first_name":"Vincent","job_title":"","description":""}],"_links":{"self":[{"href":"https:\/\/la-presse-anarchiste.net\/index.php\/wp-json\/wp\/v2\/posts\/2483","targetHints":{"allow":["GET"]}}],"collection":[{"href":"https:\/\/la-presse-anarchiste.net\/index.php\/wp-json\/wp\/v2\/posts"}],"about":[{"href":"https:\/\/la-presse-anarchiste.net\/index.php\/wp-json\/wp\/v2\/types\/post"}],"author":[{"embeddable":true,"href":"https:\/\/la-presse-anarchiste.net\/index.php\/wp-json\/wp\/v2\/users\/1"}],"replies":[{"embeddable":true,"href":"https:\/\/la-presse-anarchiste.net\/index.php\/wp-json\/wp\/v2\/comments?post=2483"}],"version-history":[{"count":0,"href":"https:\/\/la-presse-anarchiste.net\/index.php\/wp-json\/wp\/v2\/posts\/2483\/revisions"}],"wp:attachment":[{"href":"https:\/\/la-presse-anarchiste.net\/index.php\/wp-json\/wp\/v2\/media?parent=2483"}],"wp:term":[{"taxonomy":"category","embeddable":true,"href":"https:\/\/la-presse-anarchiste.net\/index.php\/wp-json\/wp\/v2\/categories?post=2483"},{"taxonomy":"post_tag","embeddable":true,"href":"https:\/\/la-presse-anarchiste.net\/index.php\/wp-json\/wp\/v2\/tags?post=2483"},{"taxonomy":"author","embeddable":true,"href":"https:\/\/la-presse-anarchiste.net\/index.php\/wp-json\/wp\/v2\/ppma_author?post=2483"}],"curies":[{"name":"wp","href":"https:\/\/api.w.org\/{rel}","templated":true}]}}