{"id":2492,"date":"2010-07-12T13:07:18","date_gmt":"2010-07-12T13:07:18","guid":{"rendered":"https:\/\/la-presse-anarchiste.net\/index.php\/2010\/07\/12\/du-haut-de-mon-mirador-13\/"},"modified":"2010-07-12T13:07:18","modified_gmt":"2010-07-12T13:07:18","slug":"du-haut-de-mon-mirador-13","status":"publish","type":"post","link":"https:\/\/la-presse-anarchiste.net\/index.php\/2010\/07\/12\/du-haut-de-mon-mirador-13\/","title":{"rendered":"Du haut de mon mirador"},"content":{"rendered":"<div class=\"pdfprnt-buttons pdfprnt-buttons-post pdfprnt-top-right\"><a href=\"https:\/\/la-presse-anarchiste.net\/index.php\/wp-json\/wp\/v2\/posts\/2492?print=pdf\" class=\"pdfprnt-button pdfprnt-button-pdf\" target=\"_blank\"><img decoding=\"async\" src=\"https:\/\/la-presse-anarchiste.net\/wp-content\/plugins\/pdf-print\/images\/pdf.png\" alt=\"image_pdf\" title=\"Afficher le PDF\"><\/a><a href=\"https:\/\/la-presse-anarchiste.net\/index.php\/wp-json\/wp\/v2\/posts\/2492?print=print\" class=\"pdfprnt-button pdfprnt-button-print\" target=\"_blank\"><img decoding=\"async\" src=\"https:\/\/la-presse-anarchiste.net\/wp-content\/plugins\/pdf-print\/images\/print.png\" alt=\"image_print\" title=\"Contenu imprim\u00e9\"><\/a><\/div><p>\tNous avons re\u00e7u l\u2019an\u00adnonce d\u2019un \u00ab&nbsp;Congr\u00e8s com\u00admu\u00adnau\u00adtaire&nbsp;\u00bb qui a eu lieu les 31 ao\u00fbt\u200a\u2014\u200a1<sup>er<\/sup> sep\u00adtembre. Nous sommes fort sym\u00adpa\u00adthiques aux id\u00e9es qui ont pr\u00e9\u00adsi\u00add\u00e9 \u00e0 l\u2019\u00e9\u00adla\u00adbo\u00adra\u00adtion de ce Congr\u00e8s, quoi\u00adqu\u2019en g\u00e9n\u00e9\u00adral les Congr\u00e8s n\u2019a\u00adbou\u00adtissent pas \u00e0 grand\u2019-chose. Mais ce qui ne nous a pas plu du tout, c\u2019est le ques\u00adtion\u00adnaire pos\u00e9 aux per\u00adsonnes d\u00e9si\u00adrant assis\u00adter au Congr\u00e8s dont s\u2019a\u00adgit et qui se m\u00eale de ce qui ne regarde que l\u2019in\u00addi\u00advi\u00addu. Il importe peu de conna\u00eetre \u00ab&nbsp;la classe sociale&nbsp;\u00bb des parents, le \u00ab&nbsp;par\u00adti poli\u00adtique&nbsp;\u00bb (?) auquel on appar\u00adtient, si on a \u00ab&nbsp;une reli\u00adgion&nbsp;\u00bb ou si on \u00ab&nbsp;y croit&nbsp;\u00bb. La ques\u00adtion est de savoir si on a d\u2019a\u00adbord la men\u00adta\u00adli\u00adt\u00e9, le tem\u00adp\u00e9\u00adra\u00adment vou\u00adlu pour vivre \u00ab&nbsp;en com\u00admu\u00adnau\u00adt\u00e9&nbsp;\u00bb, ensuite si on pos\u00ads\u00e8de un m\u00e9tier ou une pro\u00adfes\u00adsion ren\u00addant le can\u00addi\u00addat apte \u00e0 contri\u00adbuer au suc\u00adc\u00e8s et \u00e0 la pros\u00adp\u00e9\u00adri\u00adt\u00e9 de la com\u00admu\u00adnau\u00adt\u00e9. Le reste est sans impor\u00adtance. Il n\u2019y a que l\u2019es\u00adprit com\u00admu\u00adnau\u00adtaire qui compte. L\u2019at\u00adtri\u00adbu\u00adtion aux assis\u00adtants de voix d\u00e9li\u00adb\u00e9\u00adra\u00adtives ou consul\u00adta\u00adtives, fait res\u00adsem\u00adbler ce Congr\u00e8s \u00e0 une r\u00e9union de l\u2019As\u00adsem\u00adbl\u00e9e des Nations. Je ne parle que pour m\u00e9moire du mal\u00adheu\u00adreux \u00ab&nbsp;audi\u00adteur&nbsp;\u00bb qui peut pos\u00ads\u00e9\u00adder un esprit com\u00admu\u00adnau\u00adtaire bien sup\u00e9\u00adrieur \u00e0 ceux aux\u00adquels on a g\u00e9n\u00e9\u00adreu\u00adse\u00adment octroy\u00e9 une \u00ab&nbsp;voix&nbsp;\u00bb&nbsp;! Je me demande ce qu\u2019il y a de r\u00e9vo\u00adlu\u00adtion\u00adnaire en tout&nbsp;cela&nbsp;?<\/p>\n<p>[|<b> \u2013 O \u2013<\/b>|]<br>\n<br>\n\tPar\u00admi les ques\u00adtions pos\u00e9es aux per\u00adsonnes d\u00e9si\u00adrant par\u00adti\u00adci\u00adper au dit Congr\u00e8s figure celle-ci \u00ab&nbsp;Jouis\u00adsez-vous de tous vos droits civiques\u200a\u2014\u200aSinon pour\u00adquoi&nbsp;?&nbsp;\u00bb Qu\u2019est-ce que la jouis\u00adsance des droits civiques peut bien avoir \u00e0 faire avec l\u2019es\u00adprit com\u00admu\u00adnau\u00adtaire&nbsp;? Si les ini\u00adtia\u00adteurs de ce Congr\u00e8s connais\u00adsaient bien l\u2019his\u00adtoire des ten\u00adta\u00adtives ana\u00adlogues \u00e0 celles qu\u2019ils ont vou\u00adlu ou veulent cr\u00e9er, ils sau\u00adraient que par\u00admi les \u00e9l\u00e9\u00adments les meilleurs se trou\u00adv\u00e8rent des hommes ne jouis\u00adsant plus de leurs droits civiques, les\u00adquels, en r\u00e9volte contre les formes \u00e9co\u00adno\u00admiques de la Soci\u00e9\u00adt\u00e9, ont four\u00adni le meilleur ren\u00adde\u00adment lors\u00adqu\u2019ils se sont trou\u00adv\u00e9s dans un milieu o\u00f9 l\u2019ex\u00adploi\u00adta\u00adtion de l\u2019homme par l\u2019homme ou le milieu social avait disparu.&nbsp;<\/p>\n<p>\tSans comp\u00adter que l\u2019his\u00adtoire des mou\u00adve\u00adments d\u2019a\u00advant-garde est rem\u00adplie de faits \u2015 clas\u00adsiques  \u2015 o\u00f9 de tr\u00e8s braves gens, confiants, ont \u00e9t\u00e9 vic\u00adtimes de machi\u00adna\u00adtions poli\u00adci\u00e8res les entra\u00ee\u00adnant dans des affaires de droit com\u00admun. Les ini\u00adtia\u00adteurs du Congr\u00e8s en ques\u00adtion ne devraient pas l\u2019ignorer.&nbsp;<\/p>\n<p>\tDans le Comi\u00adt\u00e9 du Congr\u00e8s figurent deux catho\u00adliques et un pro\u00adtes\u00adtant. Ces mes\u00adsieurs pensent-ils qu\u2019une des condi\u00adtions pour faire par\u00adtie de la com\u00admu\u00adnau\u00adt\u00e9 de J\u00e9ru\u00adsa\u00adlem o\u00f9 \u00ab&nbsp;la mul\u00adti\u00adtude de ceux qui avaient cru n\u2019\u00e9\u00adtait qu\u2019un c\u0153ur et qu\u2019une \u00e2me&nbsp;\u00bb, o\u00f9 \u00ab&nbsp;nul ne disait que ses biens lui appar\u00adtinssent en propre, mais tout \u00e9tait com\u00admun entre eux&nbsp;\u00bb (Actes, IV, 32, etc.).\u200a\u2014\u200aCes Mes\u00adsieurs pensent-ils qu\u2019on exi\u00adgeait des par\u00adti\u00adci\u00adpants une carte d\u2019\u00e9\u00adlec\u00adteur ou un cer\u00adti\u00adfi\u00adcat de civisme&nbsp;? Je ne crois pas que ceux qui entou\u00adraient ou sui\u00advaient l\u2019Homme de Naza\u00adreth \u00e9taient des plus recom\u00adman\u00addables au point de vue de la res\u00adpec\u00adta\u00adbi\u00adli\u00adt\u00e9. Que n\u2019ont-ils accom\u00adpli cependant&nbsp;!&nbsp;<\/p>\n<p>[|<b> \u2013 O \u2013<\/b>|]<br>\n<br>\n\tNous rece\u00advons des bro\u00adchures concer\u00adnant l\u2019\u00c9\u00adthio\u00adpie et l\u2019\u00c9\u00adry\u00adthr\u00e9e. Que les fas\u00adcistes ita\u00adliens aient com\u00admis des crimes mons\u00adtrueux en \u00c9thio\u00adpie, cela ne fait aucun doute et lorsque la bro\u00adchure inti\u00adtu\u00adl\u00e9e Ita\u00adly\u2019s War Crimes in Ethio\u00adpia \u00e9ta\u00adblit que le nombre des vic\u00adtimes de l\u2019oc\u00adcu\u00adpa\u00adtion et de la guerre s\u2019\u00e9\u00adl\u00e8ve \u00e0 760.000, c\u2019est \u00e0 faire fr\u00e9\u00admir, \u00e9tant don\u00adn\u00e9 la popu\u00adla\u00adtion rela\u00adti\u00adve\u00adment peu impor\u00adtante du pays. Les \u00c9ry\u00adthr\u00e9ens vou\u00addraient \u00eatre r\u00e9unis \u00e0 la m\u00e8re patrie et se plaignent que les auto\u00adri\u00adt\u00e9s mili\u00adtaires anglaises se servent de fonc\u00adtion\u00adnaires ita\u00adliens dans leurs rap\u00adports avec la popu\u00adla\u00adtion. Non seule\u00adment, les ras\u00adsem\u00adble\u00adments de plus de trois per\u00adsonnes sont inter\u00addits en \u00c9ry\u00adthr\u00e9e, mais l\u2019en\u00adtr\u00e9e des caf\u00e9s, cin\u00e9\u00admas, res\u00adtau\u00adrants, h\u00f4tels, etc., est inter\u00addite aux indi\u00adg\u00e8nes. Les chauf\u00adfeurs ita\u00adliens ne peuvent char\u00adger d\u2019in\u00addi\u00adg\u00e8nes sous peine de retrait de licence&nbsp;!<\/p>\n<p>[|<b> \u2013 O \u2013<\/b>|]<br>\n<br>\n\tUne des cons\u00e9\u00adquences de la guerre\u200a\u2014\u200aune de celles autour de laquelle ont fait le moins de bruit \u2015 c\u2019est l\u2019a\u00adn\u00e9an\u00adtis\u00adse\u00adment des deux mil\u00adlions de volumes qu\u2019elle a cau\u00ads\u00e9 rien qu\u2019en France. Les biblio\u00adth\u00e8ques de Tours, de Caen, de Douai, de Cam\u00adbrai, de Chartres ont \u00e9t\u00e9 com\u00adpl\u00e8\u00adte\u00adment an\u00e9an\u00adties. La biblio\u00adth\u00e8que uni\u00adver\u00adsi\u00adtaire de Stras\u00adbourg a per\u00addu un demi-mil\u00adlion de livres. Pour Vire, la guerre s\u2019est sol\u00add\u00e9e par la des\u00adtruc\u00adtion d\u2019une biblio\u00adth\u00e8que de 72.000 volumes, de 55.000 pour Beau\u00advais, de 90.000 pour Brest. Cher\u00adbourg, Dun\u00adkerque, Falaise, Saint-Di\u00e9, Vitry-le-Fran\u00ad\u00e7ois ont \u00e9ga\u00adle\u00adment per\u00addu tous leurs livres. Or, le livre est deve\u00adnu main\u00adte\u00adnant un objet rare et on ne peut son\u00adger \u00e0 rem\u00adpla\u00adcer les ouvrages trai\u00adtant de l\u2019his\u00adtoire locale, dont, pour un grand nombre, il n\u2019exis\u00adtait qu\u2019un exem\u00adplaire unique\u2026&nbsp;<\/p>\n<p>\tIl serait trop long d\u2019\u00e9\u00adnu\u00adm\u00e9\u00adrer les pertes irr\u00e9\u00adpa\u00adrables \u00e0 d\u00e9plo\u00adrer en ce domaine, en France comme ailleurs bien enten\u00addu. On ne pr\u00e9\u00adten\u00addra pas pour\u00adtant qu\u2019une biblio\u00adth\u00e8que est un objec\u00adtif mili\u00adtaire. Mais allez faire entendre rai\u00adson au guer\u00adrier de pro\u00adfes\u00adsion ou d\u2019oc\u00adca\u00adsion. Dans tout sou\u00addard, un Omar sommeille.<\/p>\n<p>[|<b> \u2013 O \u2013<\/b>|]<br>\n<br>\n\tDans <i>Post<\/i> du 5 juillet Doro\u00adthy Thom\u00adson raconte le fait suivent&nbsp;: \u00ab&nbsp;Je connais un citoyen tch\u00e8que, un Alle\u00admand sud\u00e8te, qui fut tou\u00adjours fid\u00e8le \u00e0 la R\u00e9pu\u00adblique tch\u00e9\u00adco\u00adslo\u00advaque, mari\u00e9 \u00e0 une Juive. Lorsque les nazis enva\u00adhirent le pays, ils s\u2019a\u00adper\u00ad\u00e7urent qu\u2019il \u00e9tait Alle\u00admand de race et ne lui deman\u00add\u00e8rent que de divor\u00adcer, ce \u00e0 quoi il se refu\u00adsa. Son refus lui valut d\u2019\u00eatre inter\u00adn\u00e9 dans un camp de concen\u00adtra\u00adtion, sa femme \u00e9tant d\u00e9por\u00adt\u00e9e dans un autre camp. Le hasard fit que l\u2019un et l\u2019autre sur\u00adv\u00e9\u00adcurent aux tour\u00adments et que, le m\u00eame jour, ils se retrou\u00adv\u00e8rent \u00e0 Prague pour reprendre la vie com\u00admune. Or, le voi\u00adl\u00e0 arr\u00ea\u00adt\u00e9 de nou\u00adveau comme \u00ab&nbsp;Alle\u00admand&nbsp;\u00bb et sur le point d\u2019\u00eatre expul\u00ads\u00e9 du pays, alors que la femme est auto\u00adri\u00ads\u00e9e a demeu\u00adrer en Tch\u00e9\u00adco\u00adslo\u00adva\u00adquie. mais \u00e0 condi\u00adtion de divor\u00adcer. Ce qu\u2019\u00e0 son tour elle refu\u00adsa de faire. Ces deux per\u00adsonnes qui s\u2019aiment et dont rien n\u2019a pu alt\u00e9\u00adrer l\u2019af\u00adfec\u00adtion com\u00admune sont vou\u00e9es \u00e0 une vie d\u2019exil et de mis\u00e8re. N\u2019est-ce pas honteux&nbsp;?&nbsp;\u00bb<\/p>\n<p>\t\u00c9tait-ce la peine de se lib\u00e9\u00adrer du nazi-fas\u00adcisme pour en arri\u00adver&nbsp;l\u00e0&nbsp;?<\/p>\n<p>[|<b> \u2013 O \u2013<\/b>|]<br>\n<br>\n\tNous avons sous les yeux une revue nudiste danoise o\u00f9 il est ques\u00adtion de l\u2019his\u00adtoire d\u2019une jeune fille appar\u00adte\u00adnant \u00e0 une famille nudiste pra\u00adti\u00adquante et qui rem\u00adpor\u00adta les plus grands suc\u00adc\u00e8s dans des exa\u00admens uni\u00adver\u00adsi\u00adtaires. Comme on lui deman\u00addait \u00e0 quels motifs elle attri\u00adbuait sa r\u00e9us\u00adsite, elle r\u00e9pon\u00addit qu\u2019ayant tou\u00adjours \u00e9t\u00e9 \u00e9le\u00adv\u00e9e par\u00admi les nudistes, son esprit n\u2019\u00e9\u00adtait plus pr\u00e9\u00adoc\u00adcu\u00adp\u00e9 par la ques\u00adtion sexuelle et qu\u2019elle avait pu consa\u00adcrer tout son temps \u00e0 l\u2019\u00e9\u00adtude, alors que ses com\u00adpagnes, tour\u00admen\u00adt\u00e9es par cette ques\u00adtion, s\u2019en entre\u00adte\u00adnaient entre elles secr\u00e8\u00adte\u00adment, sui\u00advaient les le\u00e7ons avec peine, tou\u00adjours pr\u00e9\u00adoc\u00adcu\u00adp\u00e9es de r\u00e9soudre le soi-disant mys\u00adt\u00e8re de l\u2019u\u00adnion des sexes. Il convient d\u2019a\u00adjou\u00adter que cette jeune fille avait re\u00e7u de ses parents une \u00e9du\u00adca\u00adtion sexuelle int\u00e9\u00adgrale. Ce r\u00e9cit nous fait son\u00adger \u00e0 ce jour\u00adna\u00adliste qui pr\u00e9\u00adtend qu\u2019\u00e9\u00addu\u00adquer sexuel\u00adle\u00adment les enfants ce serait d\u00e9truire \u00ab&nbsp;la po\u00e9\u00adsie&nbsp;\u00bb qui entoure la g\u00e9n\u00e9\u00adra\u00adtion&nbsp;: nou\u00adveaux n\u00e9s trou\u00adv\u00e9s sous les choux ou d\u00e9po\u00ads\u00e9s par les cigognes. Quand on pense \u00e0 tous les mal\u00adheurs et les drames aux\u00adquels cette soi-disant po\u00e9\u00adsie a don\u00adn\u00e9 lieu, on se dit qu\u2019il y a des coups de pied quelque part qui se perdent.&nbsp;<\/p>\n<p>\t\u00c0 pro\u00adpos de nudisme, nous appre\u00adnons que sous le titre \u00c9ROS, \u00ab&nbsp;Vivre&nbsp;\u00bb repa\u00adra\u00eet et se publie tous les deux Mois. \u00c9di\u00adtion luxueuse sur papier gla\u00adc\u00e9. Natu\u00adrel\u00adle\u00adment le prix de l\u2019a\u00adbon\u00adne\u00adment est \u00e9le\u00adv\u00e9&nbsp;: 500F L\u2019a\u00addresse est&nbsp;: de Mon\u00adgeot, Manoir Jan, Fon\u00adte\u00adnay-St-P\u00e8re (Seine-et-Oise).<\/p>\n<p>[|<b> \u2013 O \u2013<\/b>|]<br>\n<br>\n\tNous sommes \u00e0 l\u2019\u00e2ge de la d\u00e9s\u00adin\u00adt\u00e9\u00adgra\u00adtion nucl\u00e9aire, ce qui n\u2019a pas emp\u00ea\u00adch\u00e9 \u00ab&nbsp;la Sainte Vierge&nbsp;\u00bb d\u2019ap\u00adpa\u00adra\u00eetre (comme si de rien n\u2019\u00e9\u00adtait) dans un ter\u00adrain vague de la 200<sup>e<\/sup> rue \u00e0 New York, dans le quar\u00adtier du Bronx, aux regards sur\u00adpris d\u2019un gosse de neuf ans, fils rte parents catho\u00adliques, tr\u00e8s igno\u00adrants et tr\u00e8s fana\u00adtiques, ce qui va tr\u00e8s bien ensemble. Le cr\u00e9\u00adpus\u00adcule tom\u00adbait, C\u00e9sar, c\u2019est le nom de l\u2019en\u00adfant, jouait avec des com\u00adpa\u00adgnons de son \u00e2ge. Ils allu\u00adm\u00e8rent des fagots pour se chauf\u00adfer, le froid \u00e9tant vif. Sou\u00addain arri\u00adv\u00e8rent deux autres enfants, sur\u00adpris, et effray\u00e9s parce qu\u2019il leur avait sem\u00adbl\u00e9 aper\u00adce\u00advoir une lumi\u00e8re tenue par une main. C\u00e9sar, s\u2019ar\u00admant de cou\u00adrage, s\u2019\u00e9\u00adlan\u00ad\u00e7a\u2026 et se trou\u00adva nez \u00e0 nez avec la \u00ab&nbsp;m\u00e8re de Dieu&nbsp;\u00bb, laquelle tenait \u00e0 la main un chan\u00adde\u00adlier dor\u00e9, muni d\u2019une bou\u00adgie allu\u00adm\u00e9e&nbsp;; elle inti\u00adma au gamin atter\u00adr\u00e9 d\u2019in\u00advi\u00adter les enfants du quar\u00adtier \u00e0 s\u2019as\u00adsem\u00adbler et \u00e0 prier tous les soirs \u00e0 sept heures, puis elle dis\u00adpa\u00adrut. La \u00ab&nbsp;vierge&nbsp;\u00bb \u00e9tait v\u00eatue d\u2019un man\u00adteau bleu, qui tour\u00adna au rose et sous ce man\u00adteau l\u2019en\u00adfant aper\u00ad\u00e7ut un cos\u00adtume de nonne ou petite s\u0153ur.<\/p>\n<p>\tOn juge\u00adra de la men\u00adta\u00adli\u00adt\u00e9 de C\u00e9sar par sa r\u00e9ponse \u00e0 un jour\u00adna\u00adliste qui lui deman\u00addait son jeu pr\u00e9\u00adf\u00e9\u00adr\u00e9 \u00ab&nbsp;jouer \u00e0 la police et aux voleurs&nbsp;\u00bb. Quand m\u00eame la Madone aurait pu choi\u00adsir un confi\u00addent plus s\u00e9rieux.<\/p>\n<p>\tGageons que cette his\u00adtoire fini\u00adra par l\u2019\u00e9\u00adrec\u00adtion d\u2019une cha\u00adpelle ou d\u2019une \u00e9glise, ce qui aug\u00admen\u00adte\u00adra dans de fortes pro\u00adpor\u00adtions la valeur du ter\u00adrain aban\u00addon\u00adn\u00e9 dont le pro\u00adpri\u00e9\u00adtaire, s\u2019il est croyant, fera sans doute don \u00e0 l\u2019\u00c9\u00adglise\u2026 Il n\u2019y a pas \u00e0 dire, celle-ci est un met\u00adteur. en sc\u00e8ne de pre\u00admier ordre&nbsp;! Il est vrai qu\u2019elle sait \u00e0 qui elle s\u2019adresse.<\/p>\n<p>Qui C\u00e9<\/p>\n","protected":false},"excerpt":{"rendered":"<p>Nous avons re\u00e7u l\u2019an\u00adnonce d\u2019un \u00ab&nbsp;Congr\u00e8s com\u00admu\u00adnau\u00adtaire&nbsp;\u00bb qui a eu lieu les 31 ao\u00fbt\u200a\u2014\u200a1<sup>er<\/sup> sep\u00adtembre. Nous sommes fort sym\u00adpa\u00adthiques aux id\u00e9es qui ont pr\u00e9\u00adsi\u00add\u00e9 \u00e0 l\u2019\u00e9\u00adla\u00adbo\u00adra\u00adtion de ce Congr\u00e8s, quoi\u00adqu\u2019en g\u00e9n\u00e9\u00adral les Congr\u00e8s n\u2019a\u00adbou\u00adtissent pas \u00e0 grand\u2019-chose. Mais ce qui ne nous a pas plu du tout, c\u2019est le ques\u00adtion\u00adnaire pos\u00e9 aux per\u00adsonnes d\u00e9si\u00adrant assister&nbsp;[\u2026]<\/p>\n","protected":false},"author":1,"featured_media":0,"comment_status":"closed","ping_status":"closed","sticky":false,"template":"","format":"standard","meta":{"wp_typography_post_enhancements_disabled":false,"footnotes":""},"categories":[110],"tags":[],"ppma_author":[540],"class_list":["post-2492","post","type-post","status-publish","format-standard","hentry","category-lunique-n13-aout-sept-1946"],"authors":[{"term_id":540,"user_id":1,"is_guest":0,"slug":"admin_3gikpwyf","display_name":"Vincent Dubuc","avatar_url":"https:\/\/secure.gravatar.com\/avatar\/d015720652c25fd2ced191ade86430094e1f288a17483713e3b34d26dea52507?s=96&d=mm&r=g","author_category":"","user_url":"https:\/\/la-presse-anarchiste.net","last_name":"Dubuc","first_name":"Vincent","job_title":"","description":""}],"_links":{"self":[{"href":"https:\/\/la-presse-anarchiste.net\/index.php\/wp-json\/wp\/v2\/posts\/2492","targetHints":{"allow":["GET"]}}],"collection":[{"href":"https:\/\/la-presse-anarchiste.net\/index.php\/wp-json\/wp\/v2\/posts"}],"about":[{"href":"https:\/\/la-presse-anarchiste.net\/index.php\/wp-json\/wp\/v2\/types\/post"}],"author":[{"embeddable":true,"href":"https:\/\/la-presse-anarchiste.net\/index.php\/wp-json\/wp\/v2\/users\/1"}],"replies":[{"embeddable":true,"href":"https:\/\/la-presse-anarchiste.net\/index.php\/wp-json\/wp\/v2\/comments?post=2492"}],"version-history":[{"count":0,"href":"https:\/\/la-presse-anarchiste.net\/index.php\/wp-json\/wp\/v2\/posts\/2492\/revisions"}],"wp:attachment":[{"href":"https:\/\/la-presse-anarchiste.net\/index.php\/wp-json\/wp\/v2\/media?parent=2492"}],"wp:term":[{"taxonomy":"category","embeddable":true,"href":"https:\/\/la-presse-anarchiste.net\/index.php\/wp-json\/wp\/v2\/categories?post=2492"},{"taxonomy":"post_tag","embeddable":true,"href":"https:\/\/la-presse-anarchiste.net\/index.php\/wp-json\/wp\/v2\/tags?post=2492"},{"taxonomy":"author","embeddable":true,"href":"https:\/\/la-presse-anarchiste.net\/index.php\/wp-json\/wp\/v2\/ppma_author?post=2492"}],"curies":[{"name":"wp","href":"https:\/\/api.w.org\/{rel}","templated":true}]}}