{"id":2499,"date":"2010-07-12T13:25:55","date_gmt":"2010-07-12T13:25:55","guid":{"rendered":"https:\/\/la-presse-anarchiste.net\/index.php\/2010\/07\/12\/lattente\/"},"modified":"2010-07-12T13:25:55","modified_gmt":"2010-07-12T13:25:55","slug":"lattente","status":"publish","type":"post","link":"https:\/\/la-presse-anarchiste.net\/index.php\/2010\/07\/12\/lattente\/","title":{"rendered":"L\u2019attente"},"content":{"rendered":"<div class=\"pdfprnt-buttons pdfprnt-buttons-post pdfprnt-top-right\"><a href=\"https:\/\/la-presse-anarchiste.net\/index.php\/wp-json\/wp\/v2\/posts\/2499?print=pdf\" class=\"pdfprnt-button pdfprnt-button-pdf\" target=\"_blank\"><img decoding=\"async\" src=\"https:\/\/la-presse-anarchiste.net\/wp-content\/plugins\/pdf-print\/images\/pdf.png\" alt=\"image_pdf\" title=\"Afficher le PDF\"><\/a><a href=\"https:\/\/la-presse-anarchiste.net\/index.php\/wp-json\/wp\/v2\/posts\/2499?print=print\" class=\"pdfprnt-button pdfprnt-button-print\" target=\"_blank\"><img decoding=\"async\" src=\"https:\/\/la-presse-anarchiste.net\/wp-content\/plugins\/pdf-print\/images\/print.png\" alt=\"image_print\" title=\"Contenu imprim\u00e9\"><\/a><\/div><poesie>J\u2019en\u00adtends battre mon c\u0153ur\u2026 j\u2019en\u00adtends battre mes tempes<br>\nDans le silence froid de la nuit, et la&nbsp;lampe<br>\nArron\u00addit au pla\u00adfond une faible clart\u00e9.<br>\nEt j\u2019en\u00adtends la clar\u00adt\u00e9 qui tremble\u2026 O nuit&nbsp;\u00e9t\u00e9,<br>\nSur les jar\u00addins en fleurs, j\u2019ai pous\u00ads\u00e9 la fen\u00eatre,<br>\nEt tes par\u00adfums trop forts ont gla\u00adc\u00e9 tout mon&nbsp;\u00eatre<br>\nTa fra\u00ee\u00adcheur ne peut rien sur mon front enflamm\u00e9<br>\nDepuis la fin du jour, j\u2019at\u00adtends mon bien-aim\u00e9.\n<p>Belle nuit, tu ne fus jamais plus sensuelle&nbsp;;<br>\nLa volup\u00adt\u00e9 des\u00adcend de tes obs\u00adcures&nbsp;ailes.<br>\nO nuit, je veux ma part de ten\u00addresse et d\u2019amour<br>\nSois la bonne com\u00adplice, et quand na\u00ee\u00adtra le&nbsp;jour,<br>\nEn t\u2019en\u00adfuyant devant l\u2019au\u00adrore \u00e9panouie,<br>\nTu ver\u00adras le plai\u00adsir sur nos l\u00e8vres unies.<\/p>\n<p>Sus\u00adpen\u00addue aux sapins, la lune dans l\u2019azur<br>\nS\u2019ar\u00adron\u00addit et se gonfle d\u2019or, comme un fruit&nbsp;m\u00fbr.<br>\nDans cette attente vaine o\u00f9 mon \u00eatre s\u2019\u00e9puise,<br>\nQue je vou\u00addrais chas\u00adser loin de moi la hantise<br>\nDe tous les mots d\u2019a\u00admour, pro\u00adfonds, imp\u00e9rieux,<br>\nQue tu disais un soir \u00e0 mon c\u0153ur s\u00e9rieux.<br>\nLoin de toi, j\u2019au\u00adrais d\u00fb me remettre \u00e0 l\u2019\u00e9tude&nbsp;;<br>\nMais tu restes pr\u00e9\u00adsent en cette solitude&nbsp;;<br>\nLa plume a len\u00adte\u00adment glis\u00ads\u00e9 de mes doigts las&nbsp;:<br>\nJe pleure main\u00adte\u00adnant\u2026 Pour\u00adquoi ne viens-tu pas,<br>\nQuand, de tout son effort, mon amour te r\u00e9clame,<br>\nS\u00e9cher sous tes bai\u00adsers les larmes de mon&nbsp;\u00e2me&nbsp;?<br>\nPour\u00adquoi perdre ce soir&nbsp;? Si vite fuit le&nbsp;temps&nbsp;:<br>\nN\u2019at\u00adtends pas pour cueillir les fleurs de mon printemps&nbsp;!<\/p>\n<p>Mais tu ne m\u2019en\u00adtends pas&nbsp;! La lampe confidente<br>\nPeu a peu s\u2019a\u00adn\u00e9\u00admie, et l\u2019obs\u00adcu\u00adri\u00adt\u00e9&nbsp;lente<br>\nVerse en moi la dou\u00adceur du bien\u00adfai\u00adsant sommeil.<br>\nAh&nbsp;! ne rou\u00advrir les yeux qu\u2019au lever du soleil,<br>\nN\u2019a\u00advoir pas cette nuit des cau\u00adche\u00admars sans nombre<br>\nO\u00f9 je m\u2019\u00e9\u00adveille\u00adrais croyant aimer ton&nbsp;ombre.<br>\nNe plus pen\u00adser \u00e0 rien, dans le calme absolu,<br>\nEt t\u2019ou\u00adblier un peu, puisque tu l\u2019as&nbsp;voulu&nbsp;!<\/p><\/poesie>\n<p>S.<\/p>\n","protected":false},"excerpt":{"rendered":"<p>J\u2019en\u00adtends battre mon c\u0153ur\u2026 j\u2019en\u00adtends battre mes tempes Dans le silence froid de la nuit, et la&nbsp;lampe Arron\u00addit au pla\u00adfond une faible clar\u00adt\u00e9. Et j\u2019en\u00adtends la clar\u00adt\u00e9 qui tremble\u2026 O nuit&nbsp;\u00e9t\u00e9, Sur les jar\u00addins en fleurs, j\u2019ai pous\u00ads\u00e9 la fen\u00eatre, Et tes par\u00adfums trop forts ont gla\u00adc\u00e9 tout mon&nbsp;\u00eatre Ta fra\u00ee\u00adcheur ne peut rien&nbsp;sur&nbsp;[\u2026]<\/p>\n","protected":false},"author":1,"featured_media":0,"comment_status":"closed","ping_status":"closed","sticky":false,"template":"","format":"standard","meta":{"wp_typography_post_enhancements_disabled":false,"footnotes":""},"categories":[110],"tags":[],"ppma_author":[540],"class_list":["post-2499","post","type-post","status-publish","format-standard","hentry","category-lunique-n13-aout-sept-1946"],"authors":[{"term_id":540,"user_id":1,"is_guest":0,"slug":"admin_3gikpwyf","display_name":"Vincent Dubuc","avatar_url":"https:\/\/secure.gravatar.com\/avatar\/d015720652c25fd2ced191ade86430094e1f288a17483713e3b34d26dea52507?s=96&d=mm&r=g","author_category":"","user_url":"https:\/\/la-presse-anarchiste.net","last_name":"Dubuc","first_name":"Vincent","job_title":"","description":""}],"_links":{"self":[{"href":"https:\/\/la-presse-anarchiste.net\/index.php\/wp-json\/wp\/v2\/posts\/2499","targetHints":{"allow":["GET"]}}],"collection":[{"href":"https:\/\/la-presse-anarchiste.net\/index.php\/wp-json\/wp\/v2\/posts"}],"about":[{"href":"https:\/\/la-presse-anarchiste.net\/index.php\/wp-json\/wp\/v2\/types\/post"}],"author":[{"embeddable":true,"href":"https:\/\/la-presse-anarchiste.net\/index.php\/wp-json\/wp\/v2\/users\/1"}],"replies":[{"embeddable":true,"href":"https:\/\/la-presse-anarchiste.net\/index.php\/wp-json\/wp\/v2\/comments?post=2499"}],"version-history":[{"count":0,"href":"https:\/\/la-presse-anarchiste.net\/index.php\/wp-json\/wp\/v2\/posts\/2499\/revisions"}],"wp:attachment":[{"href":"https:\/\/la-presse-anarchiste.net\/index.php\/wp-json\/wp\/v2\/media?parent=2499"}],"wp:term":[{"taxonomy":"category","embeddable":true,"href":"https:\/\/la-presse-anarchiste.net\/index.php\/wp-json\/wp\/v2\/categories?post=2499"},{"taxonomy":"post_tag","embeddable":true,"href":"https:\/\/la-presse-anarchiste.net\/index.php\/wp-json\/wp\/v2\/tags?post=2499"},{"taxonomy":"author","embeddable":true,"href":"https:\/\/la-presse-anarchiste.net\/index.php\/wp-json\/wp\/v2\/ppma_author?post=2499"}],"curies":[{"name":"wp","href":"https:\/\/api.w.org\/{rel}","templated":true}]}}