{"id":250,"date":"2007-03-23T21:47:04","date_gmt":"2007-03-23T21:47:04","guid":{"rendered":"https:\/\/la-presse-anarchiste.net\/index.php\/2007\/03\/23\/lire-ou-ne-pas-lire-6\/"},"modified":"2007-03-23T21:47:04","modified_gmt":"2007-03-23T21:47:04","slug":"lire-ou-ne-pas-lire-6","status":"publish","type":"post","link":"https:\/\/la-presse-anarchiste.net\/index.php\/2007\/03\/23\/lire-ou-ne-pas-lire-6\/","title":{"rendered":"Lire ou ne pas&nbsp;lire"},"content":{"rendered":"<div class=\"pdfprnt-buttons pdfprnt-buttons-post pdfprnt-top-right\"><a href=\"https:\/\/la-presse-anarchiste.net\/index.php\/wp-json\/wp\/v2\/posts\/250?print=pdf\" class=\"pdfprnt-button pdfprnt-button-pdf\" target=\"_blank\"><img decoding=\"async\" src=\"https:\/\/la-presse-anarchiste.net\/wp-content\/plugins\/pdf-print\/images\/pdf.png\" alt=\"image_pdf\" title=\"Afficher le PDF\"><\/a><a href=\"https:\/\/la-presse-anarchiste.net\/index.php\/wp-json\/wp\/v2\/posts\/250?print=print\" class=\"pdfprnt-button pdfprnt-button-print\" target=\"_blank\"><img decoding=\"async\" src=\"https:\/\/la-presse-anarchiste.net\/wp-content\/plugins\/pdf-print\/images\/print.png\" alt=\"image_print\" title=\"Contenu imprim\u00e9\"><\/a><\/div><div align=\"justify\">\n[\/\u200bMouvement ouvriers de ges\u00adtion et d\u2019ac\u00adtion directe en Italie\/]\n<p>Dans un court article \u00e9crit en 1946, Leo\u00adnet\u00adti (com\u00adpa\u00adgnon de Gram\u00adsci, diri\u00adgeant du P.C. ita\u00adlien, exclu en 1930, puis \u00ab&nbsp;r\u00e9in\u00adt\u00e9\u00adgr\u00e9 apr\u00e8s la guerre&nbsp;\u00bb) montre com\u00adment les vieilles \u00ab&nbsp;com\u00admis\u00adsions internes&nbsp;\u00bb, com\u00adpo\u00ads\u00e9es d\u2019ou\u00advriers syn\u00addi\u00adqu\u00e9s, d\u2019or\u00adganes de col\u00adla\u00adbo\u00adra\u00adtion de classe pen\u00addant la Pre\u00admi\u00e8re Guerre Mon\u00addiale (emp\u00ea\u00adcher les gr\u00e8ves et main\u00adte\u00adnir la pro\u00adduc\u00adti\u00advi\u00adt\u00e9) se sont trans\u00adfor\u00adm\u00e9es en conseils d\u2019u\u00adsine, c\u2019est-\u00e0-dire en ins\u00adtru\u00adment fon\u00adda\u00admen\u00adtal de la lutte de classe.<\/p>\n<p>\tCette trans\u00adfor\u00adma\u00adtion a \u00e9t\u00e9 le fruit d\u2019une longue \u00ab&nbsp;lutte id\u00e9o\u00adlo\u00adgique&nbsp;\u00bb men\u00e9e par le groupe \u00ab&nbsp;Ordine Nuo\u00advo&nbsp;\u00bb et sur\u00adtout par Gram\u00adsci, nous dit Leonetti.<\/p>\n<p>La d\u00e9mons\u00adtra\u00adtion est peu convain\u00adcante, car si les Conseils d\u2019u\u00adsines sont \u00ab&nbsp;plus d\u00e9mo\u00adcra\u00adtique&nbsp;\u00bb (chaque ate\u00adlier nomme son com\u00admis\u00adsaire et de l\u2019en\u00adsemble des com\u00admis\u00adsaires \u00e9mane un comi\u00adt\u00e9 ex\u00e9\u00adcu\u00adtif&nbsp;: le Conseil d\u2019u\u00adsine) leur conte\u00adnu n\u2019en est pas pour autant obli\u00adga\u00adtoi\u00adre\u00adment r\u00e9vo\u00adlu\u00adtion\u00adnaire&nbsp;: Leo\u00adnet\u00adti lui-m\u00eame \u00e9crit&nbsp;: \u00ab&nbsp;Tous les Conseils d\u2019u\u00adsine furent ensuite grou\u00adp\u00e9s hori\u00adzon\u00adta\u00adle\u00adment et ver\u00adti\u00adca\u00adle\u00adment. Leur effi\u00adca\u00adci\u00adt\u00e9 se mani\u00adfes\u00adta dans chaque domaine&nbsp;: le nombre des litiges entre ouvriers et patrons dimi\u00adnua. La pro\u00adduc\u00adtion aug\u00admen\u00adta\u2026&nbsp;\u00bb&nbsp;! L\u2019ou\u00advrier doit trou\u00adver qu\u2019il est capable de g\u00e9rer lui-m\u00eame le sys\u00adt\u00e8me (le m\u00eame) aus\u00adsi bien et m\u00eame mieux que les patrons&nbsp;!<\/p>\n<p>\tLe d\u00e9bat est ouvert depuis long\u00adtemps sur ce pro\u00adbl\u00e8me et fina\u00adle\u00adment, l\u2019ar\u00adticle de Leo\u00adnet\u00adti le r\u00e9in\u00adtro\u00adduit fort bien. Il est pro\u00adlon\u00adg\u00e9 par un article de P.C. Masi\u00adni, \u00ab&nbsp;Anar\u00adchistes et Com\u00admu\u00adnistes dans le Mou\u00adve\u00adment des Conseils \u00e0 Turin&nbsp;\u00bb. \u00ab&nbsp;Les ordi\u00adno\u00advistes sous-\u00e9va\u00adlu\u00e8rent le pro\u00adbl\u00e8me de l\u2019\u00c9\u00adtat dans le sens de son \u00ab&nbsp;iso\u00adle\u00adment&nbsp;\u00bb&nbsp;; les \u00ab&nbsp;sovi\u00e9\u00adtistes&nbsp;\u00bb (Bor\u00addi\u00adga) le sur\u00ad\u00e9va\u00adlu\u00e8rent dans le sens de son \u00ab&nbsp;occu\u00adpa\u00adtion&nbsp;\u00bb&nbsp;; les anar\u00adchistes le cen\u00adtr\u00e8rent cor\u00adrec\u00adte\u00adment dans le sens de sa liqui\u00adda\u00adtion, r\u00e9a\u00adli\u00ads\u00e9e sur le ter\u00adrain poli\u00adtique&nbsp;\u00bb. Pour ces der\u00adniers, les Conseils d\u2019u\u00adsine n\u2019ont d\u2019ef\u00adfi\u00adca\u00adci\u00adt\u00e9 qu\u2019en p\u00e9riode r\u00e9vo\u00adlu\u00adtion\u00adnaire&nbsp;; dans les autres cas, ils risquent de deve\u00adnir des organes de co-ges\u00adtion \u00ab&nbsp;pour le bon fonc\u00adtion\u00adne\u00adment de l\u2019u\u00adsine, pour l\u2019aug\u00admen\u00adta\u00adtion de la production\u2026&nbsp;\u00bb<\/p>\n<p>Fort bien, mais le pro\u00adbl\u00e8me reste entier, car nous avons vu qu\u2019en 1920 les Conseils d\u2019u\u00adsine ont \u00e9t\u00e9 aus\u00adsi cela. Et pour\u00adtant on dit que cette p\u00e9riode fut r\u00e9vo\u00adlu\u00adtion\u00adnaire&nbsp;; sinon, qu\u2019est-ce qu\u2019une p\u00e9riode r\u00e9volutionnaire&nbsp;?<\/p>\n<p>\tToutes les ten\u00addances ont peut-\u00eatre sur\u00ad\u00e9va\u00adlu\u00e9 les pos\u00adsi\u00adbi\u00adli\u00adt\u00e9s des Conseils d\u2019u\u00adsines. Par ailleurs Masi\u00adni nous pr\u00e9\u00adsente Gram\u00adsci comme un \u00ab&nbsp;liber\u00adtaire&nbsp;\u00bb (comme il est d\u2019ailleurs \u00e0 la mode de le faire, tant pour \u00ab&nbsp;blan\u00adchir&nbsp;\u00bb le Bol\u00adche\u00advisme apr\u00e8s Sta\u00adline, d\u2019un c\u00f4t\u00e9 que pour don\u00adner des assises \u00ab&nbsp;th\u00e9o\u00adriques&nbsp;\u00bb \u00e0 un mou\u00adve\u00adment liber\u00adtaire qui n\u2019en aurait pas (?&nbsp;!) de l\u2019autre).<\/p>\n<p>Pour\u00adtant, l\u2019ar\u00adticle de Gram\u00adsci inti\u00adtu\u00adl\u00e9 \u00ab&nbsp;le mou\u00adve\u00adment Turi\u00adnois des Conseils d\u2019u\u00adsines&nbsp;\u00bb nous montre le contraire&nbsp;: une ardeur toute \u00ab&nbsp;triom\u00adpha\u00adliste&nbsp;\u00bb pour s\u00e9duire les diri\u00adgeants de l\u2019In\u00adter\u00adna\u00adtio\u00adnale com\u00admu\u00adniste (l\u2019ar\u00adticle est un rap\u00adport\u200a\u2014\u200adonc un acte de sou\u00admis\u00adsion\u200a\u2014\u200a\u00e0 l\u2019I.C.)<\/p>\n<ul>\n<li>anti-anar\u00adchiste \u00e0 sou\u00adhait pour se mon\u00adtrer plus bol\u00adche\u00advique que L\u00e9nine lui-m\u00eame,<\/li>\n<li>sur\u00ad\u00e9va\u00adluant les forces com\u00admu\u00adnistes qui auraient obte\u00adnu la majo\u00adri\u00adt\u00e9 abso\u00adlue dans le conseil du Syn\u00addi\u00adcat des M\u00e9tal\u00adlur\u00adgistes (alors qu\u2019en r\u00e9a\u00adli\u00adt\u00e9 ce ne furent que les forces de gauche\u200a\u2014\u200atoutes ensembles\u200a\u2014\u200aqui furent majoritaires),<\/li>\n<li>id\u00e9a\u00adliste dans l\u2019a\u00adna\u00adlyse de l\u2019\u00e9\u00adchec de la gr\u00e8ve d\u2019a\u00advril 1920&nbsp;: \u00ab&nbsp;apr\u00e8s que la tra\u00adhi\u00adson des lea\u00adders e\u00fbt ame\u00adn\u00e9 la d\u00e9faite de la&nbsp;gr\u00e8ve.&nbsp;\u00bb<\/li>\n<\/ul>\n<p>On peut tou\u00adjours dire que Gram\u00adsci ne pen\u00adsait pas ce qu\u2019il disait\u200a\u2014\u200avoir l\u2019ar\u00adticle cit\u00e9 par Masi\u00adni ou il d\u00e9fend les anar\u00adchistes contre Tas\u00adca&nbsp;; voir les concep\u00adtions \u00ab&nbsp;cultu\u00adrelles&nbsp;\u00bb et \u00ab&nbsp;basistes&nbsp;\u00bb de Gram\u00adsci. Il n\u2019en reste pas moins que Gram\u00adsci est un homme de Par\u00adti, pro\u00adfon\u00add\u00e9\u00adment bol\u00adche\u00advique et aristocratique.<\/p>\n<p>\tOn peut tou\u00adjours faire des \u00ab&nbsp;cou\u00adpures&nbsp;\u00bb dans l\u2019oeuvre, dans la vie de l\u2019homme\u200a\u2014\u200acela se fait beau\u00adcoup et devient m\u00eame une science uni\u00adver\u00adsi\u00adtaire. Il reste qu\u2019il est aus\u00adsi comique de par\u00adler d\u2019un Gram\u00adci liber\u00adtaire que de par\u00adler de \u00ab&nbsp;la p\u00e9riode anar\u00adchiste de L\u00e9nine&nbsp;\u00bb \u00e0 l\u2019\u00e9\u00adpoque de \u00ab&nbsp;Tout le pou\u00advoir aux soviets&nbsp;\u00bb.<\/p>\n<p>\tCela se nomme tout sim\u00adple\u00adment \u00ab&nbsp;stra\u00adt\u00e9\u00adgie poli\u00adtique intelligente&nbsp;\u00bb.<\/p>\n<p>\tL\u2019autre s\u00e9rie de textes qui portent sur la p\u00e9riode d\u2019a\u00adpr\u00e8s la Deuxi\u00e8me Guerre Mon\u00addiale, montre la per\u00adma\u00adnence, mal\u00adgr\u00e9 23 ann\u00e9es de fas\u00adcisme, de l\u2019i\u00add\u00e9e de \u00ab&nbsp;conseils de base&nbsp;\u00bb dans le mou\u00adve\u00adment ouvrier ita\u00adlien. Mieux vaut les lire que les r\u00e9sumer.<\/p>\n<p>Mar\u00adtin\n<\/p><\/div>\n","protected":false},"excerpt":{"rendered":"<p>[\/\u200b\u200bMouvement ouvriers de ges\u00adtion et d\u2019ac\u00adtion directe en Italie\/\u200b] Dans un court article \u00e9crit en 1946, Leo\u00adnet\u00adti (com\u00adpa\u00adgnon de Gram\u00adsci, diri\u00adgeant du P.C. ita\u00adlien, exclu en 1930, puis \u00ab&nbsp;r\u00e9in\u00adt\u00e9\u00adgr\u00e9 apr\u00e8s la guerre&nbsp;\u00bb) montre com\u00adment les vieilles \u00ab&nbsp;com\u00admis\u00adsions internes&nbsp;\u00bb, com\u00adpo\u00ads\u00e9es d\u2019ou\u00advriers syn\u00addi\u00adqu\u00e9s, d\u2019or\u00adganes de col\u00adla\u00adbo\u00adra\u00adtion de classe pen\u00addant la Pre\u00admi\u00e8re Guerre Mon\u00addiale (emp\u00ea\u00adcher les gr\u00e8ves et&nbsp;[\u2026]<\/p>\n","protected":false},"author":1,"featured_media":0,"comment_status":"closed","ping_status":"closed","sticky":false,"template":"","format":"standard","meta":{"wp_typography_post_enhancements_disabled":false,"footnotes":""},"categories":[36],"tags":[],"ppma_author":[540],"class_list":["post-250","post","type-post","status-publish","format-standard","hentry","category-la-lanterne-noire-n2-decembre-1974-janvier-1975"],"authors":[{"term_id":540,"user_id":1,"is_guest":0,"slug":"admin_3gikpwyf","display_name":"Vincent Dubuc","avatar_url":"https:\/\/secure.gravatar.com\/avatar\/d015720652c25fd2ced191ade86430094e1f288a17483713e3b34d26dea52507?s=96&d=mm&r=g","author_category":"","user_url":"https:\/\/la-presse-anarchiste.net","last_name":"Dubuc","first_name":"Vincent","job_title":"","description":""}],"_links":{"self":[{"href":"https:\/\/la-presse-anarchiste.net\/index.php\/wp-json\/wp\/v2\/posts\/250","targetHints":{"allow":["GET"]}}],"collection":[{"href":"https:\/\/la-presse-anarchiste.net\/index.php\/wp-json\/wp\/v2\/posts"}],"about":[{"href":"https:\/\/la-presse-anarchiste.net\/index.php\/wp-json\/wp\/v2\/types\/post"}],"author":[{"embeddable":true,"href":"https:\/\/la-presse-anarchiste.net\/index.php\/wp-json\/wp\/v2\/users\/1"}],"replies":[{"embeddable":true,"href":"https:\/\/la-presse-anarchiste.net\/index.php\/wp-json\/wp\/v2\/comments?post=250"}],"version-history":[{"count":0,"href":"https:\/\/la-presse-anarchiste.net\/index.php\/wp-json\/wp\/v2\/posts\/250\/revisions"}],"wp:attachment":[{"href":"https:\/\/la-presse-anarchiste.net\/index.php\/wp-json\/wp\/v2\/media?parent=250"}],"wp:term":[{"taxonomy":"category","embeddable":true,"href":"https:\/\/la-presse-anarchiste.net\/index.php\/wp-json\/wp\/v2\/categories?post=250"},{"taxonomy":"post_tag","embeddable":true,"href":"https:\/\/la-presse-anarchiste.net\/index.php\/wp-json\/wp\/v2\/tags?post=250"},{"taxonomy":"author","embeddable":true,"href":"https:\/\/la-presse-anarchiste.net\/index.php\/wp-json\/wp\/v2\/ppma_author?post=250"}],"curies":[{"name":"wp","href":"https:\/\/api.w.org\/{rel}","templated":true}]}}