{"id":2511,"date":"2010-07-12T13:48:26","date_gmt":"2010-07-12T13:48:26","guid":{"rendered":"https:\/\/la-presse-anarchiste.net\/index.php\/2010\/07\/12\/le-role-de-lindividu-dans-lanarchisme\/"},"modified":"2010-07-12T13:48:26","modified_gmt":"2010-07-12T13:48:26","slug":"le-role-de-lindividu-dans-lanarchisme","status":"publish","type":"post","link":"https:\/\/la-presse-anarchiste.net\/index.php\/2010\/07\/12\/le-role-de-lindividu-dans-lanarchisme\/","title":{"rendered":"Le r\u00f4le de l\u2019individu dans l\u2019anarchisme"},"content":{"rendered":"<div class=\"pdfprnt-buttons pdfprnt-buttons-post pdfprnt-top-right\"><a href=\"https:\/\/la-presse-anarchiste.net\/index.php\/wp-json\/wp\/v2\/posts\/2511?print=pdf\" class=\"pdfprnt-button pdfprnt-button-pdf\" target=\"_blank\"><img decoding=\"async\" src=\"https:\/\/la-presse-anarchiste.net\/wp-content\/plugins\/pdf-print\/images\/pdf.png\" alt=\"image_pdf\" title=\"Afficher le PDF\"><\/a><a href=\"https:\/\/la-presse-anarchiste.net\/index.php\/wp-json\/wp\/v2\/posts\/2511?print=print\" class=\"pdfprnt-button pdfprnt-button-print\" target=\"_blank\"><img decoding=\"async\" src=\"https:\/\/la-presse-anarchiste.net\/wp-content\/plugins\/pdf-print\/images\/print.png\" alt=\"image_print\" title=\"Contenu imprim\u00e9\"><\/a><\/div><p>\tPour gui\u00adder la foule vers notre id\u00e9al com\u00admun \u2015 l\u2019A\u00adnar\u00adchie\u200a\u2014\u200ail faut sus\u00adci\u00adter dans la soci\u00e9\u00adt\u00e9 actuelle des ini\u00adtia\u00adteurs de la soci\u00e9\u00adt\u00e9 future, autre\u00adment dit des hommes pou\u00advant consciem\u00adment pr\u00e9\u00adsen\u00adter a cette foule les v\u00e9ri\u00adt\u00e9s entre\u00advues, les lui expli\u00adquer, les lui faire com\u00adprendre, l\u2019en\u00adtra\u00ee\u00adner par leur propre exemple.&nbsp;<\/p>\n<p>\tMais avant d\u2019\u00eatre un \u00ab&nbsp;ini\u00adtia\u00adteur&nbsp;\u00bb, il faut \u00eatre un \u00ab&nbsp;ini\u00adti\u00e9&nbsp;\u00bb car com\u00adbien de cama\u00adrades, d\u00e9si\u00adrant en toute sin\u00adc\u00e9\u00adri\u00adt\u00e9 l\u2019af\u00adfran\u00adchis\u00adse\u00adment de l\u2019\u00eatre humain, la liber\u00adt\u00e9 totale de l\u2019in\u00addi\u00advi\u00addu, attendent eux-m\u00eames pour se lib\u00e9\u00adrer l\u2019im\u00adpul\u00adsion de quel\u00adqu\u2019un ou de quelque chose&nbsp;?&nbsp;<\/p>\n<p>\tIl faut avant de viser \u00e0 cette lib\u00e9\u00adra\u00adtion totale, \u00eatre s\u00fbr d\u2019\u00eatre soi-m\u00eame un lib\u00e9\u00adr\u00e9, \u00eatre conscient de sa valeur, de sa digni\u00adt\u00e9 d\u2019homme, agir selon l\u2019im\u00adpul\u00adsion de ses propres apti\u00adtudes, apprendre \u00e0 \u00e9va\u00adluer ses faci\u00adli\u00adt\u00e9e, car c\u2019est dans la vari\u00e9\u00adt\u00e9 des apti\u00adtudes, des ten\u00addances et des adap\u00adta\u00adtions, que les anar\u00adchistes pour\u00adront faci\u00adli\u00adter l\u2019a\u00adv\u00e8\u00adne\u00adment. d\u2019une nou\u00advelle soci\u00e9\u00adt\u00e9 toute d\u2019harmonie.&nbsp;<\/p>\n<p>\tPour cela, il est n\u00e9ces\u00adsaire de s\u2019im\u00adpr\u00e9\u00adgner, de se p\u00e9n\u00e9\u00adtrer de ces deux axiomes&nbsp;:<br>\n<br>Le pre\u00admier&nbsp;: <i>Connais-toi toi-m\u00eame<\/i>.<br>\n<br>Le second&nbsp;: Affran\u00adchis-toi toi-m\u00eame. <\/p>\n<p>\tC\u2019est donc, \u00e0 mon sens, dans les cer\u00adveaux qu\u2019il nous faut avant tout faire ce que l\u2019on nomme une R\u00e9vo\u00adlu\u00adtion, c\u2019est en nos habi\u00adtudes, en nos actes, qu\u2019il faut faire table rase des pr\u00e9\u00adju\u00adg\u00e9s s\u00e9culaires.&nbsp;<\/p>\n<p>\tIl faut que l\u2019in\u00addi\u00advi\u00addu se trans\u00adforme lui-m\u00eame dans ses concep\u00adtions, dans ses mani\u00e8res de&nbsp;faire.&nbsp;<\/p>\n<p>\tS\u2019il est exact que le milieu trans\u00adforme l\u2019in\u00addi\u00advi\u00addu, de son c\u00f4t\u00e9 l\u2019in\u00addi\u00advi\u00addu, \u00e0 coup s\u00fbr, trans\u00adforme le milieu, et il ne peut y avoir de trans\u00adfor\u00adma\u00adtion durable que celle qui op\u00e8re \u00e0 la fois sur l\u2019in\u00addi\u00advi\u00addu et sur le milieu.&nbsp;<\/p>\n<p>\tModi\u00adfions une fa\u00e7on de pen\u00adser aujourd\u2019\u00adhui, abat\u00adtons une erreur demain&nbsp;; entra\u00ee\u00adnons aujourd\u2019\u00adhui dans le sillage de notre fa\u00e7on de pen\u00adser et d\u2019a\u00adgir, un adepte, qui, \u00e0 son tour, pour\u00adra demain en entra\u00ee\u00adner un autre, et peu \u00e0 peu, il s\u2019\u00e9\u00adta\u00adbli\u00adra une fa\u00e7on d\u2019a\u00adgir plus conforme \u00e0 notre mani\u00e8re de&nbsp;voir.&nbsp;<\/p>\n<p>\tD\u00e9mon\u00adtrons aux anar\u00adchistes qui s\u2019i\u00adgnorent, que la vraie morale consiste \u00e0 agir d\u2019ac\u00adcord avec leur conscience, leurs concep\u00adtions intimes, et non plus en ob\u00e9is\u00adsant, par timi\u00addi\u00adt\u00e9, par peur, aux pres\u00adcrip\u00adtions d\u2019une morale cou\u00adrante arbi\u00adtrai\u00adre\u00adment \u00e9tablie.&nbsp;<\/p>\n<p>\tNous am\u00e8\u00adne\u00adrons ain\u00adsi, gra\u00adduel\u00adle\u00adment, les indi\u00advi\u00addus \u00e0 un degr\u00e9 d\u2019\u00e9\u00advo\u00adlu\u00adtion o\u00f9 tout leur \u00eatre \u00e9tant en d\u00e9sac\u00adcord com\u00adplet avec l\u2019ordre des choses exis\u00adtant, la rup\u00adture sera ren\u00addue in\u00e9vi\u00adtable, par l\u2019in\u00adfil\u00adtra\u00adtion lente peut-\u00eatre, mais conti\u00adnue, d\u2019une fa\u00e7on de pen\u00adser et d\u2019a\u00adgir nou\u00advelle, faci\u00adli\u00adtant ain\u00adsi le pas\u00adsage d\u2019hier \u00e0 demain, sans contrainte ni coercition.&nbsp;<\/p>\n<p>\tIl y a l\u00e0, cer\u00adtai\u00adne\u00adment, une grande besogne \u00e0 accom\u00adplir, un tra\u00advail de taupe, une pro\u00adpa\u00adgande de bouche \u00e0 oreille, d\u2019in\u00addi\u00advi\u00addu \u00e0 indi\u00advi\u00addu, plu\u00adt\u00f4t que d\u2019une mino\u00adri\u00adt\u00e9 \u00e0 une majorit\u00e9.&nbsp;<\/p>\n<p>\tM\u00eame dans nos milieux, \u00e0 com\u00adbien de pr\u00e9\u00adju\u00adg\u00e9s ne se laisse-t-on pas aller dans la vie cou\u00adrante, par consi\u00add\u00e9\u00adra\u00adtion pour l\u2019o\u00adpi\u00adnion publique, pr\u00e9\u00adju\u00adg\u00e9s dont il serait si facile, pour\u00adtant, de se d\u00e9bar\u00adras\u00adser et dont la chute aide\u00adrait \u00e0 se lib\u00e9\u00adrer de bien d\u2019autres id\u00e9es pr\u00e9con\u00e7ues&nbsp;?&nbsp;<\/p>\n<p>\tCom\u00adbien de cama\u00adrades anar\u00adchistes ayant une action per\u00adson\u00adnelle, lut\u00adtant depuis tou\u00adjours contre les pr\u00e9\u00adju\u00adg\u00e9s ances\u00adtraux, sont consi\u00add\u00e9\u00adr\u00e9s comme des non-r\u00e9vo\u00adlu\u00adtion\u00adnaires, et qui le sont pour\u00adtant, je dirai presque plus que les r\u00e9vo\u00adlu\u00adtion\u00adnaires qui s\u2019af\u00adfichent tels.&nbsp;<\/p>\n<p>\tCar ce n\u2019est que par la r\u00e9per\u00adcus\u00adsion d\u2019in\u00addi\u00advi\u00addu \u00e0 indi\u00advi\u00addu, de groupe \u00e0 groupe, de milieu \u00e0 milieu que se trans\u00adforment les impurs&nbsp;; c\u2019est parce qu\u2019il y a des com\u00adpa\u00adgnons qui agissent sans s\u2019oc\u00adcu\u00adper de ce que pense l\u2019o\u00adpi\u00adnion publique, ou m\u00eame les milieux anar\u00adchistes, que, peu \u00e0 peu, se trans\u00adforment les rela\u00adtions, entre les hommes, les fa\u00e7ons de voir et d\u2019agir.&nbsp;<\/p>\n<p>\tDe tout temps on a pr\u00ea\u00adch\u00e9 avec tant d\u2019in\u00adsis\u00adtance \u00e0 l\u2019in\u00addi\u00advi\u00addu la dis\u00adci\u00adpline, l\u2019ab\u00adn\u00e9\u00adga\u00adtion, l\u2019ef\u00adfa\u00adce\u00adment de sa per\u00adson\u00adna\u00adli\u00adt\u00e9, l\u2019a\u00adbais\u00adse\u00adment de sa volon\u00adt\u00e9 devant les fan\u00adt\u00f4mes qui se nomment \u00c9tat, Patrie, Reli\u00adgion, Famille, Soci\u00e9\u00adt\u00e9, qu\u2019il est temps qu\u2019il sache qu\u2019il n\u2019y a rien \u00e0 attendre de qui que ce soit, que tout doit venir de lui, et que la trans\u00adfor\u00adma\u00adtion qu\u2019il sou\u00adhaite d\u2019ac\u00adcom\u00adplir dans le milieu o\u00f9 il vit doit au pr\u00e9a\u00adlable \u00eatre accom\u00adplie en&nbsp;lui.&nbsp;<\/p>\n<p>\tIl faut trans\u00adfor\u00admer notre men\u00adta\u00adli\u00adt\u00e9, nos pen\u00ads\u00e9es, nos fa\u00e7ons d\u2019a\u00adgir, et, avec des fa\u00e7ons nou\u00advelles, envi\u00adsa\u00adger les rap\u00adports indi\u00advi\u00adduels \u2015 ne pas gar\u00adder une fa\u00e7on de pro\u00adc\u00e9\u00adder d\u00e9cou\u00adlant de nos pr\u00e9\u00adju\u00adg\u00e9s ant\u00e9\u00adrieurs, de notre \u00e9du\u00adca\u00adtion faus\u00ads\u00e9e et servile.&nbsp;<\/p>\n<p>\tDon\u00adner \u00e0 l\u2019in\u00addi\u00advi\u00addu pleine conscience de sa digni\u00adt\u00e9, de sa force, de sa vraie valeur, redres\u00adser les carac\u00adt\u00e8res, n\u2019est-ce pas la besogne qui doit acc\u00e9\u00adl\u00e9\u00adrer l\u2019a\u00adv\u00e8\u00adne\u00adment de l\u2019\u00e8re nou\u00advelle, la rendre durable&nbsp;? Voi\u00adl\u00e0 \u00e0 mon sens ce que doit \u00eatre la concep\u00adtion indi\u00advi\u00adduelle de l\u2019a\u00adnar\u00adchisme qui pr\u00e9\u00adpa\u00adre\u00adra le ter\u00adrain \u00e0 la soci\u00e9\u00adt\u00e9 future, h\u00e2tant la ruine et la d\u00e9com\u00adpo\u00adsi\u00adtion de la soci\u00e9\u00adt\u00e9 actuelle.<\/p>\n<p>\tAlber<\/p>\n","protected":false},"excerpt":{"rendered":"<p>Pour gui\u00adder la foule vers notre id\u00e9al com\u00admun \u2015 l\u2019A\u00adnar\u00adchie\u200a\u2014\u200ail faut sus\u00adci\u00adter dans la soci\u00e9\u00adt\u00e9 actuelle des ini\u00adtia\u00adteurs de la soci\u00e9\u00adt\u00e9 future, autre\u00adment dit des hommes pou\u00advant consciem\u00adment pr\u00e9\u00adsen\u00adter a cette foule les v\u00e9ri\u00adt\u00e9s entre\u00advues, les lui expli\u00adquer, les lui faire com\u00adprendre, l\u2019en\u00adtra\u00ee\u00adner par leur propre exemple.&nbsp; Mais avant d\u2019\u00eatre un \u00ab&nbsp;ini\u00adtia\u00adteur&nbsp;\u00bb, il faut&nbsp;\u00eatre&nbsp;[\u2026]<\/p>\n","protected":false},"author":1,"featured_media":0,"comment_status":"closed","ping_status":"closed","sticky":false,"template":"","format":"standard","meta":{"wp_typography_post_enhancements_disabled":false,"footnotes":""},"categories":[110],"tags":[],"ppma_author":[540],"class_list":["post-2511","post","type-post","status-publish","format-standard","hentry","category-lunique-n13-aout-sept-1946"],"authors":[{"term_id":540,"user_id":1,"is_guest":0,"slug":"admin_3gikpwyf","display_name":"Vincent Dubuc","avatar_url":"https:\/\/secure.gravatar.com\/avatar\/d015720652c25fd2ced191ade86430094e1f288a17483713e3b34d26dea52507?s=96&d=mm&r=g","author_category":"","user_url":"https:\/\/la-presse-anarchiste.net","last_name":"Dubuc","first_name":"Vincent","job_title":"","description":""}],"_links":{"self":[{"href":"https:\/\/la-presse-anarchiste.net\/index.php\/wp-json\/wp\/v2\/posts\/2511","targetHints":{"allow":["GET"]}}],"collection":[{"href":"https:\/\/la-presse-anarchiste.net\/index.php\/wp-json\/wp\/v2\/posts"}],"about":[{"href":"https:\/\/la-presse-anarchiste.net\/index.php\/wp-json\/wp\/v2\/types\/post"}],"author":[{"embeddable":true,"href":"https:\/\/la-presse-anarchiste.net\/index.php\/wp-json\/wp\/v2\/users\/1"}],"replies":[{"embeddable":true,"href":"https:\/\/la-presse-anarchiste.net\/index.php\/wp-json\/wp\/v2\/comments?post=2511"}],"version-history":[{"count":0,"href":"https:\/\/la-presse-anarchiste.net\/index.php\/wp-json\/wp\/v2\/posts\/2511\/revisions"}],"wp:attachment":[{"href":"https:\/\/la-presse-anarchiste.net\/index.php\/wp-json\/wp\/v2\/media?parent=2511"}],"wp:term":[{"taxonomy":"category","embeddable":true,"href":"https:\/\/la-presse-anarchiste.net\/index.php\/wp-json\/wp\/v2\/categories?post=2511"},{"taxonomy":"post_tag","embeddable":true,"href":"https:\/\/la-presse-anarchiste.net\/index.php\/wp-json\/wp\/v2\/tags?post=2511"},{"taxonomy":"author","embeddable":true,"href":"https:\/\/la-presse-anarchiste.net\/index.php\/wp-json\/wp\/v2\/ppma_author?post=2511"}],"curies":[{"name":"wp","href":"https:\/\/api.w.org\/{rel}","templated":true}]}}