{"id":2512,"date":"2010-07-12T13:59:26","date_gmt":"2010-07-12T13:59:26","guid":{"rendered":"https:\/\/la-presse-anarchiste.net\/index.php\/2010\/07\/12\/reflexions-sur-larticle-revons-lanarchie\/"},"modified":"2010-07-12T13:59:26","modified_gmt":"2010-07-12T13:59:26","slug":"reflexions-sur-larticle-revons-lanarchie","status":"publish","type":"post","link":"https:\/\/la-presse-anarchiste.net\/index.php\/2010\/07\/12\/reflexions-sur-larticle-revons-lanarchie\/","title":{"rendered":"R\u00e9flexions sur l\u2019article \u00ab&nbsp;r\u00eavons l\u2019anarchie&nbsp;\u00bb"},"content":{"rendered":"<div class=\"pdfprnt-buttons pdfprnt-buttons-post pdfprnt-top-right\"><a href=\"https:\/\/la-presse-anarchiste.net\/index.php\/wp-json\/wp\/v2\/posts\/2512?print=pdf\" class=\"pdfprnt-button pdfprnt-button-pdf\" target=\"_blank\"><img decoding=\"async\" src=\"https:\/\/la-presse-anarchiste.net\/wp-content\/plugins\/pdf-print\/images\/pdf.png\" alt=\"image_pdf\" title=\"Afficher le PDF\"><\/a><a href=\"https:\/\/la-presse-anarchiste.net\/index.php\/wp-json\/wp\/v2\/posts\/2512?print=print\" class=\"pdfprnt-button pdfprnt-button-print\" target=\"_blank\"><img decoding=\"async\" src=\"https:\/\/la-presse-anarchiste.net\/wp-content\/plugins\/pdf-print\/images\/print.png\" alt=\"image_print\" title=\"Contenu imprim\u00e9\"><\/a><\/div><p class=\"post_excerpt\">[[Sur l\u2019ar\u00adticle publi\u00e9 <a href=\"2674\">dans le num\u00e9\u00adro pr\u00e9\u00adc\u00e9\u00addent<\/a> de <i>L\u2019U\u00adnique<\/i>]]<\/p>\n<p><!--more--><br>\n\tLa liber\u00adt\u00e9 indi\u00advi\u00adduelle ne peut se conce\u00advoir que l\u00e0 o\u00f9 il y a, non seule\u00adment \u00e9ga\u00adli\u00adt\u00e9 de force et de moyens de cha\u00adcun vis-\u00e0-vis d\u2019au\u00adtrui mais encore vis-\u00e0-vis des Pou\u00advoirs Organis\u00e9s.&nbsp;<\/p>\n<p>\tCe ne sont pas, \u00e0 mon sens, le rai\u00adson\u00adne\u00adment ou le sen\u00adti\u00adment qui d\u00e9cident, mais la contrainte qui menace. Or, cette menace. seuls les Pou\u00advoirs Orga\u00adni\u00ads\u00e9s peuvent l\u2019exer\u00adcer sans crainte et sans remords.&nbsp;<\/p>\n<p>\tCom\u00adment se sous\u00adtraire \u00e0 l\u00e0 menace des Pou\u00advoirs Organis\u00e9s&nbsp;?&nbsp;<\/p>\n<p>\tOn peut ima\u00adgi\u00adner deux r\u00e9ponses.&nbsp;<\/p>\n<p>\tUne soci\u00e9\u00adt\u00e9 o\u00f9 tous seraient \u00e9ga\u00adle\u00adment arm\u00e9s ou une soci\u00e9\u00adt\u00e9 o\u00f9 tous seraient \u00e9ga\u00adle\u00adment d\u00e9sarm\u00e9s.&nbsp;<\/p>\n<p>\t\u00ab&nbsp;Tous d\u00e9sar\u00adm\u00e9s&nbsp;\u00bb\u200a\u2014\u200ac\u2019est l\u2019i\u00add\u00e9al\u200a\u2014\u200aimpos\u00adsible \u00e0 r\u00e9a\u00adli\u00adser, car les armes existent et nul n\u2019emp\u00eachera aux m\u00e9chants et aux coquins de s\u2019en servir.&nbsp;<\/p>\n<p>\t\u00ab&nbsp;Tous arm\u00e9s&nbsp;\u00bb \u2015 cela para\u00eet au pre\u00admier abord d\u2019une incon\u00adce\u00advable bar\u00adba\u00adrie. Cela m\u2019ap\u00adpa\u00adra\u00eet pour\u00adtant comme la seule forme future d\u2019une soci\u00e9\u00adt\u00e9 durable et&nbsp;juste.&nbsp;<\/p>\n<p>\tJe pr\u00e9\u00adsente comme don\u00adn\u00e9e que la liber\u00adt\u00e9 indi\u00advi\u00adduelle ne peut \u00eatre que la liber\u00adt\u00e9 et la pos\u00adsi\u00adbi\u00adli\u00adt\u00e9 d\u2019\u00eatre arm\u00e9 \u00e0 \u00e9ga\u00adli\u00adt\u00e9 non seule\u00adment de qui\u00adconque, mais encore des Pou\u00advoirs Organis\u00e9s.&nbsp;<\/p>\n<p>\tCom\u00adment cela pour\u00adrait-il se r\u00e9a\u00adli\u00adser&nbsp;? Je l\u2019ignore.&nbsp;<\/p>\n<p>\tJe sais bien que mon rai\u00adson\u00adne\u00adment va faire crier \u00e0 la cruau\u00adt\u00e9 tous les lec\u00adteurs plus ou moins sen\u00adsibles de \u00ab&nbsp;L\u2019Unique&nbsp;\u00bb.&nbsp;<\/p>\n<p>\tJe sou\u00adtiens, moi, que ce sera le der\u00adnier prin\u00adcipe des soci\u00e9\u00adt\u00e9s humaines, comme c\u2019en a \u00e9t\u00e9 le premier.&nbsp;<\/p>\n<p>\tIma\u00adgi\u00adnez ce que pou\u00advait \u00eatre la Jus\u00adtice, (avec un grand J) dans les temps pas\u00ads\u00e9s, sous le r\u00e9gime de la fl\u00e8che empoi\u00adson\u00adn\u00e9e, plus loin encore&nbsp;: \u00e0 l\u2019\u00e8re de la mas\u00adsue&nbsp;? Peut-on se repr\u00e9\u00adsen\u00adter quelle pou\u00advait \u00eatre la menace, la contrainte, que fai\u00adsaient peser sur les hommes les Pou\u00advoirs Orga\u00adni\u00ads\u00e9s de ces \u00e9poques, de ces pays-l\u00e0&nbsp;?&nbsp;<\/p>\n<p>\tPour\u00adtant l\u2019homme a sur\u00adv\u00e9\u00adcu. Il vit encore.&nbsp;<\/p>\n<p>\tQuelle expli\u00adca\u00adtion peut-on don\u00adner des sala\u00adma\u00adlecs des sau\u00advages, si com\u00adpli\u00adqu\u00e9s et qui paraissent si ridicules&nbsp;?<\/p>\n<p>\t\u00c0 mon sens, ces sala\u00adma\u00adlecs sont la d\u00e9mons\u00adtra\u00adtion le plus \u00e9vi\u00addente, la plus expli\u00adcite des bonnes inten\u00adtions qu\u2019on \u00e9prouve \u00e0 l\u2019\u00e9\u00adgard du sem\u00adblable qu\u2019on ren\u00adcontre sur son che\u00admin, de la non-inten\u00adtion qu\u2019on nour\u00adrit de lui faire aucun mal et de l\u2019en convaincre \u2015 arm\u00e9 lui-m\u00eame, il peut frap\u00adper, tuer, s\u2019il \u00e9prouve la moindre crainte.<\/p>\n<p>\tIl est pos\u00adsible que la connais\u00adsance de l\u2019u\u00adti\u00adli\u00adt\u00e9 des sala\u00adma\u00adlecs se soit pen\u00addue, de sorte que ceux qui les uti\u00adlisent ne le fassent plus que par tradition.&nbsp;<\/p>\n<p>\tJe pr\u00e9\u00adtends que dans une soci\u00e9\u00adt\u00e9 o\u00f9 tous pos\u00ads\u00e9\u00adde\u00adraient les <i>m\u00eames moyens<\/i> de menace, de contrainte les uns \u00e0 l\u2019\u00e9\u00adgard des autres, cette pos\u00adses\u00adsion don\u00adne\u00adrait des indi\u00advi\u00addus de tact et de pr\u00e9\u00adve\u00adnances les uns \u00e0 l\u2019\u00e9\u00adgard des autres. Et que l\u2019exis\u00adtence des Pou\u00advoirs Orga\u00adni\u00ads\u00e9s serait impossible.<\/p>\n<p>\tJe vou\u00addrais bien lire une \u00e9tude s\u00e9rieuse, pous\u00ads\u00e9e, docu\u00admen\u00adt\u00e9e sur la sus\u00adcep\u00adti\u00adbi\u00adli\u00adt\u00e9 et le tact des habi\u00adtants des contr\u00e9es o\u00f9 le port d\u2019arme n\u2019est pas pro\u00adhi\u00adb\u00e9, o\u00f9 il est pra\u00adti\u00adqu\u00e9 par chacun.<\/p>\n<p>\tF. Jouhet<\/p>\n","protected":false},"excerpt":{"rendered":"<p>[[Sur l\u2019ar\u00adticle publi\u00e9 dans le num\u00e9\u00adro pr\u00e9\u00adc\u00e9\u00addent de L\u2019U\u00adnique]]<\/p>\n","protected":false},"author":1,"featured_media":0,"comment_status":"closed","ping_status":"closed","sticky":false,"template":"","format":"standard","meta":{"wp_typography_post_enhancements_disabled":false,"footnotes":""},"categories":[110],"tags":[],"ppma_author":[540],"class_list":["post-2512","post","type-post","status-publish","format-standard","hentry","category-lunique-n13-aout-sept-1946"],"authors":[{"term_id":540,"user_id":1,"is_guest":0,"slug":"admin_3gikpwyf","display_name":"Vincent Dubuc","avatar_url":"https:\/\/secure.gravatar.com\/avatar\/d015720652c25fd2ced191ade86430094e1f288a17483713e3b34d26dea52507?s=96&d=mm&r=g","author_category":"","user_url":"https:\/\/la-presse-anarchiste.net","last_name":"Dubuc","first_name":"Vincent","job_title":"","description":""}],"_links":{"self":[{"href":"https:\/\/la-presse-anarchiste.net\/index.php\/wp-json\/wp\/v2\/posts\/2512","targetHints":{"allow":["GET"]}}],"collection":[{"href":"https:\/\/la-presse-anarchiste.net\/index.php\/wp-json\/wp\/v2\/posts"}],"about":[{"href":"https:\/\/la-presse-anarchiste.net\/index.php\/wp-json\/wp\/v2\/types\/post"}],"author":[{"embeddable":true,"href":"https:\/\/la-presse-anarchiste.net\/index.php\/wp-json\/wp\/v2\/users\/1"}],"replies":[{"embeddable":true,"href":"https:\/\/la-presse-anarchiste.net\/index.php\/wp-json\/wp\/v2\/comments?post=2512"}],"version-history":[{"count":0,"href":"https:\/\/la-presse-anarchiste.net\/index.php\/wp-json\/wp\/v2\/posts\/2512\/revisions"}],"wp:attachment":[{"href":"https:\/\/la-presse-anarchiste.net\/index.php\/wp-json\/wp\/v2\/media?parent=2512"}],"wp:term":[{"taxonomy":"category","embeddable":true,"href":"https:\/\/la-presse-anarchiste.net\/index.php\/wp-json\/wp\/v2\/categories?post=2512"},{"taxonomy":"post_tag","embeddable":true,"href":"https:\/\/la-presse-anarchiste.net\/index.php\/wp-json\/wp\/v2\/tags?post=2512"},{"taxonomy":"author","embeddable":true,"href":"https:\/\/la-presse-anarchiste.net\/index.php\/wp-json\/wp\/v2\/ppma_author?post=2512"}],"curies":[{"name":"wp","href":"https:\/\/api.w.org\/{rel}","templated":true}]}}