{"id":2557,"date":"2010-07-17T12:36:56","date_gmt":"2010-07-17T12:36:56","guid":{"rendered":"https:\/\/la-presse-anarchiste.net\/index.php\/2010\/07\/17\/dun-certain-individualisme\/"},"modified":"2010-07-17T12:36:56","modified_gmt":"2010-07-17T12:36:56","slug":"dun-certain-individualisme","status":"publish","type":"post","link":"https:\/\/la-presse-anarchiste.net\/index.php\/2010\/07\/17\/dun-certain-individualisme\/","title":{"rendered":"D\u2019un certain individualisme"},"content":{"rendered":"<div class=\"pdfprnt-buttons pdfprnt-buttons-post pdfprnt-top-right\"><a href=\"https:\/\/la-presse-anarchiste.net\/index.php\/wp-json\/wp\/v2\/posts\/2557?print=pdf\" class=\"pdfprnt-button pdfprnt-button-pdf\" target=\"_blank\"><img decoding=\"async\" src=\"https:\/\/la-presse-anarchiste.net\/wp-content\/plugins\/pdf-print\/images\/pdf.png\" alt=\"image_pdf\" title=\"Afficher le PDF\"><\/a><a href=\"https:\/\/la-presse-anarchiste.net\/index.php\/wp-json\/wp\/v2\/posts\/2557?print=print\" class=\"pdfprnt-button pdfprnt-button-print\" target=\"_blank\"><img decoding=\"async\" src=\"https:\/\/la-presse-anarchiste.net\/wp-content\/plugins\/pdf-print\/images\/print.png\" alt=\"image_print\" title=\"Contenu imprim\u00e9\"><\/a><\/div><p>\t<i>Il Popo\u00adlo d\u2019I\u00adta\u00adlia<\/i> publiait r\u00e9cem\u00adment le texte d\u2019un t\u00e9l\u00e9\u00adgramme dat\u00e9 de Catane (Sicile) adres\u00ads\u00e9 par le Com\u00adman\u00addeur Mas\u00adsi\u00admo Roc\u00adca au Pr\u00e9\u00adsident du Conseil, l\u2019ho\u00adno\u00adrable Mus\u00adso\u00adli\u00adni, t\u00e9l\u00e9\u00adgramme dont voi\u00adci la teneur&nbsp;: \u00ab&nbsp;R\u00e9su\u00adm\u00e9 des obser\u00adva\u00adtions sur le front lavique&nbsp;: Sur la route pro\u00advin\u00adciale l\u2019a\u00advance de la lave est presque nulle.&nbsp;\u00bb Si ce t\u00e9l\u00e9\u00adgramme ne pr\u00e9\u00adsente d\u2019ex\u00adtra\u00ador\u00addi\u00adnaire \u00e0 la lec\u00adture que sa gran\u00addi\u00adlo\u00adquence, son signa\u00adtaire n\u2019est pas un incon\u00adnu pour nous&nbsp;: il n\u2019est autre que notre ancien ami indi\u00advi\u00addua\u00adliste Libe\u00adro Tan\u00adcre\u00addi, un \u00e9cri\u00advain dou\u00e9 d\u2019une intel\u00adli\u00adgence remar\u00adquable, dont nous avons tra\u00adduit des \u00e9tudes tr\u00e8s int\u00e9\u00adres\u00adsantes sur l\u2019\u00e9\u00adco\u00adno\u00admie poli\u00adtique, qu\u2019on n\u2019a\u00advait pas cou\u00adtume de ren\u00adcon\u00adtrer dans nos publications.<\/p>\n<p>\tLibe\u00adro Tan\u00adcre\u00addi rom\u00adpit avec la plu\u00adpart de ses amis intel\u00adlec\u00adtuels quand la guerre de 1914\u200a\u2013\u200a1918 \u00e9cla\u00adta. Il se mon\u00adtra par\u00adti\u00adsan achar\u00adn\u00e9 de l\u2019in\u00adter\u00adven\u00adtion ita\u00adlienne aux c\u00f4t\u00e9s des alli\u00e9s. Il ridi\u00adcu\u00adli\u00adsa la m\u00e9ta\u00adphy\u00adsique, les vieilles barbes de l\u2019a\u00adnar\u00adchisme. Et sa pol\u00e9\u00admique \u00e9tait cin\u00adglante. D\u2019ailleurs il s\u2019engagea.<\/p>\n<p>\tSon retour\u00adne\u00adment de veste lui a valu le titre de Com\u00adman\u00addeur de Sa Majes\u00adt\u00e9 Emma\u00adnuel III et un poste o\u00f9 il est gar\u00add\u00e9, sur\u00adveill\u00e9 et res\u00adpec\u00adt\u00e9 par les poli\u00adciers. Il a par\u00adcou\u00adru du che\u00admin, comme on&nbsp;voit.<\/p>\n<p>\tLes com\u00adpa\u00adgnons ita\u00adliens n\u2019ont plus rien \u00e0 nous envier, \u00e0 nous autres. Un Libe\u00adro Tan\u00adcre\u00addi enli\u00ads\u00e9 dans le mus\u00adso\u00adli\u00adnisme com\u00adpense un Le R\u00e9tif enva\u00ads\u00e9 jus\u00adqu\u2019au cou dans le sovi\u00e9tisme.<\/p>\n<p>Can\u00addide<\/p>\n<p>\tLe Com\u00adman\u00addeur Mas\u00adsi\u00admo Roc\u00adca \u00e9tait membre de la direc\u00adtion du Par\u00adti, chef du groupe des com\u00adp\u00e9\u00adtences, membre du grand Conseil fas\u00adciste. C\u2019est en ces qua\u00adli\u00adt\u00e9s qu\u2019aux c\u00f4t\u00e9s du ministre Caraz\u00adza, du Pr\u00e9\u00adfet de Catane, de d\u00e9pu\u00adt\u00e9s sici\u00adliens et d\u2019of\u00adfi\u00adciers sup\u00e9\u00adrieurs il re\u00e7ut lors de sa visite aux r\u00e9gions d\u00e9vas\u00adt\u00e9es par l\u2019\u00e9\u00adrup\u00adtion de l\u2019Et\u00adna \u00ab&nbsp;le Lion d\u2019I\u00adta\u00adlie&nbsp;\u00bb. Des nou\u00advelles ult\u00e9\u00adrieures nous font savoir que Roc\u00adca vient d\u2019\u00eatre expul\u00ads\u00e9 du par\u00adti par la junte ex\u00e9\u00adcu\u00adtive fas\u00adciste sous mobile d\u2019in\u00addis\u00adci\u00adpline grave et d\u2019in\u00addi\u00adgni\u00adt\u00e9 poli\u00adtique. Il ne faut voir l\u00e0 qu\u2019un \u00e9pi\u00adsode de la lutte entre \u00ab&nbsp;fas\u00adcistes&nbsp;\u00bb et \u00ab&nbsp;mussolinistes&nbsp;\u00bb.<\/p>\n<p>C.<\/p>\n","protected":false},"excerpt":{"rendered":"<p>Il Popo\u00adlo d\u2019I\u00adta\u00adlia publiait r\u00e9cem\u00adment le texte d\u2019un t\u00e9l\u00e9\u00adgramme dat\u00e9 de Catane (Sicile) adres\u00ads\u00e9 par le Com\u00adman\u00addeur Mas\u00adsi\u00admo Roc\u00adca au Pr\u00e9\u00adsident du Conseil, l\u2019ho\u00adno\u00adrable Mus\u00adso\u00adli\u00adni, t\u00e9l\u00e9\u00adgramme dont voi\u00adci la teneur&nbsp;: \u00ab&nbsp;R\u00e9su\u00adm\u00e9 des obser\u00adva\u00adtions sur le front lavique&nbsp;: Sur la route pro\u00advin\u00adciale l\u2019a\u00advance de la lave est presque nulle.&nbsp;\u00bb Si ce t\u00e9l\u00e9\u00adgramme ne pr\u00e9\u00adsente d\u2019ex\u00adtra\u00ador\u00addi\u00adnaire&nbsp;\u00e0&nbsp;[\u2026]<\/p>\n","protected":false},"author":1,"featured_media":0,"comment_status":"closed","ping_status":"closed","sticky":false,"template":"","format":"standard","meta":{"wp_typography_post_enhancements_disabled":false,"footnotes":""},"categories":[308],"tags":[],"ppma_author":[540],"class_list":["post-2557","post","type-post","status-publish","format-standard","hentry","category-len-dehors-na19-20-fin-septembre-1923"],"authors":[{"term_id":540,"user_id":1,"is_guest":0,"slug":"admin_3gikpwyf","display_name":"Vincent Dubuc","avatar_url":"https:\/\/secure.gravatar.com\/avatar\/d015720652c25fd2ced191ade86430094e1f288a17483713e3b34d26dea52507?s=96&d=mm&r=g","author_category":"","user_url":"https:\/\/la-presse-anarchiste.net","last_name":"Dubuc","first_name":"Vincent","job_title":"","description":""}],"_links":{"self":[{"href":"https:\/\/la-presse-anarchiste.net\/index.php\/wp-json\/wp\/v2\/posts\/2557","targetHints":{"allow":["GET"]}}],"collection":[{"href":"https:\/\/la-presse-anarchiste.net\/index.php\/wp-json\/wp\/v2\/posts"}],"about":[{"href":"https:\/\/la-presse-anarchiste.net\/index.php\/wp-json\/wp\/v2\/types\/post"}],"author":[{"embeddable":true,"href":"https:\/\/la-presse-anarchiste.net\/index.php\/wp-json\/wp\/v2\/users\/1"}],"replies":[{"embeddable":true,"href":"https:\/\/la-presse-anarchiste.net\/index.php\/wp-json\/wp\/v2\/comments?post=2557"}],"version-history":[{"count":0,"href":"https:\/\/la-presse-anarchiste.net\/index.php\/wp-json\/wp\/v2\/posts\/2557\/revisions"}],"wp:attachment":[{"href":"https:\/\/la-presse-anarchiste.net\/index.php\/wp-json\/wp\/v2\/media?parent=2557"}],"wp:term":[{"taxonomy":"category","embeddable":true,"href":"https:\/\/la-presse-anarchiste.net\/index.php\/wp-json\/wp\/v2\/categories?post=2557"},{"taxonomy":"post_tag","embeddable":true,"href":"https:\/\/la-presse-anarchiste.net\/index.php\/wp-json\/wp\/v2\/tags?post=2557"},{"taxonomy":"author","embeddable":true,"href":"https:\/\/la-presse-anarchiste.net\/index.php\/wp-json\/wp\/v2\/ppma_author?post=2557"}],"curies":[{"name":"wp","href":"https:\/\/api.w.org\/{rel}","templated":true}]}}