{"id":257,"date":"2007-03-23T22:22:38","date_gmt":"2007-03-23T22:22:38","guid":{"rendered":"https:\/\/la-presse-anarchiste.net\/index.php\/2007\/03\/23\/sur-le-texte-nos-points-communs\/"},"modified":"2007-03-23T22:22:38","modified_gmt":"2007-03-23T22:22:38","slug":"sur-le-texte-nos-points-communs","status":"publish","type":"post","link":"https:\/\/la-presse-anarchiste.net\/index.php\/2007\/03\/23\/sur-le-texte-nos-points-communs\/","title":{"rendered":"Sur le texte \u00ab&nbsp;nos points communs&nbsp;\u00bb"},"content":{"rendered":"<div class=\"pdfprnt-buttons pdfprnt-buttons-post pdfprnt-top-right\"><a href=\"https:\/\/la-presse-anarchiste.net\/index.php\/wp-json\/wp\/v2\/posts\/257?print=pdf\" class=\"pdfprnt-button pdfprnt-button-pdf\" target=\"_blank\"><img decoding=\"async\" src=\"https:\/\/la-presse-anarchiste.net\/wp-content\/plugins\/pdf-print\/images\/pdf.png\" alt=\"image_pdf\" title=\"Afficher le PDF\"><\/a><a href=\"https:\/\/la-presse-anarchiste.net\/index.php\/wp-json\/wp\/v2\/posts\/257?print=print\" class=\"pdfprnt-button pdfprnt-button-print\" target=\"_blank\"><img decoding=\"async\" src=\"https:\/\/la-presse-anarchiste.net\/wp-content\/plugins\/pdf-print\/images\/print.png\" alt=\"image_print\" title=\"Contenu imprim\u00e9\"><\/a><\/div><div align=\"justify\">\n\t\u00c0 la fois tr\u00e8s bon et tr\u00e8s mau\u00advais. Tr\u00e8s bon&nbsp;: il y a tout, ou presque, sans trop d\u2019am\u00adbi\u00adgu\u00ef\u00adt\u00e9 (le moins pos\u00adsible en tout cas) et en deux pages\u200a\u2014\u200ail faut le faire. Seule\u00adment, jus\u00adte\u00adment, mau\u00advais&nbsp;: un type qui n\u2019a pas d\u00e9j\u00e0 pen\u00ads\u00e9 \u00e0 tout \u00e7a va avoir l\u2019im\u00adpres\u00adsion d\u2019une indi\u00adges\u00adtion en le lisant&nbsp;! Il aurait peut-\u00eatre mieux valu consa\u00adcrer deux pages de plus \u00e0 ce texte (c\u2019est le pre\u00admier, il ouvre l\u2019ac\u00adtion de la&nbsp;revue).\n<p>Trois autres cri\u00adtiques mineures&nbsp;: la pro\u00adbl\u00e9\u00adma\u00adtique de \u00ab&nbsp;la poule et de l\u2019\u0153uf&nbsp;\u00bb. Quand on fait des com\u00adpa\u00adrai\u00adsons, cama\u00adrades, c\u2019est pour faci\u00adli\u00adter la t\u00e2che du lec\u00adteur&nbsp;: \u00e0 qui faci\u00adli\u00adtez-vous la t\u00e2che ici, par une allu\u00adsion \u00e0 une image de la dia\u00adlec\u00adtique antique&nbsp;? Mais, direz-vous, il fal\u00adlait conden\u00adser&nbsp;? Alors il vaut mieux sup\u00adpri\u00admer la phrase.<\/p>\n<p>\t\u00ab&nbsp;La radi\u00adca\u00adli\u00adt\u00e9 \u00e9li\u00adtiste revers de la m\u00e9daille du fron\u00adtisme r\u00e9vo\u00adlu\u00adtion\u00adnaire.&nbsp;\u00bb Y a pas \u00e0 dire, c\u2019est vrai, et c\u2019est dit en dix mots (en comp\u00adtant les articles). Seule\u00adment, l\u00e0 encore, ce genre de chose, bien que com\u00adpr\u00e9\u00adhen\u00adsible, para\u00adsite la lecture.<\/p>\n<p>\tEnfin, l\u2019u\u00adti\u00adli\u00adsa\u00adtion de [*\u00ab&nbsp;pro\u00adl\u00e9\u00adta\u00adriat&nbsp;\u00bbe(= ouvrier*], = pure\u00adment et sim\u00adple\u00adment ouvrier, au lieu de&nbsp;: classe, au sens tr\u00e8s vague que \u00e7\u00e0 avait au XIX<sup>e<\/sup>, cen\u00adtr\u00e9e sur une classe, au sens plus pr\u00e9\u00adcis, d\u2019ou\u00advriers. C\u2019est la seule fa\u00e7on, je crois, de com\u00adprendre ce pauvre vieux Karl Marx, sans le mettre en contra\u00addic\u00adtion avec lui-m\u00eame toutes les dix lignes. Une classe n\u2019est pas un \u00c9tat avec une fron\u00adti\u00e8re, mais une constel\u00adla\u00adtion avec un ou des noyaux tr\u00e8s grou\u00adp\u00e9s, qui pr\u00e9\u00addo\u00adminent \u00e0 un moment don\u00adn\u00e9. Je m\u2019a\u00adper\u00ad\u00e7ois que je ne suis pas non plus tr\u00e8s clair. [*C\u2019est pas&nbsp;grave).*]<\/p>\n<p>\tQuoi qu\u2019il en soit, ce pre\u00admier texte m\u2019a beau\u00adcoup&nbsp;plu.<\/p>\n<p>J. P.,&nbsp;Lyon&nbsp;<\/p><\/div>\n","protected":false},"excerpt":{"rendered":"<p>\u00c0 la fois tr\u00e8s bon et tr\u00e8s mau\u00advais. Tr\u00e8s bon&nbsp;: il y a tout, ou presque, sans trop d\u2019am\u00adbi\u00adgu\u00ef\u00adt\u00e9 (le moins pos\u00adsible en tout cas) et en deux pages\u200a\u2014\u200ail faut le faire. Seule\u00adment, jus\u00adte\u00adment, mau\u00advais&nbsp;: un type qui n\u2019a pas d\u00e9j\u00e0 pen\u00ads\u00e9 \u00e0 tout \u00e7a va avoir l\u2019im\u00adpres\u00adsion d\u2019une indi\u00adges\u00adtion en le lisant&nbsp;! Il aurait&nbsp;[\u2026]<\/p>\n","protected":false},"author":1,"featured_media":0,"comment_status":"closed","ping_status":"closed","sticky":false,"template":"","format":"standard","meta":{"wp_typography_post_enhancements_disabled":false,"footnotes":""},"categories":[36],"tags":[],"ppma_author":[540],"class_list":["post-257","post","type-post","status-publish","format-standard","hentry","category-la-lanterne-noire-n2-decembre-1974-janvier-1975"],"authors":[{"term_id":540,"user_id":1,"is_guest":0,"slug":"admin_3gikpwyf","display_name":"Vincent Dubuc","avatar_url":"https:\/\/secure.gravatar.com\/avatar\/d015720652c25fd2ced191ade86430094e1f288a17483713e3b34d26dea52507?s=96&d=mm&r=g","author_category":"","user_url":"https:\/\/la-presse-anarchiste.net","last_name":"Dubuc","first_name":"Vincent","job_title":"","description":""}],"_links":{"self":[{"href":"https:\/\/la-presse-anarchiste.net\/index.php\/wp-json\/wp\/v2\/posts\/257","targetHints":{"allow":["GET"]}}],"collection":[{"href":"https:\/\/la-presse-anarchiste.net\/index.php\/wp-json\/wp\/v2\/posts"}],"about":[{"href":"https:\/\/la-presse-anarchiste.net\/index.php\/wp-json\/wp\/v2\/types\/post"}],"author":[{"embeddable":true,"href":"https:\/\/la-presse-anarchiste.net\/index.php\/wp-json\/wp\/v2\/users\/1"}],"replies":[{"embeddable":true,"href":"https:\/\/la-presse-anarchiste.net\/index.php\/wp-json\/wp\/v2\/comments?post=257"}],"version-history":[{"count":0,"href":"https:\/\/la-presse-anarchiste.net\/index.php\/wp-json\/wp\/v2\/posts\/257\/revisions"}],"wp:attachment":[{"href":"https:\/\/la-presse-anarchiste.net\/index.php\/wp-json\/wp\/v2\/media?parent=257"}],"wp:term":[{"taxonomy":"category","embeddable":true,"href":"https:\/\/la-presse-anarchiste.net\/index.php\/wp-json\/wp\/v2\/categories?post=257"},{"taxonomy":"post_tag","embeddable":true,"href":"https:\/\/la-presse-anarchiste.net\/index.php\/wp-json\/wp\/v2\/tags?post=257"},{"taxonomy":"author","embeddable":true,"href":"https:\/\/la-presse-anarchiste.net\/index.php\/wp-json\/wp\/v2\/ppma_author?post=257"}],"curies":[{"name":"wp","href":"https:\/\/api.w.org\/{rel}","templated":true}]}}