{"id":2574,"date":"2010-07-21T18:40:22","date_gmt":"2010-07-21T18:40:22","guid":{"rendered":"https:\/\/la-presse-anarchiste.net\/index.php\/2010\/07\/21\/ou-va-le-syndicalisme\/"},"modified":"2010-07-21T18:40:22","modified_gmt":"2010-07-21T18:40:22","slug":"ou-va-le-syndicalisme","status":"publish","type":"post","link":"https:\/\/la-presse-anarchiste.net\/index.php\/2010\/07\/21\/ou-va-le-syndicalisme\/","title":{"rendered":"O\u00f9 va le syndicalisme"},"content":{"rendered":"<div class=\"pdfprnt-buttons pdfprnt-buttons-post pdfprnt-top-right\"><a href=\"https:\/\/la-presse-anarchiste.net\/index.php\/wp-json\/wp\/v2\/posts\/2574?print=pdf\" class=\"pdfprnt-button pdfprnt-button-pdf\" target=\"_blank\"><img decoding=\"async\" src=\"https:\/\/la-presse-anarchiste.net\/wp-content\/plugins\/pdf-print\/images\/pdf.png\" alt=\"image_pdf\" title=\"Afficher le PDF\"><\/a><a href=\"https:\/\/la-presse-anarchiste.net\/index.php\/wp-json\/wp\/v2\/posts\/2574?print=print\" class=\"pdfprnt-button pdfprnt-button-print\" target=\"_blank\"><img decoding=\"async\" src=\"https:\/\/la-presse-anarchiste.net\/wp-content\/plugins\/pdf-print\/images\/print.png\" alt=\"image_print\" title=\"Contenu imprim\u00e9\"><\/a><\/div><p>Depuis le 1<sup>er<\/sup> sep\u00adtembre un dan\u00adge\u00adreux conflit met vio\u00adlem\u00adment aux prises la C.G.T. et le gou\u00adver\u00adne\u00adment. Nous ne pren\u00addrons pas la peine de racon\u00adter un \u00e9v\u00e9\u00adne\u00adment qui est pr\u00e9\u00adsent \u00e0 tous les esprits&nbsp;: qu\u2019il nous suf\u00adfise de consta\u00adter le trouble pro\u00adfond qu\u2019il a pro\u00advo\u00adqu\u00e9 dans le pays et une \u00e9mo\u00adtion qui n\u2019est pas pr\u00e8s d\u2019\u00eatre apai\u00ads\u00e9e. Notre r\u00f4le \u00e0 nous est d\u2019en recher\u00adcher les causes et d\u2019en peser les cons\u00e9\u00adquences. Elles nous appa\u00adraissent sin\u00adgu\u00adli\u00e8\u00adre\u00adment graves et mena\u00e7antes.<\/p>\n<p>Tout r\u00e9cem\u00adment nous repro\u00adchions \u00e0 Jou\u00adhaux d\u2019a\u00advoir, par sa tra\u00adhi\u00adson de 1914, par sa poli\u00adtique de la pr\u00e9\u00adsence, par sa sub\u00adsti\u00adtu\u00adtion de l\u2019in\u00adt\u00e9\u00adr\u00eat g\u00e9n\u00e9\u00adral \u00e0 la lutte de classes, \u00e9t\u00e9 l\u2019agent le plus actif de la liqui\u00adda\u00adtion de l\u2019i\u00add\u00e9al syn\u00addi\u00adca\u00adliste tel qu\u2019il fut d\u00e9fi\u00adni par ses fon\u00adda\u00adteurs, de Pel\u00adlou\u00adlier \u00e0 Grif\u00adfuelhes&nbsp;; dans tous les actes de sa vie de mili\u00adtant, et ceci d\u00e8s le moment o\u00f9 il suc\u00adc\u00e9\u00adda \u00e0 Grif\u00adfuelhes au secr\u00e9\u00adta\u00adriat g\u00e9n\u00e9\u00adral de la C.G.T., Jou\u00adhaux a \u00e9t\u00e9 la n\u00e9ga\u00adtion per\u00adson\u00adni\u00adfi\u00e9e des prin\u00adcipes fon\u00adda\u00admen\u00adtaux du syn\u00addi\u00adca\u00adlisme r\u00e9vo\u00adlu\u00adtion\u00adnaire, \u00e0 tel point que si d\u2019au\u00adcuns vou\u00adlaient \u00e9crire l\u2019his\u00adtoire de la d\u00e9com\u00adpo\u00adsi\u00adtion du syn\u00addi\u00adca\u00adlisme, nous exa\u00adg\u00e9\u00adre\u00adrions \u00e0 peine en avan\u00ad\u00e7ant qu\u2019il leur suf\u00adfi\u00adrait de scru\u00adter la vie publique de cet homme n\u00e9faste.<\/p>\n<p>Oh&nbsp;! nous ne pr\u00e9\u00adten\u00addons pas expli\u00adquer l\u2019His\u00adtoire par l\u2019ac\u00adtion d\u2019un indi\u00advi\u00addu, si sup\u00e9\u00adrieu\u00adre\u00adment dou\u00e9 soit-il. Nous sen\u00adtons bien qu\u2019elle est com\u00adman\u00add\u00e9e par des n\u00e9ces\u00adsi\u00adt\u00e9s contre les\u00adquelles le talent est impuis\u00adsant&nbsp;; nous savons par exp\u00e9\u00adrience que ses arr\u00eats sont sans appel. Mais nous savons aus\u00adsi que lorsque les causes n\u00e9ces\u00adsaires dirigent l\u2019\u00e9\u00advo\u00adlu\u00adtion de l\u2019His\u00adtoire dans un sens d\u00e9ter\u00admi\u00adn\u00e9, un tel mou\u00adve\u00adment trouve tou\u00adjours un homme aux facul\u00adt\u00e9s et aux ten\u00addances appro\u00adpri\u00e9es \u00e0 qui il appar\u00adtien\u00addra de lui don\u00adner le maxi\u00admum de net\u00adte\u00adt\u00e9 et d\u2019ac\u00adc\u00e9\u00adl\u00e9\u00adrer le rythme de sa marche. Vers 1906, la ren\u00adcontre du mou\u00adve\u00adment ouvrier fran\u00ad\u00e7ais et d\u2019un homme aux facul\u00adt\u00e9s majeures, Vic\u00adtor Grif\u00adfuelhes, abou\u00adtit au syn\u00addi\u00adca\u00adlisme r\u00e9vo\u00adlu\u00adtion\u00adnaire, avec sa morale sublime fon\u00add\u00e9e sur l\u2019ac\u00adtion per\u00adson\u00adnelle et virile, la soli\u00adda\u00adri\u00adt\u00e9 et le refus de par\u00adve\u00adnir. Jamais la classe ouvri\u00e8re fran\u00ad\u00e7aise, jamais le peuple fran\u00ad\u00e7ais n\u2019est all\u00e9 si loin, n\u2019a mon\u00adt\u00e9 si haut. Mais la d\u00e9ca\u00addence vient. La pro\u00adfonde cor\u00adrup\u00adtion bour\u00adgeoise gagne le syn\u00addi\u00adca\u00adlisme qui va de plus en plus com\u00adpo\u00adser avec le r\u00e9gime. C\u2019est le mou\u00adve\u00adment en sens contraire, la chute. Les temps de la m\u00e9dio\u00adcri\u00adt\u00e9 sont venus, et, PARCE QUE CELA EST NECESSAIRE, la m\u00e9dio\u00adcri\u00adt\u00e9 ren\u00adcontre, elle aus\u00adsi, son homme, homme aux facul\u00adt\u00e9s mineures, homme au g\u00e9nie m\u00e9diocre. Avec lui l\u2019a\u00adbais\u00adse\u00adment du syn\u00addi\u00adca\u00adlisme ne va pas s\u2019ar\u00adr\u00ea\u00adter. Jou\u00adhaux est l\u00e0, et Jou\u00adhaux est \u00e0 la fois le pro\u00adduit, le sym\u00adbole et l\u2019agent le plus viru\u00adlent de la ruine morale et de l\u2019im\u00adpuis\u00adsance du syn\u00addi\u00adca\u00adlisme fran\u00e7ais.<\/p>\n<p>On se demande pour\u00adtant com\u00adment cet homme ordi\u00adnai\u00adre\u00adment si avi\u00ads\u00e9 a pu com\u00admettre une gaffe aus\u00adsi monu\u00admen\u00adtale que la lettre \u00e0 de Gaulle. Nous le savions d\u00e9pour\u00advu du sens de la gran\u00addeur et de la noblesse morales, comme nous connais\u00adsions par ses \u00e9crits au style morne et prud\u00adhom\u00admesque sa fon\u00adci\u00e8re absence de carac\u00adt\u00e8re et d\u2019\u00e9\u00adl\u00e9\u00adva\u00adtion intel\u00adlec\u00adtuelle. Jus\u00adqu\u2019\u00e0 ces temps der\u00adniers nous le pen\u00adsions encore dou\u00e9 de cette qua\u00adli\u00adt\u00e9 d\u2019ordre inf\u00e9\u00adrieur, mais qua\u00adli\u00adt\u00e9 tout de m\u00eame, qui s\u2019ap\u00adpelle la ruse. Et Jou\u00adhaux se fait jouer comme un&nbsp;gamin.<\/p>\n<p>La v\u00e9ri\u00adt\u00e9, c\u2019est que cet homme s\u2019ac\u00adcroche d\u00e9ses\u00adp\u00e9\u00adr\u00e9\u00adment au pou\u00advoir qui lui \u00e9chappe. Chef du syn\u00addi\u00adca\u00adlisme, il a ache\u00adv\u00e9 l\u2019\u0153uvre pour laquelle la n\u00e9ces\u00adsi\u00adt\u00e9 his\u00adto\u00adrique a fait na\u00eetre&nbsp;: il a tu\u00e9 le syn\u00addi\u00adca\u00adlisme et, ce fai\u00adsant, il s\u2019est ren\u00addu inutile, il s\u2019est sui\u00adci\u00add\u00e9. Le syn\u00addi\u00adca\u00adlisme r\u00e9vo\u00adlu\u00adtion\u00adnaire d\u00e9fi\u00adni\u00adti\u00adve\u00adment liqui\u00add\u00e9, la C.G.T. devient aujourd\u2019\u00adhui tout natu\u00adrel\u00adle\u00adment l\u2019ap\u00adpen\u00addice d\u2019un par\u00adti. N\u2019ayant plus ni pen\u00ads\u00e9e ni prin\u00adcipes propres, elle ne peut plus \u00eatre autre chose que l\u2019ins\u00adtru\u00adment de la poli\u00adtique d\u2019un par\u00adti. On sait main\u00adte\u00adnant lequel.<\/p>\n<p>Mais elle est dure pour Jou\u00adhaux la sen\u00adtence qui lui ordonne de dis\u00adpa\u00adra\u00eetre. Fra\u00adchon pour\u00adtant s\u2019im\u00adpa\u00adtiente. Alors le bureau conf\u00e9\u00add\u00e9\u00adral, en majo\u00adri\u00adt\u00e9 com\u00admu\u00adniste, d\u00e9cide d\u2019en\u00adga\u00adger la C.G.T. dans une d\u00e9marche d\u00e9sho\u00adno\u00adrante. Il ne sera m\u00eame pas ques\u00adtion des grands pro\u00adbl\u00e8mes \u00e9co\u00adno\u00admiques et poli\u00adtiques qui int\u00e9\u00adressent la classe ouvri\u00e8re, pas m\u00eame de la Consti\u00adtu\u00adtion puisque les par\u00adtis asso\u00adci\u00e9s \u00e0 la d\u00e9marche sont, sur cette ques\u00adtion, aus\u00adsi pro\u00adfon\u00add\u00e9\u00adment divi\u00ads\u00e9s qu\u2019il est per\u00admis de l\u2019\u00eatre. Il s\u2019a\u00adgit d\u2019une mis\u00e9\u00adrable affaire de d\u00e9cou\u00adpages de cir\u00adcons\u00adcrip\u00adtions, de bif\u00adtecks \u00e9lec\u00adto\u00adraux. Les cliques poli\u00adti\u00adciennes se com\u00adbattent avec un achar\u00adne\u00adment appa\u00adrent pour trom\u00adper la dupe popu\u00adlaire, mais on s\u2019en\u00adtend dans la cou\u00adlisse comme lar\u00adrons en foire, les hon\u00adteuses m\u0153urs franc-ma\u00e7onnes continuent.<\/p>\n<p>En c\u00e9dant au chan\u00adtage des poli\u00adti\u00adciens de la C.G.T., Jou\u00adhaux a cri\u00admi\u00adnel\u00adle\u00adment expo\u00ads\u00e9 le mou\u00adve\u00adment syn\u00addi\u00adcal fran\u00ad\u00e7ais \u00e0 une honte et \u00e0 une humi\u00adlia\u00adtion imm\u00e9\u00adri\u00adt\u00e9es, car nous savons qu\u2019un grand nombre de mili\u00adtants syn\u00addi\u00adca\u00adlistes ne se soli\u00adda\u00adrisent pas et ne se soli\u00adda\u00adri\u00adse\u00adront jamais avec un tel aban\u00addon de ce qui conti\u00adnue \u00e0 res\u00adter pour eux la v\u00e9ri\u00adt\u00e9 d\u2019une lutte o\u00f9 ils n\u2019ont ces\u00ads\u00e9 d\u2019\u00eatre pr\u00e9\u00adsents&nbsp;: le main\u00adtien du syn\u00addi\u00adca\u00adlisme hors des atteintes des mar\u00adchan\u00addages et de la pour\u00adri\u00adture poli\u00adtique pour tendre uni\u00adque\u00adment vers son v\u00e9ri\u00adtable objec\u00adtif&nbsp;: le ren\u00adver\u00adse\u00adment de toutes les forces d\u2019ex\u00adploi\u00adta\u00adtion et de domi\u00adna\u00adtion du capi\u00adta\u00adlisme par leur com\u00adbat sur les lieux m\u00eames du tra\u00advail et \u00e0 tra\u00advers leur condi\u00adtion de salari\u00e9s.<\/p>\n","protected":false},"excerpt":{"rendered":"<p>Depuis le 1<sup>er<\/sup> sep\u00adtembre un dan\u00adge\u00adreux conflit met vio\u00adlem\u00adment aux prises la C.G.T. et le gou\u00adver\u00adne\u00adment. Nous ne pren\u00addrons pas la peine de racon\u00adter un \u00e9v\u00e9\u00adne\u00adment qui est pr\u00e9\u00adsent \u00e0 tous les esprits&nbsp;: qu\u2019il nous suf\u00adfise de consta\u00adter le trouble pro\u00adfond qu\u2019il a pro\u00advo\u00adqu\u00e9 dans le pays et une \u00e9mo\u00adtion qui n\u2019est pas pr\u00e8s d\u2019\u00eatre [\u2026]<\/p>\n","protected":false},"author":1,"featured_media":0,"comment_status":"closed","ping_status":"closed","sticky":false,"template":"","format":"standard","meta":{"wp_typography_post_enhancements_disabled":false,"footnotes":""},"categories":[310],"tags":[],"ppma_author":[540],"class_list":["post-2574","post","type-post","status-publish","format-standard","hentry","category-le-libertaire-na10-20-septembre-1945"],"authors":[{"term_id":540,"user_id":1,"is_guest":0,"slug":"admin_3gikpwyf","display_name":"Vincent Dubuc","avatar_url":"https:\/\/secure.gravatar.com\/avatar\/d015720652c25fd2ced191ade86430094e1f288a17483713e3b34d26dea52507?s=96&d=mm&r=g","author_category":"","user_url":"https:\/\/la-presse-anarchiste.net","last_name":"Dubuc","first_name":"Vincent","job_title":"","description":""}],"_links":{"self":[{"href":"https:\/\/la-presse-anarchiste.net\/index.php\/wp-json\/wp\/v2\/posts\/2574","targetHints":{"allow":["GET"]}}],"collection":[{"href":"https:\/\/la-presse-anarchiste.net\/index.php\/wp-json\/wp\/v2\/posts"}],"about":[{"href":"https:\/\/la-presse-anarchiste.net\/index.php\/wp-json\/wp\/v2\/types\/post"}],"author":[{"embeddable":true,"href":"https:\/\/la-presse-anarchiste.net\/index.php\/wp-json\/wp\/v2\/users\/1"}],"replies":[{"embeddable":true,"href":"https:\/\/la-presse-anarchiste.net\/index.php\/wp-json\/wp\/v2\/comments?post=2574"}],"version-history":[{"count":0,"href":"https:\/\/la-presse-anarchiste.net\/index.php\/wp-json\/wp\/v2\/posts\/2574\/revisions"}],"wp:attachment":[{"href":"https:\/\/la-presse-anarchiste.net\/index.php\/wp-json\/wp\/v2\/media?parent=2574"}],"wp:term":[{"taxonomy":"category","embeddable":true,"href":"https:\/\/la-presse-anarchiste.net\/index.php\/wp-json\/wp\/v2\/categories?post=2574"},{"taxonomy":"post_tag","embeddable":true,"href":"https:\/\/la-presse-anarchiste.net\/index.php\/wp-json\/wp\/v2\/tags?post=2574"},{"taxonomy":"author","embeddable":true,"href":"https:\/\/la-presse-anarchiste.net\/index.php\/wp-json\/wp\/v2\/ppma_author?post=2574"}],"curies":[{"name":"wp","href":"https:\/\/api.w.org\/{rel}","templated":true}]}}