{"id":2583,"date":"2010-07-21T18:52:55","date_gmt":"2010-07-21T18:52:55","guid":{"rendered":"https:\/\/la-presse-anarchiste.net\/index.php\/2010\/07\/21\/larmee-francaise\/"},"modified":"2010-07-21T18:52:55","modified_gmt":"2010-07-21T18:52:55","slug":"larmee-francaise","status":"publish","type":"post","link":"https:\/\/la-presse-anarchiste.net\/index.php\/2010\/07\/21\/larmee-francaise\/","title":{"rendered":"L\u2019arm\u00e9e fran\u00e7aise"},"content":{"rendered":"<div class=\"pdfprnt-buttons pdfprnt-buttons-post pdfprnt-top-right\"><a href=\"https:\/\/la-presse-anarchiste.net\/index.php\/wp-json\/wp\/v2\/posts\/2583?print=pdf\" class=\"pdfprnt-button pdfprnt-button-pdf\" target=\"_blank\"><img decoding=\"async\" src=\"https:\/\/la-presse-anarchiste.net\/wp-content\/plugins\/pdf-print\/images\/pdf.png\" alt=\"image_pdf\" title=\"Afficher le PDF\"><\/a><a href=\"https:\/\/la-presse-anarchiste.net\/index.php\/wp-json\/wp\/v2\/posts\/2583?print=print\" class=\"pdfprnt-button pdfprnt-button-print\" target=\"_blank\"><img decoding=\"async\" src=\"https:\/\/la-presse-anarchiste.net\/wp-content\/plugins\/pdf-print\/images\/print.png\" alt=\"image_print\" title=\"Contenu imprim\u00e9\"><\/a><\/div><p>On nous dit que la guerre est ter\u00admi\u00adn\u00e9e. Bien que le canon ne se fasse plus entendre, nous devons faire des efforts pour y croire. Un fait demeure incon\u00adtes\u00adtable&nbsp;: les imp\u00e9\u00adria\u00adlismes ont sign\u00e9 une tr\u00eave et il en r\u00e9sulte une paix rela\u00adtive que cha\u00adcun go\u00fbte avec&nbsp;joie.<\/p>\n<p>Mais si vrai\u00adment la guerre n\u2019est plus de mise, pour\u00adquoi l\u2019ar\u00adm\u00e9e est-elle encore tant \u00e0 l\u2019hon\u00adneur&nbsp;? La joie r\u00e9sul\u00adtant de la \u00ab&nbsp;paix&nbsp;\u00bb retrou\u00adv\u00e9e ne doit pas nous faire oublier que le mili\u00adta\u00adrisme est une cause de guerre et que si les nations comme le Japon et l\u2019Al\u00adle\u00admagne ont ver\u00ads\u00e9 si faci\u00adle\u00adment dans un imp\u00e9\u00adria\u00adlisme outran\u00adci\u00e8\u00adre\u00adment guer\u00adrier, c\u2019est qu\u2019elles \u00e9taient impr\u00e9\u00adgn\u00e9es d\u2019un mili\u00adta\u00adrisme soigneusement&nbsp;<\/p>\n<p>Nous voi\u00adci, en France, affu\u00adbl\u00e9s d\u2019une arm\u00e9e dont on vou\u00addrait conna\u00eetre l\u2019u\u00adti\u00adli\u00adt\u00e9, \u2013 en sup\u00adpo\u00adsant qu\u2019une arm\u00e9e puisse \u00eatre utile&nbsp;! Et la presse, la radio, les dis\u00adcours, de nous van\u00adter, \u00e0 lon\u00adgueur de jour\u00adn\u00e9e, les bien\u00adfaits et la gloire de celle-ci. Le m\u00e9tier des armes est offi\u00adciel\u00adle\u00adment clas\u00ads\u00e9 comme l\u2019a\u00adbou\u00adtis\u00adsant de la plus noble des voca\u00adtions. (Les femmes elles-m\u00eames n\u2019ont pas man\u00adqu\u00e9 de rev\u00ea\u00adtir l\u2019uniforme!).<\/p>\n<p>Apr\u00e8s 1918, ce pays connut une vague de mili\u00adta\u00adrisme due sans doute \u00e0 la \u00ab&nbsp;vic\u00adtoire&nbsp;\u00bb de ses arm\u00e9es. Aujourd\u2019\u00adhui, l\u2019i\u00add\u00e9e de \u00ab&nbsp;vic\u00adtoire&nbsp;\u00bb de la nou\u00advelle arm\u00e9e s\u2019as\u00adso\u00adcie \u00e0 celle de la n\u00e9ces\u00adsi\u00adt\u00e9 d\u2019un r\u00e9\u00e9qui\u00adpe\u00adment mili\u00adtaire aus\u00adsi pous\u00ads\u00e9 que pos\u00adsible. Triste concep\u00adtion d\u2019une vic\u00adtoire \u00ab&nbsp;contre le mili\u00adta\u00adrisme alle\u00admand&nbsp;\u00bb que celle qui abou\u00adtit \u00e0 la renais\u00adsance du mili\u00adta\u00adrisme fran\u00e7ais&nbsp;!<\/p>\n<p>Et encore n\u2019est-ce l\u00e0 que l\u2019as\u00adpect moral et poli\u00adtique du pro\u00adbl\u00e8me&nbsp;; il y a aus\u00adsi le c\u00f4t\u00e9 social, aux cons\u00e9\u00adquences imm\u00e9\u00addiates, qui ne manque pas d\u2019\u00eatre r\u00e9vol\u00adtant. Alors que la popu\u00adla\u00adtion tra\u00advailleuse manque de tout, l\u2019ar\u00adm\u00e9e se voit octroyer par prio\u00adri\u00adt\u00e9 tout ce que l\u2019in\u00addus\u00adtrie et l\u2019a\u00adgri\u00adcul\u00adture peuvent offrir \u00e0 la consommation.<\/p>\n<p>Que des den\u00adr\u00e9es ali\u00admen\u00adtaires arrivent en France, que le tex\u00adtile pro\u00adduise quelques articles, les usines quelques v\u00e9hi\u00adcules, l\u2019ar\u00adm\u00e9e est invi\u00adt\u00e9e \u00e0 se ser\u00advir la pre\u00admi\u00e8re. Pro\u00addui\u00adsez, pro\u00addui\u00adsez, ouvriers et pay\u00adsans, l\u2019ar\u00adm\u00e9e a besoin de vos&nbsp;bras&nbsp;!<\/p>\n<p>Il y a p\u00e9nu\u00adrie de car\u00adbu\u00adrant pour ache\u00admi\u00adner le ravi\u00adtaille\u00adment, et pour\u00adtant les routes sont encom\u00adbr\u00e9es par les moto\u00adcy\u00adclettes, les voi\u00adtures, les che\u00adnillettes de la glo\u00adrieuse arm\u00e9e fran\u00ad\u00e7aise&nbsp;! Que d\u2019of\u00adfi\u00adciers se pr\u00e9\u00advalent de leurs galons pour pro\u00adme\u00adner \u00e0 bon compte, et dans de riches conduites int\u00e9\u00adrieures, toute leur famille&nbsp;!<\/p>\n<p>Certes, nous ne nous attar\u00adde\u00adrons pas \u00e0 \u00e9nu\u00adm\u00e9\u00adrer les exac\u00adtions aux\u00adquelles se livre fr\u00e9\u00adquem\u00adment cette nou\u00advelle arm\u00e9e, car il est depuis long\u00adtemps d\u00e9mon\u00adtr\u00e9 que la pra\u00adtique de la vie mili\u00adtaire pr\u00e9\u00addis\u00adpose plus faci\u00adle\u00adment au van\u00adda\u00adlisme qu\u2019aux actions bienfaisantes.<\/p>\n<p>On entend cou\u00adram\u00adment dire, par de simples sol\u00addats, qu\u2019ils sont tr\u00e8s mal nour\u00adris&nbsp;; cepen\u00addant qu\u2019en mati\u00e8re de ravi\u00adtaille\u00adment ils sont th\u00e9o\u00adri\u00adque\u00adment ser\u00advis avant la popu\u00adla\u00adtion civile. Ce qui donne une belle id\u00e9e des capa\u00adci\u00adt\u00e9s admi\u00adnis\u00adtra\u00adtives des inten\u00addants mili\u00adtaires&nbsp;! (Gageons que ces der\u00adniers ne font pas de mau\u00advaises affaires, m\u00eame quand le simple sol\u00addat ne mange pas \u00e0 sa faim.). \u00c0 un moment o\u00f9 l\u2019on fait du bat\u00adtage en assu\u00adrant qu\u2019il faut avant tout pro\u00adduire, o\u00f9 on nous r\u00e9p\u00e8te \u00e0 sati\u00e9\u00adt\u00e9 que le salut est dans le tra\u00advail&nbsp;; o\u00f9 l\u2019on reproche injus\u00adte\u00adment aux tra\u00advailleurs affa\u00adm\u00e9s d\u2019a\u00advoir une res\u00adpon\u00adsa\u00adbi\u00adli\u00adt\u00e9 dans les len\u00adteurs appor\u00adt\u00e9es \u00e0 l\u2019\u0153uvre de recons\u00adtruc\u00adtion, pour\u00adquoi main\u00adtient-on dans les for\u00adma\u00adtions de l\u2019ar\u00adm\u00e9e une mul\u00adti\u00adtude d\u2019hommes qui ne demandent qu\u2019\u00e0 reve\u00adnir \u00e0 la vie civile&nbsp;?<\/p>\n<p>Mais, au fait, que veut-on donc faire de cette arm\u00e9e&nbsp;? Res\u00adsus\u00adci\u00adter le mythe du pres\u00adtige mili\u00adtaire de la France&nbsp;? Se r\u00e9ser\u00adver la pos\u00adsi\u00adbi\u00adli\u00adt\u00e9 de faire \u00e9tat, aupr\u00e8s des grands imp\u00e9\u00adria\u00adlismes vain\u00adqueurs, d\u2019une \u00ab&nbsp;puis\u00adsance mili\u00adtaire&nbsp;\u00bb qui les fera plu\u00adt\u00f4t sou\u00adrire&nbsp;? Est-ce pour la lutte anti\u00adfas\u00adciste que nos diri\u00adgeants ont tant besoin de sol\u00addats&nbsp;? Non, bien s\u00fbr, car ceux qui consti\u00adtuent les cadres de cette arm\u00e9e sont plus p\u00e9n\u00e9\u00adtr\u00e9s des doc\u00adtrines de Mus\u00adso\u00adli\u00adni que de celles qui m\u00e8nent \u00e0 la libert\u00e9.<\/p>\n<p>C\u2019est pour assu\u00adrer le main\u00adtien de l\u2019ordre bour\u00adgeois que cette arm\u00e9e sur\u00advit \u00e0 la guerre. Elle est l\u00e0 pour \u00e9cra\u00adser tout mou\u00adve\u00adment popu\u00adlaire pou\u00advant mettre en dan\u00adger les pr\u00e9\u00adro\u00adga\u00adtives patro\u00adnales et l\u2019au\u00adto\u00adri\u00adt\u00e9 de l\u2019\u00c9tat. Elle a, pour elle, tous les pro\u00adfi\u00adteurs du r\u00e9gime actuel, et elle sau\u00adra, \u00e0 l\u2019oc\u00adca\u00adsion, user de sa bru\u00adta\u00adli\u00adt\u00e9 cou\u00adtu\u00admi\u00e8re pour cal\u00admer une popu\u00adla\u00adtion d\u00e9ci\u00add\u00e9e \u00e0 ren\u00adver\u00adser un \u00e9di\u00adfice social que l\u2019his\u00adtoire, la rai\u00adson et le c\u0153ur condamnent.<\/p>\n<p>\u00c0 grands ren\u00adforts de parades et de d\u00e9fi\u00adl\u00e9s mili\u00adtaires, de d\u00e9ploie\u00adments de ban\u00adde\u00adroles tri\u00adco\u00adlores et \u00e0 grands coups de \u00ab&nbsp;Mar\u00adseillaise&nbsp;\u00bb on tend \u00e0 incul\u00adquer au peuple l\u2019a\u00admour de la force bru\u00adtale, de l\u2019\u00abordre&nbsp;\u00bb par la soumission.<\/p>\n<p>Les tra\u00advailleurs ne s\u2019y lais\u00adse\u00adront pas prendre&nbsp;; ils sau\u00adront voir dans la police et la puis\u00adsance arm\u00e9e de l\u2019\u00c9tat, la cui\u00adrasse de leurs oppres\u00adseurs, cui\u00adrasse qui ne peut, un jour ou l\u2019autre, que se trans\u00adfor\u00admer en une machine infer\u00adnale pour laquelle ils ser\u00advi\u00adraient de&nbsp;cible.<\/p>\n<p>Le mili\u00adta\u00adrisme n\u2019est ni plus humain, ni plus propre aujourd\u2019\u00adhui qu\u2019\u00adhier. Il consti\u00adtue un dan\u00adger tou\u00adjours aus\u00adsi grand pour l\u2019hu\u00adma\u00adni\u00adt\u00e9 tout enti\u00e8re et demeure, comme autre\u00adfois, un bar\u00adrage des\u00adti\u00adn\u00e9 \u00e0 emp\u00ea\u00adcher la r\u00e9vo\u00adlu\u00adtion de suivre son cours nor\u00admal. Que les grands de ce monde s\u2019en affublent, c\u2019est leur r\u00f4le. Mais c\u2019est une honte pour les ani\u00adma\u00adteurs des grandes orga\u00adni\u00adsa\u00adtions ouvri\u00e8res et pr\u00e9\u00adten\u00addu\u00adment r\u00e9vo\u00adlu\u00adtion\u00adnaires, que de se faire les cham\u00adpions d\u2019une aus\u00adsi mau\u00advaise&nbsp;cause.<\/p>\n<p>Quant \u00e0 nous, nous ne mar\u00adchons pas. Et le mili\u00adta\u00adrisme ne cesse de se situer, \u00e0 nos yeux, au pre\u00admier rang des plus grands enne\u00admis de la liber\u00adt\u00e9 du peuple.<\/p>\n","protected":false},"excerpt":{"rendered":"<p>On nous dit que la guerre est ter\u00admi\u00adn\u00e9e. Bien que le canon ne se fasse plus entendre, nous devons faire des efforts pour y croire. Un fait demeure incon\u00adtes\u00adtable&nbsp;: les imp\u00e9\u00adria\u00adlismes ont sign\u00e9 une tr\u00eave et il en r\u00e9sulte une paix rela\u00adtive que cha\u00adcun go\u00fbte avec&nbsp;joie. Mais si vrai\u00adment la guerre n\u2019est plus de&nbsp;mise,&nbsp;[\u2026]<\/p>\n","protected":false},"author":1,"featured_media":0,"comment_status":"closed","ping_status":"closed","sticky":false,"template":"","format":"standard","meta":{"wp_typography_post_enhancements_disabled":false,"footnotes":""},"categories":[310],"tags":[],"ppma_author":[540],"class_list":["post-2583","post","type-post","status-publish","format-standard","hentry","category-le-libertaire-na10-20-septembre-1945"],"authors":[{"term_id":540,"user_id":1,"is_guest":0,"slug":"admin_3gikpwyf","display_name":"Vincent Dubuc","avatar_url":"https:\/\/secure.gravatar.com\/avatar\/d015720652c25fd2ced191ade86430094e1f288a17483713e3b34d26dea52507?s=96&d=mm&r=g","author_category":"","user_url":"https:\/\/la-presse-anarchiste.net","last_name":"Dubuc","first_name":"Vincent","job_title":"","description":""}],"_links":{"self":[{"href":"https:\/\/la-presse-anarchiste.net\/index.php\/wp-json\/wp\/v2\/posts\/2583","targetHints":{"allow":["GET"]}}],"collection":[{"href":"https:\/\/la-presse-anarchiste.net\/index.php\/wp-json\/wp\/v2\/posts"}],"about":[{"href":"https:\/\/la-presse-anarchiste.net\/index.php\/wp-json\/wp\/v2\/types\/post"}],"author":[{"embeddable":true,"href":"https:\/\/la-presse-anarchiste.net\/index.php\/wp-json\/wp\/v2\/users\/1"}],"replies":[{"embeddable":true,"href":"https:\/\/la-presse-anarchiste.net\/index.php\/wp-json\/wp\/v2\/comments?post=2583"}],"version-history":[{"count":0,"href":"https:\/\/la-presse-anarchiste.net\/index.php\/wp-json\/wp\/v2\/posts\/2583\/revisions"}],"wp:attachment":[{"href":"https:\/\/la-presse-anarchiste.net\/index.php\/wp-json\/wp\/v2\/media?parent=2583"}],"wp:term":[{"taxonomy":"category","embeddable":true,"href":"https:\/\/la-presse-anarchiste.net\/index.php\/wp-json\/wp\/v2\/categories?post=2583"},{"taxonomy":"post_tag","embeddable":true,"href":"https:\/\/la-presse-anarchiste.net\/index.php\/wp-json\/wp\/v2\/tags?post=2583"},{"taxonomy":"author","embeddable":true,"href":"https:\/\/la-presse-anarchiste.net\/index.php\/wp-json\/wp\/v2\/ppma_author?post=2583"}],"curies":[{"name":"wp","href":"https:\/\/api.w.org\/{rel}","templated":true}]}}