{"id":2585,"date":"2010-07-21T18:59:58","date_gmt":"2010-07-21T18:59:58","guid":{"rendered":"https:\/\/la-presse-anarchiste.net\/index.php\/2010\/07\/21\/letat-et-les-vieux-travailleurs\/"},"modified":"2010-07-21T18:59:58","modified_gmt":"2010-07-21T18:59:58","slug":"letat-et-les-vieux-travailleurs","status":"publish","type":"post","link":"https:\/\/la-presse-anarchiste.net\/index.php\/2010\/07\/21\/letat-et-les-vieux-travailleurs\/","title":{"rendered":"L\u2019\u00c9tat et les vieux travailleurs"},"content":{"rendered":"<div class=\"pdfprnt-buttons pdfprnt-buttons-post pdfprnt-top-right\"><a href=\"https:\/\/la-presse-anarchiste.net\/index.php\/wp-json\/wp\/v2\/posts\/2585?print=pdf\" class=\"pdfprnt-button pdfprnt-button-pdf\" target=\"_blank\"><img decoding=\"async\" src=\"https:\/\/la-presse-anarchiste.net\/wp-content\/plugins\/pdf-print\/images\/pdf.png\" alt=\"image_pdf\" title=\"Afficher le PDF\"><\/a><a href=\"https:\/\/la-presse-anarchiste.net\/index.php\/wp-json\/wp\/v2\/posts\/2585?print=print\" class=\"pdfprnt-button pdfprnt-button-print\" target=\"_blank\"><img decoding=\"async\" src=\"https:\/\/la-presse-anarchiste.net\/wp-content\/plugins\/pdf-print\/images\/print.png\" alt=\"image_print\" title=\"Contenu imprim\u00e9\"><\/a><\/div><p>Le 11 juillet 1915, un com\u00admu\u00adni\u00adqu\u00e9 nous appre\u00adnait que la loi des Assu\u00adrances Sociales subi\u00adrait quelques modi\u00adfi\u00adca\u00adtions, entre autres les femmes malades, jour\u00adna\u00adli\u00e8res, les pres\u00adta\u00adtions au risque mater\u00adni\u00adt\u00e9 subis\u00adsaient dif\u00adf\u00e9\u00adrents rema\u00adnie\u00adments sur les\u00adquels on ne nous don\u00adnait que tr\u00e8s peu de ren\u00adsei\u00adgne\u00adments, la retraite vieillesse \u00e9tait recu\u00adl\u00e9e de 60 \u00e0 65 ans, le cal\u00adcul du taux de 40&nbsp;% res\u00adtant main\u00adte\u00adnu pour les assu\u00adr\u00e9s jus\u00adti\u00adfiant de quinze ann\u00e9es d\u2019as\u00adsu\u00adrance, le salaire de base \u00e9tait cal\u00adcu\u00adl\u00e9 sur le salaire moyen des dix der\u00adni\u00e8res ann\u00e9es.<\/p>\n<p>Il \u00e9tait pr\u00e9\u00advu que l\u2019\u00e9\u00adqui\u00adlibre finan\u00adcier serait assu\u00adr\u00e9 pen\u00addant dix ans avec la coti\u00adsa\u00adtion actuelle, en y com\u00adpre\u00adnant la coti\u00adsa\u00adtion au fonds sp\u00e9\u00adcial des\u00adti\u00adn\u00e9 aux allo\u00adca\u00adtions des vieux tra\u00advailleurs, et qui est en prin\u00adcipe sup\u00adpor\u00adt\u00e9e par les employeurs \u00e0 rai\u00adson de 4&nbsp;% des salaires. Une autre note parue dans les jour\u00adnaux du 27 juillet indique que les pertes en hommes jeunes du fait de la guerre et la dimi\u00adnu\u00adtion de la nata\u00adli\u00adt\u00e9 ayant aug\u00admen\u00adt\u00e9 le nombre des vieillards dans la popu\u00adla\u00adtion, une ordon\u00adnance en pr\u00e9\u00adpa\u00adra\u00adtion vise\u00adrait le rel\u00e8\u00adve\u00adment de l\u2019\u00e2ge de la retraite des vieux tra\u00advailleurs, y com\u00adpris les fonc\u00adtion\u00adnaires. Les coti\u00adsa\u00adtions actuelles \u00e9tant trop peu nom\u00adbreuses pour jus\u00adti\u00adfier la retraite \u00e0 55 ans ou 60&nbsp;ans.<\/p>\n<p>Ain\u00adsi les vieux tra\u00advailleurs, ceux qui ont connu tous les slo\u00adgans d\u2019il y a trente ans, au moment o\u00f9 la guerre n\u00e9ces\u00adsi\u00adtait des pro\u00admesses en vue d\u2019un apai\u00adse\u00adment de la juste col\u00e8re des vic\u00adtimes de la crise 1914 \u2013 1918, se voyaient bru\u00adta\u00adle\u00adment pri\u00adv\u00e9s de ce que l\u2019on avait fait, une aum\u00f4ne\u2026 un os au vieux&nbsp;chien.<\/p>\n<p>Actuel\u00adle\u00adment, ceux qui ont subi dans ces der\u00adni\u00e8res. ann\u00e9es toutes les pri\u00adva\u00adtions, la sous-ali\u00admen\u00adta\u00adtion, le manque de soins et qui ont eu leur san\u00adt\u00e9 us\u00e9e pour la plus grande gloire du capi\u00adta\u00adlisme, ceux dont la d\u00e9tresse phy\u00adsique n\u2019a d\u2019\u00e9\u00adgale que celle des enfants sont appe\u00adl\u00e9s \u00e0 contri\u00adbuer \u00e0 une pro\u00adduc\u00adtion dont ils n\u2019ont jamais connu les bienfaits.<\/p>\n<p>Le capi\u00adta\u00adlisme, apr\u00e8s avoir d\u00e9truit les plus belles forces de la soci\u00e9\u00adt\u00e9, les jeunes, entend d\u00e9vo\u00adrer les vieux. Le Moloch est insa\u00adtiable, la pour\u00adri\u00adture du r\u00e9gime se mesure aux am\u00e9\u00adlio\u00adra\u00adtions sociales qu\u2019il est en mesure d\u2019\u00e9\u00addi\u00adfier&nbsp;; quand il y a r\u00e9duc\u00adtion du bien-\u00eatre social, on peut consi\u00add\u00e9\u00adrer que le r\u00e9gime se mine de plus en plus. La mor\u00adta\u00adli\u00adt\u00e9 humaine chez les tra\u00advailleurs est en moyenne de l\u2019\u00e2ge de 60 ans en temps nor\u00admal. Quelle va \u00eatre cette moyenne apr\u00e8s l\u2019hor\u00adrible p\u00e9riode que nous venons de tra\u00adver\u00adser&nbsp;? Autant dire que la majo\u00adri\u00adt\u00e9 des vieux que l\u2019on va main\u00adte\u00adnir au tra\u00advail sera \u00e9li\u00admi\u00adn\u00e9e avant d\u2019at\u00adteindre l\u2019\u00e2ge du repos fix\u00e9 par la loi&nbsp;; on esp\u00e8re donc, en fait, ne pas avoir \u00e0 assu\u00adrer le ser\u00advice de retraite.<\/p>\n<p>Quand \u00e0 la base de cal\u00adcul, le salaire moyen des dix der\u00adni\u00e8res ann\u00e9es, s\u2019il est cal\u00adcu\u00adl\u00e9 sur les bases des sta\u00adtis\u00adtiques offi\u00adcielles, por\u00adte\u00adra sur la p\u00e9riode 1935 \u2013 1945 pour les retrai\u00adt\u00e9s imm\u00e9\u00addiats, c\u2019est-\u00e0-dire pour la p\u00e9riode o\u00f9 les salaires ont \u00e9t\u00e9 blo\u00adqu\u00e9s \u00e0 un taux qui ne per\u00admet\u00adtait pas \u00e0 l\u2019in\u00addi\u00advi\u00addu d\u2019as\u00adsu\u00adrer sa stricte mat\u00e9\u00adrielle, le salaire ne r\u00e9pon\u00addant plus, et de loin, au pou\u00advoir d\u2019a\u00adchat&nbsp;; de plus, pour b\u00e9n\u00e9\u00adfi\u00adcier d\u2019une retraite vieillesse dans les termes de la loi, il sera n\u00e9ces\u00adsaire que l\u2019as\u00adsu\u00adr\u00e9 ait coti\u00ads\u00e9 depuis 1930 pour avoir ses quinze ann\u00e9es de coti\u00adsa\u00adtion&nbsp;; or, on sait que dans les p\u00e9riodes de crise \u00e9co\u00adno\u00admique, le patro\u00adnat s\u2019est empres\u00ads\u00e9 de mettre en dehors de la pro\u00adduc\u00adtion les vieux tra\u00advailleurs qui encom\u00adbraient les bureaux de ch\u00f4\u00admage, que d\u2019autre part il avait \u00e9t\u00e9 envi\u00adsa\u00adg\u00e9 qu\u2019\u00e0 par\u00adtir de 60 ans les vieux tra\u00advailleurs seraient exclus de la pro\u00adduc\u00adtion afin de lais\u00adser plus de place aux jeunes. Il est donc \u00e0 pr\u00e9\u00advoir que peu de vieux tra\u00advailleurs pour\u00adront se pr\u00e9\u00adva\u00adloir de quinze ann\u00e9es de coti\u00adsa\u00adtions. Il faut exi\u00adger pour les vieux tra\u00advailleurs la retraite \u00e0 55 ans, sur la base du salaire total moyen de la r\u00e9gion&nbsp;; ceux qui ont toute leur vie four\u00adni le pro\u00adfit aux exploi\u00adteurs y ont droit. Le capi\u00adta\u00adlisme, par ses contra\u00addic\u00adtions, nous met dans une situa\u00adtion dif\u00adfi\u00adcile&nbsp;; nous n\u2019a\u00advons pas \u00e0 venir \u00e0 son aide&nbsp;; au contraire, il a tu\u00e9 ou dimi\u00adnu\u00e9 la jeu\u00adnesse du pays&nbsp;; s\u2019il n\u2019est pas pos\u00adsible d\u2019as\u00adsu\u00adrer une exis\u00adtence hon\u00adn\u00eate \u00e0 ceux qui res\u00adtent, alors qu\u2019il d\u00e9clare for\u00adfait. Les d\u00e9fen\u00adseurs du peuple de la Consul\u00adta\u00adtive gagnent 190.000 francs par an&nbsp;; les g\u00e9n\u00e9\u00adraux en mis\u00adsion aux \u00c9tats-Unis \u00e9margent pour pr\u00e8s de 40.000&nbsp;fr. par mois&nbsp;; nous ne par\u00adle\u00adrons que pour m\u00e9moire des soldes astro\u00adno\u00admiques des naph\u00adta\u00adlines et autres mili\u00adtaires dont la p\u00e9riode de tra\u00advail est d\u2019en\u00advi\u00adron neuf ans pour trente ans de pr\u00e9\u00adsence, et quand on sait \u00e0 quel tra\u00advail ils se livrent, on s\u2019en pas\u00adse\u00adrait facilement.<\/p>\n<p>Tous ces gens ne craignent pas la vieillesse et pour eux nous n\u2019a\u00advons aucune appr\u00e9\u00adhen\u00adsion&nbsp;; on vit vieux dans la poli\u00adtique ou dans l\u2019ar\u00adm\u00e9e. Regar\u00addez Jean\u00adne\u00adney, Her\u00adriot, Blum, Cachin, Marin et autres. Ce sont de beaux vieillards qui n\u2019ont aucun sou\u00adci de leur ave\u00adnir, qui est ins\u00adcrit d\u00e9j\u00e0 au Grand Livre de la Dette publique. Quant \u00e0 P\u00e9tain, sa carte V et le manque de char\u00adbon n\u2019ont pas d\u00fb trop l\u2019a\u00adlar\u00admer, car il porte, \u00e0 ce qu\u2019on dit, gaillar\u00adde\u00adment ses 90 ans, \u00e2ge auquel peu de nos vieux com\u00adpa\u00adgnons parviendront.<\/p>\n<p>Cama\u00adrades liber\u00adtaires, fai\u00adsons cam\u00adpagne pour les vieux&nbsp;; ne lais\u00adsons pas aux poli\u00adti\u00adcards en mal d\u2019\u00e9\u00adlec\u00adtion une plate-forme dont ils se servent d\u00e9ma\u00adgo\u00adgi\u00adque\u00adment. D\u00e9non\u00ad\u00e7ons l\u2019in\u00adjus\u00adtice sociale, l\u2019i\u00adgno\u00admi\u00adnie du talon de fer&nbsp;; exi\u00adgeons pour ceux qui ont men\u00e9 la lutte avant nous un ave\u00adnir meilleur que le retour au bagne capi\u00adta\u00adliste ou la mort \u00e0 l\u2019h\u00f4pital.<\/p>\n","protected":false},"excerpt":{"rendered":"<p>Le 11 juillet 1915, un com\u00admu\u00adni\u00adqu\u00e9 nous appre\u00adnait que la loi des Assu\u00adrances Sociales subi\u00adrait quelques modi\u00adfi\u00adca\u00adtions, entre autres les femmes malades, jour\u00adna\u00adli\u00e8res, les pres\u00adta\u00adtions au risque mater\u00adni\u00adt\u00e9 subis\u00adsaient dif\u00adf\u00e9\u00adrents rema\u00adnie\u00adments sur les\u00adquels on ne nous don\u00adnait que tr\u00e8s peu de ren\u00adsei\u00adgne\u00adments, la retraite vieillesse \u00e9tait recu\u00adl\u00e9e de 60 \u00e0 65 ans, le cal\u00adcul&nbsp;du&nbsp;[\u2026]<\/p>\n","protected":false},"author":1,"featured_media":0,"comment_status":"closed","ping_status":"closed","sticky":false,"template":"","format":"standard","meta":{"wp_typography_post_enhancements_disabled":false,"footnotes":""},"categories":[310],"tags":[],"ppma_author":[540],"class_list":["post-2585","post","type-post","status-publish","format-standard","hentry","category-le-libertaire-na10-20-septembre-1945"],"authors":[{"term_id":540,"user_id":1,"is_guest":0,"slug":"admin_3gikpwyf","display_name":"Vincent Dubuc","avatar_url":"https:\/\/secure.gravatar.com\/avatar\/d015720652c25fd2ced191ade86430094e1f288a17483713e3b34d26dea52507?s=96&d=mm&r=g","author_category":"","user_url":"https:\/\/la-presse-anarchiste.net","last_name":"Dubuc","first_name":"Vincent","job_title":"","description":""}],"_links":{"self":[{"href":"https:\/\/la-presse-anarchiste.net\/index.php\/wp-json\/wp\/v2\/posts\/2585","targetHints":{"allow":["GET"]}}],"collection":[{"href":"https:\/\/la-presse-anarchiste.net\/index.php\/wp-json\/wp\/v2\/posts"}],"about":[{"href":"https:\/\/la-presse-anarchiste.net\/index.php\/wp-json\/wp\/v2\/types\/post"}],"author":[{"embeddable":true,"href":"https:\/\/la-presse-anarchiste.net\/index.php\/wp-json\/wp\/v2\/users\/1"}],"replies":[{"embeddable":true,"href":"https:\/\/la-presse-anarchiste.net\/index.php\/wp-json\/wp\/v2\/comments?post=2585"}],"version-history":[{"count":0,"href":"https:\/\/la-presse-anarchiste.net\/index.php\/wp-json\/wp\/v2\/posts\/2585\/revisions"}],"wp:attachment":[{"href":"https:\/\/la-presse-anarchiste.net\/index.php\/wp-json\/wp\/v2\/media?parent=2585"}],"wp:term":[{"taxonomy":"category","embeddable":true,"href":"https:\/\/la-presse-anarchiste.net\/index.php\/wp-json\/wp\/v2\/categories?post=2585"},{"taxonomy":"post_tag","embeddable":true,"href":"https:\/\/la-presse-anarchiste.net\/index.php\/wp-json\/wp\/v2\/tags?post=2585"},{"taxonomy":"author","embeddable":true,"href":"https:\/\/la-presse-anarchiste.net\/index.php\/wp-json\/wp\/v2\/ppma_author?post=2585"}],"curies":[{"name":"wp","href":"https:\/\/api.w.org\/{rel}","templated":true}]}}