{"id":2586,"date":"2010-07-23T18:58:29","date_gmt":"2010-07-23T18:58:29","guid":{"rendered":"https:\/\/la-presse-anarchiste.net\/index.php\/2010\/07\/23\/la-greve-des-lads\/"},"modified":"2010-07-23T18:58:29","modified_gmt":"2010-07-23T18:58:29","slug":"la-greve-des-lads","status":"publish","type":"post","link":"https:\/\/la-presse-anarchiste.net\/index.php\/2010\/07\/23\/la-greve-des-lads\/","title":{"rendered":"La gr\u00e8ve des&nbsp;lads"},"content":{"rendered":"<div class=\"pdfprnt-buttons pdfprnt-buttons-post pdfprnt-top-right\"><a href=\"https:\/\/la-presse-anarchiste.net\/index.php\/wp-json\/wp\/v2\/posts\/2586?print=pdf\" class=\"pdfprnt-button pdfprnt-button-pdf\" target=\"_blank\"><img decoding=\"async\" src=\"https:\/\/la-presse-anarchiste.net\/wp-content\/plugins\/pdf-print\/images\/pdf.png\" alt=\"image_pdf\" title=\"Afficher le PDF\"><\/a><a href=\"https:\/\/la-presse-anarchiste.net\/index.php\/wp-json\/wp\/v2\/posts\/2586?print=print\" class=\"pdfprnt-button pdfprnt-button-print\" target=\"_blank\"><img decoding=\"async\" src=\"https:\/\/la-presse-anarchiste.net\/wp-content\/plugins\/pdf-print\/images\/print.png\" alt=\"image_print\" title=\"Contenu imprim\u00e9\"><\/a><\/div><p>Du jour\u00adnal <i>Les D\u00e9bats<\/i> (4 octobre)&nbsp;:<\/p>\n<p>\u00ab&nbsp;Il semble que le ch\u00f4\u00admage des lads va bien\u00adt\u00f4t prendre fin. Les pro\u00adpri\u00e9\u00adtaires en effet ont consen\u00adti des sacri\u00adfices p\u00e9cu\u00adniaires <i>assez consi\u00add\u00e9\u00adrables<\/i>. Ils ont \u00e9t\u00e9 d\u00e9ci\u00add\u00e9s dans la mati\u00adn\u00e9e d\u2019hier par le Conseil d\u2019ad\u00admi\u00adnis\u00adtra\u00adtion de l\u2019As\u00adso\u00adcia\u00adtion des pro\u00adpri\u00e9\u00adtaires des che\u00advaux de courses au galop qui a fait la d\u00e9cla\u00adra\u00adtion suivante&nbsp;:<\/p>\n<p>Les entra\u00ee\u00adneurs \u00e9tant les employeurs directs des lads, le r\u00e8gle\u00adment du litige doit \u00eatre lais\u00ads\u00e9 entre leurs&nbsp;mains.<\/p>\n<p>Le Conseil d\u2019ad\u00admi\u00adnis\u00adtra\u00adtion a recon\u00adnu tou\u00adte\u00adfois que le r\u00f4le du pro\u00adpri\u00e9\u00adtaire \u00e9tait de don\u00adner toute pos\u00adsi\u00adbi\u00adli\u00adt\u00e9 aux entra\u00ee\u00adneurs de r\u00e9gler le dif\u00adf\u00e9\u00adrend d\u2019une fa\u00e7on \u00e9qui\u00adtable pour tous les int\u00e9\u00adr\u00eats engag\u00e9s.<\/p>\n<p>En cons\u00e9\u00adquence, il d\u00e9cide de por\u00adter le prix de la pen\u00adsion jour\u00adna\u00adli\u00e8re des <i>che\u00advaux<\/i>, de 17, \u00e0 19&nbsp;fr,<\/p>\n<p>Du <i>Temps<\/i> (6 octobre)&nbsp;:<\/p>\n<p>\u00ab&nbsp;Le tra\u00advail a \u00e9t\u00e9 repris hier soir dans toutes les \u00e9cu\u00adries d\u2019en\u00adtra\u00ee\u00adne\u00adment \u00e0 la suite d\u2019une entre\u00advue entre d\u00e9l\u00e9\u00adgu\u00e9s des entra\u00ee\u00adneurs et les lads, qui abou\u00adtit \u00e0 l\u2019en\u00adtente suivante<\/p>\n<p>\u2026 Les appoin\u00adte\u00adments des lads sont fix\u00e9s \u00e0 14&nbsp;fr. par&nbsp;jour\u2026<\/p>\n","protected":false},"excerpt":{"rendered":"<p>Du jour\u00adnal Les D\u00e9bats (4 octobre)&nbsp;: \u00ab&nbsp;Il semble que le ch\u00f4\u00admage des lads va bien\u00adt\u00f4t prendre fin. Les pro\u00adpri\u00e9\u00adtaires en effet ont consen\u00adti des sacri\u00adfices p\u00e9cu\u00adniaires assez consi\u00add\u00e9\u00adrables. Ils ont \u00e9t\u00e9 d\u00e9ci\u00add\u00e9s dans la mati\u00adn\u00e9e d\u2019hier par le Conseil d\u2019ad\u00admi\u00adnis\u00adtra\u00adtion de l\u2019As\u00adso\u00adcia\u00adtion des pro\u00adpri\u00e9\u00adtaires des che\u00advaux de courses au galop qui a fait la d\u00e9claration&nbsp;[\u2026]<\/p>\n","protected":false},"author":1,"featured_media":0,"comment_status":"closed","ping_status":"closed","sticky":false,"template":"","format":"standard","meta":{"wp_typography_post_enhancements_disabled":false,"footnotes":""},"categories":[311],"tags":[],"ppma_author":[540],"class_list":["post-2586","post","type-post","status-publish","format-standard","hentry","category-les-temps-nouveaux-na4-15-octobre-1919"],"authors":[{"term_id":540,"user_id":1,"is_guest":0,"slug":"admin_3gikpwyf","display_name":"Vincent Dubuc","avatar_url":"https:\/\/secure.gravatar.com\/avatar\/d015720652c25fd2ced191ade86430094e1f288a17483713e3b34d26dea52507?s=96&d=mm&r=g","author_category":"","user_url":"https:\/\/la-presse-anarchiste.net","last_name":"Dubuc","first_name":"Vincent","job_title":"","description":""}],"_links":{"self":[{"href":"https:\/\/la-presse-anarchiste.net\/index.php\/wp-json\/wp\/v2\/posts\/2586","targetHints":{"allow":["GET"]}}],"collection":[{"href":"https:\/\/la-presse-anarchiste.net\/index.php\/wp-json\/wp\/v2\/posts"}],"about":[{"href":"https:\/\/la-presse-anarchiste.net\/index.php\/wp-json\/wp\/v2\/types\/post"}],"author":[{"embeddable":true,"href":"https:\/\/la-presse-anarchiste.net\/index.php\/wp-json\/wp\/v2\/users\/1"}],"replies":[{"embeddable":true,"href":"https:\/\/la-presse-anarchiste.net\/index.php\/wp-json\/wp\/v2\/comments?post=2586"}],"version-history":[{"count":0,"href":"https:\/\/la-presse-anarchiste.net\/index.php\/wp-json\/wp\/v2\/posts\/2586\/revisions"}],"wp:attachment":[{"href":"https:\/\/la-presse-anarchiste.net\/index.php\/wp-json\/wp\/v2\/media?parent=2586"}],"wp:term":[{"taxonomy":"category","embeddable":true,"href":"https:\/\/la-presse-anarchiste.net\/index.php\/wp-json\/wp\/v2\/categories?post=2586"},{"taxonomy":"post_tag","embeddable":true,"href":"https:\/\/la-presse-anarchiste.net\/index.php\/wp-json\/wp\/v2\/tags?post=2586"},{"taxonomy":"author","embeddable":true,"href":"https:\/\/la-presse-anarchiste.net\/index.php\/wp-json\/wp\/v2\/ppma_author?post=2586"}],"curies":[{"name":"wp","href":"https:\/\/api.w.org\/{rel}","templated":true}]}}