{"id":2591,"date":"2010-07-23T19:17:47","date_gmt":"2010-07-23T19:17:47","guid":{"rendered":"https:\/\/la-presse-anarchiste.net\/index.php\/2010\/07\/23\/le-coin-des-lecteurs-4\/"},"modified":"2010-07-23T19:17:47","modified_gmt":"2010-07-23T19:17:47","slug":"le-coin-des-lecteurs-4","status":"publish","type":"post","link":"https:\/\/la-presse-anarchiste.net\/index.php\/2010\/07\/23\/le-coin-des-lecteurs-4\/","title":{"rendered":"Le coin des lecteurs"},"content":{"rendered":"<div class=\"pdfprnt-buttons pdfprnt-buttons-post pdfprnt-top-right\"><a href=\"https:\/\/la-presse-anarchiste.net\/index.php\/wp-json\/wp\/v2\/posts\/2591?print=pdf\" class=\"pdfprnt-button pdfprnt-button-pdf\" target=\"_blank\"><img decoding=\"async\" src=\"https:\/\/la-presse-anarchiste.net\/wp-content\/plugins\/pdf-print\/images\/pdf.png\" alt=\"image_pdf\" title=\"Afficher le PDF\"><\/a><a href=\"https:\/\/la-presse-anarchiste.net\/index.php\/wp-json\/wp\/v2\/posts\/2591?print=print\" class=\"pdfprnt-button pdfprnt-button-print\" target=\"_blank\"><img decoding=\"async\" src=\"https:\/\/la-presse-anarchiste.net\/wp-content\/plugins\/pdf-print\/images\/print.png\" alt=\"image_print\" title=\"Contenu imprim\u00e9\"><\/a><\/div><h2>\u00c0 propos de notre mouvement international<\/h2>\n<p>\nNotre cama\u00adrade et ami E. Cos\u00adta nous prie d\u2019in\u00adfor\u00admer les lec\u00adteurs des <i>Temps Nou\u00adveaux<\/i> qu\u2019il n\u2019est pas l\u2019au\u00adteur du der\u00adnier article consa\u00adcr\u00e9 dans notre Revue au Por\u00adtu\u00adgal. Dor\u00e9\u00adna\u00advant, pour tout ce qui concer\u00adne\u00adra le mou\u00adve\u00adment social en ce pays, c\u2019est notre ami qui infor\u00adme\u00adra <i>Les Temps Nou\u00adveaux<\/i>.<\/p>\n<h2>Spring Valley<\/h2>\n<p>\n<i>La situa\u00adtion du mou\u00adve\u00adment pro\u00adl\u00e9\u00adta\u00adriat dans l\u2019Illi\u00adnois<\/i>.\u200a\u2014\u200aL\u2019U\u00adnion des mineurs doit renou\u00adve\u00adler ses contrats tous les deux ans, au 1<sup>er<\/sup> avril. Le der\u00adnier renou\u00advel\u00adle\u00adment devait se faire en 1918&nbsp;; il a \u00e9t\u00e9 fait, mais par arran\u00adge\u00adment entre les hauts offi\u00adciers de l\u2019U\u00adnion seule\u00adment et les patrons. On nous don\u00adnait vingt sous de plus par tonne pen\u00addant la guerre&nbsp;; et le contrat, ce contrat conclu entre les offi\u00adciers de l\u2019U\u00adnion et les patrons, sans que les ouvriers eussent \u00e9t\u00e9 consul\u00adt\u00e9s, devait expi\u00adrer soixante jours apr\u00e8s la paix sign\u00e9e.<\/p>\n<p>C\u2019est alors que dans le Sud de l\u2019Illi\u00adnois, des sec\u00adtions de l\u2019U\u00adnion r\u00e9clament une conven\u00adtion sp\u00e9\u00adciale (c\u2019est-\u00e0-dire une r\u00e9union extra\u00ador\u00addi\u00adnaire pour d\u00e9battre du contrat)&nbsp;; on ne leur r\u00e9pond pas&nbsp;; et la gr\u00e8ve est d\u00e9clar\u00e9e.<\/p>\n<p>Nos offi\u00adciers nous font remar\u00adquer que, main\u00adte\u00adnant, il faut du char\u00adbon. Mais de notre c\u00f4t\u00e9, nous fai\u00adsons remar\u00adquer que nous vou\u00adlons renou\u00adve\u00adler le contrat main\u00adte\u00adnant, parce que d\u2019at\u00adtendre le 1<sup>er<\/sup> avril il sera trop tard. Dans ce pays, en \u00e9t\u00e9, on ne tra\u00advaille jamais beau\u00adcoup&nbsp;; et nous aurions eu, l\u2019an pro\u00adchain, une gr\u00e8ve qui aurait pu durer sept \u00e0 huit mois, comme c\u2019est d\u00e9j\u00e0 arri\u00adv\u00e9, et qui n\u2019au\u00adrait abou\u00adti \u00e0&nbsp;rien.<\/p>\n<p>Nous voi\u00adl\u00e0 sor\u00adtis de la mine, \u00e0 peu pr\u00e8s 55 \u00e0 60 mille. Le pr\u00e9\u00adsident de notre \u00c9tat (de l\u2019Illi\u00adnois), Farink\u00adton, ne veut pas recon\u00adna\u00eetre la gr\u00e8ve. Nous vou\u00adlons qu\u2019il d\u00e9mis\u00adsionne. Nous r\u00e9cla\u00admons, en m\u00eame temps, contre la cher\u00adt\u00e9 de la vie. Nous exi\u00adgeons la r\u00e9vi\u00adsion du contrat.<\/p>\n<p>Nous ne vou\u00adlons plus nous lais\u00adser duper, c\u2019est-\u00e0-dire que nous allons essayer, car dans ce pays c\u2019est pis que par\u00adtout ailleurs. Com\u00adbien de fois des \u00ab&nbsp;conven\u00adtions&nbsp;\u00bb ont com\u00admen\u00adc\u00e9 au mois de sep\u00adtembre, et au mois d\u2019a\u00advril on n\u2019a\u00advait pas encore de r\u00e9ponse.<\/p>\n<p>On ne peut pas avoir de confiance dans les chefs, depuis le \u00ab&nbsp;pi-de-comi\u00adt\u00e9&nbsp;\u00bb jus\u00adqu\u2019aux pr\u00e9\u00adsi\u00addents de sec\u00adtion, jus\u00adqu\u2019au pr\u00e9\u00adsident natio\u00adnal, qui est Hayg, actuel\u00adle\u00adment en tour\u00adn\u00e9e en Europe. Com\u00adbien ont abu\u00ads\u00e9 de leurs fonc\u00adtions pour tou\u00adcher des deux mains ou tout au moins pour vivre aux d\u00e9pens des syn\u00addi\u00adqu\u00e9s. Com\u00adbien ont ache\u00adt\u00e9 des fermes ou ont \u00e9t\u00e9 cas\u00e9s dans des places gou\u00adver\u00adne\u00admen\u00adtales. Mais l\u2019U\u00adnion \u00ab&nbsp;Mine Wor\u00adkers of Ame\u00adri\u00adca&nbsp;\u00bb vaut mieux que ses&nbsp;chefs.<\/p>\n<p>Pour le groupe de Spring Valley&nbsp;:<br>\n<br>Joseph LECLERCQ.<br>\n<br>21 Ao\u00fbt&nbsp;1919.<\/p>\n<h2>Lawrence (Massachusetts)<\/h2>\n<p>\nAu d\u00e9but de jan\u00advier 1919, quelques cama\u00adrades vinrent visi\u00adter la colo\u00adnie fran\u00adco-belge, alors r\u00e9unie en f\u00eate de famille. Par\u00admi eux \u00e9tait un r\u00e9vo\u00adlu\u00adtion\u00adnaire qui s\u2019\u00e9\u00adtait d\u00e9j\u00e0 fait remar\u00adquer dans la gr\u00e8ve de 1912. Ce cama\u00adrade, jet\u00e9 conti\u00adnuel\u00adle\u00adment \u00e0 la rue depuis 1912, avait accep\u00adt\u00e9 la fonc\u00adtion de secr\u00e9\u00adtaire des fileurs (son m\u00e9tier), dans l\u2019A\u00adme\u00adri\u00adcan Fede\u00adra\u00adtion du Tra\u00advail&nbsp;; il nous expli\u00adqua que cette orga\u00adni\u00adsa\u00adtion du tex\u00adtile avait d\u00e9ci\u00add\u00e9, dans son der\u00adnier Congr\u00e8s, de faire 48 heures par semaine, \u00e0 par\u00adtir du 3 f\u00e9vrier 1919.<\/p>\n<p>La m\u00eame pro\u00adpa\u00adgande fut faite dans les autres \u00ab&nbsp;colo\u00adnies&nbsp;\u00bb&nbsp;; et les masses d\u00e9ci\u00add\u00e8rent de se mettre en gr\u00e8ve le 3 f\u00e9vrier pour obte\u00adnir les 48 heures de tra\u00advail, sans r\u00e9duc\u00adtion de salaire.<\/p>\n<p>L\u2019A\u00adme\u00adri\u00adcan Fede\u00adra\u00adtion of labor \u00e9tait oppo\u00ads\u00e9e \u00e0 la gr\u00e8ve. Celle-ci dura pour\u00adtant seize semaines. Les chefs voyant le peu de confiance que la masse des d\u00e9l\u00e9\u00adgu\u00e9s de gr\u00e8ve avaient en eux, se mirent du c\u00f4t\u00e9 de la bour\u00adgeoi\u00adsie, et au bout de deux semaines envoy\u00e8rent au tra\u00advail leurs syn\u00addi\u00adqu\u00e9s, au nombre de 200 envi\u00adron&nbsp;; mais ceux-ci furent obli\u00adg\u00e9s de ch\u00f4\u00admer apr\u00e8s quelques jours de tra\u00advail, car les pre\u00admi\u00e8res mains du tex\u00adtile res\u00adt\u00e8rent fermes.<\/p>\n<p>On cher\u00adcha alors \u00e0 semer la dis\u00adcorde dans la masse&nbsp;; les jour\u00adnaux lan\u00adc\u00e8rent de fausses nou\u00advelles, les d\u00e9l\u00e9\u00adgu\u00e9s du Comi\u00adt\u00e9 Cen\u00adtral de gr\u00e8ve eurent beau\u00adcoup de peine \u00e0 expli\u00adquer tous ces trucs aux gr\u00e9vistes.<\/p>\n<p>L\u2019exode des enfants fut fait le plus secr\u00e8\u00adte\u00adment pos\u00adsible, car on crai\u00adgnait de voir la police renou\u00adve\u00adler ses exploits de&nbsp;1912.<\/p>\n<p>La gr\u00e8ve conti\u00adnua mal\u00adgr\u00e9 tous les obs\u00adtacles, et \u00e9tait arri\u00adv\u00e9e \u00e0 para\u00adly\u00adser le tex\u00adtile de la Nou\u00advelle Angle\u00adterre. Sous l\u2019ef\u00adfort des d\u00e9l\u00e9\u00adgu\u00e9s, la fra\u00adter\u00adni\u00adt\u00e9 r\u00e9gnait entre les ouvriers de Law\u00adrence. La sixi\u00e8me semaine de gr\u00e8ve, les Alle\u00admands (tr\u00e8s nom\u00adbreux), les Autri\u00adchiens, les Hon\u00adgrois se r\u00e9unis\u00adsaient aux Fran\u00ad\u00e7ais, Belges et Ita\u00adliens. Tous chan\u00adtaient <i>l\u2019In\u00adter\u00adna\u00adtio\u00adnale<\/i>.<\/p>\n<p>Le sur\u00adlen\u00adde\u00admain, les jour\u00adnaux all\u00e8rent leur train sur le socia\u00adlisme, les bol\u00adche\u00adviks et l\u2019a\u00adnar\u00adchie. Ils auraient vou\u00adlu faire croire qu\u2019il n\u2019y avait pas gr\u00e8ve \u00e0 Law\u00adrence, mais qu\u2019une poi\u00adgn\u00e9e de bol\u00adche\u00adviks ter\u00adro\u00adri\u00adsait les ouvriers du tex\u00adtile, qui, par crainte, res\u00adtaient dehors.<\/p>\n<p>La police orga\u00adni\u00adsa des atten\u00adtats, mais en vain, Enfin, apr\u00e8s quinze semaines et demi de gr\u00e8ve, les com\u00adpa\u00adgnies annon\u00adc\u00e8rent qu\u2019\u00e0 par\u00adtir du 2 juin 1919, les ouvriers feraient 48 heures par semaine et qu\u2019ils auraient 15&nbsp;% d\u2019aug\u00admen\u00adta\u00adtion en com\u00adpen\u00adsa\u00adtion de la vie&nbsp;ch\u00e8re.<\/p>\n<p>L\u2019A\u00admal\u00adga\u00admed tex\u00adtile Wor\u00adkers of Ame\u00adri\u00adca est n\u00e9e de ce der\u00adnier mou\u00adve\u00adment. Elle est com\u00adbat\u00adtue par l\u2019A\u00adme\u00adri\u00adcan Fede\u00adra\u00adtion of Labor&nbsp;; mais elle per\u00adsiste, bien que beau\u00adcoup d\u2019u\u00adsines obligent leurs ouvriers d\u2019adh\u00e9\u00adrer au Syn\u00addi\u00adcat de l\u2019A.F.&nbsp;of&nbsp;L. et que les com\u00adpa\u00adgnies payent leur ini\u00adtia\u00adtion \u00e0 l\u2019U\u00adnion. \u00c0 Law\u00adrence, en par\u00adti\u00adcu\u00adlier, on se sou\u00advien\u00addra du r\u00f4le n\u00e9faste jou\u00e9 par Gol\u00adden, le pr\u00e9\u00adsident du Tex\u00adtile de l\u2019A.F.&nbsp;of&nbsp;L. dans la gr\u00e8ve actuelle et dans celle de&nbsp;1912.<\/p>\n<p>Hen\u00adri Vierlinck<br>\n<br>27 ao\u00fbt&nbsp;1919<\/p>\n<p>[|<b>*  *  *  *  *<\/b>|]<br>\n<br>\nDans votre num\u00e9\u00adro du 15 juillet \u00ab&nbsp;\u00c9tats-Unis&nbsp;\u00bb, il y a exa\u00adg\u00e9\u00adra\u00adtion extra\u00ador\u00addi\u00adnaire. La guerre est ter\u00admi\u00adn\u00e9e&nbsp;; m\u00eame pour les patriotes, il n\u2019est plus n\u00e9ces\u00adsaire de semer la haine de l\u2019Al\u00adle\u00admand (sauf pour les exploiteurs).<\/p>\n<p>Quels sont ces vil\u00adlages, et ces villes enti\u00e8res qui furent com\u00adpl\u00e8\u00adte\u00adment d\u00e9truits&nbsp;? O\u00f9 les habi\u00adtants, tous des non-com\u00adbat\u00adtants, furent tu\u00e9s par l\u2019ac\u00adtion des explo\u00adsifs de haute compression&nbsp;?<\/p>\n<p>Com\u00adpa\u00adrez donc le nombre d\u2019ex\u00adplo\u00adsions avec l\u2019ac\u00adti\u00advi\u00adt\u00e9 de l\u2019in\u00addus\u00adtrie, et la capa\u00adci\u00adt\u00e9 des ouvriers qui \u00e9taient employ\u00e9s dans d\u2019autres industries.<\/p>\n<p>Quelle est cette pro\u00adpa\u00adgande r\u00e9vo\u00adlu\u00adtion\u00adnaire presque aus\u00adsi vio\u00adlente et qui ne cachait point sou carac\u00adt\u00e8re ger\u00adma\u00adno\u00adphile de la part des I.W.W.&nbsp;?<\/p>\n<p>Je crois \u00e0 votre sin\u00adc\u00e9\u00adri\u00adt\u00e9, \u00e0 votre concep\u00adtion de jus\u00adtice. Vous avez \u00e9t\u00e9 <i>tr\u00e8s, tr\u00e8s<\/i> mal inform\u00e9.<\/p>\n<p>Les I.W.W., comme tous ceux qui osent pen\u00adser, ont \u00e9t\u00e9 et sont encore sous la botte d\u2019un gou\u00adver\u00adne\u00adment, qui, avec la Vic\u00adtoire, a rap\u00adpor\u00adt\u00e9 de l\u2019Al\u00adle\u00admagne des auto\u00adcra\u00adtiques m\u00e9thodes bien perfectionn\u00e9es.<\/p>\n<p>Jules Scar\u00adce\u00adriaux, secr\u00e9taire,<br>\n<br>Contra Cos\u00adta. Cen\u00adtral Labor Richmond<br>\n<br>Cali\u00adfor\u00adnie Council.<\/p>\n<p>[(La revue du mou\u00adve\u00adment social, qui a pro\u00advo\u00adqu\u00e9 la pro\u00adtes\u00adta\u00adtion ci-des\u00adsus, a paru dans notre num\u00e9\u00adro de juillet et a \u00e9t\u00e9 \u00e9crite par un de nos col\u00adla\u00adbo\u00adra\u00adteurs qui est, comme le cama\u00adrade Scar\u00adce\u00adriaux, un Fran\u00ad\u00e7ais am\u00e9\u00adri\u00adca\u00adni\u00ads\u00e9. Tous les deux aus\u00adsi sont des tra\u00advailleurs, tous deux sont anarchistes.)]<\/p>\n<p>[|<b>*  *  *  *  *<\/b>|]<br>\n<br>\nLe cama\u00adrade Thiou\u00adlouse nous envoie une longue lettre sur le Congr\u00e8s Conf\u00e9\u00add\u00e9\u00adral de Lyon, o\u00f9 il  cri\u00adtique avec v\u00e9h\u00e9\u00admence les per\u00adsonnes. Si les cri\u00adtiques nous semblent justes \u00e0 un cer\u00adtain point de vue, nous ne tenons pas \u00e0 atta\u00adquer les indi\u00advi\u00addus. Nous avons tou\u00adjours r\u00e9pu\u00adgn\u00e9 \u00e0 inter\u00adve\u00adnir dans les que\u00adrelles de per\u00adsonnes, m\u00eame pour r\u00e9pondre \u00e0 des injures et \u00e0 des calom\u00adnies. Nous lais\u00adsons ce genre de pro\u00adpa\u00adgande aux jour\u00adnaux dits de combat.<\/p>\n<p>Thiou\u00adlouse incri\u00admine sur\u00adtout cer\u00adtains fonc\u00adtion\u00adnaires syn\u00addi\u00adcaux de vou\u00adloir ou d\u2019a\u00advoir vou\u00adlu exclure les anar\u00adchistes. Et il dit avec juste raison&nbsp;:<\/p>\n<p>\u00ab&nbsp;C\u2019est \u00e0 cause de Fer\u00adnand Pel\u00adlou\u00adtier que les anar\u00adchistes, \u00e0 la suite de Paul Dele\u00adsalle, col\u00adla\u00adbo\u00adra\u00adteur des pre\u00admiers <i>Temps Nou\u00adveaux<\/i>, et d\u2019\u00c9mile Pou\u00adget, r\u00e9dac\u00adteur du <i>P\u00e8re Pei\u00adnard<\/i>, sont venus peu \u00e0 peu \u00e0 la C.G.T\u2026 et la nou\u00advelle pro\u00adpa\u00adgande \u00e0 abou\u00adti au pre\u00admier mai&nbsp;1906.&nbsp;\u00bb<\/p>\n<p>[|<b>*  *  *  *  *<\/b>|]<br>\n<br>\nUn de nos abon\u00adn\u00e9s nous \u00e9crit pour s\u2019\u00e9\u00adton\u00adner que la pro\u00adtes\u00adta\u00adtion du Groupe <i>Clar\u00adt\u00e9<\/i>, parue sur la cou\u00adver\u00adture du num\u00e9\u00adro de sep\u00adtembre, n\u2019ait pas \u00e9t\u00e9 accom\u00adpa\u00adgn\u00e9e tout au moins d\u2019une note de la R\u00e9daction.<\/p>\n<p>Nous avons, en effet, publi\u00e9 ladite pro\u00adtes\u00adta\u00adtion comme docu\u00adment, et parce que son affi\u00adchage avait \u00e9t\u00e9 inter\u00addit par le Gouvernement.<\/p>\n<p>Mais si nous croyons que le r\u00e9gime bol\u00adche\u00advik a g\u00e2ch\u00e9 la r\u00e9vo\u00adlu\u00adtion russe, cela ne signi\u00adfie pas que nous vou\u00adlions le voir rem\u00adpla\u00adc\u00e9 par la ter\u00adreur blanche exer\u00adc\u00e9e d\u00e9j\u00e0 par Deni\u00adkine avec la com\u00adpli\u00adci\u00adt\u00e9 des gou\u00adver\u00adne\u00adments alli\u00e9s.<\/p>\n","protected":false},"excerpt":{"rendered":"<p>\u00c0 pro\u00adpos de notre mou\u00adve\u00adment inter\u00adna\u00adtio\u00adnal Notre cama\u00adrade et ami E. Cos\u00adta nous prie d\u2019in\u00adfor\u00admer les lec\u00adteurs des Temps Nou\u00adveaux qu\u2019il n\u2019est pas l\u2019au\u00adteur du der\u00adnier article consa\u00adcr\u00e9 dans notre Revue au Por\u00adtu\u00adgal. Dor\u00e9\u00adna\u00advant, pour tout ce qui concer\u00adne\u00adra le mou\u00adve\u00adment social en ce pays, c\u2019est notre ami qui infor\u00adme\u00adra Les Temps Nou\u00adveaux. Spring Valley&nbsp;[\u2026]<\/p>\n","protected":false},"author":1,"featured_media":0,"comment_status":"closed","ping_status":"closed","sticky":false,"template":"","format":"standard","meta":{"wp_typography_post_enhancements_disabled":false,"footnotes":""},"categories":[311],"tags":[],"ppma_author":[540],"class_list":["post-2591","post","type-post","status-publish","format-standard","hentry","category-les-temps-nouveaux-na4-15-octobre-1919"],"authors":[{"term_id":540,"user_id":1,"is_guest":0,"slug":"admin_3gikpwyf","display_name":"Vincent Dubuc","avatar_url":"https:\/\/secure.gravatar.com\/avatar\/d015720652c25fd2ced191ade86430094e1f288a17483713e3b34d26dea52507?s=96&d=mm&r=g","author_category":"","user_url":"https:\/\/la-presse-anarchiste.net","last_name":"Dubuc","first_name":"Vincent","job_title":"","description":""}],"_links":{"self":[{"href":"https:\/\/la-presse-anarchiste.net\/index.php\/wp-json\/wp\/v2\/posts\/2591","targetHints":{"allow":["GET"]}}],"collection":[{"href":"https:\/\/la-presse-anarchiste.net\/index.php\/wp-json\/wp\/v2\/posts"}],"about":[{"href":"https:\/\/la-presse-anarchiste.net\/index.php\/wp-json\/wp\/v2\/types\/post"}],"author":[{"embeddable":true,"href":"https:\/\/la-presse-anarchiste.net\/index.php\/wp-json\/wp\/v2\/users\/1"}],"replies":[{"embeddable":true,"href":"https:\/\/la-presse-anarchiste.net\/index.php\/wp-json\/wp\/v2\/comments?post=2591"}],"version-history":[{"count":0,"href":"https:\/\/la-presse-anarchiste.net\/index.php\/wp-json\/wp\/v2\/posts\/2591\/revisions"}],"wp:attachment":[{"href":"https:\/\/la-presse-anarchiste.net\/index.php\/wp-json\/wp\/v2\/media?parent=2591"}],"wp:term":[{"taxonomy":"category","embeddable":true,"href":"https:\/\/la-presse-anarchiste.net\/index.php\/wp-json\/wp\/v2\/categories?post=2591"},{"taxonomy":"post_tag","embeddable":true,"href":"https:\/\/la-presse-anarchiste.net\/index.php\/wp-json\/wp\/v2\/tags?post=2591"},{"taxonomy":"author","embeddable":true,"href":"https:\/\/la-presse-anarchiste.net\/index.php\/wp-json\/wp\/v2\/ppma_author?post=2591"}],"curies":[{"name":"wp","href":"https:\/\/api.w.org\/{rel}","templated":true}]}}