{"id":2592,"date":"2010-07-23T19:19:56","date_gmt":"2010-07-23T19:19:56","guid":{"rendered":"https:\/\/la-presse-anarchiste.net\/index.php\/2010\/07\/23\/bibliographie-10\/"},"modified":"2010-07-23T19:19:56","modified_gmt":"2010-07-23T19:19:56","slug":"bibliographie-10","status":"publish","type":"post","link":"https:\/\/la-presse-anarchiste.net\/index.php\/2010\/07\/23\/bibliographie-10\/","title":{"rendered":"Bibliographie"},"content":{"rendered":"<div class=\"pdfprnt-buttons pdfprnt-buttons-post pdfprnt-top-right\"><a href=\"https:\/\/la-presse-anarchiste.net\/index.php\/wp-json\/wp\/v2\/posts\/2592?print=pdf\" class=\"pdfprnt-button pdfprnt-button-pdf\" target=\"_blank\"><img decoding=\"async\" src=\"https:\/\/la-presse-anarchiste.net\/wp-content\/plugins\/pdf-print\/images\/pdf.png\" alt=\"image_pdf\" title=\"Afficher le PDF\"><\/a><a href=\"https:\/\/la-presse-anarchiste.net\/index.php\/wp-json\/wp\/v2\/posts\/2592?print=print\" class=\"pdfprnt-button pdfprnt-button-print\" target=\"_blank\"><img decoding=\"async\" src=\"https:\/\/la-presse-anarchiste.net\/wp-content\/plugins\/pdf-print\/images\/print.png\" alt=\"image_print\" title=\"Contenu imprim\u00e9\"><\/a><\/div><p><b>Pro\u00adbl\u00e8mes \u00e9co\u00adno\u00admiques d\u2019a\u00adpr\u00e8s-guerre<\/b> [[Par M.&nbsp;de Lau\u00adnay, membre de l\u2019Ins\u00adti\u00adtut, un volume, 4 fr. 55 avec la majo\u00adra\u00adtion, chez A. Colin, 103, bou\u00adle\u00advard Saint-Michel.]].\u200a\u2014\u200aLe pro\u00adbl\u00e8me est&nbsp;: \u00ab&nbsp;Com\u00adment faire face aux charges qui vont peser sur les peuples par suite du gas\u00adpillage d\u2019hommes et d\u2019argent qu\u2019a entra\u00ee\u00adn\u00e9 la guerre&nbsp;?&nbsp;\u00bb<\/p>\n<p>\u00ab&nbsp;Aug\u00admen\u00adter la pro\u00adduc\u00adtion, am\u00e9\u00adlio\u00adrer l\u2019ou\u00adtillage et nos m\u00e9thodes&nbsp;\u00bb, r\u00e9pond l\u2019au\u00adteur. C\u2019est la r\u00e9ponse que fera tout homme sen\u00ads\u00e9, m\u00eame s\u2019il n\u2019est pas de l\u2019Institut.<\/p>\n<p>\u00ab&nbsp;Et en cen\u00adtra\u00adli\u00adsant le com\u00admerce et l\u2019in\u00addus\u00adtrie&nbsp;\u00bb, ajoute-t-il, ce qui est dis\u00adcu\u00adtable. \u00ab&nbsp;En \u00e9co\u00adno\u00admi\u00adsant, en retran\u00adchant sur une foule de besoins fac\u00adtices que nous nous sommes cr\u00e9\u00e9s.&nbsp;\u00bb<\/p>\n<p>Que la plu\u00adpart des gens seront for\u00adc\u00e9s de se pri\u00adver, non seule\u00adment sur des besoins fac\u00adtices, mais sur de r\u00e9els besoins, cela est hors de doute. Mais il est un autre cha\u00adpitre d\u2019\u00e9\u00adco\u00adno\u00admies que j\u2019au\u00adrais vou\u00adlu voir M.&nbsp;de Lau\u00adnay trai\u00adter, c\u2019est celui des \u00e9co\u00adno\u00admies sur le bud\u00adget des d\u00e9penses publiques.<\/p>\n<p>Avant la guerre, nous \u00e9tions d\u00e9j\u00e0 sur\u00adchar\u00adg\u00e9s d\u2019une bureau\u00adcra\u00adtie fai\u00adn\u00e9ante et encom\u00adbrante, la guerre n\u2019a fait que rajou\u00adter \u00e0 ce far\u00addeau d\u00e9sa\u00adgr\u00e9able, dont la prin\u00adci\u00adpale occu\u00adpa\u00adtion est de com\u00adpli\u00adquer les choses et de faire perdre leur temps \u00e0 ceux qui sont for\u00adc\u00e9s d\u2019a\u00advoir affaire \u00e0 eux. Que l\u2019on sup\u00adprime les emplois inutiles, et que l\u2019on exige de ceux qui res\u00adtent un tra\u00advail utile et accom\u00adpli d\u2019une fa\u00e7on intel\u00adli\u00adgente. Que ceux-l\u00e0 soient mieux pay\u00e9s, soit&nbsp;! Il y aura encore \u00e9conomie.<\/p>\n<p>Et, enfin, il y a la grande \u00e9co\u00adno\u00admie \u00e0 laquelle il fau\u00addra bien que l\u2019on se r\u00e9solve&nbsp;: l\u2019a\u00adbat\u00adte\u00adment du bud\u00adget mili\u00adtaire, le d\u00e9sar\u00adme\u00adment, en atten\u00addant qu\u2019on le sup\u00adprime totalement.<\/p>\n<p>Mais reve\u00adnons au livre de M.&nbsp;de Lau\u00adnay.. L\u2019au\u00adteur nous pr\u00eache la cen\u00adtra\u00adli\u00adsa\u00adtion du com\u00admerce et de l\u2019in\u00addus\u00adtrie, nous don\u00adnant comme exemple le Comp\u00adtoir de Longwy pour les fontes.<\/p>\n<p>La cen\u00adtra\u00adli\u00adsa\u00adtion\u200a\u2014\u200aen dehors de la poli\u00adtique\u200a\u2014\u200adans le com\u00admerce, dans l\u2019in\u00addus\u00adtrie, par exemple&nbsp;; peut avoir du bon, jusque \u00e0 un cer\u00adtain point. Il est \u00e9vident que cela peut aider \u00e0 r\u00e9a\u00adli\u00adser une \u00e9co\u00adno\u00admie de tra\u00advail et d\u2019argent. Mais, d\u00e9pas\u00ads\u00e9 ce point, non seule\u00adment le b\u00e9n\u00e9\u00adfice dis\u00adpa\u00adra\u00eet, mais il peut y avoir gas\u00adpillage. Et, au sur\u00adplus, la plu\u00adpart du temps, la cen\u00adtra\u00adli\u00adsa\u00adtion ne se fait qu\u2019au d\u00e9tri\u00adment du consommateur.<\/p>\n<p>Par exemple, pour la guerre, on a cen\u00adtra\u00adli\u00ads\u00e9 l\u2019ar\u00adri\u00adv\u00e9e de cer\u00adtaines mar\u00adchan\u00addises et char\u00adg\u00e9 cer\u00adtains groupes de les r\u00e9par\u00adtir aux indus\u00adtriels qui les uti\u00adlisent. On a bap\u00adti\u00ads\u00e9 cela de \u00ab&nbsp;p\u00e9r\u00e9qua\u00adtion&nbsp;\u00bb&nbsp;! C\u2019est tou\u00adjours bien d\u2019employer des mots bar\u00adbares que le public ne com\u00adprend pas, \u00e7a aide \u00e0 embrouiller les choses.<\/p>\n<p>Cela aurait \u00e9t\u00e9 tr\u00e8s bien si les op\u00e9\u00adra\u00adtions avaient \u00e9t\u00e9 conduites hon\u00adn\u00ea\u00adte\u00adment. Mais, en mati\u00e8re de gain, o\u00f9 finit l\u2019hon\u00adn\u00ea\u00adte\u00adt\u00e9, o\u00f9 com\u00admence le&nbsp;vol&nbsp;?<\/p>\n<p>Voi\u00adci, par exemple, ce qui s\u2019est pas\u00ads\u00e9 pour les aciers. \u2013 On avait char\u00adg\u00e9 le Comi\u00adt\u00e9 des Forges de cen\u00adtra\u00adli\u00adser les achats d\u2019a\u00adcier et de les r\u00e9par\u00adtir aux consommateurs.<\/p>\n<p>Or, d\u2019a\u00adpr\u00e8s T\u00e9ry, dans <i>l\u2019\u0152uvre<\/i>, ce Comi\u00adt\u00e9 des Forges ache\u00adtait des aciers en Angle\u00adterre. Comp\u00adtant lar\u00adge\u00adment, tou\u00adjours d\u2019a\u00adpr\u00e8s T\u00e9ry, ils pou\u00advaient lui reve\u00adnir \u00e0 55&nbsp;fr. (la tonne ou les 100 kilos&nbsp;? \u2013 \u00e7a n\u2019a pas d\u2019im\u00adpor\u00adtance). Le Comi\u00adt\u00e9 des Forges reven\u00addit d\u2019a\u00adbord 95&nbsp;fr. ce qui lui co\u00fb\u00adtait 55, ce qui lui fai\u00adsait d\u00e9j\u00e0 un coquet b\u00e9n\u00e9\u00adfice, de&nbsp;73&nbsp;%.<\/p>\n<p>Mais \u00e0 quoi bon avoir un mono\u00adpole, s\u2019il faut se conten\u00adter de si peu&nbsp;? Le prix de vente finit par \u00eatre por\u00adt\u00e9 \u00e0 120&nbsp;fr.&nbsp;!<\/p>\n<p>Quant aux t\u00f4les, c\u2019est encore M.&nbsp;T\u00e9ry qui nous ren\u00adseigne, elles valaient, en Angle\u00adterre, 270&nbsp;fr. la tonne. En France, 870&nbsp;fr.&nbsp;!<\/p>\n<p>Or, comme il faut de l\u2019a\u00adcier, des t\u00f4les, et autres sortes de fers pour construire de l\u2019ou\u00adtillage, des machines, des navires, voi\u00adl\u00e0 une des pre\u00admi\u00e8res causes de la vie ch\u00e8re&nbsp;; tout sim\u00adple\u00adment parce que des ban\u00addits, qui m\u00e9ri\u00adte\u00adraient d\u2019\u00eatre pen\u00addus, ont pro\u00adfi\u00adt\u00e9 des mal\u00adheurs publics pour s\u2019enrichir.<\/p>\n<p>Quant au Comp\u00adtoir de Longwy que l\u2019au\u00adteur nous donne comme exemple et dont il entonne les louanges apr\u00e8s MM.&nbsp;des Rou\u00adsiers&nbsp;[[&nbsp;<i>Les Syn\u00addi\u00adcats Indus\u00adtriels en France et \u00e0 l\u2019\u00c9tranger<\/i>, un volume, chez Colin.]], de-Saint-L\u00e9on&nbsp;[[&nbsp;<i>Car\u00adtells et Trusts<\/i>, chez Lecoffre, 90, rue Bona\u00adparte.]], et qui, loin de l\u00e9ser le public, aurait fait bais\u00adser le prix de la fonte, n\u2019ayant pas le carac\u00adt\u00e8re d\u2019un trust, lais\u00adsant toute liber\u00adt\u00e9 \u00e0 ses membres quant \u00e0 leur pro\u00adduc\u00adtion, ne leur impo\u00adsant que l\u2019o\u00adbli\u00adga\u00adtion pour la vente en France de pas\u00adser par son inter\u00adm\u00e9\u00addiaire, tout cela est bel et bien, mais il reste un point qui, selon moi, deman\u00adde\u00adrait \u00e0 \u00eatre \u00e9tudi\u00e9.<\/p>\n<p>Le Comp\u00adtoir de Longwy ne fait que cen\u00adtra\u00adli\u00adser les com\u00admandes pour la France. Pour les prix, il est for\u00adc\u00e9 de tenir compte de la concur\u00adrence, il aurait m\u00eame aid\u00e9 \u00e0 faire bais\u00adser les prix, c\u2019est enten\u00addu. Mais, par la d\u00e9cou\u00adverte du pro\u00adc\u00e9\u00add\u00e9 per\u00admet\u00adtant de d\u00e9phos\u00adpha\u00adter les mine\u00adrais de Lor\u00adraine, ces mine\u00adrais, para\u00eet-il, sont deve\u00adnus d\u2019une richesse incom\u00adpa\u00adrable. Leur meilleur ren\u00adde\u00adment devait, incon\u00adtes\u00adta\u00adble\u00adment, faire bais\u00adser le prix de la fonte. Cette baisse est-elle des\u00adcen\u00addue au bas prix que, nor\u00adma\u00adle\u00adment, elle devait atteindre&nbsp;? Voi\u00adl\u00e0 ce qu\u2019il s\u2019a\u00adgi\u00adrait de savoir.<\/p>\n<p> Il y a, dans cette situa\u00adtion du Comp\u00adtoir de Longwy, deux choses qui portent \u00e0 r\u00e9flexion&nbsp;:<\/p>\n<ol>\n<li> Les four\u00adnis\u00adseurs du Comp\u00adtoir sont, pour la fonte qu\u2019ils pro\u00adduisent, leurs propres clients, c\u2019est-\u00e0-dire qu\u2019ils ne mettent en vente que ce qu\u2019ils ne peuvent consommer.<\/li>\n<li> Ils peuvent vendre \u00e0 l\u2019\u00e9\u00adtran\u00adger l\u2019ex\u00adc\u00e9\u00addent de leur pro\u00adduc\u00adtion sans les offices du Comp\u00adtoir, et il leur est arri\u00adv\u00e9 de vendre au-des\u00adsous du prix de revient&nbsp;! N\u2019\u00e9\u00adtait-ce pas au d\u00e9tri\u00adment de leurs clients fran\u00e7ais&nbsp;?<\/li>\n<\/ol>\n<p>Il faut croire qu\u2019il y a bien quelque chose \u00e0 dire sur les op\u00e9\u00adra\u00adtions dudit Comp\u00adtoir, car M.&nbsp;des Rou\u00adsiers, dans son livre, parle, \u00e0 plu\u00adsieurs reprises, des attaques injustes dont, dans un livre, <i>Le Fer, la Houille et la M\u00e9tal\u00adlur\u00adgie<\/i>, M.&nbsp;Georges Vil\u00adlain serait cou\u00adpable. Mal\u00adheu\u00adreu\u00adse\u00adment, je n\u2019ai jamais eu la pos\u00adsi\u00adbi\u00adli\u00adt\u00e9 de lire ledit&nbsp;livre.<\/p>\n<p>[|<b>*  *  *  *  *<\/b>|]<br>\n<br>\nLa \u00ab&nbsp;Ligue des Droits de l\u2019Homme&nbsp;\u00bb nous a envoy\u00e9 deux bro\u00adchures&nbsp;: <i>Le Pro\u00adc\u00e8s Mal\u00advy<\/i> (exa\u00admen cri\u00adtique).\u200a\u2014\u200a<i>L\u2019Af\u00adfaire Caillaux<\/i> (la cam\u00adpagne de pr\u00e9\u00adpa\u00adra\u00adtion)&nbsp;[[Bro\u00adchures \u00e0 0.75 au si\u00e8ge de la Ligue, 10, rue de l\u2019U\u00adni\u00adver\u00adsi\u00adt\u00e9.]]\u200a\u2014\u200aDans la pre\u00admi\u00e8re, l\u2019au\u00adteur, M.&nbsp;F. Albert, n\u2019a pas beau\u00adcoup de peine \u00e0 d\u00e9mon\u00adtrer que le pro\u00adc\u00e8s de Mal\u00advy n\u2019a d\u2019autre rai\u00adson que de vieilles ran\u00adcunes \u00e0 satis\u00adfaire. C\u2019est le fait de tous les pro\u00adc\u00e8s poli\u00adtiques, pour la plus grande par\u00adtie d\u2019eux, tout au moins. Pour les anar\u00adchistes, il a cela de bon au moins qu\u2019il leur a fait conna\u00eetre la mora\u00adli\u00adt\u00e9 de quelques-uns d\u2019entre eux.<\/p>\n<p>Quant \u00e0 l\u2019Af\u00adfaire Caillaux, je sup\u00adpose que, l\u00e0 aus\u00adsi, il s\u2019a\u00adgit de vieilles ran\u00adcunes \u00e0 satis\u00adfaire. Mais, je ne sais pour\u00adquoi, M.&nbsp;Caillaux. n\u2019ar\u00adrive pas \u00e0 me pas\u00adsion\u00adner&nbsp;: Il a tant d\u2019a\u00admis, du reste, que cela n\u2019a aucune importance.<\/p>\n<p>J. Grave.<\/p>\n<p>\u00c0 lire&nbsp;: <i>Les Chefs de l\u2019Oc\u00adci\u00addent<\/i> (leurs d\u00e9ci\u00adsions), par E. Four\u00adnol, <i>Mer\u00adcure de France<\/i>, 16 sep\u00adtembre 1919<\/p>\n","protected":false},"excerpt":{"rendered":"<p>Pro\u00adbl\u00e8mes \u00e9co\u00adno\u00admiques d\u2019a\u00adpr\u00e8s-guerre [[Par M.&nbsp;de Lau\u00adnay, membre de l\u2019Ins\u00adti\u00adtut, un volume, 4 fr. 55 avec la majo\u00adra\u00adtion, chez A. Colin, 103, bou\u00adle\u00advard Saint-Michel.]].\u200a\u2014\u200aLe pro\u00adbl\u00e8me est&nbsp;: \u00ab&nbsp;Com\u00adment faire face aux charges qui vont peser sur les peuples par suite du gas\u00adpillage d\u2019hommes et d\u2019argent qu\u2019a entra\u00ee\u00adn\u00e9 la guerre&nbsp;?&nbsp;\u00bb \u00ab&nbsp;Aug\u00admen\u00adter la pro\u00adduc\u00adtion, am\u00e9\u00adlio\u00adrer l\u2019ou\u00adtillage et nos m\u00e9thodes&nbsp;\u00bb,&nbsp;[\u2026]<\/p>\n","protected":false},"author":1,"featured_media":0,"comment_status":"closed","ping_status":"closed","sticky":false,"template":"","format":"standard","meta":{"wp_typography_post_enhancements_disabled":false,"footnotes":""},"categories":[311],"tags":[],"ppma_author":[540],"class_list":["post-2592","post","type-post","status-publish","format-standard","hentry","category-les-temps-nouveaux-na4-15-octobre-1919"],"authors":[{"term_id":540,"user_id":1,"is_guest":0,"slug":"admin_3gikpwyf","display_name":"Vincent Dubuc","avatar_url":"https:\/\/secure.gravatar.com\/avatar\/d015720652c25fd2ced191ade86430094e1f288a17483713e3b34d26dea52507?s=96&d=mm&r=g","author_category":"","user_url":"https:\/\/la-presse-anarchiste.net","last_name":"Dubuc","first_name":"Vincent","job_title":"","description":""}],"_links":{"self":[{"href":"https:\/\/la-presse-anarchiste.net\/index.php\/wp-json\/wp\/v2\/posts\/2592","targetHints":{"allow":["GET"]}}],"collection":[{"href":"https:\/\/la-presse-anarchiste.net\/index.php\/wp-json\/wp\/v2\/posts"}],"about":[{"href":"https:\/\/la-presse-anarchiste.net\/index.php\/wp-json\/wp\/v2\/types\/post"}],"author":[{"embeddable":true,"href":"https:\/\/la-presse-anarchiste.net\/index.php\/wp-json\/wp\/v2\/users\/1"}],"replies":[{"embeddable":true,"href":"https:\/\/la-presse-anarchiste.net\/index.php\/wp-json\/wp\/v2\/comments?post=2592"}],"version-history":[{"count":0,"href":"https:\/\/la-presse-anarchiste.net\/index.php\/wp-json\/wp\/v2\/posts\/2592\/revisions"}],"wp:attachment":[{"href":"https:\/\/la-presse-anarchiste.net\/index.php\/wp-json\/wp\/v2\/media?parent=2592"}],"wp:term":[{"taxonomy":"category","embeddable":true,"href":"https:\/\/la-presse-anarchiste.net\/index.php\/wp-json\/wp\/v2\/categories?post=2592"},{"taxonomy":"post_tag","embeddable":true,"href":"https:\/\/la-presse-anarchiste.net\/index.php\/wp-json\/wp\/v2\/tags?post=2592"},{"taxonomy":"author","embeddable":true,"href":"https:\/\/la-presse-anarchiste.net\/index.php\/wp-json\/wp\/v2\/ppma_author?post=2592"}],"curies":[{"name":"wp","href":"https:\/\/api.w.org\/{rel}","templated":true}]}}