{"id":2596,"date":"2010-07-23T19:30:06","date_gmt":"2010-07-23T19:30:06","guid":{"rendered":"https:\/\/la-presse-anarchiste.net\/index.php\/2010\/07\/23\/le-congres-confederal\/"},"modified":"2010-07-23T19:30:06","modified_gmt":"2010-07-23T19:30:06","slug":"le-congres-confederal","status":"publish","type":"post","link":"https:\/\/la-presse-anarchiste.net\/index.php\/2010\/07\/23\/le-congres-confederal\/","title":{"rendered":"Le Congr\u00e8s conf\u00e9d\u00e9ral"},"content":{"rendered":"<div class=\"pdfprnt-buttons pdfprnt-buttons-post pdfprnt-top-right\"><a href=\"https:\/\/la-presse-anarchiste.net\/index.php\/wp-json\/wp\/v2\/posts\/2596?print=pdf\" class=\"pdfprnt-button pdfprnt-button-pdf\" target=\"_blank\"><img decoding=\"async\" src=\"https:\/\/la-presse-anarchiste.net\/wp-content\/plugins\/pdf-print\/images\/pdf.png\" alt=\"image_pdf\" title=\"Afficher le PDF\"><\/a><a href=\"https:\/\/la-presse-anarchiste.net\/index.php\/wp-json\/wp\/v2\/posts\/2596?print=print\" class=\"pdfprnt-button pdfprnt-button-print\" target=\"_blank\"><img decoding=\"async\" src=\"https:\/\/la-presse-anarchiste.net\/wp-content\/plugins\/pdf-print\/images\/print.png\" alt=\"image_print\" title=\"Contenu imprim\u00e9\"><\/a><\/div><p>Le Congr\u00e8s de la C.G.T., qui s\u2019est tenu \u00e0 Lyon, du 15 au 20 sep\u00adtembre, a \u00e9t\u00e9 un Congr\u00e8s de liqui\u00adda\u00adtion de la p\u00e9riode de guerre, pas autre chose. La dis\u00adcus\u00adsion s\u2019y est pour\u00adsui\u00advie pen\u00addant cinq jours, sur l\u2019ac\u00adtion de ceux qui ont por\u00adt\u00e9 le far\u00addeau des res\u00adpon\u00adsa\u00adbi\u00adli\u00adt\u00e9s au cours de la tourmente.<\/p>\n<p>L\u2019op\u00adpo\u00adsi\u00adtion, au d\u00e9but tr\u00e8s forte par le nombre et l\u2019ar\u00addeur de ses membres, s\u2019est effon\u00addr\u00e9e par son manque d\u2019u\u00adni\u00adt\u00e9 de vues et le vide des for\u00admules qu\u2019elle offrait au Congr\u00e8s.<\/p>\n<p>Il semble, \u00e0 vrai dire, qu\u2019un grand nombre de congres\u00adsistes aient h\u00e9si\u00adt\u00e9 jus\u00adqu\u2019au der\u00adnier moment entre leurs concep\u00adtions syn\u00addi\u00adca\u00adlistes et les for\u00admules mar\u00adxistes du P.S.U., duquel ils font par\u00adtie pour la plu\u00adpart, et dont les ora\u00adteurs de l\u2019op\u00adpo\u00adsi\u00adtion se fai\u00adsaient, en somme, les inter\u00adpr\u00e8tes. C\u2019est ce qui peut expli\u00adquer, mal\u00adgr\u00e9 le vote final, le suc\u00adc\u00e8s rela\u00adtif des r\u00e9qui\u00adsi\u00adtoires de l\u2019opposition.<\/p>\n<p>Mais le pro\u00adgramme des oppo\u00adsi\u00adtaires, bas\u00e9 sur la vieille phra\u00ads\u00e9o\u00adlo\u00adgie poli\u00adti\u00adco-r\u00e9vo\u00adlu\u00adtion\u00adnaire, ne pou\u00advait tenir devant les concep\u00adtions \u00e9co\u00adno\u00admiques, posi\u00adtives et par l\u00e0 beau\u00adcoup plus r\u00e9vo\u00adlu\u00adtion\u00adnaires du syndicalisme.<\/p>\n<p>[|<b>*  *  *  *  *<\/b>|]<br>\n<br>\nR\u00e9vo\u00adlu\u00adtion poli\u00adtique ou r\u00e9vo\u00adlu\u00adtion \u00e9co\u00adno\u00admique&nbsp;? Ain\u00adsi peuvent se r\u00e9su\u00admer les d\u00e9bats entre les deux ten\u00addances. Les par\u00adti\u00adsans de la der\u00adni\u00e8re ne se pri\u00adve\u00adront pas de repro\u00adcher \u00e0 ceux de la pre\u00admi\u00e8re, leur d\u00e9dain des r\u00e9formes \u00e9co\u00adno\u00admiques, comme la jour\u00adn\u00e9e de huit heures.<\/p>\n<p>Ce qui guide les pre\u00admiers, c\u2019est la r\u00e9vo\u00adlu\u00adtion russe. On est hyp\u00adno\u00adti\u00ads\u00e9 par son exemple et on est impa\u00adtient d\u2019ins\u00adtau\u00adrer dans nos pays d\u00e9mo\u00adcra\u00adtiques un r\u00e9gime cal\u00adqu\u00e9 sur le r\u00e9gime mos\u00adco\u00advite, sans tenir compte que le milieu arri\u00e9\u00adr\u00e9 de l\u2019Eu\u00adrope orien\u00adtale ne peut \u00eatre com\u00adpa\u00adr\u00e9 \u00e0 la civi\u00adli\u00adsa\u00adtion de l\u2019Eu\u00adrope occidentale.<\/p>\n<p><i>Bouet<\/i>, secr\u00e9\u00adtaire de la F\u00e9d\u00e9\u00adra\u00adtion des Ins\u00adti\u00adtu\u00adteurs, se pro\u00adnonce. pour \u00ab&nbsp;la r\u00e9vo\u00adlu\u00adtion pr\u00e9a\u00adlable, faite par les masses diri\u00adg\u00e9es et men\u00e9es par des mili\u00adtants, comme on l\u2019a fait en Rus\u00adsie et en Hongrie&nbsp;\u00bb.<\/p>\n<p>De m\u00eame <i>Ver\u00addier<\/i> (M\u00e9taux, Avey\u00adron) se montre un admi\u00adra\u00adteur sans r\u00e9serves du r\u00e9gime sovi\u00e9\u00adtiste, et r\u00e9sume la concep\u00adtion de ses amis en ces termes&nbsp;: \u00ab&nbsp;Si vous vou\u00adlez faire \u0153uvre r\u00e9vo\u00adlu\u00adtion\u00adnaire, vous devez diri\u00adger votre action vers la conqu\u00eate du pou\u00advoir. Je dis que la r\u00e9vo\u00adlu\u00adtion poli\u00adtique pr\u00e9\u00adc\u00e9\u00adde\u00adra la r\u00e9vo\u00adlu\u00adtion \u00e9conomique.&nbsp;\u00bb<\/p>\n<p><i>Loriot<\/i> lui-m\u00eame, tr\u00e9\u00adso\u00adrier du P.S.U., veut d\u00e9mon\u00adtrer l\u2019illu\u00adsion du pro\u00adl\u00e9\u00adta\u00adriat s\u2019or\u00adga\u00adni\u00adsant au sein de la soci\u00e9\u00adt\u00e9 capi\u00adta\u00adliste pour la d\u00e9truire. \u00ab&nbsp;Il n\u2019y a qu\u2019une seule solu\u00adtion pos\u00adsible&nbsp;: la r\u00e9vo\u00adlu\u00adtion pr\u00e9alable&nbsp;\u00bb.<\/p>\n<p>Chez <i>Monatte<\/i>, dont le r\u00e9qui\u00adsi\u00adtoire fit la plus grosse impres\u00adsion sur le Congr\u00e8s, le pro\u00adgramme posi\u00adtif se borne \u00e9ga\u00adle\u00adment \u00e0 la r\u00e9vo\u00adlu\u00adtion russe. En revanche, sur le ton path\u00e9\u00adtique d\u2019un accu\u00adsa\u00adteur public, il a stig\u00adma\u00adti\u00ads\u00e9 pen\u00addant deux heures le bureau conf\u00e9d\u00e9ral.<\/p>\n<p>Des hommes de l\u2019op\u00adpo\u00adsi\u00adtion vont jus\u00adqu\u2019\u00e0 nier le pro\u00adgr\u00e8s d\u00e9mo\u00adcra\u00adtique. <i>Mon\u00admous\u00adseau<\/i> (Che\u00admi\u00adnots, Paris) s\u2019at\u00adtaque au prin\u00adcipe du Droit des peuples et \u00e0 la Soci\u00e9\u00adt\u00e9 des Nations qui \u00ab&nbsp;n\u2019ont rien de com\u00admun avec les buts du syn\u00addi\u00adca\u00adlisme et de l\u2019In\u00adter\u00adna\u00adtio\u00adnale ouvri\u00e8re.&nbsp;\u00bb<\/p>\n<p>Et il s\u2019ex\u00adprime en ces termes bor\u00adn\u00e9s \u00ab&nbsp;Nous disons que le syn\u00addi\u00adca\u00adlisme natio\u00adnal est li\u00e9 \u00e0 la d\u00e9mocratie&nbsp;\u00bb.<\/p>\n<p>Ce qu\u2019on peut \u00e9ga\u00adle\u00adment repro\u00adcher aux mino\u00adri\u00adtaires, ain\u00adsi qu\u2019\u00e0 cer\u00adtains ral\u00adli\u00e9s de la majo\u00adri\u00adt\u00e9, c\u2019est l\u2019in\u00adcom\u00adpr\u00e9\u00adhen\u00adsion per\u00adsis\u00adtante de la guerre, comme d\u00e9fense contre la r\u00e9ac\u00adtion, germanique.<\/p>\n<p><i>Monatte<\/i> \u00ab&nbsp;recon\u00adna\u00eet&nbsp;\u00bb qu\u2019il \u00e9tait impos\u00adsible \u00ab&nbsp;de d\u00e9clen\u00adcher la gr\u00e8ve g\u00e9n\u00e9\u00adrale devant la mobi\u00adli\u00adsa\u00adtion. La vague a pas\u00ads\u00e9 dans un pays affo\u00adl\u00e9 par les man\u0153uvres de nos enne\u00admis de classe&nbsp;\u00bb. <i>Sirolle<\/i> (Che\u00admi\u00adnots, Paris) lui, dira&nbsp;: \u00ab&nbsp;La plus grande immo\u00adra\u00adli\u00adt\u00e9 \u00e0 \u00e9t\u00e9 de pr\u00ea\u00adter appui \u00e0 la guerre.&nbsp;\u00bb<\/p>\n<p>[|<b>*  *  *  *  *<\/b>|]<br>\n<br>\nFai\u00adsant pen\u00addant \u00e0 l\u2019in\u00adter\u00adven\u00adtion de Monatte, et salu\u00e9 comme elle, \u00e0 son issue, par <i>l\u2019In\u00adter\u00adna\u00adtio\u00adnale<\/i>, enton\u00adn\u00e9e par l\u2019As\u00adsem\u00adbl\u00e9e, le dis\u00adcours de Mer\u00adrheim consti\u00adtue le meilleur mor\u00adceau ora\u00adtoire du Congr\u00e8s. Et le \u00ab&nbsp;ral\u00adli\u00e9&nbsp;\u00bb Mer\u00adrheim lan\u00adce\u00adra de dures v\u00e9rit\u00e9s.<\/p>\n<p>Il dira \u00e0 Loriot&nbsp;: \u00ab&nbsp;Vous \u00eates trop socia\u00adliste pour ne pas souf\u00adfrir cruel\u00adle\u00adment de l\u2019\u00e9\u00adtat moral dans lequel menace de som\u00adbrer le socia\u00adlisme et son id\u00e9al r\u00e9vo\u00adlu\u00adtion\u00adnaire et pour ne pas regret\u00adter avec moi la stag\u00adna\u00adtion dans un gouffre d\u2019in\u00adt\u00e9\u00adr\u00eat qui fait que la classe ouvri\u00e8re laisse chaque jour une part d\u2019i\u00add\u00e9al pour ne lut\u00adter que pour avoir de l\u2019argent, tou\u00adjours de l\u2019argent et beau\u00adcoup d\u2019argent.&nbsp;\u00bb<\/p>\n<p>Et encore&nbsp;: \u00ab&nbsp;Si nous vou\u00adlons faire que l\u2019af\u00adfran\u00adchis\u00adse\u00adment des tra\u00advailleurs soit l\u2019\u0153uvre du tra\u00advail et fait par les tra\u00advailleurs eux-m\u00eames, il est indis\u00adpen\u00adsable que nous lut\u00adtions contre la vague d\u2019im\u00admo\u00adra\u00adli\u00adt\u00e9 g\u00e9n\u00e9\u00adrale qui atteint dans une plus ou moins grande mesure toutes les classes. Il faut que nous met\u00adtions en garde nos cama\u00adrades contre cette ten\u00addance de lut\u00adter seule\u00adment pour obte\u00adnir de gros salaires, d\u2019o\u00f9 ne peuvent sor\u00adtir aucune am\u00e9\u00adlio\u00adra\u00adtion positive&nbsp;\u00bb.<\/p>\n<p>Qui aurait atten\u00addu un tel lan\u00adgage, d\u2019une telle bouche&nbsp;? Mer\u00adrheim, cham\u00adpion de l\u2019i\u00add\u00e9a\u00adlisme&nbsp;; lui qui n\u2019a ces\u00ads\u00e9 de pi\u00e9\u00adti\u00adner cet id\u00e9a\u00adlisme, jus\u00adqu\u2019\u00e0 une \u00e9poque r\u00e9cente&nbsp;; lui, un des lea\u00adders de l\u2019\u00e9\u00adtroit ouvri\u00e9\u00adrisme&nbsp;! Comme les autres fonc\u00adtion\u00adnaires, il r\u00e9colte aujourd\u2019\u00adhui le fruit de ses propres erreurs d\u2019antan.<\/p>\n<p>Mais il a eu un autre chan\u00adge\u00adment d\u2019at\u00adti\u00adtudes qu\u2019il admet, celui-l\u00e0, et qui est rela\u00adtif \u00e0 la ligne de conduite conf\u00e9\u00add\u00e9\u00adrale. Le secr\u00e9\u00adtaire des M\u00e9taux s\u2019est trou\u00adv\u00e9, au cours, de la guerre, dans la situa\u00adtion d\u2019un mon\u00adsieur qui, s\u2019\u00e9\u00adtant impru\u00addem\u00adment lais\u00ads\u00e9 choi\u00adsir comme chef de l\u2019op\u00adpo\u00adsi\u00adtion dite d\u00e9fai\u00adtiste, s\u2019a\u00adper\u00ad\u00e7oit tout \u00e0 coup que ses troupes le conduisent vers des situa\u00adtions dangereuses.<\/p>\n<p>Et qu\u2019est-ce qui a d\u00e9ter\u00admi\u00adn\u00e9 la volte-face de Mer\u00adrheim&nbsp;? C\u2019est, dit-il, le dan\u00adger alle\u00admand au d\u00e9but de 1918, quand la ru\u00e9e des masses enne\u00admies mena\u00ad\u00e7ait Paris. \u00c0 ce moment-l\u00e0, Mer\u00adrheim se sou\u00advint fort oppor\u00adtu\u00adn\u00e9\u00adment de la motion de Zim\u00admer\u00adwald, qui disait \u00ab&nbsp;Ni vain\u00adqueurs, ni vain\u00adcus&nbsp;\u00bb, et il ne vou\u00adlut pas que la France subit une paix de Brest-Litovsk.<\/p>\n<p>Ain\u00adsi, ce dan\u00adger alle\u00admand, il ne l\u2019a\u00advait pas aper\u00ad\u00e7u plus t\u00f4t&nbsp;! Ni la vio\u00adla\u00adtion de la Bel\u00adgique, ni Char\u00adle\u00adroi, ni les des\u00adtruc\u00adtions sous-marines et toutes les hor\u00adreurs, propres \u00e0 la guerre ger\u00adma\u00adnique ne lui avait fait com\u00adprendre quelle menace pesait sur l\u2019humanit\u00e9.<\/p>\n<p>R\u00e9pon\u00addant \u00e0 ceux qui ne se sou\u00adcient pas de la pro\u00adduc\u00adtion et affirment, tel Mon\u00admous\u00adseau, que \u00ab&nbsp;puisque les capi\u00adta\u00adlistes seuls sont res\u00adpon\u00adsables de la guerre, qu\u2019ils s\u2019or\u00adga\u00adnisent comme-ils l\u2019en\u00adten\u00addront&nbsp;; nous n\u2019a\u00advons rien \u00e0 faire pour les aider&nbsp;: lais\u00adsons-les aller \u00e0 la ban\u00adque\u00adroute&nbsp;\u00bb. Mer\u00adrheim d\u00e9clare qu\u2019il a essay\u00e9 de faire p\u00e9n\u00e9\u00adtrer dans les masses l\u2019i\u00add\u00e9e que la pro\u00adduc\u00adtion est une condi\u00adtion essen\u00adtielle de la soli\u00addi\u00adt\u00e9 d\u2019une r\u00e9vo\u00adlu\u00adtion sociale. Sa plus grande souf\u00adfrance, c\u2019est d\u2019a\u00advoir ren\u00adcon\u00adtr\u00e9 en France une situa\u00adtion r\u00e9vo\u00adlu\u00adtion\u00adnaire, mais pas un esprit r\u00e9volutionnaire.<\/p>\n<p>Plus tard, <i>Bide\u00adgar\u00adray<\/i> s\u2019\u00e9\u00adcrie\u00adra&nbsp;: \u00ab&nbsp;Est-ce que, hyp\u00adno\u00adti\u00ads\u00e9s par cette r\u00e9vo\u00adlu\u00adtion qui gran\u00addi\u00adra, para\u00eet-il, tous les jours, nous allons oublier qu\u2019il faut man\u00adger quand&nbsp;m\u00eame.&nbsp;\u00bb<\/p>\n<p>[|<b>*  *  *  *  *<\/b>|]<br>\n<br>\nL\u2019\u00e9\u00adchec du 21 juillet est l\u2019\u00e9\u00adpi\u00adsode sur lequel les ten\u00addances se heurtent avec le plus de viva\u00adci\u00adt\u00e9. Il appar\u00adtien\u00addra sur\u00adtout \u00e0 Dumou\u00adlin,\u200a\u2014\u200aun autre \u00ab&nbsp;ral\u00adli\u00e9&nbsp;\u00bb\u200a\u2014\u200ade jus\u00adti\u00adfier l\u2019a\u00adban\u00addon de la manifestation.<\/p>\n<p>Cepen\u00addant, la prin\u00adci\u00adpale cri\u00adtique appor\u00adt\u00e9e contre la C.G.T., rela\u00adti\u00adve\u00adment, \u00e0 son action de guerre, est celle de la \u00ab&nbsp;col\u00adla\u00adbo\u00adra\u00adtion&nbsp;\u00bb avec le gou\u00adver\u00adne\u00adment. Tous les actes des membres du Bureau sont pas\u00ads\u00e9s au crible de l\u2019op\u00adpo\u00adsi\u00adtion depuis le mal\u00aden\u00adcon\u00adtreux voyage \u00e0 Bor\u00addeaux jus\u00adqu\u2019\u00e0 la par\u00adti\u00adci\u00adpa\u00adtion \u00e0 la Conf\u00e9\u00adrence de la paix, en pas\u00adsant par les mille et une d\u00e9marches aupr\u00e8s des ministres.<\/p>\n<p><i>Dumou\u00adlin<\/i>, r\u00e9pond au sujet des d\u00e9marches&nbsp;: \u00ab&nbsp;Vous oubliez que vous sor\u00adtez d\u2019une longue et dou\u00adlou\u00adreuse p\u00e9riode, pen\u00addant laquelle le seul patron \u00e9tait l\u2019\u00c9tat et le gou\u00adver\u00adne\u00adment, qu\u2019ain\u00adsi les mou\u00adve\u00adments reven\u00addi\u00adca\u00adtifs s\u2019a\u00addres\u00adsaient \u00e0 l\u2019\u00c9tat, et par cons\u00e9\u00adquent est-ce nous, C.G.T., qui nous adres\u00adsions au Minis\u00adt\u00e8re du Tra\u00advail, ou les gr\u00e9\u00advistes&nbsp;? Je vou\u00addrais qu\u2019on me dise quelles gr\u00e8ves ont don\u00adn\u00e9 lieu \u00e0 des d\u00e9marches qui n\u2019aient pas \u00e9t\u00e9 faites sur les demandes des int\u00e9\u00adres\u00ads\u00e9s eux-m\u00eames\u00bb\u2026 \u00ab&nbsp;La v\u00e9ri\u00adt\u00e9, c\u2019est que bien sou\u00advent, toutes vos gr\u00e8ves, nous avons \u00e9t\u00e9 les rep\u00ea\u00adcher au Minis\u00adt\u00e8re du Travail.&nbsp;\u00bb<\/p>\n<p>Mais c\u2019est <i>Jou\u00adhaux<\/i>, qui est le plus atta\u00adqu\u00e9 sur cette ques\u00adtion de la col\u00adla\u00adbo\u00adra\u00adtion. Aus\u00adsi, sa d\u00e9fense porte-t-elle prin\u00adci\u00adpa\u00adle\u00adment sur ce point. Son inter\u00adven\u00adtion, qui a cou\u00adron\u00adn\u00e9 la dis\u00adcus\u00adsion, ne com\u00adporte pas un int\u00e9\u00adr\u00eat com\u00adpa\u00adrable au dis\u00adcours-pro\u00adgramme du 22 juillet, Mais ses expli\u00adca\u00adtions ont fait une forte impres\u00adsion par leur ton de cor\u00adrec\u00adtion et de loyau\u00adt\u00e9, qua\u00adli\u00adt\u00e9s qu\u2019on s\u2019ac\u00adcorde g\u00e9n\u00e9\u00adra\u00adle\u00adment \u00e0 recon\u00adna\u00eetre au secr\u00e9\u00adtaire conf\u00e9\u00add\u00e9\u00adral. En tant que lea\u00adder de la C.G.T., sa valeur r\u00e9side sur\u00adtout dans la poli\u00adtique adroite de sa ges\u00adtion, \u00e0 laquelle, au dire de cer\u00adtains, on est rede\u00advable du main\u00adtien de l\u2019u\u00adni\u00adt\u00e9 ouvri\u00e8re.<\/p>\n<p>Ses visites \u00e0 Cle\u00admen\u00adceau&nbsp;?&nbsp;\u00bb J\u2019y suis all\u00e9 parce que des mili\u00adtants de pro\u00advince et des mili\u00adtants pari\u00adsiens m\u2019y ont tra\u00ee\u00adn\u00e9. Manque-t-il du char\u00adbon quelque part ou ailleurs des wagons, ou y a\u2011t-il des reven\u00addi\u00adca\u00adtions \u00e0 pr\u00e9\u00adsen\u00adter&nbsp;? On Vient \u00e0 la C.G.T. et on dit&nbsp;: \u00ab&nbsp;Il faut aller voir le Gouvernement.&nbsp;\u00bb<\/p>\n<p>Sa col\u00adla\u00adbo\u00adra\u00adtion \u00e0 des orga\u00adnismes de guerre&nbsp;? \u00ab&nbsp;Poli\u00adtique qui n\u2019est ni la lutte de classe, ni la col\u00adla\u00adbo\u00adra\u00adtion, qui est sim\u00adple\u00adment humaine. Est-ce que par hasard les mili\u00adtants syn\u00addi\u00adca\u00adlistes n\u2019au\u00adraient plus le droit d\u2019a\u00adgir sur le ter\u00adrain humanitaire&nbsp;?&nbsp;\u00bb<\/p>\n<p>Jou\u00adhaux ne d\u00e9sa\u00advoue nul\u00adle\u00adment ses rap\u00adports avec Mal\u00advy dont il se f\u00e9li\u00adcite au contraire d\u2019a\u00advoir appuy\u00e9 les efforts r\u00e9el\u00adle\u00adment d\u00e9mocratiques.<\/p>\n<p>S\u2019a\u00addres\u00adsant enfin aux poli\u00adti\u00adciens socia\u00adlistes, il se d\u00e9cla\u00adre\u00adra fran\u00adche\u00adment anti\u00adpar\u00adle\u00admen\u00adtaire et affir\u00adme\u00adra car\u00adr\u00e9\u00adment qu\u2019il n\u2019est pas socialiste.<\/p>\n<p>[|<b>*  *  *  *  *<\/b>|]<br>\n<br>\nLa majo\u00adri\u00adt\u00e9 s\u2019est affir\u00adm\u00e9e sur une motion de confiance et d\u2019ac\u00adtion qui tend \u00e0 pr\u00e9\u00adci\u00adser la charte d\u2019A\u00admiens et \u00e0 en tirer les cons\u00e9\u00adquences. Mal\u00adgr\u00e9 ses lon\u00adgueurs. et ses impr\u00e9\u00adci\u00adsions, on ne peut nier la valeur r\u00e9vo\u00adlu\u00adtion\u00adnaire de ses termes.<\/p>\n<p>La pr\u00e9\u00adoc\u00adcu\u00adpa\u00adtion essen\u00adtielle de la r\u00e9so\u00adlu\u00adtion est \u00ab&nbsp;le recul de la poli\u00adtique devant l\u2019\u00e9\u00adco\u00adno\u00admie&nbsp;\u00bb. Elle renou\u00advelle l\u2019af\u00adfir\u00adma\u00adtion de la neu\u00adtra\u00adli\u00adt\u00e9 poli\u00adtique de la C.G.T. et ter\u00admine en oppo\u00adsant la natio\u00adna\u00adli\u00adsa\u00adtion \u00e0 l\u2019\u00e9tatisation.<\/p>\n<p>\u00ab&nbsp;L\u2019ex\u00adploi\u00adta\u00adtion directe par la col\u00adlec\u00adti\u00advi\u00adt\u00e9 des richesses col\u00adlec\u00adtives\u2026 et leur r\u00e9par\u00adti\u00adtion sont une condi\u00adtion essen\u00adtielle de la r\u00e9or\u00adga\u00adni\u00adsa\u00adtion que nous vou\u00adlons pour\u00adsuivre. Mais\u2026 nous ne son\u00adgeons pas \u00e0 aug\u00admen\u00adter les attri\u00adbu\u00adtions de l\u2019\u00c9tat, \u00e0 les ren\u00adfor\u00adcer, ni sur\u00adtout \u00e0 recou\u00adrir au sys\u00adt\u00e8me qui sou\u00admet\u00adtrait les indus\u00adtries essen\u00adtielles au fonctionnarisme\u2026<\/p>\n<p>\u00ab\u2026 Par la natio\u00adna\u00adli\u00adsa\u00adtion nous enten\u00addons confier la pro\u00adpri\u00e9\u00adt\u00e9 natio\u00adnale aux int\u00e9\u00adres\u00ads\u00e9s eux-m\u00eames, pro\u00adduc\u00adteurs et consom\u00adma\u00adteurs associ\u00e9s.&nbsp;\u00bb<\/p>\n<p>L\u2019a\u00adve\u00adnir nous dira ce que vau\u00addront ces d\u00e9cla\u00adra\u00adtions dans l\u2019ac\u00adtion syn\u00addi\u00adcale quo\u00adti\u00addienne. Mais il semble pro\u00adbable qu\u2019a\u00advec l\u2019ar\u00adm\u00e9e gran\u00addis\u00adsante des syn\u00addi\u00adqu\u00e9s, dont le nombre a quin\u00adtu\u00adpl\u00e9 depuis la guerre, une \u00e9vo\u00adlu\u00adtion vers \u00ab&nbsp;le Syn\u00addi\u00adca\u00adlisme \u00e0 la Gom\u00adpers&nbsp;\u00bb, (dis\u00adcours de Sirolle), est presque in\u00e9vi\u00adtable. Ni les masses, ni les mili\u00adtants n\u2019y peuvent rien. On ne peut escomp\u00adter d\u2019une C.G.T. alour\u00addie de couches pro\u00adl\u00e9\u00adta\u00adriennes r\u00e9cem\u00adment gagn\u00e9es \u00e0 la cause syn\u00addi\u00adcale, mais pas encore au syn\u00addi\u00adca\u00adlisme, et ani\u00adm\u00e9es de concep\u00adtions et d\u2019in\u00adt\u00e9\u00adr\u00eats sou\u00advent for\u00adte\u00adment diver\u00adgents, une action aus\u00adsi r\u00e9vo\u00adlu\u00adtion\u00adnaire que par le&nbsp;pass\u00e9.<\/p>\n<p>J. Reclus<\/p>\n","protected":false},"excerpt":{"rendered":"<p>Le Congr\u00e8s de la C.G.T., qui s\u2019est tenu \u00e0 Lyon, du 15 au 20 sep\u00adtembre, a \u00e9t\u00e9 un Congr\u00e8s de liqui\u00adda\u00adtion de la p\u00e9riode de guerre, pas autre chose. La dis\u00adcus\u00adsion s\u2019y est pour\u00adsui\u00advie pen\u00addant cinq jours, sur l\u2019ac\u00adtion de ceux qui ont por\u00adt\u00e9 le far\u00addeau des res\u00adpon\u00adsa\u00adbi\u00adli\u00adt\u00e9s au cours de la tour\u00admente. L\u2019op\u00adpo\u00adsi\u00adtion,&nbsp;au&nbsp;[\u2026]<\/p>\n","protected":false},"author":1,"featured_media":0,"comment_status":"closed","ping_status":"closed","sticky":false,"template":"","format":"standard","meta":{"wp_typography_post_enhancements_disabled":false,"footnotes":""},"categories":[311],"tags":[],"ppma_author":[540],"class_list":["post-2596","post","type-post","status-publish","format-standard","hentry","category-les-temps-nouveaux-na4-15-octobre-1919"],"authors":[{"term_id":540,"user_id":1,"is_guest":0,"slug":"admin_3gikpwyf","display_name":"Vincent Dubuc","avatar_url":"https:\/\/secure.gravatar.com\/avatar\/d015720652c25fd2ced191ade86430094e1f288a17483713e3b34d26dea52507?s=96&d=mm&r=g","author_category":"","user_url":"https:\/\/la-presse-anarchiste.net","last_name":"Dubuc","first_name":"Vincent","job_title":"","description":""}],"_links":{"self":[{"href":"https:\/\/la-presse-anarchiste.net\/index.php\/wp-json\/wp\/v2\/posts\/2596","targetHints":{"allow":["GET"]}}],"collection":[{"href":"https:\/\/la-presse-anarchiste.net\/index.php\/wp-json\/wp\/v2\/posts"}],"about":[{"href":"https:\/\/la-presse-anarchiste.net\/index.php\/wp-json\/wp\/v2\/types\/post"}],"author":[{"embeddable":true,"href":"https:\/\/la-presse-anarchiste.net\/index.php\/wp-json\/wp\/v2\/users\/1"}],"replies":[{"embeddable":true,"href":"https:\/\/la-presse-anarchiste.net\/index.php\/wp-json\/wp\/v2\/comments?post=2596"}],"version-history":[{"count":0,"href":"https:\/\/la-presse-anarchiste.net\/index.php\/wp-json\/wp\/v2\/posts\/2596\/revisions"}],"wp:attachment":[{"href":"https:\/\/la-presse-anarchiste.net\/index.php\/wp-json\/wp\/v2\/media?parent=2596"}],"wp:term":[{"taxonomy":"category","embeddable":true,"href":"https:\/\/la-presse-anarchiste.net\/index.php\/wp-json\/wp\/v2\/categories?post=2596"},{"taxonomy":"post_tag","embeddable":true,"href":"https:\/\/la-presse-anarchiste.net\/index.php\/wp-json\/wp\/v2\/tags?post=2596"},{"taxonomy":"author","embeddable":true,"href":"https:\/\/la-presse-anarchiste.net\/index.php\/wp-json\/wp\/v2\/ppma_author?post=2596"}],"curies":[{"name":"wp","href":"https:\/\/api.w.org\/{rel}","templated":true}]}}