{"id":2606,"date":"2010-07-24T17:49:30","date_gmt":"2010-07-24T17:49:30","guid":{"rendered":"https:\/\/la-presse-anarchiste.net\/index.php\/2010\/07\/24\/a-propos-de-notre-attitude-pendant-la-guerre-2\/"},"modified":"2010-07-24T17:49:30","modified_gmt":"2010-07-24T17:49:30","slug":"a-propos-de-notre-attitude-pendant-la-guerre-2","status":"publish","type":"post","link":"https:\/\/la-presse-anarchiste.net\/index.php\/2010\/07\/24\/a-propos-de-notre-attitude-pendant-la-guerre-2\/","title":{"rendered":"\u00c0 propos de notre attitude pendant la guerre"},"content":{"rendered":"<div class=\"pdfprnt-buttons pdfprnt-buttons-post pdfprnt-top-right\"><a href=\"https:\/\/la-presse-anarchiste.net\/index.php\/wp-json\/wp\/v2\/posts\/2606?print=pdf\" class=\"pdfprnt-button pdfprnt-button-pdf\" target=\"_blank\"><img decoding=\"async\" src=\"https:\/\/la-presse-anarchiste.net\/wp-content\/plugins\/pdf-print\/images\/pdf.png\" alt=\"image_pdf\" title=\"Afficher le PDF\"><\/a><a href=\"https:\/\/la-presse-anarchiste.net\/index.php\/wp-json\/wp\/v2\/posts\/2606?print=print\" class=\"pdfprnt-button pdfprnt-button-print\" target=\"_blank\"><img decoding=\"async\" src=\"https:\/\/la-presse-anarchiste.net\/wp-content\/plugins\/pdf-print\/images\/print.png\" alt=\"image_print\" title=\"Contenu imprim\u00e9\"><\/a><\/div><p>Dans <a href=\"2311\">notre pre\u00admier article<\/a>, paru dans le n\u00b0&nbsp;2, nous avons d\u00e9cla\u00adr\u00e9 qu\u2019en tenant compte des faits et sans d\u00e9na\u00adtu\u00adrer ou cacher la v\u00e9ri\u00adt\u00e9, nous n\u2019a\u00advons aucu\u00adne\u00adment aban\u00addon\u00adn\u00e9 les prin\u00adcipes anar\u00adchistes. L\u2019at\u00adti\u00adtude que nous avons prise d\u00e9coule de nos prin\u00adcipes&nbsp;m\u00eames.<\/p>\n<p>Tan\u00addis que beau\u00adcoup vou\u00adlaient oublier l\u2019\u00e9\u00adnorme impor\u00adtance des ques\u00adtions sou\u00adle\u00adv\u00e9es par cette cala\u00admi\u00adt\u00e9 ce qui a per\u00admis \u00e0 cer\u00adtains de se jucher sur un pi\u00e9\u00addes\u00adtal, et de regar\u00adder, les yeux secs, l\u2019\u00e9\u00adpou\u00advan\u00adtable bou\u00adche\u00adrie nous, nous consi\u00add\u00e9\u00adrions que les r\u00e9vo\u00adlu\u00adtion\u00adnaires ne pou\u00advaient res\u00adter sim\u00adple\u00adment pas\u00adsifs, qu\u2019ils devaient entrer dans la m\u00eal\u00e9e, d\u2019o\u00f9 devait r\u00e9sul\u00adter quoi qu\u2019on en dise, une orien\u00adta\u00adtion capi\u00adtale vers des fins poli\u00adtiques et \u00e9co\u00adno\u00admiques, soit dans le sens r\u00e9ac\u00adtion\u00adnaire soit dans le sens socia\u00adliste pris dans sa plus large acceptation.<\/p>\n<p>Ce qui ne veut pas dire, que nous nous fai\u00adsions des illu\u00adsions comme L\u00e9on Blum (<i>Huma\u00adni\u00adt\u00e9<\/i> du 19 juillet 1919) sur la vic\u00adtoire com\u00adpl\u00e8te des prin\u00adcipes de droit et de liber\u00adt\u00e9. (Voir extraits cit\u00e9s dans le pre\u00admier article). Et jus\u00adqu\u2019\u00e0 preuve du contraire, nous per\u00adsis\u00adtons \u00e0 pen\u00adser que nous avons eu rai\u00adson, apr\u00e8s avoir \u00e9tu\u00addi\u00e9 les r\u00e9sul\u00adtats. du trai\u00adt\u00e9 de Ver\u00adsailles, r\u00e9sul\u00adtats qui sont tr\u00e8s loin de nous satis\u00adfaire. Si l\u2019Al\u00adle\u00admagne avait \u00e9t\u00e9 vic\u00adto\u00adrieuse, ain\u00adsi que la cl\u00e9\u00adri\u00adcale Autriche, il n\u2019y aurait pas eu de r\u00e9vo\u00adlu\u00adtion, ni dans l\u2019une, ni dans l\u2019autre. Il ne faut pas oublier que le peuple alle\u00admand n\u2019au\u00adrait pas vou\u00adlu se d\u00e9bar\u00adras\u00adser de son mili\u00adta\u00adrisme et de ses m\u00e9thodes de dis\u00adci\u00adpline qui lui avaient don\u00adn\u00e9 une pros\u00adp\u00e9\u00adri\u00adt\u00e9 indus\u00adtrielle et com\u00admer\u00adciale sans pr\u00e9\u00adc\u00e9\u00addent. Le r\u00e9veil des natio\u00adna\u00adli\u00adt\u00e9s en Autriche aurait cr\u00e9\u00e9 une situa\u00adtion tou\u00adjours. plus angois\u00adsante&nbsp;; une Pologne libre n\u2019au\u00adrait pas vu le jour&nbsp;; la Bel\u00adgique et les ter\u00adri\u00adtoires enva\u00adhis n\u2019au\u00adraient jamais \u00e9t\u00e9 indem\u00adni\u00ads\u00e9s, en sup\u00adpo\u00adsant m\u00eame qu\u2019ils n\u2019aient pas \u00e9t\u00e9 confis\u00adqu\u00e9s comme pr\u00e9\u00adpa\u00adra\u00adtion d\u2019une nou\u00advelle guerre contre l\u2019An\u00adgle\u00adterre et l\u2019A\u00adm\u00e9\u00adrique&nbsp;; la Rus\u00adsie serait deve\u00adnue colo\u00adnie alle\u00admande, et l\u2019I\u00adta\u00adlie, la Suisse et beau\u00adcoup d\u2019autres \u00e9tats neutres auraient subi le m\u00eame&nbsp;sort.<\/p>\n<p>Et quant au mili\u00adta\u00adrisme et au cl\u00e9\u00adri\u00adca\u00adlisme ils auraient fleu\u00adri de plus belle en France. Les cur\u00e9s et les moines auraient encore, comme apr\u00e8s 71, mis leur emprise sur l\u2019\u00e9\u00adcole et cr\u00e9\u00e9 des mis\u00adsions dans tout le pays pour r\u00e9col\u00adter de nou\u00adveaux fonds n\u00e9ces\u00adsaires \u00e0 l\u2019\u00e9\u00adrec\u00adtion de nou\u00adveaux Sacr\u00e9-C\u0153ur pour les autres villes de France et de Navarre, tout en deman\u00addant \u00e0 Dieu de par\u00addon\u00adner les crimes des bour\u00adreaux (r\u00e9pu\u00adbli\u00adcains, socia\u00adlistes, libres-pen\u00adseurs, etc\u2026) de l\u2019\u00e9\u00adglise fran\u00ad\u00e7aise, la fille a\u00een\u00e9e de leur grande famille, etc.<\/p>\n<p>Cepen\u00addant que Guillaume II aurait r\u00e9p\u00e9\u00adt\u00e9&nbsp;: \u00ab&nbsp;L\u2019Al\u00adle\u00admagne ne sera jamais bat\u00adtue&nbsp;; le Tout-Puis\u00adsant se sert de l\u2019Al\u00adle\u00admagne pour accom\u00adplir une mis\u00adsion. Il a r\u00e9ser\u00adv\u00e9 un tra\u00advail sp\u00e9\u00adcial aux Allemands&nbsp;\u00bb.<\/p>\n<p>Et pour notre socia\u00adlisme les cama\u00adrades alle\u00admands nous auraient prou\u00adv\u00e9 qu\u2019au fond nous devrions nous r\u00e9jouir d\u2019une sem\u00adblable d\u00e9faite qui leur aurait don\u00adn\u00e9 la pos\u00adsi\u00adbi\u00adli\u00adt\u00e9 de nous mon\u00adtrer les bien\u00adfaits de leur orga\u00adni\u00adsa\u00adtion de leur dis\u00adci\u00adpline, de leurs doc\u00adtrines si appro\u00adfon\u00addies, et si justes doc\u00adtrines, qui ont m\u00eame encore aujourd\u2019\u00adhui des fana\u00adtiques par\u00admi les socia\u00adlistes fran\u00e7ais.<\/p>\n<p>On est m\u00eame en train de fabri\u00adquer du fana\u00adtisme comme du temps des guerres de reli\u00adgion, ce qui nous semble \u00eatre en contra\u00addic\u00adtion avec le mat\u00e9\u00adria\u00adlisme his\u00adto\u00adrique de Marx, qui n\u2019ad\u00admet pas l\u2019id\u00e9e-force.<\/p>\n<p>\u00ab&nbsp;Le saint dont la m\u00e9moire est f\u00eat\u00e9e le 1<sup>er<\/sup> mai (ce qui est faux) s\u2019ap\u00adpelle Karl Marx&nbsp;\u00bb, \u00e9cri\u00advait-on dans cer\u00adtain jour\u00adnal social d\u00e9mo\u00adcrate de langue fran\u00ad\u00e7aise  (<i>La Nou\u00advelle Inter\u00adna\u00adtio\u00adnale<\/i>, Gen\u00e8ve 1918).<\/p>\n<p>Ce saint qui se r\u00e9jouis\u00adsait que l\u2019In\u00adter\u00adna\u00adtio\u00adnale fut dans sa main, que le centre de gra\u00advi\u00adt\u00e9 du mou\u00adve\u00adment se fut d\u00e9pla\u00adc\u00e9 de France en Alle\u00admagne&nbsp;[[Rap\u00adpe\u00adl\u00e9 par James Guillaume dans son livre <i>Karl Marx pan\u00adger\u00adma\u00adniste<\/i>. J. Lon\u00adguet dans son ouvrage <i>La poli\u00adtique inter\u00adna\u00adtio\u00adnale du Mar\u00adxisme<\/i>, ne le conteste pas (page 199).]], ne fut en somme qu\u2019un social patriote alle\u00admand et encore dans le mau\u00advais sens du&nbsp;terme.<\/p>\n<p>Il nous semble que la paix qui vient d\u2019\u00eatre rati\u00adfi\u00e9e, si mau\u00advaise qu\u2019elle soit, ne marque pas un pas en arri\u00e8re, mais bien un progr\u00e8s.<\/p>\n<p>[|<b>*  *  *  *  *<\/b>|]<br>\n<br>\nDans les dis\u00adcus\u00adsions qui furent sou\u00adle\u00adv\u00e9es au sujet de notre atti\u00adtude pen\u00addant la guerre, quatre ques\u00adtions furent sur\u00adtout examin\u00e9es.<\/p>\n<ol>\n<li> Responsabilit\u00e9s&nbsp;;<\/li>\n<li> \u00c9tat rela\u00adtif des dif\u00adf\u00e9\u00adrents pays rela\u00adti\u00adve\u00adment \u00e0 nos&nbsp;id\u00e9es&nbsp;;<\/li>\n<li> Atti\u00adtude prise par suite du cataclysme.<\/li>\n<li> Pos\u00adsi\u00adbi\u00adli\u00adt\u00e9 de gagner la guerre ou de l\u2019ar\u00adr\u00ea\u00adter, si la vic\u00adtoire devait \u00eatre trop ch\u00e8\u00adre\u00adment gagn\u00e9e.<\/li>\n<\/ol>\n<p>\u00c0 ceux de nos bons cama\u00adrades qui sin\u00adc\u00e8\u00adre\u00adment croient que notre groupe a pris une atti\u00adtude vio\u00adlem\u00adment contraire \u00e0 tout ce qui avait \u00e9t\u00e9 dit avant la guerre, nous leur rap\u00adpe\u00adlons, un peu au hasard, ces quelques pen\u00ads\u00e9es de nos grands devan\u00adcier. Inutile de dire que nous ne sommes pas de ceux qui trouvent bon d\u2019\u00e9\u00adle\u00adver un culte en leur faveur.<\/p>\n<p>On y ver\u00adra que la tac\u00adtique \u00e9prou\u00adv\u00e9e de ceux-ci \u00e9tait qu\u2019en temps de paix, de calme, on devait faire de l\u2019i\u00add\u00e9a\u00adlisme le plus g\u00e9n\u00e9\u00adreux, du socia\u00adlisme f\u00e9d\u00e9\u00adra\u00adliste, etc\u2026 mais qu\u2019en temps de lutte, il fal\u00adlait sou\u00adte\u00adnir le par\u00adti ou le pays le plus avan\u00adc\u00e9, pour qu\u2019il n\u2019y e\u00fbt pas recul du progr\u00e8s.<\/p>\n<p>De Prou\u00addhon&nbsp;:<\/p>\n<p><quote> \u00ab&nbsp;La France don\u00adne\u00adra quelque jour au monde le signal du d\u00e9sar\u00adme\u00adment, c\u2019est un hon\u00adneur qui para\u00eet lui \u00eatre r\u00e9ser\u00adv\u00e9&nbsp;; c\u2019\u00e9\u00adtait le r\u00eave secret de la R\u00e9publique.<\/quote><\/p>\n<p>\u00ab&nbsp;Mais ce sera \u00e0 la condi\u00adtion, bien enten\u00addu, que tan\u00addis qu\u2019elle d\u00e9sar\u00adme\u00adra, les autres n\u2019ar\u00adme\u00adront point, que tan\u00addis qu\u2019elle licen\u00adcie\u00adra ses arm\u00e9es, d\u00e9cen\u00adtra\u00adli\u00adse\u00adra son admi\u00adnis\u00adtra\u00adtion, orga\u00adni\u00adse\u00adra ses com\u00admunes\u2026; d\u2019autres, pen\u00addant ce temps, ne se concen\u00adtre\u00adront et ne se for\u00adti\u00adfie\u00adront sour\u00adnoi\u00adse\u00adment contre elle.&nbsp;\u00bb<\/p>\n<p>(<i>La F\u00e9d\u00e9\u00adra\u00adtion et l\u2019U\u00adni\u00adt\u00e9 en Ita\u00adlie<\/i>, page&nbsp;132.)<\/p>\n<p>D\u2019\u00c9lis\u00e9e Reclus&nbsp;:<\/p>\n<p><quote>\u00ab&nbsp;Quoi qu\u2019on en dise et quoi qu\u2019on ait pris l\u2019ha\u00adbi\u00adtude de r\u00e9p\u00e9\u00adter, sur\u00adtout en France, par r\u00e9ac\u00adtion contre les illu\u00adsions d\u2019an\u00adtan, il y a pour\u00adtant entre la R\u00e9pu\u00adblique et la monar\u00adchie, plus qu\u2019une dif\u00adf\u00e9\u00adrence de mots, plus qu\u2019un contraste de sym\u00adboles. En monar\u00adchie, la logique, aus\u00adsi bien que la loi, ram\u00e8ne tous les citoyens \u00e0 s\u2019oc\u00adcu\u00adper de la per\u00adsonne offi\u00adcielle, qu\u2019elle qu\u2019en soit la valeur, tau\u00addis qu\u2019en R\u00e9pu\u00adblique, on peut n\u00e9gli\u00adger cet indi\u00advi\u00addu, s\u2019il est vrai\u00adment n\u00e9gli\u00adgeable, mal\u00adgr\u00e9 la rou\u00adtine et la cen\u00adtra\u00adli\u00adsa\u00adtion des pou\u00advoirs hi\u00e9\u00adrar\u00adchi\u00ads\u00e9s. C\u2019est d\u00e9j\u00e0 un tr\u00e8s grand d\u00e9bar\u00adras, que la dis\u00adpa\u00adri\u00adtion d\u2019une absur\u00addi\u00adt\u00e9 tra\u00addi\u00adtion\u00adnelle momi\u00adfi\u00e9e en un homme qui se g\u00e8re en dieu et que la foule prend comme tel&nbsp;; d\u00e9li\u00advr\u00e9 de ce kyste g\u00eanant, le corps social a plus de chances de fonc\u00adtion\u00adner en san\u00adt\u00e9, et l\u2019es\u00adprit d\u00e9ga\u00adg\u00e9 de ce cau\u00adche\u00admar, passe \u00e0 la solu\u00adtion d\u2019autres probl\u00e8mes.&nbsp;\u00bb<\/quote><\/p>\n<p>(<i>L\u2019Homme et la Terre<\/i>, V.&nbsp;434)<\/p>\n<p>De Bakou\u00adnine&nbsp;:<\/p>\n<p><quote>\u00ab\u2026 Ah&nbsp;! si la France \u00e9tait enva\u00adhie par une arm\u00e9e de pro\u00adl\u00e9\u00adtaires alle\u00admands, anglais, belges, espa\u00adgnols, ita\u00adliens, por\u00adtant haut le dra\u00adpeau du socia\u00adlisme r\u00e9vo\u00adlu\u00adtion\u00adnaire et annon\u00ad\u00e7ant au monde l\u2019\u00e9\u00adman\u00adci\u00adpa\u00adtion finale du tra\u00advail et du pro\u00adl\u00e9\u00adta\u00adriat, j\u2019au\u00adrais \u00e9t\u00e9 le pre\u00admier \u00e0 crier aux ouvriers de France&nbsp;: \u00ab&nbsp;Ouvrez-leur vos bras, ce sont vos fr\u00e8res, et unis\u00adsez-vous \u00e0 eux pour balayer les restes pour\u00adris\u00adsant du monde bour\u00adgeois&nbsp;!&nbsp;\u00bb Mais l\u2019in\u00adva\u00adsion qui d\u00e9sho\u00adnore la France aujourd\u2019\u00adhui, ce n\u2019est point une inva\u00adsion d\u00e9mo\u00adcra\u00adtique et sociale, c\u2019est une inva\u00adsion aris\u00adto\u00adcra\u00adtique, monar\u00adchiste et mili\u00adtaire. Les cinq ou six cent mille sol\u00addats alle\u00admands qui \u00e9gorgent la France \u00e0 cette heure, sont les sujets ob\u00e9is\u00adsants, les esclaves d\u2019un des\u00adpote qui est tout enti\u00adch\u00e9 de son droit divin, et diri\u00adg\u00e9s, com\u00adman\u00add\u00e9s, pous\u00ads\u00e9s comme des auto\u00admates, par des g\u00e9n\u00e9\u00adraux sor\u00adtis de la noblesse la plus inso\u00adlente du monde, ils sont\u200a\u2014\u200ademan\u00addez-le \u00e0 vos fr\u00e8res les ouvriers de l\u2019Al\u00adle\u00admagne\u200a\u2014\u200a<i>les enne\u00admis les plus f\u00e9roces du pro\u00adl\u00e9\u00adta\u00adriat. En les rece\u00advant paci\u00adfi\u00adque\u00adment, en res\u00adtant indif\u00adf\u00e9\u00adrents et pas\u00adsifs devant cette inva\u00adsion du des\u00adpo\u00adtisme, de l\u2019a\u00adris\u00adto\u00adcra\u00adtie et du mili\u00adta\u00adrisme alle\u00admands sur le sol de la France, les ouvriers fran\u00ad\u00e7ais ne tra\u00adhi\u00adraient pas seule\u00adment leur propre digni\u00adt\u00e9, leur propre liber\u00adt\u00e9, leur propre pros\u00adp\u00e9\u00adri\u00adt\u00e9, avec toutes leurs esp\u00e9\u00adrances en un meilleur ave\u00adnir, ils tra\u00adhi\u00adraient encore la cause du pro\u00adl\u00e9\u00adta\u00adriat du monde entier, la cause sacr\u00e9e du socia\u00adlisme r\u00e9volutionnaire.<\/i><\/quote><\/p>\n<p>Car celui-ci leur com\u00admande, dans l\u2019in\u00adt\u00e9\u00adr\u00eat des tra\u00advailleurs de tous les pays, de d\u00e9truire ces bandes f\u00e9roces du des\u00adpo\u00adtisme alle\u00admand, comme elles-m\u00eames ont d\u00e9truit les bandes arm\u00e9es du des\u00adpo\u00adtisme fran\u00ad\u00e7ais&nbsp;[[Napo\u00adl\u00e9on I<sup>er<\/sup> en 1813 \u2013 1815.]] d\u2019ex\u00adter\u00admi\u00adner jus\u00adqu\u2019au der\u00adnier sol\u00addat du roi de Prusse et de Bis\u00admarck, au point qu\u2019au\u00adcun ne puisse quit\u00adter vivant ou arm\u00e9 le sol de France.<\/p>\n<p>Les ouvriers, par cette atti\u00adtude pas\u00adsive, veulent-ils se ven\u00adger des bour\u00adgeois&nbsp;? Ils se sont d\u00e9j\u00e0 ven\u00adg\u00e9s ain\u00adsi une fois, en d\u00e9cembre&nbsp;[[Coup d\u2019\u00e9\u00adtat de Napo\u00adl\u00e9on III le 2 d\u00e9cembre 1851.]] et ils ont-eux-m\u00eames pay\u00e9 cette ven\u00adgeance par vingt ans d\u2019es\u00adcla\u00advage et de mis\u00e8re. Ils ont puni l\u2019af\u00adfreux atten\u00adtat de juin, en deve\u00adnant eux-m\u00eames les vic\u00adtimes de Napo\u00adl\u00e9on III qui les a livr\u00e9s, pieds et mains li\u00e9s, \u00e0 l\u2019ex\u00adploi\u00adta\u00adtion des bour\u00adgeois. Cette le\u00e7on ne leur aurait-elle point paru suf\u00adfi\u00adsante, et veulent-ils, pour se ven\u00adger encore une fois des bour\u00adgeois, deve\u00adnir aujourd\u2019\u00adhui pour vingt ans de plus et davan\u00adtage peut-\u00eatre, les esclaves et les vic\u00adtimes du des\u00adpo\u00adtisme prus\u00adsien qui ne man\u00adque\u00adrait pas de les livrer \u00e0 son tour \u00e0 l\u2019ex\u00adploi\u00adta\u00adtion de cette m\u00eame bourgeoisie&nbsp;?<\/p>\n<p>Se ven\u00adger tou\u00adjours sur son propre dos et au pro\u00adfit de ceux-l\u00e0 dont ou se pro\u00adpose de tirer ven\u00adgeance ne me para\u00eet pas tr\u00e8s spi\u00adri\u00adtuel, et c\u2019est pour\u00adquoi il m\u2019est impos\u00adsible de croire \u00e0 la v\u00e9ra\u00adci\u00adt\u00e9 des rap\u00adports des cor\u00adres\u00adpon\u00addants alle\u00admands. Les ouvriers si intel\u00adli\u00adgents de Paris peuvent-ils igno\u00adrer que <i>la vic\u00adtoire d\u00e9fi\u00adni\u00adtive des Prus\u00adsiens signi\u00adfie\u00adrait la mis\u00e8re et l\u2019es\u00adcla\u00advage du pro\u00adl\u00e9\u00adta\u00adriat fran\u00ad\u00e7ais beau\u00adcoup plus encore que l\u2019hu\u00admi\u00adlia\u00adtion et la ruine de la bour\u00adgeoi\u00adsie de la France&nbsp;?<\/i> Pour\u00advu que la mis\u00e8re force le tra\u00advailleur \u00e0 vendre son tra\u00advail \u00e0 bas prix au bour\u00adgeois, la bour\u00adgeoi\u00adsie se rel\u00e8ve, et toutes ses pertes, momen\u00adta\u00adn\u00e9es, finissent tou\u00adjours par retom\u00adber sur le pro\u00adl\u00e9\u00adta\u00adriat. Mais le pro\u00adl\u00e9\u00adta\u00adriat fran\u00ad\u00e7ais une fois encha\u00ee\u00adn\u00e9 par les Prus\u00adsiens, ne se rel\u00e8\u00adve\u00adra pas de long\u00adtemps, \u00e0 moins que les tra\u00advailleurs de quelque pays voi\u00adsin, plus \u00e9ner\u00adgiques et plus capables que lui, ne prennent l\u2019i\u00adni\u00adtia\u00adtive de la r\u00e9vo\u00adlu\u00adtion sociale.&nbsp;\u00bb<\/p>\n<p>(<i>\u0152uvres<\/i>, tome II, pages 257\u200a\u2013\u200a59, chez Stock, 255, rue Saint-Honor\u00e9.)<\/p>\n<p><quote>\u00ab\u2026Enfin, je suis convain\u00adcu que la d\u00e9faite et l\u2019as\u00adser\u00advis\u00adse\u00adment de la France, et le triomphe de l\u2019Al\u00adle\u00admagne assu\u00adjet\u00adtie aux Prus\u00adsiens, ferait retom\u00adber toute l\u2019Eu\u00adrope dans les t\u00e9n\u00e8bres, dans la mis\u00e8re et dans l\u2019es\u00adcla\u00advage des si\u00e8cles pas\u00ads\u00e9s. J\u2019en suis tel\u00adle\u00adment convain\u00adcu, que je pense que c\u2019est aujourd\u2019\u00adhui un devoir sacr\u00e9 pour tout homme qui aime la liber\u00adt\u00e9, et qui veut le triomphe de l\u2019hu\u00adma\u00adni\u00adt\u00e9 sur la bru\u00adta\u00adli\u00adt\u00e9, de venir, quel que soit son pays, qu\u2019il soit Anglais, Espa\u00adgnol, Ita\u00adlien, Polo\u00adnais, Russe\u200a\u2014\u200am\u00eame Alle\u00admand\u200a\u2014\u200aprendre part \u00e0 cette lutte d\u00e9mo\u00adcra\u00adtique du peuple fran\u00ad\u00e7ais contre l\u2019in\u00adva\u00adsion du des\u00adpo\u00adtisme germanique.&nbsp;\u00bb<\/quote><\/p>\n<p>(<i>\u0152uvres<\/i>, tome IV, page 153, Stock. \u00e9diteur.)<\/p>\n<p>De Fer\u00adnand Pel\u00adlou\u00adtier, le p\u00e8re de la C.G.T.:<\/p>\n<p><quote>\u00ab&nbsp;Quant aux citoyens des villes, nous accor\u00addons que beau\u00adcoup d\u2019entre eux, pous\u00adsant \u00e0 l\u2019ex\u00adc\u00e8s le culte de la terre natale, ne craignent point de pro\u00adcla\u00admer qu\u2019il faut aimer les hommes n\u00e9s en de\u00e7\u00e0 de la fron\u00adti\u00e8re et ha\u00efr les autres. Mais com\u00adbien ont, depuis long\u00adtemps, per\u00addu cette exal\u00adta\u00adtion dont la phi\u00adlo\u00adso\u00adphie leur a r\u00e9v\u00e9\u00adl\u00e9 le n\u00e9ant et le dan\u00adger&nbsp;! Consi\u00add\u00e9\u00adrez la gra\u00adda\u00adtion d\u2019i\u00add\u00e9es qui s\u2019est faite. dans les esprits&nbsp;: d\u2019a\u00adbord, oppo\u00adsi\u00adtion aux conqu\u00eates nou\u00advelles, d\u00e9ter\u00admi\u00adn\u00e9e par la convic\u00adtion que les chefs d\u2019\u00c9tat doivent se mon\u00adtrer avares du sang des citoyens&nbsp;; puis, obser\u00adva\u00adtion que les int\u00e9\u00adr\u00eats \u00e9co\u00adno\u00admiques des peuples sont connexes et que la guerre est nui\u00adsible \u00e0 leur d\u00e9ve\u00adlop\u00adpe\u00adment&nbsp;[[Ce qui prou\u00adve\u00adrait qu\u2019on peut tr\u00e8s bien sou\u00adte\u00adnir que le capi\u00adta\u00adlisme n\u2019a\u00advait pas int\u00e9\u00adr\u00eat \u00e0 la guerre et qu\u2019il n\u2019en est pas la cause (note des r\u00e9dac\u00adteurs de cet article).]]. De l\u00e0 \u00e0 pen\u00adser que la civi\u00adli\u00adsa\u00adtion a pour devoir pri\u00admor\u00addial de sup\u00adpri\u00admer la guerre, il n\u2019y avait qu\u2019un pas, et il a \u00e9t\u00e9 fran\u00adchi. Notez, Mon\u00adsieur le G\u00e9n\u00e9\u00adral, que cette r\u00e9ac\u00adtion ne vise que la guerre offen\u00adsive. <i>Si, par exemple, l\u2019empereur d\u2019Al\u00adle\u00admagne se jetait sur la France, soyez per\u00adsua\u00add\u00e9 que les anti\u00adpa\u00adtriotes mar\u00adche\u00adraient vaillam\u00adment contre lui&nbsp;[[Pr\u00e9\u00addic\u00adtion qu\u2019a r\u00e9a\u00adli\u00ads\u00e9e l\u2019o\u00addieuse agres\u00adsion dont nous avons \u00e9t\u00e9 vic\u00adtimes. En 1914, ne vit-on pas toutes les dis\u00adcordes se taire spon\u00adta\u00adn\u00e9\u00adment entre les citoyens fran\u00ad\u00e7ais, et tous les c\u0153urs s\u2019u\u00adnir dans le devoir qui s\u2019im\u00adpo\u00adsait d\u2019op\u00adpo\u00adser la force \u00e0 la force, pour \u00e0 la fois, main\u00adte\u00adnir l\u2019in\u00adt\u00e9\u00adgri\u00adt\u00e9 de notre sol et d\u00e9fendre le patri\u00admoine sacr\u00e9 de nos liber\u00adt\u00e9s (Note de son fr\u00e8re Mau\u00adrice Pel\u00adlou\u00adtier).]]. pour\u00adquoi&nbsp;? par haine des Ger\u00admains&nbsp;? Non pas. Pour notre propre s\u00fbre\u00adt\u00e9 voi\u00adl\u00e0 tout, pour la sau\u00adve\u00adgarde de notre exis\u00adtence, de nos liber\u00adt\u00e9s et de nos droits<\/i>.&nbsp;\u00bb<\/quote><\/p>\n<p>(<i>Lettre sur la Guerre<\/i> (r\u00e9fu\u00adta\u00adtion); \u0153uvre post\u00adhume publi\u00e9e par son fr\u00e8re, Mau\u00adrice Pel\u00adlou\u00adtier, Nantes, Impri\u00adme\u00adrie Nan\u00adtaise,  1 quai Duquesne.)<\/p>\n<p>Enfin \u00e0 la veille de la guerre, Kro\u00adpot\u00adkine dont tous admirent la vie toute consa\u00adcr\u00e9e \u00e0 la classe ouvri\u00e8re, disait au ban\u00adquet que ses amis lui avaient offert au moment de son pas\u00adsage \u00e0 Paris, milieu de l\u2019an\u00adn\u00e9e&nbsp;1913<\/p>\n<p><quote>\u00ab&nbsp;Et la guerre&nbsp;? J\u2019ai dit, lors d\u2019un pr\u00e9\u00adc\u00e9\u00addent pas\u00adsage \u00e0 Paris, \u00e0 un moment o\u00f9 il \u00e9tait ques\u00adtion de guerre aus\u00adsi, que je regret\u00adtais d\u2019a\u00advoir 62 ans\u200a\u2014\u200aj\u2019a\u00advais 62 ans \u00e0 ce moment, je crois et de ne pas pou\u00advoir prendre un fusil pour d\u00e9fendre la France, dans le cas o\u00f9 elle serait enva\u00adhie ou mena\u00adc\u00e9e d\u2019in\u00adva\u00adsion par l\u2019Allemagne.<\/quote><\/p>\n<p>Je n\u2019ai pas chan\u00adg\u00e9 d\u2019o\u00adpi\u00adnion sur ce point. Je n\u2019ad\u00admets point qu\u2019un pays soit vio\u00adlen\u00adt\u00e9 par un autre et je d\u00e9fen\u00addrais la France, contre n\u2019im\u00adporte quel pays d\u2019ailleurs, Rus\u00adsie, Angle\u00adterre, Ita\u00adlie, Japon, aus\u00adsi bien que l\u2019Allemagne.&nbsp;\u00bb<\/p>\n<p>J. Gu\u00e9\u00adrin et A.&nbsp;Depr\u00e9<br>\n<br>(\u00e0 suivre)<\/p>\n","protected":false},"excerpt":{"rendered":"<p>Dans notre pre\u00admier article, paru dans le n\u00b0&nbsp;2, nous avons d\u00e9cla\u00adr\u00e9 qu\u2019en tenant compte des faits et sans d\u00e9na\u00adtu\u00adrer ou cacher la v\u00e9ri\u00adt\u00e9, nous n\u2019a\u00advons aucu\u00adne\u00adment aban\u00addon\u00adn\u00e9 les prin\u00adcipes anar\u00adchistes. L\u2019at\u00adti\u00adtude que nous avons prise d\u00e9coule de nos prin\u00adcipes&nbsp;m\u00eames. Tan\u00addis que beau\u00adcoup vou\u00adlaient oublier l\u2019\u00e9\u00adnorme impor\u00adtance des ques\u00adtions sou\u00adle\u00adv\u00e9es par cette cala\u00admi\u00adt\u00e9 ce qui&nbsp;a&nbsp;[\u2026]<\/p>\n","protected":false},"author":1,"featured_media":0,"comment_status":"closed","ping_status":"closed","sticky":false,"template":"","format":"standard","meta":{"wp_typography_post_enhancements_disabled":false,"footnotes":""},"categories":[312],"tags":[],"ppma_author":[540],"class_list":["post-2606","post","type-post","status-publish","format-standard","hentry","category-les-temps-nouveaux-na5-15-novembre-1919"],"authors":[{"term_id":540,"user_id":1,"is_guest":0,"slug":"admin_3gikpwyf","display_name":"Vincent Dubuc","avatar_url":"https:\/\/secure.gravatar.com\/avatar\/d015720652c25fd2ced191ade86430094e1f288a17483713e3b34d26dea52507?s=96&d=mm&r=g","author_category":"","user_url":"https:\/\/la-presse-anarchiste.net","last_name":"Dubuc","first_name":"Vincent","job_title":"","description":""}],"_links":{"self":[{"href":"https:\/\/la-presse-anarchiste.net\/index.php\/wp-json\/wp\/v2\/posts\/2606","targetHints":{"allow":["GET"]}}],"collection":[{"href":"https:\/\/la-presse-anarchiste.net\/index.php\/wp-json\/wp\/v2\/posts"}],"about":[{"href":"https:\/\/la-presse-anarchiste.net\/index.php\/wp-json\/wp\/v2\/types\/post"}],"author":[{"embeddable":true,"href":"https:\/\/la-presse-anarchiste.net\/index.php\/wp-json\/wp\/v2\/users\/1"}],"replies":[{"embeddable":true,"href":"https:\/\/la-presse-anarchiste.net\/index.php\/wp-json\/wp\/v2\/comments?post=2606"}],"version-history":[{"count":0,"href":"https:\/\/la-presse-anarchiste.net\/index.php\/wp-json\/wp\/v2\/posts\/2606\/revisions"}],"wp:attachment":[{"href":"https:\/\/la-presse-anarchiste.net\/index.php\/wp-json\/wp\/v2\/media?parent=2606"}],"wp:term":[{"taxonomy":"category","embeddable":true,"href":"https:\/\/la-presse-anarchiste.net\/index.php\/wp-json\/wp\/v2\/categories?post=2606"},{"taxonomy":"post_tag","embeddable":true,"href":"https:\/\/la-presse-anarchiste.net\/index.php\/wp-json\/wp\/v2\/tags?post=2606"},{"taxonomy":"author","embeddable":true,"href":"https:\/\/la-presse-anarchiste.net\/index.php\/wp-json\/wp\/v2\/ppma_author?post=2606"}],"curies":[{"name":"wp","href":"https:\/\/api.w.org\/{rel}","templated":true}]}}