{"id":2617,"date":"2010-07-27T11:21:23","date_gmt":"2010-07-27T11:21:23","guid":{"rendered":"https:\/\/la-presse-anarchiste.net\/index.php\/2010\/07\/27\/a-travers-le-monde-20\/"},"modified":"2010-07-27T11:21:23","modified_gmt":"2010-07-27T11:21:23","slug":"a-travers-le-monde-20","status":"publish","type":"post","link":"https:\/\/la-presse-anarchiste.net\/index.php\/2010\/07\/27\/a-travers-le-monde-20\/","title":{"rendered":"\u00c0 travers le&nbsp;monde"},"content":{"rendered":"<div class=\"pdfprnt-buttons pdfprnt-buttons-post pdfprnt-top-right\"><a href=\"https:\/\/la-presse-anarchiste.net\/index.php\/wp-json\/wp\/v2\/posts\/2617?print=pdf\" class=\"pdfprnt-button pdfprnt-button-pdf\" target=\"_blank\"><img decoding=\"async\" src=\"https:\/\/la-presse-anarchiste.net\/wp-content\/plugins\/pdf-print\/images\/pdf.png\" alt=\"image_pdf\" title=\"Afficher le PDF\"><\/a><a href=\"https:\/\/la-presse-anarchiste.net\/index.php\/wp-json\/wp\/v2\/posts\/2617?print=print\" class=\"pdfprnt-button pdfprnt-button-print\" target=\"_blank\"><img decoding=\"async\" src=\"https:\/\/la-presse-anarchiste.net\/wp-content\/plugins\/pdf-print\/images\/print.png\" alt=\"image_print\" title=\"Contenu imprim\u00e9\"><\/a><\/div><p>[\/\u200bRio de Janei\u00adro, 15 Octobre 1919.\/]<br>\n<br>\nL\u2019or\u00adga\u00adni\u00adsa\u00adtion ouvri\u00e8re au Br\u00e9\u00adsil, du moins les grou\u00adpe\u00adments les plus vivants, est d\u2019o\u00adrien\u00adta\u00adtion anar\u00adchiste, car sont anar\u00adchistes presque tous les ouvriers organis\u00e9s.<\/p>\n<p>Effray\u00e9 du d\u00e9ve\u00adlop\u00adpe\u00adment que vient de prendre l\u2019or\u00adga\u00adni\u00adsa\u00adtion ouvri\u00e8re, le gou\u00adver\u00adne\u00adment br\u00e9\u00adsi\u00adlien, sui\u00advant l\u2019exemple de celui de l\u2019Ar\u00adgen\u00adtine, s\u2019est mis \u00e0 d\u00e9por\u00adter les ouvriers \u00e9tran\u00adgers, convain\u00adcu, \u00e0 tort, que ce sont ceux-ci qui dirigent la pro\u00adpa\u00adgande anarchiste.<\/p>\n<p>Avec le paque\u00adbot hol\u00adlan\u00addais <i>Gel\u00adria<\/i>, sont par\u00adtis pour l\u2019Eu\u00adrope, frap\u00adp\u00e9s d\u2019ex\u00adpul\u00adsion, sept ouvriers. Tous sont d\u2019hon\u00adn\u00eates tra\u00advailleurs, demeu\u00adrant au Br\u00e9\u00adsil depuis plu\u00adsieurs arm\u00e9es.<\/p>\n<p>La pre\u00admi\u00e8re d\u00e9por\u00adta\u00adtion cau\u00adsa de la sur\u00adprise dans les centre ouvriers&nbsp;; la deuxi\u00e8me a pro\u00adduit de l\u2019in\u00addi\u00adgna\u00adtion&nbsp;: quelques cor\u00adpo\u00adra\u00adtions ont ch\u00f4\u00adm\u00e9 en signe de protestation.<\/p>\n<p>\u00c0 l\u2019oc\u00adca\u00adsion de la troi\u00adsi\u00e8me d\u00e9por\u00adta\u00adtion, annon\u00adc\u00e9e pour ces jours-ci, on ne peut pas pr\u00e9\u00addire ce qui arri\u00adve\u00adra, car les esprits se trouvent tr\u00e8s troubl\u00e9s.<\/p>\n<p>Les d\u00e9por\u00adta\u00adtions ont \u00e9t\u00e9 faites sans aucun pro\u00adc\u00e8s, et contre les dis\u00adpo\u00adsi\u00adtions de la Consti\u00adtu\u00adtion de la R\u00e9pu\u00adblique, laquelle accorde net\u00adte\u00adment liber\u00adt\u00e9 d\u2019en\u00adtr\u00e9e et de sor\u00adtie aux \u00e9tran\u00adgers sur le ter\u00adri\u00adtoire natio\u00adnal sans pas\u00adse\u00adports, et sans menace d\u2019ex\u00adpul\u00adsion pour l\u2019\u00e9\u00adtran\u00adger, qui demeure au Br\u00e9sil.<\/p>\n<p>En repr\u00e9\u00adsailles, les ouvriers \u00e9tran\u00adgers annoncent qu\u2019ils iront exi\u00adger leur retour dans leurs pays, o\u00f9 ils feront une intense pro\u00adpa\u00adgande contre l\u2019im\u00admi\u00adgra\u00adtion pour le Br\u00e9sil.<\/p>\n<p>Du 20 au 26 d\u00e9cembre pro\u00adchain se r\u00e9uni\u00adra, \u00e0 Rio de Janei\u00adro, le troi\u00adsi\u00e8me Congr\u00e8s Ouvrier du Br\u00e9\u00adsil qui dis\u00adcu\u00adte\u00adra, entre autres, les ques\u00adtions suivantes&nbsp;:<\/p>\n<p>R\u00e9or\u00adga\u00adni\u00adsa\u00adtion de la Conf\u00e9\u00add\u00e9\u00adra\u00adtion Ouvri\u00e8re Br\u00e9\u00adsi\u00adlienne, adh\u00e9\u00adsion de celle-ci au pro\u00adgramme de la Troi\u00adsi\u00e8me Inter\u00adna\u00adtio\u00adnale, et consti\u00adtu\u00adtion de l\u2019In\u00adter\u00adna\u00adtio\u00adnale Syn\u00addi\u00adcale Sud-Am\u00e9\u00adri\u00adcaine, dont le si\u00e8ge sera peut-\u00eatre pla\u00adc\u00e9 \u00e0 Mon\u00adte\u00advi\u00addeo, dans la R\u00e9pu\u00adblique de l\u2019Uruguay.<\/p>\n<p>A. B.&nbsp;C.<\/p>\n","protected":false},"excerpt":{"rendered":"<p>[\/\u200b\u200bRio de Janei\u00adro, 15 Octobre 1919.\/] L\u2019or\u00adga\u00adni\u00adsa\u00adtion ouvri\u00e8re au Br\u00e9\u00adsil, du moins les grou\u00adpe\u00adments les plus vivants, est d\u2019o\u00adrien\u00adta\u00adtion anar\u00adchiste, car sont anar\u00adchistes presque tous les ouvriers orga\u00adni\u00ads\u00e9s. Effray\u00e9 du d\u00e9ve\u00adlop\u00adpe\u00adment que vient de prendre l\u2019or\u00adga\u00adni\u00adsa\u00adtion ouvri\u00e8re, le gou\u00adver\u00adne\u00adment br\u00e9\u00adsi\u00adlien, sui\u00advant l\u2019exemple de celui de l\u2019Ar\u00adgen\u00adtine, s\u2019est mis \u00e0 d\u00e9por\u00adter les ouvriers \u00e9tran\u00adgers, convain\u00adcu,&nbsp;\u00e0&nbsp;[\u2026]<\/p>\n","protected":false},"author":1,"featured_media":0,"comment_status":"closed","ping_status":"closed","sticky":false,"template":"","format":"standard","meta":{"wp_typography_post_enhancements_disabled":false,"footnotes":""},"categories":[313],"tags":[],"ppma_author":[540],"class_list":["post-2617","post","type-post","status-publish","format-standard","hentry","category-les-temps-nouveaux-n6-15-decembre-1919"],"authors":[{"term_id":540,"user_id":1,"is_guest":0,"slug":"admin_3gikpwyf","display_name":"Vincent Dubuc","avatar_url":"https:\/\/secure.gravatar.com\/avatar\/d015720652c25fd2ced191ade86430094e1f288a17483713e3b34d26dea52507?s=96&d=mm&r=g","author_category":"","user_url":"https:\/\/la-presse-anarchiste.net","last_name":"Dubuc","first_name":"Vincent","job_title":"","description":""}],"_links":{"self":[{"href":"https:\/\/la-presse-anarchiste.net\/index.php\/wp-json\/wp\/v2\/posts\/2617","targetHints":{"allow":["GET"]}}],"collection":[{"href":"https:\/\/la-presse-anarchiste.net\/index.php\/wp-json\/wp\/v2\/posts"}],"about":[{"href":"https:\/\/la-presse-anarchiste.net\/index.php\/wp-json\/wp\/v2\/types\/post"}],"author":[{"embeddable":true,"href":"https:\/\/la-presse-anarchiste.net\/index.php\/wp-json\/wp\/v2\/users\/1"}],"replies":[{"embeddable":true,"href":"https:\/\/la-presse-anarchiste.net\/index.php\/wp-json\/wp\/v2\/comments?post=2617"}],"version-history":[{"count":0,"href":"https:\/\/la-presse-anarchiste.net\/index.php\/wp-json\/wp\/v2\/posts\/2617\/revisions"}],"wp:attachment":[{"href":"https:\/\/la-presse-anarchiste.net\/index.php\/wp-json\/wp\/v2\/media?parent=2617"}],"wp:term":[{"taxonomy":"category","embeddable":true,"href":"https:\/\/la-presse-anarchiste.net\/index.php\/wp-json\/wp\/v2\/categories?post=2617"},{"taxonomy":"post_tag","embeddable":true,"href":"https:\/\/la-presse-anarchiste.net\/index.php\/wp-json\/wp\/v2\/tags?post=2617"},{"taxonomy":"author","embeddable":true,"href":"https:\/\/la-presse-anarchiste.net\/index.php\/wp-json\/wp\/v2\/ppma_author?post=2617"}],"curies":[{"name":"wp","href":"https:\/\/api.w.org\/{rel}","templated":true}]}}