{"id":2618,"date":"2010-07-27T11:23:03","date_gmt":"2010-07-27T11:23:03","guid":{"rendered":"https:\/\/la-presse-anarchiste.net\/index.php\/2010\/07\/27\/a-travers-le-monde-21\/"},"modified":"2010-07-27T11:23:03","modified_gmt":"2010-07-27T11:23:03","slug":"a-travers-le-monde-21","status":"publish","type":"post","link":"https:\/\/la-presse-anarchiste.net\/index.php\/2010\/07\/27\/a-travers-le-monde-21\/","title":{"rendered":"\u00c0 travers le&nbsp;monde"},"content":{"rendered":"<div class=\"pdfprnt-buttons pdfprnt-buttons-post pdfprnt-top-right\"><a href=\"https:\/\/la-presse-anarchiste.net\/index.php\/wp-json\/wp\/v2\/posts\/2618?print=pdf\" class=\"pdfprnt-button pdfprnt-button-pdf\" target=\"_blank\"><img decoding=\"async\" src=\"https:\/\/la-presse-anarchiste.net\/wp-content\/plugins\/pdf-print\/images\/pdf.png\" alt=\"image_pdf\" title=\"Afficher le PDF\"><\/a><a href=\"https:\/\/la-presse-anarchiste.net\/index.php\/wp-json\/wp\/v2\/posts\/2618?print=print\" class=\"pdfprnt-button pdfprnt-button-print\" target=\"_blank\"><img decoding=\"async\" src=\"https:\/\/la-presse-anarchiste.net\/wp-content\/plugins\/pdf-print\/images\/print.png\" alt=\"image_print\" title=\"Contenu imprim\u00e9\"><\/a><\/div><p>Jour\u00adnaux alle\u00admands&nbsp;: Il serait impor\u00adtant, \u00e0 l\u2019heure actuelle, que nous entre\u00adte\u00adnions un contact actif avec les anar\u00adchistes d\u2019outre-Rhin. Voi\u00adci quelques indi\u00adca\u00adtions pour ceux de nos amis qui lisent l\u2019allemand.<\/p>\n<p>Nous rece\u00advons <i>Der Freie Arbei\u00adter<\/i> et <i>Der Syn\u00addi\u00adka\u00adlist<\/i>. Nous par\u00adle\u00adrons ult\u00e9\u00adrieu\u00adre\u00adment de celui-ci. <i>Der Freie Arbei\u00adter<\/i> (Le Tra\u00advailleur Libre, 12 marks par an, Ber\u00adlin 0.17. B\u00f6di\u00adkers\u00adtrasse 30), para\u00eet depuis long\u00adtemps&nbsp;; il en est \u00e0 sa 12<sup>e<\/sup> ann\u00e9e. Men\u00adsuel au d\u00e9but de 1919, il donne main\u00adte\u00adnant 2 num\u00e9\u00adros de 4 pages par mois. Au-des\u00adsous du titre, deux mains brisent un fusil&nbsp;; puis le mot\u00adto&nbsp;: <i>Savoir et Vou\u00adloir<\/i>&nbsp;; enfin l\u2019in\u00addi\u00adca\u00adtion, organe de la F\u00e9d\u00e9\u00adra\u00adtion des anar\u00adchistes d\u2019Allemagne.<\/p>\n<p>Nous croyons. bon. de don\u00adner ici un r\u00e9su\u00adm\u00e9 de la d\u00e9cla\u00adra\u00adtion de prin\u00adcipe parue dans le n\u00b0&nbsp;13.<\/p>\n<p>L\u2019or\u00adga\u00adni\u00adsa\u00adtion. actuelle de la Soci\u00e9\u00adt\u00e9 repose sur la pro\u00adpri\u00e9\u00adt\u00e9 indi\u00advi\u00adduelle et sur l\u2019\u00c9\u00adtat. Le but du pro\u00adpri\u00e9\u00adtaire ter\u00adrien n\u2019est pas de satis\u00adfaire aux besoins de ses sem\u00adblables, mais de gagner de l\u2019argent. Le com\u00admerce repose sur le m\u00eame prin\u00adcipe. Et chaque pro\u00adgr\u00e8s tech\u00adnique avan\u00adtage le capi\u00adtal. Sur le ter\u00adrain inter\u00adna\u00adtio\u00adnal, la concur\u00adrence des capi\u00adta\u00adlistes est la cause per\u00adma\u00adnente de conflits. La pro\u00adtec\u00adtion de la pro\u00adpri\u00e9\u00adt\u00e9 et la divi\u00adsion des popu\u00adla\u00adtions en \u00ab&nbsp;classes&nbsp;\u00bb expliquent l\u2019exis\u00adtence de l\u2019\u00c9\u00adtat. La forme de l\u2019\u00c9\u00adtat, R\u00e9pu\u00adblique ou Des\u00adpo\u00adtisme, n\u2019a aucune impor\u00adtance. La cen\u00adtra\u00adli\u00adsa\u00adtion \u00e0 outrance est l\u2019\u0153uvre de l\u2019\u00c9\u00adtat et de l\u2019\u00c9glise. Toute ini\u00adtia\u00adtive est contraire au prin\u00adcipe de l\u2019\u00c9\u00adtat, aus\u00adsi s\u2019op\u00adpose-t-il \u00e0 tout progr\u00e8s.<\/p>\n<p>Et tex\u00adtuel\u00adle\u00adment&nbsp;: \u00ab&nbsp;Les com\u00admu\u00adnistes-anar\u00adchistes sont adver\u00adsaires de tout mono\u00adpole&nbsp;; ils d\u00e9si\u00adrent la mise en com\u00admun du sol, des ins\u00adtru\u00adments de tra\u00advail, des mati\u00e8res pre\u00admi\u00e8res et de toutes les richesses sociales, et la r\u00e9or\u00adga\u00adni\u00adsa\u00adtion de toute la soci\u00e9\u00adt\u00e9, sur la base du Com\u00admu\u00adnisme libre. Par\u00adtant du fait qu\u2019en fin de compte le socia\u00adlisme est une ques\u00adtion de culture et ne peut venir que d\u2019en bas par l\u2019ac\u00adti\u00advi\u00adt\u00e9 cr\u00e9a\u00adtrice du peuple, les com\u00admu\u00adnistes-anar\u00adchistes rejettent tout \u00e9ta\u00adtisme&nbsp;; elle ne pour\u00adrait ame\u00adner que la pire forme d\u2019ex\u00adploi\u00adta\u00adtion, le capi\u00adta\u00adlisme d\u2019\u00c9\u00adtat, et jamais le socialisme&nbsp;\u00bb.<\/p>\n<p>Ce ne sont pas les d\u00e9crets et les ordon\u00adnances qui am\u00e8\u00adne\u00adront \u00e0 une orga\u00adni\u00adsa\u00adtion, mais l\u2019i\u00adni\u00adtia\u00adtive des indi\u00advi\u00addus et des groupes tra\u00advaillant dans l\u2019in\u00adt\u00e9\u00adr\u00eat de l\u2019en\u00adsemble. Le but du com\u00admu\u00adnisme-anar\u00adchisme n\u2019est pas la divi\u00adsion du tra\u00advail, mais la syn\u00adth\u00e8se des pro\u00adduc\u00adtions agri\u00adcoles, indus\u00adtrielles et intel\u00adlec\u00adtuelles. Ils repoussent la cen\u00adtra\u00adli\u00adsa\u00adtion et lui opposent le sys\u00adt\u00e8me f\u00e9d\u00e9\u00adra\u00adtif. Ils ne veulent pas conqu\u00e9\u00adrir le pou\u00advoir cen\u00adtral, mais le d\u00e9truire. Ils sont enne\u00admis du Par\u00adle\u00admen\u00adta\u00adrisme et des \u00e9glises. Ils veulent un sys\u00adt\u00e8me d\u2019\u00e9\u00addu\u00adca\u00adtion qui s\u2019ap\u00adpuie sur la nature, et tendent \u00e0 d\u00e9ve\u00adlop\u00adper le sen\u00adti\u00adment de la res\u00adpon\u00adsa\u00adbi\u00adli\u00adt\u00e9. Ils pro\u00adclament l\u2019\u00e9\u00adga\u00adli\u00adt\u00e9 des sexes. Ils s\u2019\u00e9\u00adl\u00e8vent contre les fron\u00adti\u00e8res et en faveur de la liber\u00adt\u00e9 des peuples. \u00ab&nbsp;Ils rejettent radi\u00adca\u00adle\u00adment toute ten\u00addance vers une soi-disant uni\u00adt\u00e9 natio\u00adnale der\u00adri\u00e8re laquelle ne se cache que la domi\u00adna\u00adtion des classes diri\u00adgeantes&nbsp;\u00bb. Ils se tiennent sur le ter\u00adrain de l\u2019ac\u00adtion directe.<\/p>\n<p>Cette d\u00e9cla\u00adra\u00adtion n\u2019est point celle que je concerte, mais elle a sur celle-ci&nbsp;: elle existe et peut ser\u00advir de base \u00e0 une dis\u00adcus\u00adsion. Ce qui me frappe, c\u2019est ce qu\u2019elle tait plu\u00adt\u00f4t que ce qu\u2019elle dit. Elle est sans aucun rap\u00adport avec les don\u00adn\u00e9es par\u00adti\u00adcu\u00adli\u00e8res du temps pr\u00e9\u00adsent. Elle ignore tota\u00adle\u00adment les \u00e9vo\u00adlu\u00adtions actuelles. Pas la moindre allu\u00adsion \u00e0 la secousse for\u00admi\u00addable que vient de subir l\u2019hu\u00adma\u00adni\u00adt\u00e9, ni aux espoirs que sus\u00adcite sa ter\u00admi\u00adnai\u00adson, ni \u00e0 la r\u00e9volte russe. Elle peut aus\u00adsi bien avoir \u00e9t\u00e9 \u00e9crite il y a nombre d\u2019an\u00adn\u00e9es, ce qui excep\u00adte\u00adrait l\u2019ab\u00adsence totale du mot \u00ab&nbsp;mili\u00adta\u00adrisme&nbsp;\u00bb, de ce document.<\/p>\n<p>Et puis, je trouve un autre d\u00e9faut \u00e0 cette d\u00e9cla\u00adra\u00adtion&nbsp;; c\u2019est qu\u2019elle soit uni\u00adque\u00adment une d\u00e9cla\u00adra\u00adtion de prin\u00adcipes, de prin\u00adcipes sous forme de logique tou\u00adchante. Or, le pro\u00adbl\u00e8me qui se pose aux hommes, aux r\u00e9vo\u00adlu\u00adtion\u00adnaires, ne se r\u00e9sou\u00addra pas\u200a\u2014\u200am\u00eame pro\u00advi\u00adsoi\u00adre\u00adment\u200a\u2014\u200apar la Rai\u00adson pure. Il ne faut pas oublier les sen\u00adti\u00adments, les affi\u00adni\u00adt\u00e9s, les pas\u00adsion, en un mot, la nature m\u00eame de l\u2019homme.<\/p>\n<p>P.R.<\/p>\n","protected":false},"excerpt":{"rendered":"<p>Jour\u00adnaux alle\u00admands&nbsp;: Il serait impor\u00adtant, \u00e0 l\u2019heure actuelle, que nous entre\u00adte\u00adnions un contact actif avec les anar\u00adchistes d\u2019outre-Rhin. Voi\u00adci quelques indi\u00adca\u00adtions pour ceux de nos amis qui lisent l\u2019allemand. Nous rece\u00advons Der Freie Arbei\u00adter et Der Syn\u00addi\u00adka\u00adlist. Nous par\u00adle\u00adrons ult\u00e9\u00adrieu\u00adre\u00adment de celui-ci. Der Freie Arbei\u00adter (Le Tra\u00advailleur Libre, 12 marks par an, Ber\u00adlin 0.17. B\u00f6dikerstrasse&nbsp;[\u2026]<\/p>\n","protected":false},"author":1,"featured_media":0,"comment_status":"closed","ping_status":"closed","sticky":false,"template":"","format":"standard","meta":{"wp_typography_post_enhancements_disabled":false,"footnotes":""},"categories":[313],"tags":[],"ppma_author":[540],"class_list":["post-2618","post","type-post","status-publish","format-standard","hentry","category-les-temps-nouveaux-n6-15-decembre-1919"],"authors":[{"term_id":540,"user_id":1,"is_guest":0,"slug":"admin_3gikpwyf","display_name":"Vincent Dubuc","avatar_url":"https:\/\/secure.gravatar.com\/avatar\/d015720652c25fd2ced191ade86430094e1f288a17483713e3b34d26dea52507?s=96&d=mm&r=g","author_category":"","user_url":"https:\/\/la-presse-anarchiste.net","last_name":"Dubuc","first_name":"Vincent","job_title":"","description":""}],"_links":{"self":[{"href":"https:\/\/la-presse-anarchiste.net\/index.php\/wp-json\/wp\/v2\/posts\/2618","targetHints":{"allow":["GET"]}}],"collection":[{"href":"https:\/\/la-presse-anarchiste.net\/index.php\/wp-json\/wp\/v2\/posts"}],"about":[{"href":"https:\/\/la-presse-anarchiste.net\/index.php\/wp-json\/wp\/v2\/types\/post"}],"author":[{"embeddable":true,"href":"https:\/\/la-presse-anarchiste.net\/index.php\/wp-json\/wp\/v2\/users\/1"}],"replies":[{"embeddable":true,"href":"https:\/\/la-presse-anarchiste.net\/index.php\/wp-json\/wp\/v2\/comments?post=2618"}],"version-history":[{"count":0,"href":"https:\/\/la-presse-anarchiste.net\/index.php\/wp-json\/wp\/v2\/posts\/2618\/revisions"}],"wp:attachment":[{"href":"https:\/\/la-presse-anarchiste.net\/index.php\/wp-json\/wp\/v2\/media?parent=2618"}],"wp:term":[{"taxonomy":"category","embeddable":true,"href":"https:\/\/la-presse-anarchiste.net\/index.php\/wp-json\/wp\/v2\/categories?post=2618"},{"taxonomy":"post_tag","embeddable":true,"href":"https:\/\/la-presse-anarchiste.net\/index.php\/wp-json\/wp\/v2\/tags?post=2618"},{"taxonomy":"author","embeddable":true,"href":"https:\/\/la-presse-anarchiste.net\/index.php\/wp-json\/wp\/v2\/ppma_author?post=2618"}],"curies":[{"name":"wp","href":"https:\/\/api.w.org\/{rel}","templated":true}]}}