{"id":262,"date":"2007-03-31T13:58:52","date_gmt":"2007-03-31T13:58:52","guid":{"rendered":"https:\/\/la-presse-anarchiste.net\/index.php\/2007\/03\/31\/on-ne-plastique-pas-un-rapport-social\/"},"modified":"2007-03-31T13:58:52","modified_gmt":"2007-03-31T13:58:52","slug":"on-ne-plastique-pas-un-rapport-social","status":"publish","type":"post","link":"https:\/\/la-presse-anarchiste.net\/index.php\/2007\/03\/31\/on-ne-plastique-pas-un-rapport-social\/","title":{"rendered":"On ne plastique pas un rapport social"},"content":{"rendered":"<div class=\"pdfprnt-buttons pdfprnt-buttons-post pdfprnt-top-right\"><a href=\"https:\/\/la-presse-anarchiste.net\/index.php\/wp-json\/wp\/v2\/posts\/262?print=pdf\" class=\"pdfprnt-button pdfprnt-button-pdf\" target=\"_blank\"><img decoding=\"async\" src=\"https:\/\/la-presse-anarchiste.net\/wp-content\/plugins\/pdf-print\/images\/pdf.png\" alt=\"image_pdf\" title=\"Afficher le PDF\"><\/a><a href=\"https:\/\/la-presse-anarchiste.net\/index.php\/wp-json\/wp\/v2\/posts\/262?print=print\" class=\"pdfprnt-button pdfprnt-button-print\" target=\"_blank\"><img decoding=\"async\" src=\"https:\/\/la-presse-anarchiste.net\/wp-content\/plugins\/pdf-print\/images\/print.png\" alt=\"image_print\" title=\"Contenu imprim\u00e9\"><\/a><\/div><p class=\"post_excerpt\">Nous avons re\u00e7u cette \u00ab&nbsp;<em>Intro\u00adduc\u00adtion \u00e0 une cri\u00adtique des m\u00e9thodes et des pr\u00e9\u00adsup\u00adpo\u00ads\u00e9s du GARI<\/em>&nbsp;\u00bb.<\/p>\n<p><!--more--><\/p>\n<div align=\"justify\">\n<h2>1<\/h2>\n<p>\tPour\u00adquoi s\u2019est cr\u00e9\u00e9 le MIL&nbsp;? Pour coor\u00addon\u00adner des luttes \u00ab&nbsp;de base&nbsp;\u00bb, d\u00e9ve\u00adlop\u00adper des rap\u00adports et des moyens d\u2019ex\u00adpres\u00adsion (impres\u00adsion de bro\u00adchures, etc.), par\u00adti\u00adci\u00adper au mou\u00adve\u00adment de lutte des ouvriers radi\u00adcaux de Barcelone.<\/p>\n<p>\tPour\u00adquoi s\u2019est cr\u00e9\u00e9 le GARI&nbsp;? Pour \u00ab&nbsp;ripos\u00adter&nbsp;\u00bb devant la r\u00e9pres\u00adsion et \u00ab&nbsp;r\u00e9pondre \u00e0 la vio\u00adlence \u00e9ta\u00adtique par la vio\u00adlence r\u00e9vo\u00adlu\u00adtion\u00adnaire&nbsp;\u00bb. Sa base de consti\u00adtu\u00adtion est l\u2019en\u00advers exact de celle de l\u2019au\u00adto-dis\u00adso\u00adlu\u00adtion du MIL&nbsp;: il est main\u00adte\u00adnant inutile de par\u00adler d\u2019or\u00adga\u00adni\u00adsa\u00adtions poli\u00adti\u00adco-mili\u00adtaires, de telles orga\u00adni\u00adsa\u00adtions ne sont que d\u2019autres rackets poli\u00adtiques. Pour toutes ces rai\u00adsons, le MIL s\u2019au\u00adto\u00addis\u00adsout comme orga\u00adni\u00adsa\u00adtion poli\u00adti\u00adco-mili\u00adtaire et ses membres se dis\u00adposent \u00e0 assu\u00admer \u00ab&nbsp;l<em>\u2019ap\u00adpro\u00adfon\u00addis\u00adse\u00adment des pers\u00adpec\u00adtives com\u00admu\u00adnistes du mou\u00adve\u00adment social<\/em>&nbsp;\u00bb. (Congr\u00e8s de dis\u00adso\u00adlu\u00adtion, ao\u00fbt 73, in <em>CIA<\/em> n\u00ba 2. C\u2019est nous qui soulignons).<\/p>\n<h2>2<\/h2>\n<p>Lorsque le GARI fait son appa\u00adri\u00adtion, le membre de l\u2019ex-MIL le plus en dan\u00adger, S.&nbsp;Puig Antich, \u00e9tait d\u00e9j\u00e0 mort&nbsp;; cer\u00adtaines luttes \u00ab&nbsp;spec\u00adta\u00adcu\u00adlaires&nbsp;\u00bb (m\u00eame les plus \u00ab&nbsp;folles&nbsp;\u00bb) auraient pu \u00eatre men\u00e9es avant son ex\u00e9\u00adcu\u00adtion, parce qu\u2019elles auraient pu \u00eatre utiles (en obte\u00adnant sa vie ou sa lib\u00e9\u00adra\u00adtion), mais apr\u00e8s elles ne font qu\u2019en\u00adt\u00e9\u00adri\u00adner un \u00e9tat de fait&nbsp;: la d\u00e9faite, et la dis\u00adso\u00adlu\u00adtion sociale, d\u2019un sec\u00adteur du mou\u00adve\u00adment ouvrier radi\u00adcal de Bar\u00adce\u00adlone&nbsp;; de plus, ces luttes appro\u00adfon\u00addissent cette d\u00e9faite, en per\u00addant tous liens avec ce mouvement.<\/p>\n<h2>3<\/h2>\n<p>\tD\u2019au\u00adcuns nous assurent que les explo\u00adsions et l\u2019en\u00adl\u00e8\u00adve\u00adment du ban\u00adquier fai\u00adsaient par\u00adtie d\u2019un mou\u00adve\u00adment r\u00e9vo\u00adlu\u00adtion\u00adnaire, mais nous ne voyons pas pour\u00adquoi ce serait plus l\u2019ex\u00adpres\u00adsion quel\u00adconque de pro\u00adl\u00e9\u00adtaires conscients que celle de l\u2019illu\u00adsion des membres du GARI de faire avan\u00adcer le mou\u00adve\u00adment en br\u00fb\u00adlant les \u00e9tapes, de trou\u00adver une nou\u00advelle recette m\u00e9ta\u00adphy\u00adsique pour gu\u00e9\u00adrir un embour\u00adgeoi\u00adse\u00adment qui reste pour eux de nature essen\u00adtiel\u00adle\u00adment morale, et de croire trou\u00adver une arme qui leur per\u00admette magi\u00adque\u00adment de s\u2019abs\u00adtraire de toutes les condi\u00adtions don\u00adn\u00e9es de la lutte r\u00e9elle. Il faut recon\u00adna\u00eetre la non-ad\u00e9\u00adqua\u00adtion de cer\u00adtaines formes d\u2019ac\u00adtions au mou\u00adve\u00adment r\u00e9vo\u00adlu\u00adtion\u00adnaire pro\u00adl\u00e9\u00adta\u00adrien&nbsp;: tout ce qui ne peut d\u00e9pas\u00adser un niveau indi\u00advi\u00adduel ne peut que s\u2019\u00e9\u00adloi\u00adgner du mou\u00adve\u00adment social&nbsp;; les armes que les membres du GARI uti\u00adlisent, l\u2019ex\u00adplo\u00adsif le plus sou\u00advent, sont les m\u00eames que celles qu\u2019emploient les ter\u00adro\u00adristes pales\u00adti\u00adniens et sio\u00adnistes, les irlan\u00addais pro\u00adtes\u00adtants et l\u2019I\u00adRA&nbsp;; on nous assure qu\u2019ils en font un usage r\u00e9vo\u00adlu\u00adtion\u00adnaire, \u00e0 l\u2019exa\u00admen ceci para\u00eet moins s\u00fbr (cf 5<sup>e<\/sup>&nbsp;pt).<\/p>\n<h2>4<\/h2>\n<p>\tLes ter\u00adro\u00adristes vou\u00addraient qui, cr\u00e9er un \u00c9tat, qui, les d\u00e9truire tous&nbsp;; quel\u00adque\u00adfois le ter\u00adro\u00adrisme \u00e9ta\u00adtique peut bien l\u2019emporter, car il a cr\u00e9\u00e9 une puis\u00adsance ind\u00e9\u00adpen\u00addante, propre \u00e0 dia\u00adlo\u00adguer avec d\u2019autres \u00c9tats. Mais quant \u00e0 les d\u00e9truire tous, on ne peut pas plas\u00adti\u00adquer un rap\u00adport social&nbsp;; ce qui se croit \u00eatre la cri\u00adtique la plus radi\u00adcale et la plus pro\u00adfonde, volon\u00adtai\u00adre\u00adment cou\u00adp\u00e9e de tout mou\u00adve\u00adment, reste fina\u00adle\u00adment la plus super\u00adfi\u00adcielle&nbsp;: elle ne fait qu\u2019ef\u00adfleu\u00adrer les objets, en les ab\u00ee\u00admant, m\u00eame si elle est accom\u00adpa\u00adgn\u00e9e de d\u00e9cla\u00adra\u00adtions pom\u00adpeuses sur la fin de toutes les ali\u00e9nations.<\/p>\n<h2>5<\/h2>\n<p>\tQuel est donc cet emploi \u00ab&nbsp;r\u00e9vo\u00adlu\u00adtion\u00adnaire&nbsp;\u00bb de la dyna\u00admite&nbsp;? Dans quel objec\u00adtif le GARI a\u2011t-il fait sau\u00adter ceci plu\u00adt\u00f4t que cela&nbsp;; quelle est la coh\u00e9\u00adrence propre de son action&nbsp;?<\/p>\n<p>\tCe sont avant tout des voies de com\u00admu\u00adni\u00adca\u00adtion entre l\u2019Es\u00adpagne et la France qui ont \u00e9t\u00e9 endom\u00adma\u00adg\u00e9es. Il s\u2019a\u00adgit d\u2019une stra\u00adt\u00e9\u00adgie \u00ab&nbsp;qui a pour but de pro\u00advo\u00adquer (\u2026) le blo\u00adcus \u00e9co\u00adno\u00admique poli\u00adtique et cultu\u00adrel de l\u2019Es\u00adpagne&nbsp;\u00bb&nbsp;; il faut \u00ab&nbsp;d\u00e9ve\u00adlop\u00adper&nbsp;\u00bb une agi\u00adta\u00adtion ayant pour but de pro\u00advo\u00adquer le pro\u00adtec\u00adtion\u00adnisme des pro\u00adduits agri\u00adcoles fran\u00ad\u00e7ais sur les pro\u00adduits espa\u00adgnols (vins, agrumes). Cela peut d\u00e9bou\u00adcher sur le blo\u00adcage des arri\u00advages et leur des\u00adtruc\u00adtion. Il faut dres\u00adser des listes de boy\u00adcott des pro\u00adduits espa\u00adgnols&nbsp;\u00bb (cf. \u00ab&nbsp;<em>Avan\u00adti Popu\u00adlo<\/em>&nbsp;\u00bb in \u00ab&nbsp;<em>l\u2019\u00c9\u00adtat et la r\u00e9vo\u00adlu\u00adtion<\/em>&nbsp;\u00bb).<\/p>\n<p>\tAin\u00adsi pro\u00adt\u00e9\u00adger les pro\u00adduits agri\u00adcoles fran\u00ad\u00e7ais contre la concur\u00adrence espa\u00adgnole et faire un blo\u00adcus de l\u2019Es\u00adpagne seraient des mots d\u2019ordre r\u00e9vo\u00adlu\u00adtion\u00adnaires. Pour\u00adtant il faut savoir&nbsp;:<\/p>\n<p>a) Que \u00ab&nbsp;la lutte&nbsp;\u00bb des pay\u00adsans pour main\u00adte\u00adnir les prix de mar\u00adch\u00e9 (des\u00adtruc\u00adtion \u00ab&nbsp;d\u2019ex\u00adc\u00e9\u00addents&nbsp;\u00bb, pro\u00adtes\u00adta\u00adtion contre la concur\u00adrence \u00e9tran\u00adg\u00e8re) a pour but de sau\u00adve\u00adgar\u00adder un sys\u00adt\u00e8me de pro\u00adduc\u00adtion et de dis\u00adtri\u00adbu\u00adtion qui est deve\u00adnu tota\u00adle\u00adment inad\u00e9\u00adquat aux besoins de l\u2019hu\u00adma\u00adni\u00adt\u00e9&nbsp;: le mode de pro\u00adduc\u00adtion capi\u00adta\u00adliste, et m\u00eame de reve\u00adnir en de\u00e7\u00e0 du d\u00e9ve\u00adlop\u00adpe\u00adment actuel du capi\u00adta\u00adlisme qui s\u2019in\u00adter\u00adna\u00adtio\u00adna\u00adlise et se concentre.<\/p>\n<p>b) Que le blo\u00adcus de l\u2019Es\u00adpagne, c\u2019est ren\u00adfor\u00adcer l\u2019i\u00adso\u00adle\u00adment du pro\u00adl\u00e9\u00adta\u00adriat espa\u00adgnol, et don\u00adner des int\u00e9\u00adr\u00eats com\u00admuns \u00e0 la bour\u00adgeoi\u00adsie et au pro\u00adl\u00e9\u00adta\u00adriat espa\u00adgnol&nbsp;: c\u2019est poser comme in\u00e9bran\u00adlable la mer\u00adveilleuse nation espagnole.<\/p>\n<p>c) Que cette uto\u00adpie r\u00e9ac\u00adtion\u00adnaire ne peut avoir de prise sur la r\u00e9a\u00adli\u00adt\u00e9&nbsp;: l\u2019i\u00adni\u00adtia\u00adtive des rap\u00adports \u00e9co\u00adno\u00admiques appar\u00adtient uni\u00adque\u00adment aux \u00c9tats capi\u00adta\u00adlistes et le pro\u00adl\u00e9\u00adta\u00adriat \u2015&nbsp;dans la p\u00e9riode actuelle\u200a\u2014\u200ane sau\u00adrait contr\u00f4\u00adler l\u2019\u00e9\u00adta\u00adblis\u00adse\u00adment des rela\u00adtions com\u00admer\u00adciales de la bourgeoisie.<\/p>\n<p>d) Que \u00ab&nbsp;l\u2019ou\u00adver\u00adture&nbsp;\u00bb n\u00e9ces\u00adsaire du capi\u00adta\u00adlisme espa\u00adgnol vers les autres contr\u00e9es euro\u00adp\u00e9ennes ne peut que s\u2019ac\u00adcom\u00adpa\u00adgner d\u2019une inter\u00adna\u00adtio\u00adna\u00adli\u00adsa\u00adtion des luttes ouvri\u00e8res&nbsp;: l\u2019Es\u00adpagne capi\u00adta\u00adliste doit ouvrir ses fron\u00adti\u00e8res pour conti\u00adnuer \u00e0 se d\u00e9ve\u00adlop\u00adper&nbsp;: c\u2019est in\u00e9\u00adluc\u00adtable et nul anar\u00adchiste ou pha\u00adlan\u00adgiste ne pour\u00adra s\u2019op\u00adpo\u00adser \u00e0 ce mou\u00adve\u00adment, dont l\u2019is\u00adsue ultime est la r\u00e9so\u00adlu\u00adtion r\u00e9vo\u00adlu\u00adtion\u00adnaire de tous les pro\u00adbl\u00e8mes pos\u00e9s par l\u2019or\u00adga\u00adni\u00adsa\u00adtion de la soci\u00e9t\u00e9.<\/p>\n<p>e) Qu\u2019en\u00adfin vou\u00adloir impo\u00adser d\u2019une fa\u00e7on auto\u00adri\u00adtaire (eh oui&nbsp;!) au pro\u00adl\u00e9\u00adta\u00adriat espa\u00adgnol un blo\u00adcus du m\u00eame genre que celui que la classe diri\u00adgeante alle\u00admande impo\u00adsa d\u2019elle-m\u00eame, dans les ann\u00e9es trente, pour mieux \u00e9cra\u00adser ce qui res\u00adtait du mou\u00adve\u00adment pro\u00adl\u00e9\u00adta\u00adrien est tout sim\u00adple\u00adment un mot d\u2019ordre contre-r\u00e9vo\u00adlu\u00adtion\u00adnaire [[Nous ne dou\u00adtons pas qu\u2019\u00e0 l\u2019o\u00adri\u00adgine de l\u2019ac\u00adtion des membres du GARI se place un sen\u00adti\u00adment de r\u00e9volte fort res\u00adpec\u00adtable, ce qui l\u2019est moins c\u2019est la fai\u00adblesse qui les a ame\u00adn\u00e9s \u00e0 s\u2019in\u00adt\u00e9\u00adgrer dans le monde des pseu\u00addo-\u00e9v\u00e9\u00adne\u00adments \u00e0 d\u00e9ve\u00adlop\u00adper des c\u00f4t\u00e9s qui n\u2019ont rien de subversif.]].<\/p>\n<h2>6<\/h2>\n<p>\tPour le mou\u00adve\u00adment r\u00e9vo\u00adlu\u00adtion\u00adnaire il n\u2019y a pas de lutte sp\u00e9\u00adci\u00adfique contre le fran\u00adquisme, un des mille visages de la classe capi\u00adta\u00adliste inter\u00adna\u00adtio\u00adnale. Il ne s\u2019a\u00adgit pas non plus de lut\u00adter contre les exc\u00e8s du capi\u00adta\u00adlisme en conser\u00advant tout le reste&nbsp;: mais d\u2019en an\u00e9an\u00adtir les racines, la loi de la valeur (pro\u00adduc\u00adtion mar\u00adchande, sala\u00adriat, domi\u00adna\u00adtion de l\u2019\u00e9\u00adco\u00adno\u00admie), c\u2019est ce qu\u2019af\u00adfir\u00admait la ten\u00addance la plus lucide du MIL \u00e0 laquelle appar\u00adte\u00adnait Puig Antich [[\u00c0 un mee\u00adting de sou\u00adtien aux empri\u00adson\u00adn\u00e9s du GARI, dont l\u2019as\u00adsis\u00adtance \u00e9tait prin\u00adci\u00adpa\u00adle\u00adment com\u00adpo\u00ads\u00e9e d\u2019a\u00adnar\u00adchistes, un indi\u00advi\u00addu criant \u00ab&nbsp;Puig Antich n\u2019\u00e9\u00adtait pas un anti\u00adfas\u00adciste&nbsp;\u00bb (\u00e0 l\u2019a\u00addresse d\u2019un sta\u00adli\u00adno\u00adphile qui pre\u00adnait la parole) s\u2019est bien s\u00fbr fait trai\u00adter de fas\u00adciste et a m\u00eame failli se faire jeter par des\u00adsus le bal\u00adcon pour\u00adtant ce sont bien des anti\u00adfas\u00adcistes qui ont r\u00e9pri\u00adm\u00e9 en Mai 37 \u00e0 Bar\u00adce\u00adlone les sec\u00adteurs les plus com\u00adba\u00adtifs du pro\u00adl\u00e9\u00adta\u00adriat espa\u00adgnol (les anar\u00adchistes les plus radi\u00adcaux, le POUM, etc.) et c\u2019est au nom de l\u2019an\u00adti\u00adfas\u00adcisme qu\u2019a \u00e9t\u00e9 men\u00e9e la seconde guerre imp\u00e9\u00adria\u00adliste mon\u00addiale qui a conduit \u00e0 la liqui\u00adda\u00adtion qua\u00adsi-totale du pro\u00adl\u00e9\u00adta\u00adriat en tant que classe et qui a ouvert une phase de nou\u00advelle jeu\u00adnesse du capi\u00adta\u00adlisme.]]. Cette lutte n\u2019est pas celle de mino\u00adri\u00adt\u00e9s d\u00e9ci\u00add\u00e9es \u00e0 accom\u00adplir des coups de main mais celle d\u2019une classe qui sau\u00adra trou\u00adver son propre che\u00admin&nbsp;; et si il y aura bien des actions indi\u00advi\u00adduelles ou mino\u00adri\u00adtaires elles expri\u00adme\u00adront quand m\u00eame l\u2019en\u00adsemble des pers\u00adpec\u00adtives et du mou\u00adve\u00adment r\u00e9vo\u00adlu\u00adtion\u00adnaire parce que s\u2019\u00e9\u00adle\u00advant \u00e0 un point de vue uni\u00adver\u00adsel (qui n\u2019est autre que la clair\u00advoyance sur sa propre situa\u00adtion et le rap\u00adport entre son action et la tota\u00adli\u00adt\u00e9 \u00e0 trans\u00adfor\u00admer)&nbsp;; ces actions indi\u00advi\u00adduelles ne seront jamais des le\u00e7ons d\u2019h\u00e9\u00adro\u00efsme ni des exhor\u00adta\u00adtions morales pour \u00ab&nbsp;aller \u00e0 la r\u00e9vo\u00adlu\u00adtion&nbsp;\u00bb (tein\u00adt\u00e9es de ce m\u00e9pris, de ceux \u00ab&nbsp;qui dorment en atten\u00addant&nbsp;\u00bb que pro\u00adfesse le GARI) mais se suf\u00adfi\u00adront d\u00e9j\u00e0 \u00e0 elles-m\u00eames en \u00e9tant cri\u00adtique des noeuds de ce monde et affir\u00adma\u00adtion des besoins com\u00admuns \u00e0 la classe pro\u00adl\u00e9\u00adta\u00adrienne, besoins dont la satis\u00adfac\u00adtion pro\u00adfonde n\u2019exige rien de moins qu\u2019une r\u00e9vo\u00adlu\u00adtion sociale.<\/p>\n<h2>Une violence d\u00e9risoire<\/h2>\n<p>\t(\u2026) \u00ab&nbsp;Une action du type de celle du GARI (et un aspect non n\u00e9gli\u00adgeable de celle du MIL) d\u00e9mon\u00adtre\u00adrait bien \u00e0 n\u2019im\u00adporte qui, qu\u2019il existe <em>d\u00e9j\u00e0<\/em> des \u00ab&nbsp;\u00e9ner\u00adgies&nbsp;\u00bb qui veulent en finir avec cette soci\u00e9\u00adt\u00e9, mais elles com\u00adbattent seules <em>sur le ter\u00adrain de la vio\u00adlence<\/em> alors qu\u2019ils ne sont pour le moment qu\u2019une force <em>d\u00e9ri\u00adsoire<\/em> face \u00e0 celle de l\u2019\u00c9\u00adtat et du Capi\u00adtal (de sa police, mais aus\u00adsi de son arm\u00e9e, des mass-m\u00e9dia, etc.) qui pour le moment contr\u00f4le tout ou presque tout&nbsp;: la vio\u00adlence doit \u00eatre de classe, c\u2019est-\u00e0-dire pou\u00advoir \u00eatre recon\u00adnue par tous ceux qui sont pla\u00adc\u00e9s dans des condi\u00adtions iden\u00adtiques \u00e0 ceux qui l\u2019ont exer\u00adc\u00e9e&nbsp;: la dif\u00adf\u00e9\u00adrence entre Watdts ou Gdansk et ce qu\u2019a fait le GARI&nbsp;? C\u2019est pas l\u2019es\u00adsen\u00adtiel mais est-ce que les jour\u00adnaux peuvent se ser\u00advir des \u00ab&nbsp;insur\u00adrec\u00adtions pro\u00adl\u00e9\u00adta\u00adriennes&nbsp;\u00bb (on appel\u00adle\u00adra \u00e7a comme on vou\u00addra mais c\u2019est bien \u00e0 peu pr\u00e8s ce que ces termes recouvrent comme r\u00e9a\u00adli\u00adt\u00e9) comme quelque chose de mani\u00adpu\u00adlable et dont la publi\u00adci\u00adt\u00e9 doit \u00eatre&nbsp;faite&nbsp;\u00bb&nbsp;(\u2026)&nbsp;?&nbsp;<\/p><\/div>\n","protected":false},"excerpt":{"rendered":"<p>Nous avons re\u00e7u cette \u00ab&nbsp;Intro\u00adduc\u00adtion \u00e0 une cri\u00adtique des m\u00e9thodes et des pr\u00e9\u00adsup\u00adpo\u00ads\u00e9s du&nbsp;GARI&nbsp;\u00bb.<\/p>\n","protected":false},"author":1,"featured_media":0,"comment_status":"closed","ping_status":"closed","sticky":false,"template":"","format":"standard","meta":{"wp_typography_post_enhancements_disabled":false,"footnotes":""},"categories":[37],"tags":[],"ppma_author":[540],"class_list":["post-262","post","type-post","status-publish","format-standard","hentry","category-la-lanterne-noire-na3-juin-juillet-1975"],"authors":[{"term_id":540,"user_id":1,"is_guest":0,"slug":"admin_3gikpwyf","display_name":"Vincent Dubuc","avatar_url":"https:\/\/secure.gravatar.com\/avatar\/d015720652c25fd2ced191ade86430094e1f288a17483713e3b34d26dea52507?s=96&d=mm&r=g","author_category":"","user_url":"https:\/\/la-presse-anarchiste.net","last_name":"Dubuc","first_name":"Vincent","job_title":"","description":""}],"_links":{"self":[{"href":"https:\/\/la-presse-anarchiste.net\/index.php\/wp-json\/wp\/v2\/posts\/262","targetHints":{"allow":["GET"]}}],"collection":[{"href":"https:\/\/la-presse-anarchiste.net\/index.php\/wp-json\/wp\/v2\/posts"}],"about":[{"href":"https:\/\/la-presse-anarchiste.net\/index.php\/wp-json\/wp\/v2\/types\/post"}],"author":[{"embeddable":true,"href":"https:\/\/la-presse-anarchiste.net\/index.php\/wp-json\/wp\/v2\/users\/1"}],"replies":[{"embeddable":true,"href":"https:\/\/la-presse-anarchiste.net\/index.php\/wp-json\/wp\/v2\/comments?post=262"}],"version-history":[{"count":0,"href":"https:\/\/la-presse-anarchiste.net\/index.php\/wp-json\/wp\/v2\/posts\/262\/revisions"}],"wp:attachment":[{"href":"https:\/\/la-presse-anarchiste.net\/index.php\/wp-json\/wp\/v2\/media?parent=262"}],"wp:term":[{"taxonomy":"category","embeddable":true,"href":"https:\/\/la-presse-anarchiste.net\/index.php\/wp-json\/wp\/v2\/categories?post=262"},{"taxonomy":"post_tag","embeddable":true,"href":"https:\/\/la-presse-anarchiste.net\/index.php\/wp-json\/wp\/v2\/tags?post=262"},{"taxonomy":"author","embeddable":true,"href":"https:\/\/la-presse-anarchiste.net\/index.php\/wp-json\/wp\/v2\/ppma_author?post=262"}],"curies":[{"name":"wp","href":"https:\/\/api.w.org\/{rel}","templated":true}]}}