{"id":2624,"date":"2010-07-27T11:44:11","date_gmt":"2010-07-27T11:44:11","guid":{"rendered":"https:\/\/la-presse-anarchiste.net\/index.php\/2010\/07\/27\/ferdinand-domela-nieuwenhuis-31-decembre-1846-18-novembre-1919\/"},"modified":"2010-07-27T11:44:11","modified_gmt":"2010-07-27T11:44:11","slug":"ferdinand-domela-nieuwenhuis-31-decembre-1846-18-novembre-1919","status":"publish","type":"post","link":"https:\/\/la-presse-anarchiste.net\/index.php\/2010\/07\/27\/ferdinand-domela-nieuwenhuis-31-decembre-1846-18-novembre-1919\/","title":{"rendered":"Ferdinand Domela Nieuwenhuis (31 d\u00e9cembre 1846 \u2013 18 novembre 1919)"},"content":{"rendered":"<div class=\"pdfprnt-buttons pdfprnt-buttons-post pdfprnt-top-right\"><a href=\"https:\/\/la-presse-anarchiste.net\/index.php\/wp-json\/wp\/v2\/posts\/2624?print=pdf\" class=\"pdfprnt-button pdfprnt-button-pdf\" target=\"_blank\"><img decoding=\"async\" src=\"https:\/\/la-presse-anarchiste.net\/wp-content\/plugins\/pdf-print\/images\/pdf.png\" alt=\"image_pdf\" title=\"Afficher le PDF\"><\/a><a href=\"https:\/\/la-presse-anarchiste.net\/index.php\/wp-json\/wp\/v2\/posts\/2624?print=print\" class=\"pdfprnt-button pdfprnt-button-print\" target=\"_blank\"><img decoding=\"async\" src=\"https:\/\/la-presse-anarchiste.net\/wp-content\/plugins\/pdf-print\/images\/print.png\" alt=\"image_print\" title=\"Contenu imprim\u00e9\"><\/a><\/div><div align=\"\u00ab&nbsp;justify&nbsp;\u00bb\">\n<p>Quand j\u2019en\u00adten\u00addis pour la pre\u00admi\u00e8re fois men\u00adtion\u00adner le nom de Dome\u00adla Nieu\u00adwen\u00adhuis, c\u2019\u00e9\u00adtait avec moque\u00adrie et d\u00e9dain.<\/p>\n<p>La bour\u00adgeoi\u00adsie hol\u00adlan\u00addaise \u00e9tait pro\u00adfon\u00add\u00e9\u00adment offen\u00ads\u00e9e qu\u2019un des leurs l\u2019eut aban\u00addon\u00adn\u00e9e pour se tour\u00adner vers le peuple. C\u2019\u00e9\u00adtait \u00ab&nbsp;incom\u00adpr\u00e9\u00adhen\u00adsible&nbsp;\u00bb, qu\u2019un homme dis\u00adtin\u00adgu\u00e9 p\u00fbt quit\u00adter un milieu o\u00f9 il \u00e9tait des plus appr\u00e9\u00adci\u00e9s, o\u00f9 il tenait une large place \u00e0 la table de la vie. Certes, il fal\u00adlait \u00eatre d\u00e9s\u00ad\u00e9qui\u00adli\u00adbr\u00e9, pour se mon\u00adtrer si peu \u00ab&nbsp;pratique&nbsp;\u00bb.<\/p>\n<p>Que pou\u00advaient donc faire de mieux les bour\u00adgeois que de le contra\u00adrier autant que pos\u00adsible dans ses des\u00adseins cri\u00admi\u00adnels de \u00ab&nbsp;par\u00adta\u00adger tout entre tout le monde&nbsp;\u00bb&nbsp;? Alors com\u00admen\u00ad\u00e7a contre lui une cam\u00adpagne de m\u00e9di\u00adsance, de pair avec la per\u00ads\u00e9\u00adcu\u00adtion mat\u00e9rielle.<\/p>\n<p>C\u2019\u00e9\u00adtait d\u2019ailleurs pour la jeu\u00adnesse bour\u00adgeoise, une occu\u00adpa\u00adtion aus\u00adsi utile qu\u2019a\u00admu\u00adsante, que d\u2019al\u00adler cha\u00adhu\u00adter dans les r\u00e9unions du \u00ab&nbsp;pas\u00adteur d\u00e9ser\u00adteur&nbsp;\u00bb, comme on appe\u00adlait Dome\u00adla Nieu\u00adwen\u00adhuis, et maintes fois la grange d\u00e9la\u00adbr\u00e9e ou la salle enfu\u00adm\u00e9e, o\u00f9 cet ap\u00f4tre du socia\u00adlisme pr\u00ea\u00adchait le nou\u00advel \u00e9van\u00adgile d\u2019\u00e9\u00adga\u00adli\u00adt\u00e9 et d\u2019a\u00admour, voyait des sc\u00e8nes r\u00e9vol\u00adtantes. Mais je, me rap\u00adpelle aus\u00adsi que des jeunes gens, par\u00adtis avec l\u2019in\u00adten\u00adtion de faire des \u00ab&nbsp;actions d\u2019\u00e9\u00adclat&nbsp;\u00bb dans ces r\u00e9unions socia\u00adlistes, en reve\u00adnaient hon\u00adteux de leurs inten\u00adtions \u00e0 l\u2019\u00e9\u00adgard de cet homme qui, mal\u00adgr\u00e9 eux, les impres\u00adsion\u00adnait et qui for\u00ad\u00e7ait l\u2019ad\u00admi\u00adra\u00adtion d\u2019un jeune c\u0153ur encore capable de s\u2019enthousiasmer.<\/p>\n<p>Ah, les r\u00e9unions de ces pre\u00admiers temps du socia\u00adlisme&nbsp;! Peut-il exis\u00adter encore un tel feu de sacri\u00adfice, un tel amour des mis\u00e9\u00adrables, un tel d\u00e9voue\u00adment \u00e0 la cause, comme le mon\u00adtraient ces pre\u00admiers pr\u00e9\u00addi\u00adca\u00adteurs du socia\u00adlisme dans leur lutte contre l\u2019i\u00adgno\u00adrance, le fana\u00adtisme et la m\u00e9chan\u00adce\u00adt\u00e9 qui les entou\u00adraient de tous les&nbsp;c\u00f4t\u00e9s&nbsp;?<\/p>\n<p>Oui, Dome\u00adla, dans ce temps-l\u00e0, \u00e9tait avant tout un ap\u00f4tre. Comme tel, il \u00e9tait ado\u00adr\u00e9 par ses adeptes et ha\u00ef par ses adver\u00adsaires. Il occu\u00adpait une place \u00e0 part. La masse, \u00e0 laquelle il s\u2019\u00e9\u00adtait vou\u00e9, l\u2019i\u00addo\u00adl\u00e2\u00adtrait. Ses paroles et ses actes n\u2019\u00e9\u00adtaient jamais jug\u00e9 comme ceux d\u2019un autre mor\u00adtel. Ce qu\u2019il fai\u00adsait \u00e9tait bien, m\u00eame quand on ne le com\u00adpre\u00adnait pas. Les pauvres, les simples, les mal\u00adheu\u00adreux qui, en Hol\u00adlande, et sur\u00adtout dans les pro\u00advinces du Nord, vivaient encore comme des b\u00eates, t\u00e9moi\u00adgnaient une recon\u00adnais\u00adsance sans bornes \u00e0 l\u2019homme qui leur avait mon\u00adtr\u00e9 le che\u00admin vers une meilleure vie.<\/p>\n<p>[|<b>*  *  *  *  *<\/b>|]<br>\n<br>\nDome\u00adla Nieu\u00adwen\u00adhuis avait quit\u00adt\u00e9 l\u2019\u00e9\u00adglise luth\u00e9\u00adrienne o\u00f9 il \u00e9tait pas\u00adteur, en&nbsp;1879.<\/p>\n<p>\u00c0 par\u00adtir de cette date, toute sa vie appar\u00adtint \u00e0 la cause socia\u00adliste. C\u2019est lui, qui le pre\u00admier, por\u00adta la pen\u00ads\u00e9e socia\u00adliste avec \u00e9clat dans le monde ouvrier de Hol\u00adlande. Il fut, lui aus\u00adsi, le pre\u00admier r\u00e9dac\u00adteur d\u2019un organe socia\u00adliste, le pre\u00admier socia\u00adliste au Par\u00adle\u00adment, le pre\u00admier coop\u00e9\u00adra\u00adteur, et, enfin, sinon le pre\u00admier, en tout cas le plus \u00e9ner\u00adgique anti-parlementaire.<\/p>\n<p>Pen\u00addant de longues ann\u00e9es, l\u2019exis\u00adtence de Dome\u00adla ne fut rien que luttes. Il vivait seule\u00adment pour la pro\u00adpa\u00adgande, et le mou\u00adve\u00adment r\u00e9vo\u00adlu\u00adtion\u00adnaire avait en lui l\u2019a\u00adgi\u00adta\u00adteur par excel\u00adlence. Tenir des r\u00e9unions, \u00e9crire des articles de pro\u00adpa\u00adgande, ce fut sa rai\u00adson d\u2019\u00eatre pen\u00addant plus de vingt&nbsp;ans.<\/p>\n<p>Il n\u2019a pas seule\u00adment souf\u00adfert dans ses efforts quo\u00adti\u00addiens des per\u00ads\u00e9\u00adcu\u00adtions de ses adver\u00adsaires&nbsp;: il connut aus\u00adsi la pri\u00adson sous des condi\u00adtions excep\u00adtion\u00adnel\u00adle\u00adment cruelles. Ce fut plu\u00adt\u00f4t un acte de ven\u00adgeance de la classe capi\u00adta\u00adliste d\u00e9si\u00adrant frap\u00adper en lui la masse du pro\u00adl\u00e9\u00adta\u00adriat qui com\u00admen\u00ad\u00e7ait \u00e0 se r\u00e9veiller et \u00e0 se r\u00e9volter.<\/p>\n<p>Mais c\u2019\u00e9\u00adtait mal comp\u00adter. \u00c0 la sor\u00adtie de pri\u00adson, Dome\u00adla, blan\u00adchi par la souf\u00adfrance, fut f\u00eat\u00e9 et accla\u00adm\u00e9 plus qu\u2019un roi. La graine socia\u00adliste, sem\u00e9e par lui, n\u2019a\u00advait que mieux&nbsp;germ\u00e9.<\/p>\n<p>Quelques mois plus tard, en 1888, les \u00e9lec\u00adteurs des pro\u00advinces du Nord \u00e9lirent Dome\u00adla d\u00e9pu\u00adt\u00e9 au Parlement.<\/p>\n<p>Ce fut l\u2019a\u00adpo\u00adg\u00e9e de sa popularit\u00e9.<\/p>\n<p>Mais il aper\u00ad\u00e7ut vite l\u2019im\u00adpos\u00adsi\u00adbi\u00adli\u00adt\u00e9 d\u2019in\u00adfluen\u00adcer ce corps l\u00e9gis\u00adla\u00adtif et depuis il res\u00adta convain\u00adcu que l\u2019af\u00adfran\u00adchis\u00adse\u00adment de l\u2019ou\u00advrier de son escla\u00advage mat\u00e9\u00adriel et moral, doit \u00eatre l\u2019\u0153uvre de l\u2019ou\u00advrier lui-m\u00eame. Ain\u00adsi, il se s\u00e9pa\u00adrait du socia\u00adlisme par\u00adle\u00admen\u00adtaire, ce qui lui atti\u00adra de nou\u00adveaux enne\u00admis, les\u00adquels ne deman\u00addaient pas mieux, eux, que d\u2019en\u00adtrer dans la car\u00adri\u00e8re d\u2019un d\u00e9pu\u00adt\u00e9 ouvrier.<\/p>\n<p>C\u2019est Dome\u00adla Nieu\u00adwen\u00adhuis qui, au Congr\u00e8s de Bruxelles, en 1891, d\u00e9fen\u00addit la r\u00e9so\u00adlu\u00adtion hol\u00adlan\u00addaise, concer\u00adnant la gr\u00e8ve g\u00e9n\u00e9\u00adrale en cas de guerre, r\u00e9so\u00adlu\u00adtion que Liebk\u00adnecht d\u00e9si\u00adgnait comme de la phra\u00ads\u00e9o\u00adlo\u00adgie. L\u2019an\u00adti-mili\u00adta\u00adrisme fut de m\u00eame d\u00e9fen\u00addu par lui au Congr\u00e8s inter\u00adna\u00adtio\u00adnal sui\u00advant (Zurich, 1893).<\/p>\n<p>Cepen\u00addant, dans le cou\u00adrant des ann\u00e9es, les concep\u00adtions de Dome\u00adla s\u2019in\u00adcli\u00adnaient de plus en plus vers la gauche. Anar\u00adchiste, il pen\u00adchait bien\u00adt\u00f4t vers l\u2019in\u00addi\u00advi\u00addua\u00adlisme&nbsp;: \u00ab&nbsp;L\u2019homme le plus puis\u00adsant du monde, c\u2019est celui qui est le plus&nbsp;seul.&nbsp;\u00bb<\/p>\n<p>Le grand soli\u00adtaire, \u00e9tait-il satis\u00adfait de son iso\u00adle\u00adment&nbsp;? Quoi\u00adqu\u2019il en soit, d\u2019an\u00adciens amis et cama\u00adrades le plaignaient.<\/p>\n<p>C\u2019est ain\u00adsi que, dans la der\u00adni\u00e8re dizaine d\u2019an\u00adn\u00e9es, on ne voyait presque plus le nom de Dome\u00adla en rap\u00adport avec les \u00e9v\u00e9\u00adne\u00adments du jour. N\u00e9an\u00admoins, il ne s\u2019\u00e9\u00adtait pas enti\u00e8\u00adre\u00adment reti\u00adr\u00e9 de la vie poli\u00adtique. C\u2019est seule\u00adment la guerre qui lui a por\u00adt\u00e9 un coup dont il ne put se remettre.<\/p>\n<p>Dans une inter\u00adview, \u00e0 l\u2019oc\u00adca\u00adsion de son 70<sup>e<\/sup> anni\u00adver\u00adsaire, Dome\u00adla disait&nbsp;: \u00ab&nbsp;Mal\u00adgr\u00e9 les ann\u00e9es, je me sen\u00adtais encore jeune, cou\u00adra\u00adgeux et en \u00e9tat de tra\u00advailler, jus\u00adqu\u2019en 1914\u2026 Je me sen\u00adtis alors enva\u00adhir d\u2019un grand vide. Le d\u00e9cha\u00ee\u00adne\u00adment de la guerre m\u2019a vieilli. Jamais, je n\u2019au\u00adrais cru que les hommes pou\u00advaient s\u2019a\u00adbru\u00adtir \u00e0 ce point\u2026 N\u00e9an\u00admoins, je n\u2019ai pas per\u00addu mon&nbsp;id\u00e9al&nbsp;!&nbsp;\u00bb<\/p>\n<p>Son <i>id\u00e9al<\/i>, c\u2019\u00e9\u00adtait l\u00e0 la grande force de cet homme. Il a v\u00e9cu et il a souf\u00adfert pour cet&nbsp;id\u00e9al.<\/p>\n<p>Dome\u00adla Nieu\u00adwen\u00adhuis fut le pre\u00admier et le plus aim\u00e9 des lea\u00adders du pro\u00adl\u00e9\u00adta\u00adriat hollandais.<\/p>\n<p>La jeune g\u00e9n\u00e9\u00adra\u00adtion pro\u00adfi\u00adta de son cou\u00adrage moral et de sa t\u00e9na\u00adci\u00adt\u00e9. Tout le peuple hol\u00adlan\u00addais et pas seule\u00adment l\u2019ou\u00advrier, lui doit de la reconnaissance.<\/p>\n<p>Comme cham\u00adpion fid\u00e8le et d\u00e9s\u00adin\u00adt\u00e9\u00adres\u00ads\u00e9, pour lequel tous ceux qui s\u2019ap\u00adpellent socia\u00adlistes, ne peuvent que res\u00adsen\u00adtir de l\u2019ad\u00admi\u00adra\u00adtion et du res\u00adpect, il vivra dans le sou\u00adve\u00adnir du mou\u00adve\u00adment hol\u00adlan\u00addais et international.<\/p>\n<p>L. Cor\u00adn\u00e9\u00adlis\u00adsen-Ruper\u00adtus<\/p>\n<\/div>\n","protected":false},"excerpt":{"rendered":"<p>Quand j\u2019en\u00adten\u00addis pour la pre\u00admi\u00e8re fois men\u00adtion\u00adner le nom de Dome\u00adla Nieu\u00adwen\u00adhuis, c\u2019\u00e9\u00adtait avec moque\u00adrie et d\u00e9dain. La bour\u00adgeoi\u00adsie hol\u00adlan\u00addaise \u00e9tait pro\u00adfon\u00add\u00e9\u00adment offen\u00ads\u00e9e qu\u2019un des leurs l\u2019eut aban\u00addon\u00adn\u00e9e pour se tour\u00adner vers le peuple. C\u2019\u00e9\u00adtait \u00ab&nbsp;incom\u00adpr\u00e9\u00adhen\u00adsible&nbsp;\u00bb, qu\u2019un homme dis\u00adtin\u00adgu\u00e9 p\u00fbt quit\u00adter un milieu o\u00f9 il \u00e9tait des plus appr\u00e9\u00adci\u00e9s, o\u00f9 il tenait une large&nbsp;place&nbsp;[\u2026]<\/p>\n","protected":false},"author":1,"featured_media":0,"comment_status":"closed","ping_status":"closed","sticky":false,"template":"","format":"standard","meta":{"wp_typography_post_enhancements_disabled":false,"footnotes":""},"categories":[313],"tags":[],"ppma_author":[540],"class_list":["post-2624","post","type-post","status-publish","format-standard","hentry","category-les-temps-nouveaux-n6-15-decembre-1919"],"authors":[{"term_id":540,"user_id":1,"is_guest":0,"slug":"admin_3gikpwyf","display_name":"Vincent Dubuc","avatar_url":"https:\/\/secure.gravatar.com\/avatar\/d015720652c25fd2ced191ade86430094e1f288a17483713e3b34d26dea52507?s=96&d=mm&r=g","author_category":"","user_url":"https:\/\/la-presse-anarchiste.net","last_name":"Dubuc","first_name":"Vincent","job_title":"","description":""}],"_links":{"self":[{"href":"https:\/\/la-presse-anarchiste.net\/index.php\/wp-json\/wp\/v2\/posts\/2624","targetHints":{"allow":["GET"]}}],"collection":[{"href":"https:\/\/la-presse-anarchiste.net\/index.php\/wp-json\/wp\/v2\/posts"}],"about":[{"href":"https:\/\/la-presse-anarchiste.net\/index.php\/wp-json\/wp\/v2\/types\/post"}],"author":[{"embeddable":true,"href":"https:\/\/la-presse-anarchiste.net\/index.php\/wp-json\/wp\/v2\/users\/1"}],"replies":[{"embeddable":true,"href":"https:\/\/la-presse-anarchiste.net\/index.php\/wp-json\/wp\/v2\/comments?post=2624"}],"version-history":[{"count":0,"href":"https:\/\/la-presse-anarchiste.net\/index.php\/wp-json\/wp\/v2\/posts\/2624\/revisions"}],"wp:attachment":[{"href":"https:\/\/la-presse-anarchiste.net\/index.php\/wp-json\/wp\/v2\/media?parent=2624"}],"wp:term":[{"taxonomy":"category","embeddable":true,"href":"https:\/\/la-presse-anarchiste.net\/index.php\/wp-json\/wp\/v2\/categories?post=2624"},{"taxonomy":"post_tag","embeddable":true,"href":"https:\/\/la-presse-anarchiste.net\/index.php\/wp-json\/wp\/v2\/tags?post=2624"},{"taxonomy":"author","embeddable":true,"href":"https:\/\/la-presse-anarchiste.net\/index.php\/wp-json\/wp\/v2\/ppma_author?post=2624"}],"curies":[{"name":"wp","href":"https:\/\/api.w.org\/{rel}","templated":true}]}}