{"id":2634,"date":"2010-09-12T17:20:37","date_gmt":"2010-09-12T17:20:37","guid":{"rendered":"https:\/\/la-presse-anarchiste.net\/index.php\/2010\/09\/12\/tribune-libre\/"},"modified":"2010-09-12T17:20:37","modified_gmt":"2010-09-12T17:20:37","slug":"tribune-libre","status":"publish","type":"post","link":"https:\/\/la-presse-anarchiste.net\/index.php\/2010\/09\/12\/tribune-libre\/","title":{"rendered":"Tribune libre"},"content":{"rendered":"<div class=\"pdfprnt-buttons pdfprnt-buttons-post pdfprnt-top-right\"><a href=\"https:\/\/la-presse-anarchiste.net\/index.php\/wp-json\/wp\/v2\/posts\/2634?print=pdf\" class=\"pdfprnt-button pdfprnt-button-pdf\" target=\"_blank\"><img decoding=\"async\" src=\"https:\/\/la-presse-anarchiste.net\/wp-content\/plugins\/pdf-print\/images\/pdf.png\" alt=\"image_pdf\" title=\"Afficher le PDF\"><\/a><a href=\"https:\/\/la-presse-anarchiste.net\/index.php\/wp-json\/wp\/v2\/posts\/2634?print=print\" class=\"pdfprnt-button pdfprnt-button-print\" target=\"_blank\"><img decoding=\"async\" src=\"https:\/\/la-presse-anarchiste.net\/wp-content\/plugins\/pdf-print\/images\/print.png\" alt=\"image_print\" title=\"Contenu imprim\u00e9\"><\/a><\/div><p>Nous venons de rece\u00advoir le num\u00e9\u00adro 4 de \u00ab&nbsp;S.O.&nbsp;\u00bb et nous consta\u00adtons qu\u2019il est tou\u00adjours sur la bonne&nbsp;voie.<\/p>\n<p>L\u2019\u00e9\u00addi\u00adto, par exemple, est vigou\u00adreux et clair en d\u00e9non\u00ad\u00e7ant le miroir aux alouettes qu\u2019est la poli\u00adtique\u200a\u2014\u200aquel que soit son nom. Mais ce tra\u00advail d\u2019\u00e9\u00adclair\u00adcis\u00adse\u00adment et de cri\u00adtique est vieux, il a \u00e9t\u00e9 par\u00adfai\u00adte\u00adment men\u00e9 par la C.G.T. du d\u00e9but du si\u00e8cle et la C.N.T. en Espagne. Avec cette cri\u00adtique, tou\u00adjours oppor\u00adtune, il faut aller au-del\u00e0 et expo\u00adser les struc\u00adtures capables de rem\u00adpla\u00adcer effi\u00adca\u00adce\u00adment le capi\u00adta\u00adlisme et le pou\u00advoir politique.<\/p>\n<p>L\u2019\u00e9\u00adtude des fon\u00adde\u00adments d\u2019une soci\u00e9\u00adt\u00e9 libre, souple et viable est indis\u00adpen\u00adsable pour que les peuples puissent sor\u00adtir des sen\u00adtiers rebat\u00adtus pour de nou\u00advelles voies \u00e9mancipatrices.<\/p>\n<p>Bien, en ce qui concerne les pos\u00adtu\u00adlats et pro\u00adpo\u00adsi\u00adtions des conf\u00e9\u00adrences et congr\u00e8s. Mais il faut tou\u00adjours don\u00adner le plus de relief pos\u00adsible \u00e0 la dimen\u00adsion constructive.<\/p>\n<p>L\u2019a\u00adna\u00adlyse des gr\u00e8ves et des conflits est tr\u00e8s per\u00adti\u00adnente, tant par la cri\u00adtique du sys\u00adt\u00e8me capi\u00adta\u00adliste que par la mise \u00e0 nu de la mys\u00adtique et du dogme com\u00admu\u00adniste. Conti\u00adnuez ces ana\u00adlyses avec le m\u00eame s\u00e9rieux et le m\u00eame sou\u00adci des faits, et sans phrases pom\u00adpeuses ni atti\u00adtudes rigides comme vous avez su le faire jus\u00adqu\u2019\u00e0 pr\u00e9sent.<\/p>\n<p>Si vous per\u00ads\u00e9\u00adv\u00e9\u00adrez dans votre voie et essayez de don\u00adner un plus grand conte\u00adnu r\u00e9vo\u00adlu\u00adtion\u00adnaire \u00e0 vos articles\u200a\u2014\u200aconte\u00adnu qui doit d\u00e9mon\u00adtrer com\u00adment on peut orga\u00adni\u00adser une soci\u00e9\u00adt\u00e9 plus juste et plus humaine\u200a\u2014\u200avous aurez un impact certain.<\/p>\n<p>L\u2019ar\u00adticle sur l\u2019a\u00adgri\u00adcul\u00adture nous semble intel\u00adli\u00adgent et bien\u00adve\u00adnu. C\u2019est une ligne d\u2019in\u00adt\u00e9\u00adr\u00eat aban\u00addon\u00adn\u00e9e par le syn\u00addi\u00adca\u00adlisme clas\u00adsique fran\u00ad\u00e7ais et que l\u2019Al\u00adliance devrait reprendre et \u00e9tu\u00addier \u00e0 fond. EN&nbsp;AVANT&nbsp;!<\/p>\n<p>Dans un pro\u00adchain num\u00e9\u00adro, il serait tr\u00e8s int\u00e9\u00adres\u00adsant que vous ana\u00adly\u00adsiez le syn\u00addi\u00adca\u00adlisme ita\u00adlien car il pour\u00adrait ser\u00advir d\u2019exemple pour ren\u00adfor\u00adcer vos th\u00e8ses sur l\u2019u\u00adni\u00adt\u00e9 syn\u00addi\u00adca\u00adliste, et, en m\u00eame temps, cette \u00e9tude cr\u00e9e\u00adrait un cou\u00adrant de sym\u00adpa\u00adthie entre l\u2019Al\u00adliance et les syn\u00addi\u00adca\u00adlistes ita\u00adliens et faci\u00adli\u00adte\u00adrait ain\u00adsi les contacts et la solidarit\u00e9.<\/p>\n<p>Le d\u00e9sir qu\u2019ont les syn\u00addi\u00adca\u00adlistes ita\u00adliens de fusion\u00adner et de se lib\u00e9\u00adrer de la domi\u00adna\u00adtion poli\u00adtique est un fait majeur de notre temps qu\u2019il faut saluer et encourager.<\/p>\n<p>Jus\u00adqu\u2019\u00e0 pr\u00e9\u00adsent nous n\u2019a\u00advons pas tou\u00adjours su ajus\u00adter nos fins et nos moyens. Et il est grand temps de savoir ajus\u00adter les actions et les mots \u00e0 la r\u00e9a\u00adli\u00adt\u00e9 et de d\u00e9mon\u00adtrer par les faits ce qu\u2019est cha\u00adcun. Nous n\u2019a\u00advons pas besoin de r\u00e9vo\u00adlu\u00adtion\u00adnaires de caf\u00e9, ni de \u00ab&nbsp;grosses-voix&nbsp;\u00bb ou de \u00ab&nbsp;petits-chefs&nbsp;\u00bb, mais d\u2019in\u00addi\u00advi\u00addus sains, pr\u00eats \u00e0 \u00e9tu\u00addier les pro\u00adbl\u00e8mes et \u00e0 se com\u00adpro\u00admettre dans le tra\u00advail par un com\u00adpor\u00adte\u00adment cons\u00e9quent.<\/p>\n<p>Nous croyons que de l\u2019Al\u00adliance sor\u00adti\u00adra une nou\u00advelle g\u00e9n\u00e9\u00adra\u00adtion pour laquelle la liber\u00adt\u00e9 soli\u00addaire ne sera pas seule\u00adment un dra\u00adpeau ou une pen\u00ads\u00e9e mais un com\u00adpor\u00adte\u00adment exemplaire.<\/p>\n<p>Aux amis de l\u2019Al\u00adliance et de \u00ab&nbsp;Soli&nbsp;\u00bb.&nbsp;Salut.<\/p>\n<p>B.G.<\/p>\n","protected":false},"excerpt":{"rendered":"<p>Nous venons de rece\u00advoir le num\u00e9\u00adro 4 de \u00ab&nbsp;S.O.&nbsp;\u00bb et nous consta\u00adtons qu\u2019il est tou\u00adjours sur la bonne&nbsp;voie. L\u2019\u00e9\u00addi\u00adto, par exemple, est vigou\u00adreux et clair en d\u00e9non\u00ad\u00e7ant le miroir aux alouettes qu\u2019est la poli\u00adtique\u200a\u2014\u200aquel que soit son nom. Mais ce tra\u00advail d\u2019\u00e9\u00adclair\u00adcis\u00adse\u00adment et de cri\u00adtique est vieux, il a \u00e9t\u00e9 par\u00adfai\u00adte\u00adment men\u00e9 par la C.G.T. [\u2026]<\/p>\n","protected":false},"author":1,"featured_media":0,"comment_status":"closed","ping_status":"closed","sticky":false,"template":"","format":"standard","meta":{"wp_typography_post_enhancements_disabled":false,"footnotes":""},"categories":[314],"tags":[],"ppma_author":[540],"class_list":["post-2634","post","type-post","status-publish","format-standard","hentry","category-solidarite-ouvriere-n5-septembre-1971"],"authors":[{"term_id":540,"user_id":1,"is_guest":0,"slug":"admin_3gikpwyf","display_name":"Vincent Dubuc","avatar_url":"https:\/\/secure.gravatar.com\/avatar\/d015720652c25fd2ced191ade86430094e1f288a17483713e3b34d26dea52507?s=96&d=mm&r=g","author_category":"","user_url":"https:\/\/la-presse-anarchiste.net","last_name":"Dubuc","first_name":"Vincent","job_title":"","description":""}],"_links":{"self":[{"href":"https:\/\/la-presse-anarchiste.net\/index.php\/wp-json\/wp\/v2\/posts\/2634","targetHints":{"allow":["GET"]}}],"collection":[{"href":"https:\/\/la-presse-anarchiste.net\/index.php\/wp-json\/wp\/v2\/posts"}],"about":[{"href":"https:\/\/la-presse-anarchiste.net\/index.php\/wp-json\/wp\/v2\/types\/post"}],"author":[{"embeddable":true,"href":"https:\/\/la-presse-anarchiste.net\/index.php\/wp-json\/wp\/v2\/users\/1"}],"replies":[{"embeddable":true,"href":"https:\/\/la-presse-anarchiste.net\/index.php\/wp-json\/wp\/v2\/comments?post=2634"}],"version-history":[{"count":0,"href":"https:\/\/la-presse-anarchiste.net\/index.php\/wp-json\/wp\/v2\/posts\/2634\/revisions"}],"wp:attachment":[{"href":"https:\/\/la-presse-anarchiste.net\/index.php\/wp-json\/wp\/v2\/media?parent=2634"}],"wp:term":[{"taxonomy":"category","embeddable":true,"href":"https:\/\/la-presse-anarchiste.net\/index.php\/wp-json\/wp\/v2\/categories?post=2634"},{"taxonomy":"post_tag","embeddable":true,"href":"https:\/\/la-presse-anarchiste.net\/index.php\/wp-json\/wp\/v2\/tags?post=2634"},{"taxonomy":"author","embeddable":true,"href":"https:\/\/la-presse-anarchiste.net\/index.php\/wp-json\/wp\/v2\/ppma_author?post=2634"}],"curies":[{"name":"wp","href":"https:\/\/api.w.org\/{rel}","templated":true}]}}