{"id":2636,"date":"2010-09-12T17:23:23","date_gmt":"2010-09-12T17:23:23","guid":{"rendered":"https:\/\/la-presse-anarchiste.net\/index.php\/2010\/09\/12\/une-manif-qui-aurait-pu-bien-tourner\/"},"modified":"2010-09-12T17:23:23","modified_gmt":"2010-09-12T17:23:23","slug":"une-manif-qui-aurait-pu-bien-tourner","status":"publish","type":"post","link":"https:\/\/la-presse-anarchiste.net\/index.php\/2010\/09\/12\/une-manif-qui-aurait-pu-bien-tourner\/","title":{"rendered":"Une manif qui aurait pu bien tourner"},"content":{"rendered":"<div class=\"pdfprnt-buttons pdfprnt-buttons-post pdfprnt-top-right\"><a href=\"https:\/\/la-presse-anarchiste.net\/index.php\/wp-json\/wp\/v2\/posts\/2636?print=pdf\" class=\"pdfprnt-button pdfprnt-button-pdf\" target=\"_blank\"><img decoding=\"async\" src=\"https:\/\/la-presse-anarchiste.net\/wp-content\/plugins\/pdf-print\/images\/pdf.png\" alt=\"image_pdf\" title=\"Afficher le PDF\"><\/a><a href=\"https:\/\/la-presse-anarchiste.net\/index.php\/wp-json\/wp\/v2\/posts\/2636?print=print\" class=\"pdfprnt-button pdfprnt-button-print\" target=\"_blank\"><img decoding=\"async\" src=\"https:\/\/la-presse-anarchiste.net\/wp-content\/plugins\/pdf-print\/images\/print.png\" alt=\"image_print\" title=\"Contenu imprim\u00e9\"><\/a><\/div><p>[(La mani\u00adfes\u00adta\u00adtion du 26 ao\u00fbt a ris\u00adqu\u00e9 de bien mal tour\u00adner pour les \u00e9lec\u00adto\u00adra\u00adlistes de tous bords. Com\u00admen\u00adc\u00e9e dans \u00ab&nbsp;le calme et la digni\u00adt\u00e9&nbsp;\u00bb\u200a\u2014\u200ale ton \u00e9tait don\u00adn\u00e9 par quelques por\u00adteurs de haut-par\u00adleurs aux slo\u00adgans gen\u00adti\u00adment r\u00e9for\u00admistes et la res\u00adpec\u00adta\u00adbi\u00adli\u00adt\u00e9 repr\u00e9\u00adsen\u00adt\u00e9e par des por\u00adteurs d\u2019\u00e9\u00adcharpes tri\u00adco\u00adlores\u200a\u2014\u200aelle faillit \u00e9chap\u00adper au contr\u00f4le des orga\u00adni\u00adsa\u00adteurs sous l\u2019ac\u00adtion d\u2019un noyau tr\u00e8s dur pla\u00adc\u00e9 au centre des \u00e9l\u00e9\u00adments de la C.F.D.T.)]<\/p>\n<p>D\u00e8s le d\u00e9part de Saint-Lazare, le ton mon\u00adtait, aux slo\u00adgans pro\u00adpo\u00ads\u00e9s par les repr\u00e9\u00adsen\u00adtants des orga\u00adni\u00adsa\u00adtions appe\u00adlant \u00e0 la mani\u00adfes\u00adta\u00adtion\u200a\u2014\u200aC.G.T., C.F.D.T., P.C., P.S.\u200a\u2014\u200atels que \u00ab&nbsp;Pom\u00adpi\u00addou, dans le m\u00e9tro&nbsp;\u00bb, on enten\u00addait \u00ab&nbsp;Pom\u00adpi\u00addou, sous le m\u00e9tro\u00bb&nbsp;; \u00e0 \u00ab&nbsp;huit par m\u00e8tre car\u00adr\u00e9, on veut pas cre\u00adver&nbsp;\u00bb, quelques mil\u00adliers alen\u00adtour scan\u00addaient&nbsp;: \u00ab&nbsp;Ce n\u2019est qu\u2019un d\u00e9but, conti\u00adnuons le com\u00adbat!\u00bb; quant au slo\u00adgan \u00ab&nbsp;des cr\u00e9\u00addits pour les trans\u00adports&nbsp;\u00bb, la foule y r\u00e9pon\u00addait par \u00ab&nbsp;l\u2019Internationale&nbsp;\u00bb.<\/p>\n<h2>\u00c0 bas l\u2019\u00c9tat, les flics et les patrons<\/h2>\n<p>\nOn put entendre, repris par des mil\u00adliers de voix&nbsp;: \u00ab&nbsp;\u00c0 bas l\u2019\u00c9\u00adtat, les flics et les patrons&nbsp;!&nbsp;\u00bb La vision de quelques uni\u00adformes exas\u00adp\u00e9\u00adra \u00e9ga\u00adle\u00adment la ten\u00adsion dans une grande par\u00adtie du cort\u00e8ge.<\/p>\n<p>\u00c0 l\u2019\u00e9\u00adtat-major de la C.G.T., on devait s\u2019in\u00adqui\u00e9\u00adter. Les quelques sec\u00adtions c\u00e9g\u00e9\u00adtistes et les repr\u00e9\u00adsen\u00adtants de l\u2019U\u00adnion des syn\u00addi\u00adcats de Paris pli\u00e8rent leurs ban\u00adde\u00adroles et rejoi\u00adgnirent la t\u00eate du cort\u00e8ge.<\/p>\n<p>Arri\u00adv\u00e9 \u00e0 Pois\u00adson\u00adni\u00e8re, alors que la t\u00eate de la mani\u00adfes\u00adta\u00adtion se dis\u00adper\u00adsait, un cer\u00adtain flot\u00adte\u00adment fut res\u00adsen\u00adti dans la foule. On impro\u00advi\u00adsa un \u00ab&nbsp;sit in&nbsp;\u00bb. \u00c0 ce moment, le lan\u00adceur de slo\u00adgans de la C.F.D.T., sur\u00admon\u00adt\u00e9 d\u2019un \u00e9norme m\u00e9ga\u00adphone, annon\u00ad\u00e7a que la mani\u00adfes\u00adta\u00adtion \u00e9tait ter\u00admi\u00adn\u00e9e et qu\u2019il fal\u00adlait se dis\u00adper\u00adser. Spon\u00adta\u00adn\u00e9\u00adment, quelques mil\u00adliers de per\u00adsonnes se sont lev\u00e9es en criant dans tous les sens \u00ab&nbsp;manif bidon, y\u2019en a marre&nbsp;\u00bb, \u00ab&nbsp;dis\u00adper\u00adsion, tra\u00adhi\u00adson&nbsp;\u00bb, \u00ab&nbsp;le pou\u00advoir est dans la&nbsp;rue&nbsp;\u00bb.<\/p>\n<h2>Tentative de d\u00e9tournement<\/h2>\n<p>\n\u00c0 ce moment d\u2019exas\u00adp\u00e9\u00adra\u00adtion, des voix pro\u00adpo\u00ads\u00e8rent de se diri\u00adger vers la gare du Nord. On par\u00adtit dans un grand mou\u00adve\u00adment d\u2019enthousiasme.<\/p>\n<p>Qu\u2019al\u00adlait faire le reste de la mani\u00adfes\u00adta\u00adtion&nbsp;? \u00c9vi\u00addem\u00adment, l\u2019oc\u00adcu\u00adpa\u00adtion spon\u00adta\u00adn\u00e9e de la gare du Nord par plu\u00adsieurs mil\u00adliers de mani\u00adfes\u00adtants aurait eu un impact infi\u00adni\u00adment plus fort que la petite balade qui pr\u00e9\u00adc\u00e9\u00addait. Mal\u00adheu\u00adreu\u00adse\u00adment, les ser\u00advices d\u2019ordre divers firent leur \u0153uvre et nombre de cama\u00adrades d\u00e9ci\u00add\u00e9s au d\u00e9part se dis\u00adper\u00ads\u00e8rent sur les trot\u00adtoirs, for\u00admant une mou\u00advance que le moindre inci\u00addent e\u00fbt allum\u00e9.<\/p>\n<p>Nous devons atti\u00adrer l\u2019at\u00adten\u00adtion des cama\u00adrades sur le r\u00e9a\u00adlisme poli\u00adtique de ce noyau dur. L\u2019er\u00adreur aurait \u00e9t\u00e9 d\u2019oc\u00adcu\u00adper la gare \u00e0 trop peu de per\u00adsonnes et de s\u2019y faire cueillir apr\u00e8s un baroud inutile et san\u00adglant. Voyant qu\u2019un trop petit nombre de mani\u00adfes\u00adtants avaient sui\u00advi\u200a\u2014\u200aquelques cen\u00adtaines\u200a\u2014\u200atous se dis\u00adper\u00ads\u00e8rent, lais\u00adsant les trois ou quatre com\u00adpa\u00adgnies de C.R.S. qui bou\u00adclaient les alen\u00adtours de la gare sur leur faim de matraquage.<\/p>\n<p>En conclu\u00adsion, nous avons pu consta\u00adter un grand m\u00e9con\u00adten\u00adte\u00adment par\u00admi les mani\u00adfes\u00adtants, m\u00eame si le d\u00e9tour\u00adne\u00adment amor\u00adc\u00e9 n\u2019a pas r\u00e9us\u00adsi plei\u00adne\u00adment. Remar\u00adquons au pas\u00adsage qu\u2019au\u00adcun organe de presse n\u2019en a par\u00adl\u00e9. Remar\u00adquons \u00e9ga\u00adle\u00adment que cette col\u00e8re \u00e9tait spon\u00adta\u00adn\u00e9e, aucun membre des par\u00adtis diri\u00adgean\u00adtistes n\u2019\u00e9\u00adtaient pr\u00e9\u00adsents&nbsp;; assu\u00adr\u00e9\u00adment les consignes \u00e9taient au&nbsp;calme.<\/p>\n<p>Un slo\u00adgan fut par\u00adti\u00adcu\u00adli\u00e8\u00adre\u00adment repris par les mani\u00adfes\u00adtants&nbsp;: \u00ab&nbsp;Ce n\u2019est qu\u2019un d\u00e9but, la ren\u00adtr\u00e9e sera chaude&nbsp;!&nbsp;\u00bb \u00c0 nous tous de rendre cet espoir vivant.<\/p>\n","protected":false},"excerpt":{"rendered":"<p>[(La mani\u00adfes\u00adta\u00adtion du 26 ao\u00fbt a ris\u00adqu\u00e9 de bien mal tour\u00adner pour les \u00e9lec\u00adto\u00adra\u00adlistes de tous bords. Com\u00admen\u00adc\u00e9e dans \u00ab&nbsp;le calme et la digni\u00adt\u00e9&nbsp;\u00bb\u200a\u2014\u200ale ton \u00e9tait don\u00adn\u00e9 par quelques por\u00adteurs de haut-par\u00ad\u00adleurs aux slo\u00adgans gen\u00adti\u00adment r\u00e9for\u00admistes et la res\u00adpec\u00adta\u00adbi\u00adli\u00adt\u00e9 repr\u00e9\u00adsen\u00adt\u00e9e par des por\u00adteurs d\u2019\u00e9\u00adcharpes tri\u00adco\u00adlores\u200a\u2014\u200aelle faillit \u00e9chap\u00adper au contr\u00f4le des orga\u00adni\u00adsa\u00adteurs sous l\u2019ac\u00adtion d\u2019un&nbsp;noyau&nbsp;[\u2026]<\/p>\n","protected":false},"author":1,"featured_media":0,"comment_status":"closed","ping_status":"closed","sticky":false,"template":"","format":"standard","meta":{"wp_typography_post_enhancements_disabled":false,"footnotes":""},"categories":[314],"tags":[],"ppma_author":[540],"class_list":["post-2636","post","type-post","status-publish","format-standard","hentry","category-solidarite-ouvriere-n5-septembre-1971"],"authors":[{"term_id":540,"user_id":1,"is_guest":0,"slug":"admin_3gikpwyf","display_name":"Vincent Dubuc","avatar_url":"https:\/\/secure.gravatar.com\/avatar\/d015720652c25fd2ced191ade86430094e1f288a17483713e3b34d26dea52507?s=96&d=mm&r=g","author_category":"","user_url":"https:\/\/la-presse-anarchiste.net","last_name":"Dubuc","first_name":"Vincent","job_title":"","description":""}],"_links":{"self":[{"href":"https:\/\/la-presse-anarchiste.net\/index.php\/wp-json\/wp\/v2\/posts\/2636","targetHints":{"allow":["GET"]}}],"collection":[{"href":"https:\/\/la-presse-anarchiste.net\/index.php\/wp-json\/wp\/v2\/posts"}],"about":[{"href":"https:\/\/la-presse-anarchiste.net\/index.php\/wp-json\/wp\/v2\/types\/post"}],"author":[{"embeddable":true,"href":"https:\/\/la-presse-anarchiste.net\/index.php\/wp-json\/wp\/v2\/users\/1"}],"replies":[{"embeddable":true,"href":"https:\/\/la-presse-anarchiste.net\/index.php\/wp-json\/wp\/v2\/comments?post=2636"}],"version-history":[{"count":0,"href":"https:\/\/la-presse-anarchiste.net\/index.php\/wp-json\/wp\/v2\/posts\/2636\/revisions"}],"wp:attachment":[{"href":"https:\/\/la-presse-anarchiste.net\/index.php\/wp-json\/wp\/v2\/media?parent=2636"}],"wp:term":[{"taxonomy":"category","embeddable":true,"href":"https:\/\/la-presse-anarchiste.net\/index.php\/wp-json\/wp\/v2\/categories?post=2636"},{"taxonomy":"post_tag","embeddable":true,"href":"https:\/\/la-presse-anarchiste.net\/index.php\/wp-json\/wp\/v2\/tags?post=2636"},{"taxonomy":"author","embeddable":true,"href":"https:\/\/la-presse-anarchiste.net\/index.php\/wp-json\/wp\/v2\/ppma_author?post=2636"}],"curies":[{"name":"wp","href":"https:\/\/api.w.org\/{rel}","templated":true}]}}