{"id":2637,"date":"2010-09-12T17:25:11","date_gmt":"2010-09-12T17:25:11","guid":{"rendered":"https:\/\/la-presse-anarchiste.net\/index.php\/2010\/09\/12\/quand-ledifice-de-m-de-saulieu-seffrite\/"},"modified":"2010-09-12T17:25:11","modified_gmt":"2010-09-12T17:25:11","slug":"quand-ledifice-de-m-de-saulieu-seffrite","status":"publish","type":"post","link":"https:\/\/la-presse-anarchiste.net\/index.php\/2010\/09\/12\/quand-ledifice-de-m-de-saulieu-seffrite\/","title":{"rendered":"Quand l\u2019\u00e9difice de M.&nbsp;De Saulieu s\u2019effrite"},"content":{"rendered":"<div class=\"pdfprnt-buttons pdfprnt-buttons-post pdfprnt-top-right\"><a href=\"https:\/\/la-presse-anarchiste.net\/index.php\/wp-json\/wp\/v2\/posts\/2637?print=pdf\" class=\"pdfprnt-button pdfprnt-button-pdf\" target=\"_blank\"><img decoding=\"async\" src=\"https:\/\/la-presse-anarchiste.net\/wp-content\/plugins\/pdf-print\/images\/pdf.png\" alt=\"image_pdf\" title=\"Afficher le PDF\"><\/a><a href=\"https:\/\/la-presse-anarchiste.net\/index.php\/wp-json\/wp\/v2\/posts\/2637?print=print\" class=\"pdfprnt-button pdfprnt-button-print\" target=\"_blank\"><img decoding=\"async\" src=\"https:\/\/la-presse-anarchiste.net\/wp-content\/plugins\/pdf-print\/images\/print.png\" alt=\"image_print\" title=\"Contenu imprim\u00e9\"><\/a><\/div><p>Le num\u00e9\u00adro de mai (n\u00b0&nbsp;436) du jour\u00adnal <i>les Rou\u00adtiers<\/i> nous fait l\u2019hon\u00adneur de cri\u00adti\u00adquer un article sur le syn\u00addi\u00adcat uni\u00adtaire des chauf\u00adfeurs rou\u00adtiers, paru dans <i>Soli\u00adda\u00adri\u00adt\u00e9 ouvri\u00e8re<\/i>. Il n\u2019\u00e9\u00adtait pas pos\u00adsible de mieux faire pour ouvrir les yeux des lec\u00adteurs du jour\u00adnal patro\u00adnal, qui ignorent sou\u00advent la signi\u00adfi\u00adca\u00adtion de ce syn\u00addi\u00adcat, et qui tombent dans le pan\u00adneau des belles promesses.<\/p>\n<p>On entre\u00adtient les tra\u00advailleurs pour mieux les exploi\u00adter&nbsp;; c\u2019est la rai\u00adson pour laquelle nous avons d\u00e9ci\u00add\u00e9 la cr\u00e9a\u00adtion de ce jour\u00adnal qui, j\u2019en suis s\u00fbr, int\u00e9\u00adres\u00adse\u00adra au plus haut point les quelques mil\u00adliers de lec\u00adteurs qui, d\u00e9j\u00e0, lisent nos lignes et les font conna\u00eetre.<\/p>\n<h2>Syndicat ou amicale<\/h2>\n<p>\nIl est impor\u00adtant de signa\u00adler que le syn\u00addi\u00adcat des rou\u00adtiers a plus ten\u00addance \u00e0 frei\u00adner les actions qu\u2019\u00e0 les engen\u00addrer&nbsp;; jamais \u00e0 ma connais\u00adsance il ne fut ten\u00adt\u00e9 quoi que ce soit chez eux, et, qui plus est, on y a tou\u00adjours cri\u00adti\u00adqu\u00e9 ceux qui avaient os\u00e9.<\/p>\n<p>M.&nbsp;de Sau\u00adlieu ne risque pas de prendre une posi\u00adtion contraire \u00e0 l\u2019in\u00adt\u00e9\u00adr\u00eat de la nation. Mais pour faire croire \u00e0 sa bonne foi, il n\u2019h\u00e9\u00adsite pas \u00e0 crier son indi\u00adgna\u00adtion \u00e0 chaque d\u00e9ci\u00adsion du gou\u00adver\u00adne\u00adment contraire aux int\u00e9\u00adr\u00eats des tra\u00advailleurs. Peut-il croire que les tra\u00advailleurs res\u00adte\u00adront long\u00adtemps dupes de son cin\u00e9\u00adma&nbsp;? Mal\u00adheu\u00adreu\u00adse\u00adment, pour beau\u00adcoup de chauf\u00adfeurs, le temps manque pour s\u2019in\u00adfor\u00admer, et beau\u00adcoup pensent encore que lui seul est capable de les d\u00e9fendre.<\/p>\n<h2>Des congr\u00e8s bidons<\/h2>\n<p>\nIl me sou\u00advient du seul congr\u00e8s auquel j\u2019ai eu le pri\u00advi\u00adl\u00e8ge d\u2019as\u00adsis\u00adter, pour me rendre compte que jamais les repr\u00e9\u00adsen\u00adtants des tra\u00advailleurs ne devraient \u00eatre \u00e9lus sans une v\u00e9ri\u00adtable for\u00adma\u00adtion syn\u00addi\u00adcale. \u00c0 ce congr\u00e8s, o\u00f9 \u00e9taient r\u00e9unis quelque six cents d\u00e9l\u00e9\u00adgu\u00e9s, j\u2019ai pu consta\u00adter qu\u2019il \u00e9tait de bon ton d\u2019ap\u00adplau\u00addir \u00e0 la fin d\u2019un dis\u00adcours, m\u00eame si l\u2019on n\u2019a\u00advait rien compris.<\/p>\n<p>Aus\u00adsi, ne vou\u00adlant pas \u00eatre com\u00adplices de votes tru\u00adqu\u00e9s par des com\u00adbi\u00adnai\u00adsons adroites, avons-nous d\u00e9ci\u00add\u00e9 d\u2019a\u00adgir, tout d\u2019a\u00adbord au sein de l\u2019or\u00adga\u00adni\u00adsa\u00adtion dont nous avons ten\u00adt\u00e9 de faire chan\u00adger les orien\u00adta\u00adtions, et dont nous avons essay\u00e9 de faire appli\u00adquer les sta\u00adtuts, constam\u00adment vio\u00adl\u00e9s&nbsp;; puis \u00e0 l\u2019ex\u00adt\u00e9\u00adrieur en cr\u00e9ant un autre syndicat.<\/p>\n<p>L\u2019autre jour, alors que j\u2019al\u00adlais gros\u00adsir le flot des vacan\u00adciers sur les routes, mon atten\u00adtion fut atti\u00adr\u00e9e par le fameux flash, \u00e9di\u00adt\u00e9 et dif\u00adfu\u00ads\u00e9 par le comi\u00adt\u00e9 natio\u00adnal d\u2019ac\u00adtion de cette orga\u00adni\u00adsa\u00adtion, qui uti\u00adlise pour cela l\u2019argent des adh\u00e9\u00adrents et qui \u00e9tait affi\u00adch\u00e9 sur le pan\u00adneau publi\u00adci\u00adtaire de \u00ab&nbsp;Ricard&nbsp;\u00bb, l\u2019a\u00admi des rou\u00adtiers, cet ami qui vous veut du mal, expo\u00ads\u00e9 bien en vue dans un de ces relais aux insignes des rou\u00adtiers. On ne recule devant aucun sacri\u00adfice, m\u00eame pour la publi\u00adci\u00adt\u00e9, et la rue d\u2019Is\u00adly accepte tout ce qui&nbsp;paie.<\/p>\n<p>Ce flash d\u00e9non\u00ad\u00e7ait l\u2019ac\u00adtion enga\u00adg\u00e9e par une orga\u00adni\u00adsa\u00adtion du Midi, qui, si elle n\u2019a\u00advait pas le m\u00e9rite d\u2019\u00eatre repr\u00e9\u00adsen\u00adta\u00adtive, avait au moins celui de ten\u00adter quelque chose pour faire appa\u00adra\u00eetre le grave pro\u00adbl\u00e8me dont est vic\u00adtime la cat\u00e9\u00adgo\u00adrie des tra\u00advailleurs de la&nbsp;route.<\/p>\n<p>Si cette ten\u00adta\u00adtive a \u00e9chou\u00e9, je ne vois pas la rai\u00adson pour laquelle on doit la cri\u00adti\u00adquer si ce n\u2019est que le fait qu\u2019elle a mis en dif\u00adfi\u00adcul\u00adt\u00e9 cer\u00adtains de ses membres ayant par\u00adti\u00adci\u00adp\u00e9 \u00e0 l\u2019ac\u00adtion. Mais alors, Mon\u00adsieur de Sau\u00adlieu, que pr\u00e9\u00adco\u00adni\u00adsez-vous de&nbsp;bon&nbsp;?<\/p>\n<h2>Politique de boutique<\/h2>\n<p>\nPour\u00adquoi avez-vous refu\u00ads\u00e9 un cer\u00adtain temps l\u2019offre de l\u2019u\u00adni\u00adt\u00e9 d\u2019ac\u00adtion que vous avait faite une orga\u00adni\u00adsa\u00adtion du Nord&nbsp;? Peut-\u00eatre aviez-vous encore en vous cette ran\u00adcune que dans votre classe sociale on oublie dif\u00adfi\u00adci\u00adle\u00adment&nbsp;; ceci aurait peut-\u00eatre per\u00admis une faci\u00adli\u00adt\u00e9 et cer\u00adtai\u00adne\u00adment une plus grande rapi\u00addi\u00adt\u00e9 dans les dif\u00adf\u00e9\u00adrentes trac\u00adta\u00adtions enga\u00adg\u00e9es pour la satis\u00adfac\u00adtion de ces reven\u00addi\u00adca\u00adtions que vous-m\u00eame avez sou\u00advent jug\u00e9es longues \u00e0 obtenir.<\/p>\n<p>Il est bien \u00e9vident que la prompte r\u00e9a\u00adli\u00adsa\u00adtion de ces trac\u00adta\u00adtions vous pla\u00adce\u00adrait dans une situa\u00adtion pr\u00e9caire.<\/p>\n<p>Alors les bonnes poires juteuses que vous citiez un jour seraient finies et je suis de cet avis en ce qui concerne votre id\u00e9e \u00e0 ce sujet, enfin, met\u00adtez-vous \u00e0 la place de tous ces braves bougres qui ont tou\u00adjours \u00e9t\u00e9 dup\u00e9s par leur syn\u00addi\u00adcat qui n\u2019en \u00e9tait pas un&nbsp;! Moi, je me mets \u00e0 leur place, et je puis vous assu\u00adrer que je ferai tout ce qui humai\u00adne\u00adment pos\u00adsible de faire pour les emp\u00ea\u00adcher de com\u00admettre une nou\u00advelle erreur. Je vous en prie, Mon\u00adsieur de Seau\u00adlieu, ne me remer\u00adciez pas&nbsp;! La seule pen\u00ads\u00e9e que bien\u00adt\u00f4t vous serez obli\u00adg\u00e9 de tout pla\u00adquer me comble de&nbsp;joie.<\/p>\n<p>Ma conso\u00adla\u00adtion sera de voir des heu\u00adreux autour de moi bien\u00adt\u00f4t&nbsp;; car je suis cer\u00adtain que quelque chose va chan\u00adger avant long\u00adtemps et l\u00e0 je puis vous dire que je n\u2019ou\u00adblie\u00adrai pas les bien\u00adfaits de vous et des v\u00f4tres.<\/p>\n<p>Un chauf\u00adfeur routier.<\/p>\n","protected":false},"excerpt":{"rendered":"<p>Le num\u00e9\u00adro de mai (n\u00b0&nbsp;436) du jour\u00adnal les Rou\u00adtiers nous fait l\u2019hon\u00adneur de cri\u00adti\u00adquer un article sur le syn\u00addi\u00adcat uni\u00adtaire des chauf\u00adfeurs rou\u00adtiers, paru dans Soli\u00adda\u00adri\u00adt\u00e9 ouvri\u00e8re. Il n\u2019\u00e9\u00adtait pas pos\u00adsible de mieux faire pour ouvrir les yeux des lec\u00adteurs du jour\u00adnal patro\u00adnal, qui ignorent sou\u00advent la signi\u00adfi\u00adca\u00adtion de ce syn\u00addi\u00adcat, et qui tombent dans&nbsp;[\u2026]<\/p>\n","protected":false},"author":1,"featured_media":0,"comment_status":"closed","ping_status":"closed","sticky":false,"template":"","format":"standard","meta":{"wp_typography_post_enhancements_disabled":false,"footnotes":""},"categories":[314],"tags":[],"ppma_author":[540],"class_list":["post-2637","post","type-post","status-publish","format-standard","hentry","category-solidarite-ouvriere-n5-septembre-1971"],"authors":[{"term_id":540,"user_id":1,"is_guest":0,"slug":"admin_3gikpwyf","display_name":"Vincent Dubuc","avatar_url":"https:\/\/secure.gravatar.com\/avatar\/d015720652c25fd2ced191ade86430094e1f288a17483713e3b34d26dea52507?s=96&d=mm&r=g","author_category":"","user_url":"https:\/\/la-presse-anarchiste.net","last_name":"Dubuc","first_name":"Vincent","job_title":"","description":""}],"_links":{"self":[{"href":"https:\/\/la-presse-anarchiste.net\/index.php\/wp-json\/wp\/v2\/posts\/2637","targetHints":{"allow":["GET"]}}],"collection":[{"href":"https:\/\/la-presse-anarchiste.net\/index.php\/wp-json\/wp\/v2\/posts"}],"about":[{"href":"https:\/\/la-presse-anarchiste.net\/index.php\/wp-json\/wp\/v2\/types\/post"}],"author":[{"embeddable":true,"href":"https:\/\/la-presse-anarchiste.net\/index.php\/wp-json\/wp\/v2\/users\/1"}],"replies":[{"embeddable":true,"href":"https:\/\/la-presse-anarchiste.net\/index.php\/wp-json\/wp\/v2\/comments?post=2637"}],"version-history":[{"count":0,"href":"https:\/\/la-presse-anarchiste.net\/index.php\/wp-json\/wp\/v2\/posts\/2637\/revisions"}],"wp:attachment":[{"href":"https:\/\/la-presse-anarchiste.net\/index.php\/wp-json\/wp\/v2\/media?parent=2637"}],"wp:term":[{"taxonomy":"category","embeddable":true,"href":"https:\/\/la-presse-anarchiste.net\/index.php\/wp-json\/wp\/v2\/categories?post=2637"},{"taxonomy":"post_tag","embeddable":true,"href":"https:\/\/la-presse-anarchiste.net\/index.php\/wp-json\/wp\/v2\/tags?post=2637"},{"taxonomy":"author","embeddable":true,"href":"https:\/\/la-presse-anarchiste.net\/index.php\/wp-json\/wp\/v2\/ppma_author?post=2637"}],"curies":[{"name":"wp","href":"https:\/\/api.w.org\/{rel}","templated":true}]}}