{"id":2640,"date":"2010-09-12T17:29:05","date_gmt":"2010-09-12T17:29:05","guid":{"rendered":"https:\/\/la-presse-anarchiste.net\/index.php\/2010\/09\/12\/garaudy-decouvre-lanarcho-syndicalisme\/"},"modified":"2010-09-12T17:29:05","modified_gmt":"2010-09-12T17:29:05","slug":"garaudy-decouvre-lanarcho-syndicalisme","status":"publish","type":"post","link":"https:\/\/la-presse-anarchiste.net\/index.php\/2010\/09\/12\/garaudy-decouvre-lanarcho-syndicalisme\/","title":{"rendered":"Garaudy d\u00e9couvre l\u2019anarcho-syndicalisme"},"content":{"rendered":"<div class=\"pdfprnt-buttons pdfprnt-buttons-post pdfprnt-top-right\"><a href=\"https:\/\/la-presse-anarchiste.net\/index.php\/wp-json\/wp\/v2\/posts\/2640?print=pdf\" class=\"pdfprnt-button pdfprnt-button-pdf\" target=\"_blank\"><img decoding=\"async\" src=\"https:\/\/la-presse-anarchiste.net\/wp-content\/plugins\/pdf-print\/images\/pdf.png\" alt=\"image_pdf\" title=\"Afficher le PDF\"><\/a><a href=\"https:\/\/la-presse-anarchiste.net\/index.php\/wp-json\/wp\/v2\/posts\/2640?print=print\" class=\"pdfprnt-button pdfprnt-button-print\" target=\"_blank\"><img decoding=\"async\" src=\"https:\/\/la-presse-anarchiste.net\/wp-content\/plugins\/pdf-print\/images\/print.png\" alt=\"image_print\" title=\"Contenu imprim\u00e9\"><\/a><\/div><p>Dans le num\u00e9\u00adro de juin de la revue \u00ab&nbsp;Poli\u00adtique d\u2019au\u00adjourd\u2019\u00adhui&nbsp;\u00bb, Roger Garau\u00addy r\u00e9pond \u00e0 un cer\u00adtain nombre de ques\u00adtions concer\u00adnant la \u00ab&nbsp;stra\u00adt\u00e9\u00adgie r\u00e9volutionnaire&nbsp;\u00bb.<\/p>\n<p>Nous avons cru devoir nous y arr\u00ea\u00adter car Garau\u00addy y fait un cer\u00adtain nombre de \u00ab&nbsp;d\u00e9cou\u00advertes&nbsp;\u00bb ful\u00adgu\u00adrantes qui mettent de l\u2019eau dans le mou\u00adlin des anar\u00adcho-syn\u00addi\u00adca\u00adlistes, mais qui, aus\u00adsi, sont inqui\u00e9\u00adtantes dans la mesure o\u00f9 le contexte id\u00e9o\u00adlo\u00adgique tota\u00adle\u00adment dif\u00adf\u00e9\u00adrent dans lequel il les place, risque de d\u00e9tour\u00adner ces points de l\u2019ob\u00adjec\u00adtif r\u00e9vo\u00adlu\u00adtion\u00adnaire que nous leur don\u00adnons&nbsp;: l\u2019au\u00adto\u00adno\u00admie de lutte de la classe ouvri\u00e8re.<\/p>\n<p>Tout d\u2019a\u00adbord, Garau\u00addy veut \u00ab&nbsp;\u00e9chap\u00adper \u00e0 la fausse oppo\u00adsi\u00adtion entre gr\u00e8ves reven\u00addi\u00adca\u00adtives (\u2026) et gr\u00e8ves poli\u00adtiques (\u2026) Le rap\u00adport entre l\u2019\u00e9\u00adco\u00adno\u00admique et le poli\u00adtique et la s\u00e9pa\u00adra\u00adtion des deux, ne peuvent plus \u00eatre con\u00e7us comme en 1905 (sic) au temps de la \u00ab&nbsp;charte d\u2019A\u00admiens&nbsp;\u00bb, o\u00f9 l\u2019on pou\u00advait encore \u00e0 cette \u00e9tape du capi\u00adta\u00adlisme, limi\u00adter les syn\u00addi\u00adcats \u00e0 la lutte dans l\u2019en\u00adtre\u00adprise (\u2026) alors que les par\u00adtis poli\u00adtiques de la classe ouvri\u00e8re avaient pour t\u00e2che de com\u00adbattre un \u00c9tat et un r\u00e9gime o\u00f9 la force de tra\u00advail est une marchandise&nbsp;\u00bb.<\/p>\n<p>\u00c0 titre d\u2019in\u00adfor\u00adma\u00adtion, rap\u00adpe\u00adlons au cama\u00adrade Garau\u00addy que la charte d\u2019A\u00admiens, \u00e9crite en 1906 par des syn\u00addi\u00adca\u00adlistes r\u00e9vo\u00adlu\u00adtion\u00adnaires, refuse pr\u00e9\u00adci\u00ads\u00e9\u00adment cette s\u00e9pa\u00adra\u00adtion entre poli\u00adtique et reven\u00addi\u00adca\u00adtif, refuse l\u2019in\u00adg\u00e9\u00adrence des par\u00adtis dans les syn\u00addi\u00adcats, refuse de limi\u00adter l\u2019ac\u00adtion du syn\u00addi\u00adcat \u00e0 la reven\u00addi\u00adca\u00adtion imm\u00e9\u00addiate, et accorde enfin au syn\u00addi\u00adcat le r\u00f4le pr\u00e9\u00adpon\u00add\u00e9\u00adrant dans l\u2019or\u00adga\u00adni\u00adsa\u00adtion et la construc\u00adtion de la soci\u00e9\u00adt\u00e9 socialiste&nbsp;:<\/p>\n<p>\u00ab&nbsp;Mais cette besogne (il s\u2019a\u00adgit de la reven\u00addi\u00adca\u00adtion mat\u00e9\u00adrielle) n\u2019est qu\u2019un c\u00f4t\u00e9 de l\u2019\u0153uvre du syn\u00addi\u00adca\u00adlisme, dit la charte d\u2019A\u00admiens&nbsp;: il pr\u00e9\u00adpare l\u2019\u00e9\u00adman\u00adci\u00adpa\u00adtion int\u00e9\u00adgrale qui ne peut se r\u00e9a\u00adli\u00adser que par l\u2019ex\u00adpro\u00adpria\u00adtion capi\u00adta\u00adliste&nbsp;; il pr\u00e9\u00adco\u00adnise comme moyen d\u2019ac\u00adtion la gr\u00e8ve g\u00e9n\u00e9\u00adrale et il consi\u00add\u00e8re que le syn\u00addi\u00adcat, aujourd\u2019\u00adhui grou\u00adpe\u00adment de r\u00e9sis\u00adtance, sera dans l\u2019a\u00adve\u00adnir le groupe de pro\u00adduc\u00adtion et de r\u00e9par\u00adti\u00adtion, base de la r\u00e9or\u00adga\u00adni\u00adsa\u00adtion sociale\u2026\u00bb<\/p>\n<p>Mais pour\u00adsui\u00advons l\u2019a\u00adna\u00adlyse de Garaudy.<\/p>\n<p>Pour l\u2019\u00c9\u00adtat, qui aujourd\u2019\u00adhui est de loin le plus gros patron, \u00ab&nbsp;les inter\u00adlo\u00adcu\u00adteurs prin\u00adci\u00adpaux ne sont plus les par\u00adtis poli\u00adtiques mais les syn\u00addi\u00adcats&nbsp;\u00bb. Quelle fla\u00adgrante confir\u00adma\u00adtion des th\u00e8ses syn\u00addi\u00adca\u00adlistes r\u00e9vo\u00adlu\u00adtion\u00adnaires et anar\u00adcho-syn\u00addi\u00adca\u00adlistes, et venant en plus d\u2019un des plus savants dia\u00adlec\u00adti\u00adciens de notre temps&nbsp;! Et, pour\u00adsuit-il tr\u00e8s jus\u00adte\u00adment&nbsp;: \u00ab&nbsp;Le seul dan\u00adger serait que les syn\u00addi\u00adcats calquent leurs d\u00e9marches sur le mod\u00e8le par\u00adle\u00admen\u00adtaire dans les n\u00e9go\u00adcia\u00adtions avec le patro\u00adnat et l\u2019\u00c9tat&nbsp;\u00bb.<\/p>\n<p>Ce sou\u00adci d\u2019un cama\u00adrade (exclu il est vrai) d\u2019une for\u00adma\u00adtion poli\u00adtique dont la seule acti\u00advi\u00adt\u00e9 \u00ab&nbsp;r\u00e9vo\u00adlu\u00adtion\u00adnaire&nbsp;\u00bb actuelle consiste uni\u00adque\u00adment \u00e0 bri\u00adguer le maxi\u00admum de si\u00e8ges au Par\u00adle\u00adment, le sou\u00adci de ce cama\u00adrade tou\u00adche\u00adra au plus pro\u00adfond du c\u0153ur tous les syn\u00addi\u00adca\u00adlistes authen\u00adtiques, ceux, entre autres, qui ont tou\u00adjours affir\u00adm\u00e9 que la seule orga\u00adni\u00adsa\u00adtion de classe qui doit \u00e0 la fois d\u00e9fendre les int\u00e9\u00adr\u00eats des tra\u00advailleurs et pr\u00e9\u00adpa\u00adrer la construc\u00adtion du socia\u00adlisme, est le syndicat.<\/p>\n<p>Ceux qui ont tou\u00adjours affir\u00adm\u00e9 que les orga\u00adni\u00adsa\u00adtions de tra\u00advailleurs devaient refu\u00adser de s\u2019en\u00adga\u00adger sur le ter\u00adrain de la bour\u00adgeoi\u00adsie, le ter\u00adrain par\u00adle\u00admen\u00adtaire, mais au contraire for\u00adcer la bour\u00adgeoi\u00adsie \u00e0 venir com\u00adbattre sur le seul ter\u00adrain o\u00f9 les tra\u00advailleurs peuvent vaincre, le ter\u00adrain de la lutte de classes, par la gr\u00e8ve, reven\u00addi\u00adca\u00adtive et politique.<\/p>\n<p>Nous sommes d\u2019ailleurs heu\u00adreux de voir un intel\u00adlec\u00adtuel de la valeur du cama\u00adrade Garau\u00addy nous rejoindre sur ce point, puis\u00adqu\u2019il va jus\u00adqu\u2019\u00e0 affir\u00admer que la forme prin\u00adci\u00adpale de lutte (mais non la seule) est la gr\u00e8ve g\u00e9n\u00e9\u00adrale (que lui appelle \u00ab&nbsp;nationale\u00bb\u2026)<\/p>\n<p>La nuance est tel\u00adle\u00adment sub\u00adtile qu\u2019en peut se deman\u00adder si Garau\u00addy ne fait pas l\u2019\u00e2ne pour avoir du son. Il fait sem\u00adblant de ne pas savoir ce qu\u2019est la gr\u00e8ve g\u00e9n\u00e9\u00adrale, et c\u2019est ce qui lui per\u00admet d\u2019in\u00adtro\u00adduire la sub\u00adtile appel\u00adla\u00adtion de \u00ab&nbsp;gr\u00e8ve nationale&nbsp;\u00bb.<\/p>\n<p>En effet, selon Garau\u00addy, la gr\u00e8ve g\u00e9n\u00e9\u00adrale n\u2019en\u00adglo\u00adbe\u00adrait que les ouvriers, alors que la gr\u00e8ve natio\u00adnale englo\u00adbe\u00adrait, elle, \u00ab&nbsp;au-del\u00e0 de la classe ouvri\u00e8re&nbsp;\u00bb, \u00ab&nbsp;de larges couches sociales&nbsp;\u00bb&nbsp;: fonc\u00adtion\u00adnaires, \u00e9tu\u00addiants, intel\u00adlec\u00adtuels, etc. La deuxi\u00e8me dif\u00adf\u00e9\u00adrence fon\u00adda\u00admen\u00adtale serait que la gr\u00e8ve g\u00e9n\u00e9\u00adrale ne visait qu\u2019\u00e0 para\u00adly\u00adser la pro\u00adduc\u00adtion, alors que sa gr\u00e8ve \u00e0 lui, la gr\u00e8ve \u00ab&nbsp;natio\u00adnale&nbsp;\u00bb, vise\u00adrait \u00e0 faire fonc\u00adtion\u00adner les entre\u00adprises, admi\u00adnis\u00adtra\u00adtions, etc.<\/p>\n<p>Une fois de plus, nous devons rap\u00adpe\u00adler que, pas plus que les syn\u00addi\u00adcats n\u2019ont pour r\u00f4le exclu\u00adsif de reven\u00addi\u00adquer, pas plus la gr\u00e8ve g\u00e9n\u00e9\u00adrale n\u2019a pour objec\u00adtif exclu\u00adsif de para\u00adly\u00adser la pro\u00adduc\u00adtion. Au contraire, elle devait abou\u00adtir \u00e0 la ges\u00adtion ouvri\u00e8re de la pro\u00adduc\u00adtion, par l\u2019in\u00adter\u00adm\u00e9\u00addiaire du syn\u00addi\u00adcat, comme le pas\u00adsage de la charte d\u2019A\u00admiens cit\u00e9 plus haut nous le montre.<\/p>\n<p>Que cher\u00adchons-nous \u00e0 d\u00e9mon\u00adtrer en nous en pre\u00adnant \u00e0 Garaudy&nbsp;?<\/p>\n<p>Que les v\u00e9ri\u00adt\u00e9s issues du plus pro\u00adfond de la classe ouvri\u00e8re sent sujettes \u00e0 \u00eatre d\u00e9tour\u00adn\u00e9es de leur esprit et r\u00e9cu\u00adp\u00e9\u00adr\u00e9es par une mino\u00adri\u00adt\u00e9 de politiciens.<\/p>\n<p>Que nous devons \u00eatre vigi\u00adlants et d\u00e9non\u00adcer sys\u00adt\u00e9\u00adma\u00adti\u00adque\u00adment toutes les ten\u00adta\u00adtives de d\u00e9tour\u00adne\u00adment et de r\u00e9cup\u00e9ration.<\/p>\n<p>Que les tra\u00advailleurs, par leur pra\u00adtique quo\u00adti\u00addienne de la lutte, n\u2019ont pas atten\u00addu le cama\u00adrade Garau\u00addy pour lan\u00adcer les mots d\u2019ordre&nbsp;: GR\u00c8VE G\u00c9N\u00c9RALE EXPROPRIATRICE et GESTION OUVRI\u00c8RE.<\/p>\n<p>L\u2019Al\u00adliance syndicaliste.<\/p>\n","protected":false},"excerpt":{"rendered":"<p>Dans le num\u00e9\u00adro de juin de la revue \u00ab&nbsp;Poli\u00adtique d\u2019au\u00adjourd\u2019\u00adhui&nbsp;\u00bb, Roger Garau\u00addy r\u00e9pond \u00e0 un cer\u00adtain nombre de ques\u00adtions concer\u00adnant la \u00ab&nbsp;stra\u00adt\u00e9\u00adgie r\u00e9vo\u00adlu\u00adtion\u00adnaire&nbsp;\u00bb. Nous avons cru devoir nous y arr\u00ea\u00adter car Garau\u00addy y fait un cer\u00adtain nombre de \u00ab&nbsp;d\u00e9cou\u00advertes&nbsp;\u00bb ful\u00adgu\u00adrantes qui mettent de l\u2019eau dans le mou\u00adlin des anar\u00ad\u00adcho-syn\u00ad\u00addi\u00ad\u00adca\u00ad\u00adlistes, mais qui, aus\u00adsi, sont inqui\u00e9\u00adtantes dans&nbsp;[\u2026]<\/p>\n","protected":false},"author":1,"featured_media":0,"comment_status":"closed","ping_status":"closed","sticky":false,"template":"","format":"standard","meta":{"wp_typography_post_enhancements_disabled":false,"footnotes":""},"categories":[314],"tags":[],"ppma_author":[540],"class_list":["post-2640","post","type-post","status-publish","format-standard","hentry","category-solidarite-ouvriere-n5-septembre-1971"],"authors":[{"term_id":540,"user_id":1,"is_guest":0,"slug":"admin_3gikpwyf","display_name":"Vincent Dubuc","avatar_url":"https:\/\/secure.gravatar.com\/avatar\/d015720652c25fd2ced191ade86430094e1f288a17483713e3b34d26dea52507?s=96&d=mm&r=g","author_category":"","user_url":"https:\/\/la-presse-anarchiste.net","last_name":"Dubuc","first_name":"Vincent","job_title":"","description":""}],"_links":{"self":[{"href":"https:\/\/la-presse-anarchiste.net\/index.php\/wp-json\/wp\/v2\/posts\/2640","targetHints":{"allow":["GET"]}}],"collection":[{"href":"https:\/\/la-presse-anarchiste.net\/index.php\/wp-json\/wp\/v2\/posts"}],"about":[{"href":"https:\/\/la-presse-anarchiste.net\/index.php\/wp-json\/wp\/v2\/types\/post"}],"author":[{"embeddable":true,"href":"https:\/\/la-presse-anarchiste.net\/index.php\/wp-json\/wp\/v2\/users\/1"}],"replies":[{"embeddable":true,"href":"https:\/\/la-presse-anarchiste.net\/index.php\/wp-json\/wp\/v2\/comments?post=2640"}],"version-history":[{"count":0,"href":"https:\/\/la-presse-anarchiste.net\/index.php\/wp-json\/wp\/v2\/posts\/2640\/revisions"}],"wp:attachment":[{"href":"https:\/\/la-presse-anarchiste.net\/index.php\/wp-json\/wp\/v2\/media?parent=2640"}],"wp:term":[{"taxonomy":"category","embeddable":true,"href":"https:\/\/la-presse-anarchiste.net\/index.php\/wp-json\/wp\/v2\/categories?post=2640"},{"taxonomy":"post_tag","embeddable":true,"href":"https:\/\/la-presse-anarchiste.net\/index.php\/wp-json\/wp\/v2\/tags?post=2640"},{"taxonomy":"author","embeddable":true,"href":"https:\/\/la-presse-anarchiste.net\/index.php\/wp-json\/wp\/v2\/ppma_author?post=2640"}],"curies":[{"name":"wp","href":"https:\/\/api.w.org\/{rel}","templated":true}]}}