{"id":2642,"date":"2010-09-13T10:37:41","date_gmt":"2010-09-13T10:37:41","guid":{"rendered":"https:\/\/la-presse-anarchiste.net\/index.php\/2010\/09\/13\/greve-a-madrid-la-garde-civile-tire-deux-morts\/"},"modified":"2010-09-13T10:37:41","modified_gmt":"2010-09-13T10:37:41","slug":"greve-a-madrid-la-garde-civile-tire-deux-morts","status":"publish","type":"post","link":"https:\/\/la-presse-anarchiste.net\/index.php\/2010\/09\/13\/greve-a-madrid-la-garde-civile-tire-deux-morts\/","title":{"rendered":"Gr\u00e8ve \u00e0 Madrid, la Garde civile tire, deux&nbsp;morts"},"content":{"rendered":"<div class=\"pdfprnt-buttons pdfprnt-buttons-post pdfprnt-top-right\"><a href=\"https:\/\/la-presse-anarchiste.net\/index.php\/wp-json\/wp\/v2\/posts\/2642?print=pdf\" class=\"pdfprnt-button pdfprnt-button-pdf\" target=\"_blank\"><img decoding=\"async\" src=\"https:\/\/la-presse-anarchiste.net\/wp-content\/plugins\/pdf-print\/images\/pdf.png\" alt=\"image_pdf\" title=\"Afficher le PDF\"><\/a><a href=\"https:\/\/la-presse-anarchiste.net\/index.php\/wp-json\/wp\/v2\/posts\/2642?print=print\" class=\"pdfprnt-button pdfprnt-button-print\" target=\"_blank\"><img decoding=\"async\" src=\"https:\/\/la-presse-anarchiste.net\/wp-content\/plugins\/pdf-print\/images\/print.png\" alt=\"image_print\" title=\"Contenu imprim\u00e9\"><\/a><\/div><p>[(Nous pr\u00e9\u00adsen\u00adtons ce mois \u00e0 nos lec\u00adteurs plu\u00adsieurs infor\u00adma\u00adtions r\u00e9centes \u00e9ma\u00adnant de nos cama\u00adrades espa\u00adgnols. Ces infor\u00adma\u00adtions se com\u00adpl\u00e8tent et s\u2019ex\u00adpliquent les unes les autres&nbsp;; on ver\u00adra que le capi\u00adtal euro\u00adp\u00e9en (Fiat) tient \u00e0 conser\u00adver en Espagne une r\u00e9gion o\u00f9 la r\u00e9sis\u00adtance \u00e0 l\u2019ex\u00adploi\u00adta\u00adtion est faible&nbsp;; en effet, la mon\u00adt\u00e9e des luttes en Europe inqui\u00e8tent nombre de \u00ab&nbsp;chefs d\u2019en\u00adtre\u00adprise&nbsp;\u00bb et les font regar\u00adder avec envie ce pays o\u00f9 toute orga\u00adni\u00adsa\u00adtion ouvri\u00e8re est inter\u00addite par la loi et o\u00f9 la r\u00e9pres\u00adsion est imm\u00e9\u00addiate et omni\u00adpr\u00e9\u00adsente. Nous ne pou\u00advons que saluer le cou\u00adrage du pro\u00adl\u00e9\u00adta\u00adriat espa\u00adgnol qui, mal\u00adgr\u00e9 l\u2019op\u00adpres\u00adsion poli\u00adci\u00e8re constante et les meurtres frap\u00adpant ces mili\u00adtants a r\u00e9us\u00adsi \u00e0 blo\u00adquer pen\u00addant une semaine le b\u00e2ti\u00adment madri\u00adl\u00e8ne, r\u00e9unis\u00adsant dans la lutte plus de 25.000 gr\u00e9vistes.)]<\/p>\n<p>[\/\u200bMadrid, Bar\u00adce\u00adlone\u2026 sep\u00adtembre, de nos correspondants.\/]<\/p>\n<p>D\u00e9but sep\u00adtembre, des gardes civils d\u00e9gui\u00ads\u00e9s en ouvriers tirent sur un gar\u00ad\u00e7on de dix-sept ans qui par\u00adti\u00adci\u00adpait \u00e0 un piquet d\u2019in\u00adfor\u00adma\u00adtion pr\u00e9\u00adpa\u00adrant la gr\u00e8ve g\u00e9n\u00e9\u00adrale du b\u00e2ti\u00adment pr\u00e9\u00advue pour le 13 sep\u00adtembre. On ignore ce qu\u2019il est devenu.<\/p>\n<p>Le 13, la gr\u00e8ve est d\u00e9clen\u00adch\u00e9e, 5.000 ouvriers d\u00e9braient, une ving\u00adtaine de chan\u00adtiers sont paralys\u00e9s.<\/p>\n<p>Le mot d\u2019ordre a \u00e9t\u00e9 lan\u00adc\u00e9 par les syn\u00addi\u00adcats clan\u00addes\u00adtins, U.G.T. (socia\u00adliste), com\u00admis\u00adsions ouvri\u00e8res (toutes les ten\u00addances du mou\u00adve\u00adment ouvrier y sont pr\u00e9\u00adsentes), syn\u00addi\u00adcats chr\u00e9\u00adtiens, C.N.T. (anar\u00adcho-syn\u00addi\u00adca\u00adliste).<\/p>\n<p>Le 14, un ouvrier qui dis\u00adtri\u00adbuait des tracts dans le quar\u00adtier de Lega\u00adn\u00e9s, fau\u00adbourg indus\u00adtriel de Madrid, appe\u00adlant ses cama\u00adrades \u00e0 se joindre \u00e0 la gr\u00e8ve est tu\u00e9 par la garde civile. Selon la ver\u00adsion offi\u00adcielle de cet \u00e9v\u00e9\u00adne\u00adment, l\u2019ou\u00advrier qui se trou\u00advait avec plu\u00adsieurs com\u00adpa\u00adgnons, a ten\u00adt\u00e9 de r\u00e9sis\u00adter aux \u00ab&nbsp;forces de l\u2019ordre&nbsp;\u00bb au moment o\u00f9 elles ten\u00adtaient de l\u2019ap\u00adpr\u00e9\u00adhen\u00adder. D\u00e9j\u00e0, 25.000 ouvriers sont dans l\u2019action.<\/p>\n<p>La gr\u00e8ve dure jus\u00adqu\u2019au 19&nbsp;; il semble qu\u2019elle ait \u00e9t\u00e9 un suc\u00adc\u00e8s, au moins en ce qui concerne la par\u00adti\u00adci\u00adpa\u00adtion ouvri\u00e8re. N\u2019ou\u00adblions pas qu\u2019en Espagne tout arr\u00eat de tra\u00advail est inter\u00addit et est pas\u00adsible de pri\u00adson&nbsp;! C\u2019est une carac\u00adt\u00e9\u00adris\u00adtique de tous les sys\u00adt\u00e8mes d\u2019ex\u00adploi\u00adta\u00adtion de r\u00e9pri\u00admer l\u2019arme pre\u00admi\u00e8re de la d\u00e9fense des travailleurs.<\/p>\n<p>L\u2019ad\u00admi\u00adnis\u00adtra\u00adtion am\u00e9\u00adri\u00adcaine peut, par une loi, obli\u00adger les gr\u00e8ves \u00e0 se sus\u00adpendre pen\u00addant trois mois&nbsp;; M.&nbsp;Heath, apr\u00e8s les socia\u00adlistes anglais, peut ten\u00adter de res\u00adtreindre le droit de gr\u00e8ve&nbsp;; les bol\u00adche\u00advicks russes peuvent l\u2019in\u00adter\u00addire sous peine de mitraille et de d\u00e9por\u00adta\u00adtion, nos cama\u00adrades d\u2019Es\u00adpagne nous montrent qu\u2019au\u00adcune loi, aucune police n\u2019est assez forte pour faire tra\u00advailler des bras qui se croisent.<\/p>\n<h2>La paix sociale par la r\u00e9pression<\/h2>\n<p>Le capi\u00adta\u00adlisme espa\u00adgnol sait que sa meilleure publi\u00adci\u00adt\u00e9 aupr\u00e8s des inves\u00adtis\u00adseurs poten\u00adtiels est son pro\u00adgramme de paix sociale par le muse\u00adlage de la classe ouvri\u00e8re&nbsp;; nous rap\u00adpe\u00adlons \u00e0 nos lec\u00adteurs la cir\u00adcu\u00adlaire confi\u00adden\u00adtielle de la f\u00e9d\u00e9\u00adra\u00adtion patro\u00adnale de la m\u00e9tal\u00adlur\u00adgie de Cata\u00adlogne parue dans \u00ab&nbsp;Soli\u00adda\u00adri\u00adt\u00e9 ouvri\u00e8re&nbsp;\u00bb de mai 1971 qui rap\u00adpe\u00adlait aux forces de l\u2019\u00c9tat que leur r\u00f4le est sur\u00adtout de r\u00e9pri\u00admer et de d\u00e9truire toute lutte ouvri\u00e8re. Afin de jus\u00adti\u00adfier cette ana\u00adlyse, nous pr\u00e9\u00adsen\u00adtons aux cama\u00adrades l\u2019ex\u00adtrait sui\u00advant d\u2019un article paru dans \u00ab&nbsp;Tele-Expr\u00e9s&nbsp;\u00bb du 28 juillet 1971, \u00e0 Barcelone&nbsp;:<\/p>\n<p>[(L\u2019USINE SEAT DE MARTORELL<\/p>\n<p>On com\u00admence \u00e0 repar\u00adler de l\u2019u\u00adsine que SEAT devait construire \u00e0 Mar\u00adto\u00adrell et dont le pro\u00adjet avait \u00e9t\u00e9 para\u00adly\u00ads\u00e9 par suite de la p\u00e9nible situa\u00adtion tra\u00adver\u00ads\u00e9e par notre indus\u00adtrie auto\u00admo\u00adbile ces der\u00adniers mois. Les ins\u00adtal\u00adla\u00adtions seront r\u00e9a\u00adli\u00ads\u00e9es pro\u00adchai\u00adne\u00adment et for\u00adme\u00adront un impres\u00adsion\u00adnant com\u00adplexe indus\u00adtriel o\u00f9 seront peut-\u00eatre r\u00e9a\u00adli\u00ads\u00e9s quelque nou\u00adveau mod\u00e8le pour l\u2019I\u00adta\u00adlie et l\u2019Es\u00adpagne et ceux que nous connais\u00adsons&nbsp;d\u00e9j\u00e0.<\/p>\n<p>O\u00f9 pla\u00adcer tant de voi\u00adtures si le mar\u00adch\u00e9 pr\u00e9\u00adsente d\u00e9j\u00e0 des signes graves de la pos\u00adsible fin pro\u00adchaine du \u00ab&nbsp;boom&nbsp;\u00bb des ann\u00e9es pas\u00ads\u00e9es&nbsp;? Nos infor\u00adma\u00adtions, que nous n\u2019a\u00advons pu confir\u00admer chez SEAT, indiquent que le prin\u00adci\u00adpal sou\u00adci de la mai\u00adson m\u00e8re ita\u00adlienne FIAT est de situer ses nou\u00advelles usines hors d\u2019I\u00adta\u00adlie, \u00e9tant don\u00adn\u00e9 que dans ce pays l\u2019ins\u00adta\u00adbi\u00adli\u00adt\u00e9 sociale cro\u00eet sans cesse. L\u2019Espagne appa\u00adra\u00eet alors comme un lieu pri\u00advi\u00adl\u00e9\u00adgi\u00e9, non seule\u00adment \u00e0 cause de l\u2019exis\u00adtence de SEAT mais aus\u00adsi par sa situa\u00adtion socio-\u00e9co\u00adno\u00admique qui est beau\u00adcoup plus calme que celle de l\u2019I\u00adta\u00adlie. Apr\u00e8s tout, il est pos\u00adsible qu\u2019\u00e0 Mar\u00adto\u00adrell on construise des mod\u00e8les des\u00adti\u00adn\u00e9s exclu\u00adsi\u00adve\u00adment \u00e0 l\u2019ex\u00adpor\u00adta\u00adtion \u00e0 l\u2019aide du r\u00e9seau inter\u00adna\u00adtio\u00adnal de&nbsp;FIAT.<\/p>\n<p>Que le lec\u00adteur se sou\u00advienne que ce cas est iden\u00adtique \u00e0 celui qui a \u00e9t\u00e9 pr\u00e9\u00adsen\u00adt\u00e9 der\u00adni\u00e8\u00adre\u00adment par FORD au Gou\u00adver\u00adne\u00adment espa\u00adgnol, Ford d\u00e9si\u00adrant trans\u00adf\u00e9\u00adrer en Espagne cer\u00adtaines de ses usines anglaises.&nbsp;<\/p>\n<p>LES ACTIONNAIRES DE&nbsp;SEAT<\/p>\n<p>Ces der\u00adniers mois on s\u2019est sou\u00advent deman\u00add\u00e9 si FIAT ache\u00adtait des actions en Bourse pour \u00eatre majo\u00adri\u00adtaire dans SEAT. Ce qui est cer\u00adtain, offi\u00adciel, c\u2019est que les actions de notre entre\u00adprise se dis\u00adtri\u00adbuent&nbsp;ainsi&nbsp;:<br>\n<br>Inter\u00adna\u00adzio\u00adnale Hol\u00adding Fiat&nbsp;: 36&nbsp;%<br>\n<br>Urqui\u00adjo \u2013 Inren\u00adta \u2013 Nuvo\u00adfon\u00addo \u2013 Ren\u00adfon\u00addo&nbsp;: 6,8&nbsp;%<br>\n<br>His\u00adpa\u00adno Ame\u00adri\u00adca\u00adno&nbsp;: 2,0&nbsp;%<br>\n<br>Banes\u00adto \u2013 Car\u00adti\u00adsa \u2013 Fon\u00adti\u00adsa&nbsp;: 1,5&nbsp;%<br>\n<br>Ban\u00adco de Viz\u00adcaya&nbsp;: 1,4&nbsp;%<br>\n<br>Ban\u00adco de Bil\u00adbao&nbsp;: 1,1&nbsp;%<br>\n<br>Ban\u00adco Cen\u00adtral&nbsp;: 0,8&nbsp;%<br>\n<br>Autres action\u00adnaires pri\u00adv\u00e9s&nbsp;: 13,5&nbsp;%<\/p>\n<p>\u00c9tant don\u00adn\u00e9 que 51&nbsp;% des actions sont qua\u00adli\u00adfi\u00e9es&nbsp;: \u00ab&nbsp;ne peuvent \u00eatre trans\u00adf\u00e9\u00adr\u00e9es aux \u00e9tran\u00adgers&nbsp;\u00bb, il fau\u00addrait savoir si au sein de celles-ci se trouvent les 13,5&nbsp;% qui cir\u00adculent sur les mar\u00adch\u00e9s bour\u00adsiers. Si ce n\u2019est pas le cas, il est pos\u00adsible que la par\u00adti\u00adci\u00adpa\u00adtion ita\u00adlienne r\u00e9elle soit plus impor\u00adtante, et, \u00e0 l\u2019ex\u00adtr\u00eame, qu\u2019elle puisse s\u2019ap\u00adpro\u00adcher beau\u00adcoup des&nbsp;50&nbsp;%.<\/p>\n<p>Ramon Car\u00adlos Baratech)]<\/p>\n<h2>Conclusion<\/h2>\n<p>Cet article met en relief les inten\u00adtions du capi\u00adta\u00adlisme euro\u00adp\u00e9en et am\u00e9\u00adri\u00adcain&nbsp;: pro\u00adfi\u00adter de l\u2019en\u00adclave espagnole.<\/p>\n<p>Mais d\u2019autres d\u00e9tails doivent \u00eatre connus&nbsp;: l\u2019en\u00adsemble des actions indi\u00adqu\u00e9es dans l\u2019ar\u00adticle se monte \u00e0 63,1&nbsp;%.<\/p>\n<p>Ques\u00adtion&nbsp;:<\/p>\n<p>Qui d\u00e9tient les autres 36,9&nbsp;%?<\/p>\n<p>Ne serait-ce pas les hi\u00e9\u00adrarques du r\u00e9gime fran\u00adquiste, mili\u00adtaires et pha\u00adlan\u00adgistes de haute&nbsp;vol\u00e9e&nbsp;?<\/p>\n<p>Si, comme le note l\u2019au\u00adteur de l\u2019ar\u00adticle de \u00ab&nbsp;Tele-Expr\u00e9s&nbsp;\u00bb, FIAT essaie d\u2019ob\u00adte\u00adnir la majo\u00adri\u00adt\u00e9 des actions pour domi\u00adner l\u2019en\u00adtre\u00adprise de Mar\u00adto\u00adrell, ne serait-il pas pos\u00adsible que FIAT \u00ab&nbsp;ach\u00e8te&nbsp;\u00bb les actions des groupes d\u00e9te\u00adnant le lot de 36,9&nbsp;%?<\/p>\n<p>Il ne serait pas \u00e9ton\u00adnant qu\u2019en \u00e9change de bonnes devises pay\u00e9es par FIAT \u00e0 ces groupes l\u2019u\u00adsine de SEAT passe aux mains du hol\u00adding italien.<\/p>\n<p>En bref&nbsp;: une nou\u00advelle et sombre affaire en pers\u00adpec\u00adtive, dans laquelle on assis\u00adte\u00adrait en cou\u00adlisse \u00e0 une expor\u00adta\u00adtion de capi\u00adtaux, style affaire MATESA. Notons que la situa\u00adtion \u00e9co\u00adno\u00admique espa\u00adgnole n\u2019est ni saine ni brillante pour ces enne\u00admis de la classe ouvri\u00e8re.<\/p>\n<p>L\u2019au\u00adto-liqui\u00adda\u00adtion stra\u00adt\u00e9\u00adgique (plus appa\u00adrente que r\u00e9elle, et ayant pour but de camou\u00adfler de pos\u00adsibles res\u00adpon\u00adsa\u00adbi\u00adli\u00adt\u00e9s dans un futur proche) laisse pr\u00e9\u00advoir un chan\u00adge\u00adment de struc\u00adture qui, s\u2019il n\u2019est fon\u00adda\u00admen\u00adtal\u200a\u2014\u200ainsis\u00adtons sur ce point\u200a\u2014\u200an\u2019en sera pas moins suf\u00adfi\u00adsant pour que cer\u00adtains per\u00adson\u00adnages du r\u00e9gime fran\u00adquiste aient le temps de dis\u00adpa\u00adra\u00eetre de la sc\u00e8ne poli\u00adtique, mais avec les poches pleines, et nombre d\u2019entre eux pour un s\u00e9jour hors d\u2019Es\u00adpagne (mais tr\u00e8s pr\u00e8s du pays) et avec l\u2019in\u00adten\u00adtion de reve\u00adnir \u00e0 la charge.<\/p>\n<p>Cette infor\u00adma\u00adtion ima\u00adgi\u00adna\u00adtive sera peut-\u00eatre utile pour com\u00adprendre ce qui va se pas\u00adser en Espagne.<\/p>\n","protected":false},"excerpt":{"rendered":"<p>[(Nous pr\u00e9\u00adsen\u00adtons ce mois \u00e0 nos lec\u00adteurs plu\u00adsieurs infor\u00adma\u00adtions r\u00e9centes \u00e9ma\u00adnant de nos cama\u00adrades espa\u00adgnols. Ces infor\u00adma\u00adtions se com\u00adpl\u00e8tent et s\u2019ex\u00adpliquent les unes les autres&nbsp;; on ver\u00adra que le capi\u00adtal euro\u00adp\u00e9en (Fiat) tient \u00e0 conser\u00adver en Espagne une r\u00e9gion o\u00f9 la r\u00e9sis\u00adtance \u00e0 l\u2019ex\u00adploi\u00adta\u00adtion est faible&nbsp;; en effet, la mon\u00adt\u00e9e des luttes en Europe inqui\u00e8tent&nbsp;[\u2026]<\/p>\n","protected":false},"author":1,"featured_media":0,"comment_status":"closed","ping_status":"closed","sticky":false,"template":"","format":"standard","meta":{"wp_typography_post_enhancements_disabled":false,"footnotes":""},"categories":[315],"tags":[],"ppma_author":[540],"class_list":["post-2642","post","type-post","status-publish","format-standard","hentry","category-solidarite-ouvriere-n6-octobre-1971"],"authors":[{"term_id":540,"user_id":1,"is_guest":0,"slug":"admin_3gikpwyf","display_name":"Vincent Dubuc","avatar_url":"https:\/\/secure.gravatar.com\/avatar\/d015720652c25fd2ced191ade86430094e1f288a17483713e3b34d26dea52507?s=96&d=mm&r=g","author_category":"","user_url":"https:\/\/la-presse-anarchiste.net","last_name":"Dubuc","first_name":"Vincent","job_title":"","description":""}],"_links":{"self":[{"href":"https:\/\/la-presse-anarchiste.net\/index.php\/wp-json\/wp\/v2\/posts\/2642","targetHints":{"allow":["GET"]}}],"collection":[{"href":"https:\/\/la-presse-anarchiste.net\/index.php\/wp-json\/wp\/v2\/posts"}],"about":[{"href":"https:\/\/la-presse-anarchiste.net\/index.php\/wp-json\/wp\/v2\/types\/post"}],"author":[{"embeddable":true,"href":"https:\/\/la-presse-anarchiste.net\/index.php\/wp-json\/wp\/v2\/users\/1"}],"replies":[{"embeddable":true,"href":"https:\/\/la-presse-anarchiste.net\/index.php\/wp-json\/wp\/v2\/comments?post=2642"}],"version-history":[{"count":0,"href":"https:\/\/la-presse-anarchiste.net\/index.php\/wp-json\/wp\/v2\/posts\/2642\/revisions"}],"wp:attachment":[{"href":"https:\/\/la-presse-anarchiste.net\/index.php\/wp-json\/wp\/v2\/media?parent=2642"}],"wp:term":[{"taxonomy":"category","embeddable":true,"href":"https:\/\/la-presse-anarchiste.net\/index.php\/wp-json\/wp\/v2\/categories?post=2642"},{"taxonomy":"post_tag","embeddable":true,"href":"https:\/\/la-presse-anarchiste.net\/index.php\/wp-json\/wp\/v2\/tags?post=2642"},{"taxonomy":"author","embeddable":true,"href":"https:\/\/la-presse-anarchiste.net\/index.php\/wp-json\/wp\/v2\/ppma_author?post=2642"}],"curies":[{"name":"wp","href":"https:\/\/api.w.org\/{rel}","templated":true}]}}