{"id":2646,"date":"2010-09-13T10:47:25","date_gmt":"2010-09-13T10:47:25","guid":{"rendered":"https:\/\/la-presse-anarchiste.net\/index.php\/2010\/09\/13\/julio-millan-menace-de-quarante-ans-de-prison\/"},"modified":"2010-09-13T10:47:25","modified_gmt":"2010-09-13T10:47:25","slug":"julio-millan-menace-de-quarante-ans-de-prison","status":"publish","type":"post","link":"https:\/\/la-presse-anarchiste.net\/index.php\/2010\/09\/13\/julio-millan-menace-de-quarante-ans-de-prison\/","title":{"rendered":"Julio Millan menac\u00e9 de quarante ans de prison"},"content":{"rendered":"<div class=\"pdfprnt-buttons pdfprnt-buttons-post pdfprnt-top-right\"><a href=\"https:\/\/la-presse-anarchiste.net\/index.php\/wp-json\/wp\/v2\/posts\/2646?print=pdf\" class=\"pdfprnt-button pdfprnt-button-pdf\" target=\"_blank\"><img decoding=\"async\" src=\"https:\/\/la-presse-anarchiste.net\/wp-content\/plugins\/pdf-print\/images\/pdf.png\" alt=\"image_pdf\" title=\"Afficher le PDF\"><\/a><a href=\"https:\/\/la-presse-anarchiste.net\/index.php\/wp-json\/wp\/v2\/posts\/2646?print=print\" class=\"pdfprnt-button pdfprnt-button-print\" target=\"_blank\"><img decoding=\"async\" src=\"https:\/\/la-presse-anarchiste.net\/wp-content\/plugins\/pdf-print\/images\/print.png\" alt=\"image_print\" title=\"Contenu imprim\u00e9\"><\/a><\/div><p>[(En sep\u00adtembre devait avoir lieu le pro\u00adc\u00e8s d\u2019un mili\u00adtant liber\u00adtaire espa\u00adgnol, Julio Mil\u00adlan Her\u00adnan\u00addez. Nous don\u00adnons l\u2019in\u00adfor\u00adma\u00adtion sur le cas de ce cama\u00adrade, tir\u00e9e de \u00ab&nbsp;Frente liber\u00adta\u00adrio&nbsp;\u00bb. Tout sou\u00adtien finan\u00adcier peut \u00eatre appor\u00adt\u00e9 \u00e0 Julio Mil\u00adlan en envoyant des fonds \u00e0&nbsp;: Ama\u00addor Alva\u00adrez, C.C.P. 15\u200a\u2013\u200a712-51 Paris avec la men\u00adtion (pour Millan).)]<\/p>\n<p>Le 10 octobre 1967, Julio Mil\u00adlan Her\u00adnan\u00addez, n\u00e9 \u00e0 Vil\u00adla\u00admen\u00adte\u00adla (Madrid) en 1937, est arr\u00ea\u00adt\u00e9 dans le train de Port Bou \u2013 Bar\u00adce\u00adlone, aux envi\u00adrons de Gero\u00adna. Il est conduit \u00e0 la pr\u00e9\u00adfec\u00adture de police de Bar\u00adce\u00adlone pour y \u00eatre \u00ab&nbsp;inter\u00adro\u00adg\u00e9&nbsp;\u00bb. On l\u2019ac\u00adcuse d\u2019a\u00advoir par\u00adti\u00adci\u00adp\u00e9 \u00e0 deux \u00ab&nbsp;actes terroristes&nbsp;\u00bb.<\/p>\n<p>Mil\u00adlan nia for\u00admel\u00adle\u00adment avoir par\u00adti\u00adci\u00adp\u00e9 \u00e0 ces deux \u00ab&nbsp;actes ter\u00adro\u00adristes&nbsp;\u00bb. Il fut sou\u00admis pen\u00addant plu\u00adsieurs jours \u00e0 de conti\u00adnuelles tor\u00adtures. Lors\u00adqu\u2019il fut abat\u00adtu phy\u00adsi\u00adque\u00adment, les poli\u00adciers lui pro\u00adpo\u00ads\u00e8rent un verre d\u2019eau. Mil\u00adlan, qui avait tr\u00e8s soif, refu\u00adsa de boire ce verre en disant qu\u2019il ne boi\u00adrait qu\u2019au robi\u00adnet. On le contrai\u00adgnit \u00e0 ava\u00adler le conte\u00adnu du verre. Peu apr\u00e8s, Mil\u00adlan se d\u00e9cla\u00adrait coupable\u2026<\/p>\n<p>Enfer\u00adm\u00e9 \u00e0 la pri\u00adson \u00ab&nbsp;mod\u00e8le&nbsp;\u00bb de Bar\u00adce\u00adlone, il fut trans\u00adf\u00e9\u00adr\u00e9 ensuite \u00e0 Madrid. Alors qu\u2019il \u00e9tait incar\u00adc\u00e9\u00adr\u00e9 \u00e0 Car\u00adra\u00adban\u00adchel, Mil\u00adlan d\u00e9cla\u00adra devant le tri\u00adbu\u00adnal mili\u00adtaire de la pre\u00admi\u00e8re R\u00e9gion qu\u2019on lui avait extor\u00adqu\u00e9 des aveux en \u00e9tat d\u2019inconscience.<\/p>\n<p>En jan\u00advier 1970, il sol\u00adli\u00adci\u00adta du capi\u00adtaine g\u00e9n\u00e9\u00adral de la m\u00eame R\u00e9gion une mise en liber\u00adt\u00e9 pro\u00advi\u00adsoire. Il \u00e9tait depuis trois ans et demi en d\u00e9ten\u00adtion pr\u00e9\u00adven\u00adtive. \u00c0 cette der\u00adni\u00e8re demande, il re\u00e7ut une r\u00e9ponse n\u00e9ga\u00adtive dans laquelle on lui deman\u00addait de s\u2019abs\u00adte\u00adnir de faire de telles requ\u00eates sur des \u00ab&nbsp;dos\u00adsiers d\u00e9j\u00e0 clas\u00ads\u00e9s&nbsp;\u00bb (sic).<\/p>\n<p>L\u2019exemple de notre cama\u00adrade Mil\u00adlan, qui est un cas par\u00admi tant d\u2019autres dans le vaste camp concen\u00adtra\u00adtion\u00adnaire que repr\u00e9\u00adsente l\u2019Es\u00adpagne, per\u00admet de r\u00e9v\u00e9\u00adler quatre aspects du r\u00e9gime de r\u00e9pres\u00adsion franquiste&nbsp;:<\/p>\n<ol>\n<li> Pro\u00adc\u00e9\u00add\u00e9s poli\u00adciers pour extor\u00adquer de pr\u00e9\u00adten\u00addus&nbsp;aveux.<\/li>\n<li> M\u00e9thodes d\u2019incarc\u00e9ration.<\/li>\n<li> Dur\u00e9e de la d\u00e9ten\u00adtion pr\u00e9ventive.<\/li>\n<li> Contraintes exer\u00adc\u00e9es pour que le d\u00e9te\u00adnu s\u2019abs\u00adtienne d\u2019a\u00addres\u00adser des requ\u00eates aux orga\u00adnismes ayant des pos\u00adsi\u00adbi\u00adli\u00adt\u00e9s d\u2019intervention.<\/li>\n<\/ol>\n<p>Fina\u00adle\u00adment, le pro\u00adc\u00e8s de Mil\u00adlan devait avoir lieu en octobre ou novembre, mais l\u2019a\u00advo\u00adcat de notre cama\u00adrade, Me Sevil\u00adla Casar, vient de nous apprendre que&nbsp;:<br>\n<br>\u2014\tLes peines deman\u00add\u00e9es contre Mil\u00adlan sont de 24 et 17 ans de pri\u00adson pour l\u2019une et l\u2019autre incul\u00adpa\u00adtion, ce qui fait 41 ans de pri\u00adson en tout alors que notre cama\u00adrade est INNOCENT.<br>\n<br>\u2014\tLe pro\u00adc\u00e8s est pr\u00e9\u00advu pour le mois de sep\u00adtembre pour jouer sur l\u2019ef\u00adfet de sur\u00adprise et que per\u00adsonne n\u2019en parle. La date du conseil de guerre qui juge\u00adra notre cama\u00adrade ne sera d\u00e9voi\u00adl\u00e9e que quelques jours avant le pro\u00adc\u00e8s. Mais, on sait d\u00e8s main\u00adte\u00adnant que les deux incul\u00adpa\u00adtions seront jug\u00e9es au cours du m\u00eame pro\u00adc\u00e8s et que Gar\u00adcia Rebull, le m\u00eame sinistre per\u00adson\u00adnage qu\u2019\u00e0 Bur\u00adgos, exer\u00adce\u00adra la fonc\u00adtion de capi\u00adtaine g\u00e9n\u00e9\u00adral et signe\u00adra la sen\u00adtence d\u00e9finitive.<\/p>\n<p>\u00ab&nbsp;Frente libertario&nbsp;\u00bb<\/p>\n","protected":false},"excerpt":{"rendered":"<p>[(En sep\u00adtembre devait avoir lieu le pro\u00adc\u00e8s d\u2019un mili\u00adtant liber\u00adtaire espa\u00adgnol, Julio Mil\u00adlan Her\u00adnan\u00addez. Nous don\u00adnons l\u2019in\u00adfor\u00adma\u00adtion sur le cas de ce cama\u00adrade, tir\u00e9e de \u00ab&nbsp;Frente liber\u00adta\u00adrio&nbsp;\u00bb. Tout sou\u00adtien finan\u00adcier peut \u00eatre appor\u00adt\u00e9 \u00e0 Julio Mil\u00adlan en envoyant des fonds \u00e0&nbsp;: Ama\u00addor Alva\u00adrez, C.C.P. 15 \u2013 712\u200a\u2013\u200a51 Paris avec la men\u00adtion (pour Mil\u00adlan).)] Le 10 octobre 1967,&nbsp;[\u2026]<\/p>\n","protected":false},"author":1,"featured_media":0,"comment_status":"closed","ping_status":"closed","sticky":false,"template":"","format":"standard","meta":{"wp_typography_post_enhancements_disabled":false,"footnotes":""},"categories":[315],"tags":[],"ppma_author":[540],"class_list":["post-2646","post","type-post","status-publish","format-standard","hentry","category-solidarite-ouvriere-n6-octobre-1971"],"authors":[{"term_id":540,"user_id":1,"is_guest":0,"slug":"admin_3gikpwyf","display_name":"Vincent Dubuc","avatar_url":"https:\/\/secure.gravatar.com\/avatar\/d015720652c25fd2ced191ade86430094e1f288a17483713e3b34d26dea52507?s=96&d=mm&r=g","author_category":"","user_url":"https:\/\/la-presse-anarchiste.net","last_name":"Dubuc","first_name":"Vincent","job_title":"","description":""}],"_links":{"self":[{"href":"https:\/\/la-presse-anarchiste.net\/index.php\/wp-json\/wp\/v2\/posts\/2646","targetHints":{"allow":["GET"]}}],"collection":[{"href":"https:\/\/la-presse-anarchiste.net\/index.php\/wp-json\/wp\/v2\/posts"}],"about":[{"href":"https:\/\/la-presse-anarchiste.net\/index.php\/wp-json\/wp\/v2\/types\/post"}],"author":[{"embeddable":true,"href":"https:\/\/la-presse-anarchiste.net\/index.php\/wp-json\/wp\/v2\/users\/1"}],"replies":[{"embeddable":true,"href":"https:\/\/la-presse-anarchiste.net\/index.php\/wp-json\/wp\/v2\/comments?post=2646"}],"version-history":[{"count":0,"href":"https:\/\/la-presse-anarchiste.net\/index.php\/wp-json\/wp\/v2\/posts\/2646\/revisions"}],"wp:attachment":[{"href":"https:\/\/la-presse-anarchiste.net\/index.php\/wp-json\/wp\/v2\/media?parent=2646"}],"wp:term":[{"taxonomy":"category","embeddable":true,"href":"https:\/\/la-presse-anarchiste.net\/index.php\/wp-json\/wp\/v2\/categories?post=2646"},{"taxonomy":"post_tag","embeddable":true,"href":"https:\/\/la-presse-anarchiste.net\/index.php\/wp-json\/wp\/v2\/tags?post=2646"},{"taxonomy":"author","embeddable":true,"href":"https:\/\/la-presse-anarchiste.net\/index.php\/wp-json\/wp\/v2\/ppma_author?post=2646"}],"curies":[{"name":"wp","href":"https:\/\/api.w.org\/{rel}","templated":true}]}}