{"id":2648,"date":"2010-09-13T10:51:13","date_gmt":"2010-09-13T10:51:13","guid":{"rendered":"https:\/\/la-presse-anarchiste.net\/index.php\/2010\/09\/13\/renault-lutte-de-classes-et-combat-culturel\/"},"modified":"2010-09-13T10:51:13","modified_gmt":"2010-09-13T10:51:13","slug":"renault-lutte-de-classes-et-combat-culturel","status":"publish","type":"post","link":"https:\/\/la-presse-anarchiste.net\/index.php\/2010\/09\/13\/renault-lutte-de-classes-et-combat-culturel\/","title":{"rendered":"Renault&nbsp;: lutte de classes et combat culturel"},"content":{"rendered":"<div class=\"pdfprnt-buttons pdfprnt-buttons-post pdfprnt-top-right\"><a href=\"https:\/\/la-presse-anarchiste.net\/index.php\/wp-json\/wp\/v2\/posts\/2648?print=pdf\" class=\"pdfprnt-button pdfprnt-button-pdf\" target=\"_blank\"><img decoding=\"async\" src=\"https:\/\/la-presse-anarchiste.net\/wp-content\/plugins\/pdf-print\/images\/pdf.png\" alt=\"image_pdf\" title=\"Afficher le PDF\"><\/a><a href=\"https:\/\/la-presse-anarchiste.net\/index.php\/wp-json\/wp\/v2\/posts\/2648?print=print\" class=\"pdfprnt-button pdfprnt-button-print\" target=\"_blank\"><img decoding=\"async\" src=\"https:\/\/la-presse-anarchiste.net\/wp-content\/plugins\/pdf-print\/images\/print.png\" alt=\"image_print\" title=\"Contenu imprim\u00e9\"><\/a><\/div><p>Nous publions dans ce num\u00e9\u00adro de \u00ab&nbsp;Soli\u00adda\u00adri\u00adt\u00e9 ouvri\u00e8re&nbsp;\u00bb un article sur le groupe cultu\u00adrel de Renault. L\u2019ac\u00adtion des cama\u00adrades de la R\u00e9gie est extr\u00ea\u00adme\u00adment int\u00e9\u00adres\u00adsante en ce sens qu\u2019elle est une forme ori\u00adgi\u00adnale d\u2019ac\u00adtion dans l\u2019en\u00adtre\u00adprise. Les pro\u00adfes\u00adsion\u00adnels de la r\u00e9vo\u00adlu\u00adtion pour\u00adront consi\u00add\u00e9\u00adrer cela avec le m\u00e9pris qu\u2019ils accordent \u00e0 tout ce qui n\u2019est pas cen\u00adtr\u00e9 exclu\u00adsi\u00adve\u00adment sur la r\u00e9vo\u00adlu\u00adtion. Il n\u2019emp\u00eache que les copains ont r\u00e9uni un nombre impor\u00adtant de cama\u00adrades de Renault et que leur action sus\u00adcite l\u2019in\u00adt\u00e9\u00adr\u00eat de nom\u00adbreux ouvriers.<\/p>\n<p>Comme ils l\u2019ont dit eux-m\u00eames, ils ne pr\u00e9\u00adtendent pas d\u00e9te\u00adnir la v\u00e9ri\u00adt\u00e9 uni\u00adver\u00adselle&nbsp;; le groupe cultu\u00adrel est avant tout un orga\u00adnisme de base qui prend en charge une action auto\u00adnome par les ouvriers eux-m\u00eames.<\/p>\n<p>C\u2019est l\u00e0 que r\u00e9side l\u2019in\u00adt\u00e9\u00adr\u00eat du groupe cultu\u00adrel&nbsp;: les copains refusent de se limi\u00adter \u00e0 la reven\u00addi\u00adca\u00adtion imm\u00e9\u00addiate&nbsp;; par leur lutte sur un front plus large, en par\u00adti\u00adcu\u00adlier cultu\u00adrel, ils touchent une masse plus grande de tra\u00advailleurs. Ceux-ci, par les acti\u00advi\u00adt\u00e9s qu\u2019ils peuvent avoir, par les contacts per\u00adson\u00adnels, la cr\u00e9a\u00adtion de liens de soli\u00adda\u00adri\u00adt\u00e9, qui per\u00admettent de sor\u00adtir du ghet\u00adto de l\u2019u\u00adsine, par la dis\u00adcus\u00adsion et l\u2019\u00e9\u00adchange des id\u00e9es, arrivent n\u00e9ces\u00adsai\u00adre\u00adment \u00e0 des prises de posi\u00adtions poli\u00adtiques. Une des reven\u00addi\u00adca\u00adtions de mai 68 est \u00e0 l\u2019ordre du jour&nbsp;: \u00ab&nbsp;Nous ne vou\u00adlons pas d\u2019un monde o\u00f9 la pro\u00adba\u00adbi\u00adli\u00adt\u00e9 de ne pas mou\u00adrir de faim s\u2019\u00e9\u00adchange contre la cer\u00adti\u00adtude de mou\u00adrir d\u2019ennui.&nbsp;\u00bb<\/p>\n<p>Le type d\u2019ac\u00adtion adop\u00adt\u00e9 par les cama\u00adrades est int\u00e9\u00adres\u00adsant en ce sens qu\u2019il \u00e9vite le bom\u00adbar\u00adde\u00adment id\u00e9o\u00adlo\u00adgique que les groupes, qui pr\u00e9\u00adtendent d\u00e9te\u00adnir la v\u00e9ri\u00adt\u00e9, imposent aux travailleurs.<\/p>\n<p>Dans la mesure o\u00f9 le groupe cultu\u00adrel per\u00admet une authen\u00adtique cir\u00adcu\u00adla\u00adtion des id\u00e9es, une prise de conscience gra\u00adduelle effec\u00adtu\u00e9e par l\u2019ex\u00adp\u00e9\u00adrience de la lutte et la dis\u00adcus\u00adsion com\u00admune, dans la mesure o\u00f9 il favo\u00adrise l\u2019i\u00adni\u00adtia\u00adtive, d\u00e9ve\u00adloppe l\u2019es\u00adprit cri\u00adtique, ce type d\u2019ac\u00adtion, s\u2019il se d\u00e9ve\u00adloppe, per\u00admet\u00adtra un d\u00e9pas\u00adse\u00adment total de tous les sch\u00e9\u00admas pr\u00e9\u00adcon\u00ad\u00e7us, y com\u00adpris les n\u00f4tres.<\/p>\n<h2>Un aspect positif&nbsp;: la relation usine-quartier<\/h2>\n<p>L\u2019ob\u00adjet du groupe ini\u00adtia\u00adle\u00adment, \u00e9tait la dif\u00adfu\u00adsion d\u2019un disque de chan\u00adsons sur mai 68 (disque n\u00b01). Quatre copains d\u00e9cident de mettre sur pied un comi\u00adt\u00e9 de dif\u00adfu\u00adsion (appe\u00adl\u00e9 par la suite C.A.C.P.R.) pour cen\u00adtra\u00adli\u00adser la dif\u00adfu\u00adsion des disques et bro\u00adchures au niveau de leur d\u00e9par\u00adte\u00adment. L\u2019im\u00adpact cr\u00e9\u00e9 dans le milieu ouvrier par la dif\u00adfu\u00adsion en masse du disque n\u00b01 appe\u00adla peu \u00e0 peu les copains du comi\u00adt\u00e9 \u00e0 un rayon\u00adne\u00adment qui d\u00e9pas\u00adsa assez rapi\u00adde\u00adment le cadre de leur seul d\u00e9partement.<\/p>\n<p>En jan\u00advier 1971, le C.A.C.P.R. grou\u00adpait une quin\u00adzaine de copains, pour la plu\u00adpart mili\u00adtants de la. C.F.D.T.; les contacts inter-d\u00e9par\u00adte\u00adments deve\u00adnaient plus pr\u00e9\u00adcis, les contacts \u00e9taient pris aus\u00adsi \u00e0 l\u2019ex\u00adt\u00e9\u00adrieur avec d\u2019autres entre\u00adprises, ain\u00adsi qu\u2019au niveau d\u2019un quar\u00adtier avec la troupe de E.S.; cette der\u00adni\u00e8re rela\u00adtion s\u2019a\u00adv\u00e9\u00adre\u00adra posi\u00adtive dans l\u2019a\u00adve\u00adnir au niveau des \u00e9changes et de com\u00admu\u00adni\u00adca\u00adtion entre des \u00e9l\u00e9\u00adments ouvriers et non ouvriers.<\/p>\n<p>Au niveau du tra\u00advail, l\u2019empirisme c\u00e9dait la place \u00e0 une orga\u00adni\u00adsa\u00adtion du tra\u00advail plus claire, mais b\u00e2tarde&nbsp;; les r\u00e9unions men\u00adsuelles plus pr\u00e9\u00adcises, avec une meilleure par\u00adti\u00adci\u00adpa\u00adtion des copains dans les res\u00adpon\u00adsa\u00adbi\u00adli\u00adt\u00e9s, les plus minimes fussent-elles.<\/p>\n<p>Se basant sur une th\u00e9o\u00adrie de Reich qui dit qu\u2019un groupe \u00e0 100&nbsp;% d\u2019hommes risque par une pra\u00adtique mili\u00adtante int\u00e9\u00adrieure et ext\u00e9\u00adrieure \u00e0 l\u2019u\u00adsine, de pro\u00advo\u00adquer, faute de rela\u00adtions \u00e9qui\u00adli\u00adbr\u00e9es, au bout d\u2019un cer\u00adtain temps, un d\u00e9s\u00ad\u00e9qui\u00adlibre au sein du groupe, des contacts entre des mili\u00adtants per\u00admirent de mettre au point une r\u00e9union men\u00adsuelle d\u2019\u00e9\u00adchanges et de contacts entre les deux groupes laquelle, avec l\u2019ap\u00adport de femmes enga\u00adg\u00e9es dans une action cultu\u00adrelle d\u2019une autre dimen\u00adsion, per\u00admit \u00e0 cer\u00adtains copains de r\u00e9ta\u00adblir un \u00e9qui\u00adlibre, d\u2019a\u00adper\u00adce\u00advoir ou de se faire cri\u00adti\u00adquer sur telles ou telles atti\u00adtudes fausses.<\/p>\n<h2>Un autre aspect positif&nbsp;: la relation entre copains<\/h2>\n<p>D\u00e8s le d\u00e9part dans leur action, les copains concer\u00adn\u00e9s cher\u00adch\u00e8rent paral\u00adl\u00e8\u00adle\u00adment \u00e0 appro\u00adfon\u00addir leurs rela\u00adtions entre eux&nbsp;; ce fut l\u2019\u00e9\u00adpoque o\u00f9 les copains s\u2019in\u00advi\u00adtaient mutuel\u00adle\u00adment chez eux, ce qui per\u00admet\u00adtait de se d\u00e9cou\u00advrir sous un autre aspect, dans l\u2019am\u00adbiance fami\u00adliale, ce qui fata\u00adle\u00adment d\u00e9ga\u00adgeait une cer\u00adtaine force dans laquelle cha\u00adcun se sen\u00adtait \u00e0 l\u2019aise, en demeu\u00adrant fra\u00adter\u00adnel, mais tr\u00e8s ferme aus\u00adsi sur les conneries.<\/p>\n<p>Chaque copain qui par la suite fut intro\u00adduit dans le C.A.C.P.R. fut pris en consi\u00add\u00e9\u00adra\u00adtion, non en tant que bras, ou force d\u2019ap\u00adpoint sup\u00adpl\u00e9\u00admen\u00adtaire, mais en tant qu\u2019\u00adhomme&nbsp;; avec tout l\u2019h\u00e9\u00adri\u00adtage cultu\u00adrel bour\u00adgeois que cela comporte.<\/p>\n<h2>Probl\u00e8mes d\u2019organisation<\/h2>\n<p>Par son implan\u00adta\u00adtion dans d\u2019autres ate\u00adliers et avec une par\u00adti\u00adci\u00adpa\u00adtion mili\u00adtante d\u2019autres copains, le comi\u00adt\u00e9, qui n\u2019\u00e9\u00adtait con\u00e7u que sur la base d\u2019un ate\u00adlier, s\u2019est dis\u00adsout de lui-m\u00eame.<\/p>\n<p>Avec la cr\u00e9a\u00adtion du groupe cultu\u00adrel Renault, rien ne fut r\u00e9so\u00adlu pour autant, mais les pro\u00adbl\u00e8mes qui se posaient \u00e9taient plus clairs, ce qui per\u00admit aux copains de d\u00e9ga\u00adger quelques aspects posi\u00adtifs sur l\u2019a\u00addap\u00adta\u00adtion d\u2019une orga\u00adni\u00adsa\u00adtion aux besoins de l\u2019in\u00addi\u00advi\u00addu, de recher\u00adcher de nou\u00advelles formes de struc\u00adtures d\u00e8s que l\u2019\u00e9\u00advo\u00adlu\u00adtion ou les besoins l\u2019im\u00adposent, mais sur\u00adtout d\u2019\u00e9\u00advi\u00adter de cal\u00adquer tels ou tels types d\u2019organisation.<\/p>\n<h2>Probl\u00e8mes politiques<\/h2>\n<p>Pour que les choses soient claires, le groupe cultu\u00adrel de Renault n\u2019a jamais \u00e9t\u00e9 l\u2019ap\u00adpen\u00addice quel\u00adconque d\u2019une orga\u00adni\u00adsa\u00adtion poli\u00adtique ou gau\u00adchiste, ni m\u00eame le fief d\u2019une id\u00e9o\u00adlo\u00adgie dominante.<\/p>\n<p>Pour \u00eatre encore plus pr\u00e9\u00adcis, nous affir\u00admons sans g\u00eane que toute cette ini\u00adtia\u00adtive fut \u00e0 la base sus\u00adci\u00adt\u00e9e par des mili\u00adtants liber\u00adtaires, mais en se refu\u00adsant \u00e0 domi\u00adner le groupe. Pourquoi&nbsp;?<\/p>\n<p>D\u2019a\u00adbord, par sa propre base qui est et demeure \u00e0 forte domi\u00adnance syn\u00addi\u00adca\u00adliste (C.F.D.T. majo\u00adri\u00adtaire), ce qui repr\u00e9\u00adsente et refl\u00e8te les id\u00e9es poli\u00adtiques du mou\u00adve\u00adment ouvrier, vari\u00e9es et oppos\u00e9es.<\/p>\n<p>C\u2019est-\u00e0-dire que l\u2019on retrouve des inor\u00adga\u00adni\u00ads\u00e9s, des mili\u00adtants de base de la C.F.D.T., sans aucune option poli\u00adtique claire, par contre on ren\u00adcontre des liber\u00adtaires, des mar\u00adxistes-l\u00e9ni\u00adnistes, des trots\u00adkystes, des socialistes.<\/p>\n<p>Mais avant tout, le groupe cultu\u00adrel Renault appa\u00adra\u00eet comme une prise en charge d\u2019une action auto\u00adnome, par des \u00e9l\u00e9\u00adments ouvriers, sur des pro\u00adbl\u00e8mes pr\u00e9\u00adcis&nbsp;; il fal\u00adlait \u00e9vi\u00adter de d\u00e9g\u00e9\u00adn\u00e9\u00adrer en une cou\u00adleur bien pr\u00e9\u00adcise, et par la suite en une cha\u00adpelle ou club quel\u00adconque qui aurait pu bri\u00adser les moti\u00adva\u00adtions d\u2019ou\u00advriers d\u00e9si\u00adreux de tra\u00advailler avec nous. Le G.C.R. s\u2019est d\u00e9fi\u00adni sur trois cri\u00adt\u00e8res principaux&nbsp;:<br>\n<br>\u2014\tlibre cir\u00adcu\u00adla\u00adtion des&nbsp;id\u00e9es,<br>\n<br>\u2014\tlutte de classes,<br>\n<br>\u2014\tsocia\u00adlisme.<\/p>\n<h2>libre circulation des&nbsp;id\u00e9es<\/h2>\n<p>Les res\u00adpon\u00adsables du G.C.R. ont tous plus ou moins connu les effets n\u00e9fastes du sec\u00adta\u00adrisme, de l\u2019ac\u00adti\u00advisme, qui ame\u00adnaient \u00e0 une rapide d\u00e9g\u00e9\u00adn\u00e9\u00adres\u00adcence d\u2019\u00e9l\u00e9\u00adments mal for\u00adm\u00e9s, \u00e0 un blo\u00adcage sys\u00adt\u00e9\u00adma\u00adtique de toutes rela\u00adtions et actions, ain\u00adsi que de tous ceux qui croient d\u00e9te\u00adnir la v\u00e9ri\u00adt\u00e9 uni\u00adver\u00adselle&nbsp;; pour notre part, nous ne d\u00e9te\u00adnons rien, nous n\u2019af\u00adfir\u00admons pas que la voie que nous sui\u00advons est la meilleure, pour la bonne rai\u00adson que nous n\u2019en savons rien nous-m\u00eames.<\/p>\n<p>Les res\u00adpon\u00adsables se sont ren\u00addu compte aus\u00adsi du manque de for\u00adma\u00adtion des copains sur le mou\u00adve\u00adment ouvrier en g\u00e9n\u00e9\u00adral, ensuite ses ten\u00addances, le syn\u00addi\u00adca\u00adlisme, les par\u00adtis poli\u00adtiques tra\u00addi\u00adtion\u00adnels ou les mou\u00adve\u00adments gau\u00adchistes depuis mai&nbsp;1968.<\/p>\n<p>En lais\u00adsant libre\u00adment cir\u00adcu\u00adler des jour\u00adnaux de ten\u00addances diverses, comme <i>Lutte ouvri\u00e8re<\/i>, <i>le Monde liber\u00adtaire<\/i>, <i>le Tra\u00advailleur<\/i>, <i>Soli\u00adda\u00adri\u00adt\u00e9 ouvri\u00e8re<\/i>, etc., pour les copains que cela int\u00e9\u00adresse, cela pro\u00advoque in\u00e9vi\u00adta\u00adble\u00adment des dis\u00adcus\u00adsions poli\u00adtiques, mais cela am\u00e8ne aus\u00adsi les copains \u00e0 faire une ana\u00adlyse de tel ou tel situa\u00adtion ou conflit qu\u2019ils ont v\u00e9cu, tout cela \u00e9tant li\u00e9 \u00e9vi\u00addem\u00adment \u00e0 leur propre pra\u00adtique mili\u00adtante dans l\u2019u\u00adsine et \u00e0 l\u2019ext\u00e9rieur.<\/p>\n<p>De plus, en lais\u00adsant cir\u00adcu\u00adler des disques avec les\u00adquels nous ne sommes pas d\u2019ac\u00adcord, nous vou\u00adlons lais\u00adser les tra\u00advailleurs \u00e0 qui nous les pr\u00e9\u00adsen\u00adtons l\u2019en\u00adti\u00e8re res\u00adpon\u00adsa\u00adbi\u00adli\u00adt\u00e9 de leur&nbsp;choix.<\/p>\n<h2>Lutte de classes<\/h2>\n<p>Parce qu\u2019ils sont des mili\u00adtants ouvriers qui luttent quo\u00adti\u00addien\u00adne\u00adment \u00e0 l\u2019u\u00adsine contre des condi\u00adtions de tra\u00advail inhu\u00admaines, contre l\u2019ar\u00adbi\u00adtraire patro\u00adnal, pour de nou\u00adveaux acquis de la classe ouvri\u00e8re, et contre toutes formes d\u2019op\u00adpres\u00adsion et d\u2019ex\u00adploi\u00adta\u00adtion, ces copains, parce qu\u2019ils n\u2019ont pas vou\u00adlu se lais\u00adser enfer\u00admer dans la seule lutte reven\u00addi\u00adca\u00adtive, ont \u00e9ten\u00addu leur lutte sur un front beau\u00adcoup plus large, qui touche \u00e0 la r\u00e9pres\u00adsion cultu\u00adrelle bour\u00adgeoise soi-disant \u00e9du\u00adca\u00adtrice, la com\u00admer\u00adcia\u00adli\u00adsa\u00adtion \u00e0 outrance, l\u2019a\u00adbru\u00adtis\u00adse\u00adment id\u00e9o\u00adlo\u00adgique dif\u00adfu\u00ads\u00e9 par les princes qui nous gou\u00advernent, en fait, tout ce qui condi\u00adtionne notre vie, que ce soit \u00e0 l\u2019u\u00adsine ou \u00e0 l\u2019ext\u00e9rieur.<\/p>\n<p>Lutte de classes, parce que sur ce ter\u00adrain-l\u00e0 il y a aus\u00adsi exploi\u00adta\u00adtion, r\u00e9pres\u00adsion, oppression\u2026<\/p>\n<h2>Socialisme<\/h2>\n<p>Parce que pour l\u2019en\u00adsemble des copains, toutes actions col\u00adlec\u00adtives de tous les jours doivent tendre vers ce but, qui ne doit pas \u00eatre un but en soi, mais l\u2019\u00e9\u00adtape la plus impor\u00adtante pour acc\u00e9\u00adder \u00e0 une soci\u00e9\u00adt\u00e9 ouvri\u00e8re o\u00f9 le peuple pour\u00adra libre\u00adment d\u00e9ter\u00admi\u00adner si demain dans les usines il y aura des jardins\u2026<\/p>\n<p>Groupe Cultu\u00adrel Renault.<\/p>\n","protected":false},"excerpt":{"rendered":"<p>Nous publions dans ce num\u00e9\u00adro de \u00ab&nbsp;Soli\u00adda\u00adri\u00adt\u00e9 ouvri\u00e8re&nbsp;\u00bb un article sur le groupe cultu\u00adrel de Renault. L\u2019ac\u00adtion des cama\u00adrades de la R\u00e9gie est extr\u00ea\u00adme\u00adment int\u00e9\u00adres\u00adsante en ce sens qu\u2019elle est une forme ori\u00adgi\u00adnale d\u2019ac\u00adtion dans l\u2019en\u00adtre\u00adprise. Les pro\u00adfes\u00adsion\u00adnels de la r\u00e9vo\u00adlu\u00adtion pour\u00adront consi\u00add\u00e9\u00adrer cela avec le m\u00e9pris qu\u2019ils accordent \u00e0 tout ce qui n\u2019est&nbsp;pas&nbsp;[\u2026]<\/p>\n","protected":false},"author":1,"featured_media":0,"comment_status":"closed","ping_status":"closed","sticky":false,"template":"","format":"standard","meta":{"wp_typography_post_enhancements_disabled":false,"footnotes":""},"categories":[315],"tags":[],"ppma_author":[540],"class_list":["post-2648","post","type-post","status-publish","format-standard","hentry","category-solidarite-ouvriere-n6-octobre-1971"],"authors":[{"term_id":540,"user_id":1,"is_guest":0,"slug":"admin_3gikpwyf","display_name":"Vincent Dubuc","avatar_url":"https:\/\/secure.gravatar.com\/avatar\/d015720652c25fd2ced191ade86430094e1f288a17483713e3b34d26dea52507?s=96&d=mm&r=g","author_category":"","user_url":"https:\/\/la-presse-anarchiste.net","last_name":"Dubuc","first_name":"Vincent","job_title":"","description":""}],"_links":{"self":[{"href":"https:\/\/la-presse-anarchiste.net\/index.php\/wp-json\/wp\/v2\/posts\/2648","targetHints":{"allow":["GET"]}}],"collection":[{"href":"https:\/\/la-presse-anarchiste.net\/index.php\/wp-json\/wp\/v2\/posts"}],"about":[{"href":"https:\/\/la-presse-anarchiste.net\/index.php\/wp-json\/wp\/v2\/types\/post"}],"author":[{"embeddable":true,"href":"https:\/\/la-presse-anarchiste.net\/index.php\/wp-json\/wp\/v2\/users\/1"}],"replies":[{"embeddable":true,"href":"https:\/\/la-presse-anarchiste.net\/index.php\/wp-json\/wp\/v2\/comments?post=2648"}],"version-history":[{"count":0,"href":"https:\/\/la-presse-anarchiste.net\/index.php\/wp-json\/wp\/v2\/posts\/2648\/revisions"}],"wp:attachment":[{"href":"https:\/\/la-presse-anarchiste.net\/index.php\/wp-json\/wp\/v2\/media?parent=2648"}],"wp:term":[{"taxonomy":"category","embeddable":true,"href":"https:\/\/la-presse-anarchiste.net\/index.php\/wp-json\/wp\/v2\/categories?post=2648"},{"taxonomy":"post_tag","embeddable":true,"href":"https:\/\/la-presse-anarchiste.net\/index.php\/wp-json\/wp\/v2\/tags?post=2648"},{"taxonomy":"author","embeddable":true,"href":"https:\/\/la-presse-anarchiste.net\/index.php\/wp-json\/wp\/v2\/ppma_author?post=2648"}],"curies":[{"name":"wp","href":"https:\/\/api.w.org\/{rel}","templated":true}]}}