{"id":2649,"date":"2010-09-13T10:52:43","date_gmt":"2010-09-13T10:52:43","guid":{"rendered":"https:\/\/la-presse-anarchiste.net\/index.php\/2010\/09\/13\/grogne-de-la-police-ou-malaise-de-la-societe\/"},"modified":"2010-09-13T10:52:43","modified_gmt":"2010-09-13T10:52:43","slug":"grogne-de-la-police-ou-malaise-de-la-societe","status":"publish","type":"post","link":"https:\/\/la-presse-anarchiste.net\/index.php\/2010\/09\/13\/grogne-de-la-police-ou-malaise-de-la-societe\/","title":{"rendered":"Grogne de la police ou malaise de la soci\u00e9t\u00e9&nbsp;?"},"content":{"rendered":"<div class=\"pdfprnt-buttons pdfprnt-buttons-post pdfprnt-top-right\"><a href=\"https:\/\/la-presse-anarchiste.net\/index.php\/wp-json\/wp\/v2\/posts\/2649?print=pdf\" class=\"pdfprnt-button pdfprnt-button-pdf\" target=\"_blank\"><img decoding=\"async\" src=\"https:\/\/la-presse-anarchiste.net\/wp-content\/plugins\/pdf-print\/images\/pdf.png\" alt=\"image_pdf\" title=\"Afficher le PDF\"><\/a><a href=\"https:\/\/la-presse-anarchiste.net\/index.php\/wp-json\/wp\/v2\/posts\/2649?print=print\" class=\"pdfprnt-button pdfprnt-button-print\" target=\"_blank\"><img decoding=\"async\" src=\"https:\/\/la-presse-anarchiste.net\/wp-content\/plugins\/pdf-print\/images\/print.png\" alt=\"image_print\" title=\"Contenu imprim\u00e9\"><\/a><\/div><p>C\u2019est avec un \u00e9ton\u00adne\u00adment amu\u00ads\u00e9 que les mili\u00adtants ouvriers ont sui\u00advi le conflit des poli\u00adciers en uni\u00adforme avec leur ministre. On conna\u00eet les faits, ils ont \u00e9t\u00e9 rela\u00adt\u00e9s abon\u00addam\u00adment par la grande presse, et plu\u00adt\u00f4t que l\u2019as\u00adpect anec\u00addo\u00adtique\u200a\u2014\u200aet bur\u00adlesque\u200a\u2014\u200ade l\u2019af\u00adfaire, int\u00e9\u00adres\u00adsons-nous aux causes et aux cons\u00e9\u00adquences de cet affrontement.<\/p>\n<p>Quelle a d\u2019a\u00adbord \u00e9t\u00e9 la r\u00e9ac\u00adtion des forces de \u00ab&nbsp;l\u2019op\u00adpo\u00adsi\u00adtion&nbsp;\u00bb&nbsp;? On pour\u00adrait la r\u00e9su\u00admer par \u00ab&nbsp;avec nous au gou\u00adver\u00adne\u00adment, on rase\u00adra le poli\u00adcier gra\u00adtis\u2026\u00bb, agr\u00e9\u00admen\u00adt\u00e9e de quelques nuances. Cet \u00e2ge d\u2019or du pan\u00addore et de ses col\u00adla\u00adt\u00e9\u00adraux, ce sou\u00adrire garan\u00adti de la m\u00e9na\u00adg\u00e8re au mon\u00adsieur en uni\u00adforme qui pro\u00adt\u00e8ge les petits enfants tra\u00adver\u00adsant les rues \u00e0 la sor\u00adtie de l\u2019\u00e9\u00adcole, ce jeune au regard sans haine\u200a\u2014\u200avoire sans m\u00e9pris \u2014, cette matraque auto\u00adgui\u00add\u00e9e qui \u00e9vi\u00adte\u00adra les cr\u00e2nes des badauds pour ne choi\u00adsir que ceux des hypo\u00adcrites meneurs, enfin ce retour du corps de la police au sein de la com\u00admu\u00adnau\u00adt\u00e9 natio\u00adnale avec les f\u00e9li\u00adci\u00adta\u00adtions du jury\u200a\u2014\u200aet une petite pro\u00admo\u00adtion\u200a\u2014\u200ac\u2019est ce que nos grands hommes des forces de l\u2019op\u00adpo\u00adsi\u00adtion construc\u00adtive pro\u00admettent \u00e0 ces Fran\u00ad\u00e7ais en uni\u00adforme res\u00adpon\u00adsables de l\u2019ordre et de la loi, \u00e9ga\u00adr\u00e9s par un gou\u00adver\u00adne\u00adment et un ministre de l\u2019In\u00adt\u00e9\u00adrieur sans honneur&nbsp;!<\/p>\n<p>Voi\u00adl\u00e0 qui ne doit pas nous sur\u00adprendre&nbsp;! Un cer\u00adtain nombre d\u2019ex\u00adp\u00e9\u00adriences his\u00adto\u00adriques sont l\u00e0 pour nous prou\u00adver \u00e0 l\u2019en\u00advi que la mau\u00advaise police c\u2019est tou\u00adjours celle de l\u2019autre\u2026 ici on peut mettre un nom com\u00admun quel\u00adconque, tel que gou\u00adver\u00adne\u00adment, r\u00e9gime, sys\u00adt\u00e8me, pays, par\u00adti, etc. Rap\u00adpe\u00adlons-nous la pro\u00admesse du gou\u00adver\u00adne\u00adment de \u00ab&nbsp;Front popu&nbsp;\u00bb d\u2019ou\u00advrir les archives de la police et de d\u00e9si\u00adgner \u00e0 la vin\u00addicte ouvri\u00e8re indic et autres infil\u00adtr\u00e9s dans les orga\u00adni\u00adsa\u00adtions syn\u00addi\u00adcales et poli\u00adtiques. C\u2019\u00e9\u00adtait jur\u00e9. Tu parles&nbsp;! On y a cru pourtant\u2026<\/p>\n<p>Chaque mili\u00adtant de chaque syn\u00addi\u00adcat sait qu\u2019a\u00advec lui et ses cama\u00adrades milite dans la m\u00eame conf\u00e9\u00add\u00e9\u00adra\u00adtion un per\u00adson\u00adnage biva\u00adlent et para\u00addoxal&nbsp;: le flic syn\u00addi\u00adca\u00adliste&nbsp;; mi-chair mi-pois\u00adson, pris entre la dis\u00adci\u00adpline de son corps et sa volon\u00adt\u00e9 de se lier avec les autres sala\u00adri\u00e9s, voi\u00adl\u00e0 quel\u00adqu\u2019un qui se pr\u00e9\u00adpare une vie dif\u00adfi\u00adcile et pleine de remords&nbsp;; remords parce que g\u00e9n\u00e9\u00adra\u00adle\u00adment la dis\u00adci\u00adpline l\u2019emporte, mais pas tou\u00adjours et, en ce cas, ce sont les dif\u00adfi\u00adcul\u00adt\u00e9s qui commencent\u2026<\/p>\n<p>Un cama\u00adrade de la C.F.D.T. v\u00e9cut une nuit de col\u00adlage l\u2019ex\u00adp\u00e9\u00adrience la moins banale de sa vie de mili\u00adtant&nbsp;: d\u00e9cou\u00advrant brus\u00adque\u00adment deux k\u00e9pis der\u00adri\u00e8re lui, trop pr\u00e8s, et d\u00e9j\u00e0 se r\u00e9si\u00adgnant, il enten\u00addit&nbsp;: \u00ab&nbsp;D\u00e9bine-toi, le car va pas\u00adser&nbsp;!&nbsp;\u00bb Vous voyez bien qu\u2019ils existent&nbsp;!<\/p>\n<p>Mais quant \u00e0 d\u00e9fendre le corps consti\u00adtu\u00e9 repr\u00e9\u00adsen\u00adt\u00e9 par les diverses polices\u200a\u2014\u200avisibles et invi\u00adsibles&nbsp;! Un cama\u00adrade de tra\u00advail, quelque peu trou\u00adbl\u00e9 dans sa lec\u00adture quo\u00adti\u00addienne de \u00ab&nbsp;l\u2019Hu\u00adma&nbsp;\u00bb, lec\u00adture sans doute trop som\u00admaire et d\u00e9pour\u00advue de l\u2019\u0153il dia\u00adlec\u00adtique, s\u2019\u00e9\u00adner\u00advait fort l\u2019autre jour&nbsp;: \u00ab&nbsp;La C.G.T. qui d\u00e9fend les flics, on aura tout&nbsp;vu&nbsp;!&nbsp;\u00bb<\/p>\n<p>Un opti\u00admisme exa\u00adg\u00e9\u00adr\u00e9\u200a\u2014\u200aqui serait vrai\u00adment de mau\u00advais aloi \u2014pour\u00adrait faire croire \u00e0 quelque copain que chez les poli\u00adciers sans grade, les obs\u00adcurs, recru\u00adt\u00e9s par\u00admi les couches popu\u00adlaires na\u00eet un embryon d\u2019es\u00adprit de classe&nbsp;; allons, ne r\u00eavons pas. On vou\u00addrait un peu plus de sous, et puis \u00eatre des agents actifs du \u00ab&nbsp;main\u00adtien de l\u2019ordre&nbsp;\u00bb sup\u00adpose des besognes d\u00e9sa\u00adgr\u00e9ables, et on se sent mal&nbsp;aim\u00e9s&nbsp;!<\/p>\n<p>Et comme nous sommes sur le ter\u00adrain de la lutte des classes, de quelle classe, de quel ordre sont-ils objec\u00adti\u00adve\u00adment les d\u00e9fenseurs&nbsp;?<\/p>\n<p>Cette mini-r\u00e9volte de la police ne doit pas nous faire tirer des plans sur la com\u00e8te&nbsp;; mais elle est un symp\u00adt\u00f4me, un signe, une indi\u00adca\u00adtion sur le pro\u00adces\u00adsus de d\u00e9sa\u00adgr\u00e9\u00adga\u00adtion de la soci\u00e9\u00adt\u00e9 capi\u00adta\u00adliste actuelle. Les pou\u00advoirs publics vont r\u00e9pri\u00admer la grogne de la police, laquelle, qui se pen\u00adsait la petite pr\u00e9\u00adf\u00e9\u00adr\u00e9e, ne sera pas contente. Un \u00c9tat aux forces de police d\u00e9mo\u00adra\u00adli\u00ads\u00e9es est plus vuln\u00e9rable.<\/p>\n<p>Comme disent les Anglais&nbsp;: \u00ab&nbsp;Attends et regarde&nbsp;\u00bb.<\/p>\n<p>L\u2019Al\u00adliance syndicaliste.<\/p>\n","protected":false},"excerpt":{"rendered":"<p>C\u2019est avec un \u00e9ton\u00adne\u00adment amu\u00ads\u00e9 que les mili\u00adtants ouvriers ont sui\u00advi le conflit des poli\u00adciers en uni\u00adforme avec leur ministre. On conna\u00eet les faits, ils ont \u00e9t\u00e9 rela\u00adt\u00e9s abon\u00addam\u00adment par la grande presse, et plu\u00adt\u00f4t que l\u2019as\u00adpect anec\u00addo\u00adtique\u200a\u2014\u200aet bur\u00adlesque\u200a\u2014\u200ade l\u2019af\u00adfaire, int\u00e9\u00ad\u00adres\u00ad\u00adsons-nous aux causes et aux cons\u00e9\u00adquences de cet affron\u00adte\u00adment. Quelle a d\u2019a\u00adbord \u00e9t\u00e9 la r\u00e9action&nbsp;[\u2026]<\/p>\n","protected":false},"author":1,"featured_media":0,"comment_status":"closed","ping_status":"closed","sticky":false,"template":"","format":"standard","meta":{"wp_typography_post_enhancements_disabled":false,"footnotes":""},"categories":[315],"tags":[],"ppma_author":[540],"class_list":["post-2649","post","type-post","status-publish","format-standard","hentry","category-solidarite-ouvriere-n6-octobre-1971"],"authors":[{"term_id":540,"user_id":1,"is_guest":0,"slug":"admin_3gikpwyf","display_name":"Vincent Dubuc","avatar_url":"https:\/\/secure.gravatar.com\/avatar\/d015720652c25fd2ced191ade86430094e1f288a17483713e3b34d26dea52507?s=96&d=mm&r=g","author_category":"","user_url":"https:\/\/la-presse-anarchiste.net","last_name":"Dubuc","first_name":"Vincent","job_title":"","description":""}],"_links":{"self":[{"href":"https:\/\/la-presse-anarchiste.net\/index.php\/wp-json\/wp\/v2\/posts\/2649","targetHints":{"allow":["GET"]}}],"collection":[{"href":"https:\/\/la-presse-anarchiste.net\/index.php\/wp-json\/wp\/v2\/posts"}],"about":[{"href":"https:\/\/la-presse-anarchiste.net\/index.php\/wp-json\/wp\/v2\/types\/post"}],"author":[{"embeddable":true,"href":"https:\/\/la-presse-anarchiste.net\/index.php\/wp-json\/wp\/v2\/users\/1"}],"replies":[{"embeddable":true,"href":"https:\/\/la-presse-anarchiste.net\/index.php\/wp-json\/wp\/v2\/comments?post=2649"}],"version-history":[{"count":0,"href":"https:\/\/la-presse-anarchiste.net\/index.php\/wp-json\/wp\/v2\/posts\/2649\/revisions"}],"wp:attachment":[{"href":"https:\/\/la-presse-anarchiste.net\/index.php\/wp-json\/wp\/v2\/media?parent=2649"}],"wp:term":[{"taxonomy":"category","embeddable":true,"href":"https:\/\/la-presse-anarchiste.net\/index.php\/wp-json\/wp\/v2\/categories?post=2649"},{"taxonomy":"post_tag","embeddable":true,"href":"https:\/\/la-presse-anarchiste.net\/index.php\/wp-json\/wp\/v2\/tags?post=2649"},{"taxonomy":"author","embeddable":true,"href":"https:\/\/la-presse-anarchiste.net\/index.php\/wp-json\/wp\/v2\/ppma_author?post=2649"}],"curies":[{"name":"wp","href":"https:\/\/api.w.org\/{rel}","templated":true}]}}