{"id":2657,"date":"1922-02-01T00:23:00","date_gmt":"1922-02-01T00:23:00","guid":{"rendered":"https:\/\/la-presse-anarchiste.net\/index.php\/2010\/12\/05\/mouvement-international-7\/"},"modified":"2024-05-21T09:19:04","modified_gmt":"2024-05-21T09:19:04","slug":"mouvement-international-7","status":"publish","type":"post","link":"https:\/\/la-presse-anarchiste.net\/index.php\/1922\/02\/01\/mouvement-international-7\/","title":{"rendered":"En Allemagne"},"content":{"rendered":"<div class=\"pdfprnt-buttons pdfprnt-buttons-post pdfprnt-top-right\"><a href=\"https:\/\/la-presse-anarchiste.net\/index.php\/wp-json\/wp\/v2\/posts\/2657?print=pdf\" class=\"pdfprnt-button pdfprnt-button-pdf\" target=\"_blank\"><img decoding=\"async\" src=\"https:\/\/la-presse-anarchiste.net\/wp-content\/plugins\/pdf-print\/images\/pdf.png\" alt=\"image_pdf\" title=\"Afficher le PDF\"><\/a><a href=\"https:\/\/la-presse-anarchiste.net\/index.php\/wp-json\/wp\/v2\/posts\/2657?print=print\" class=\"pdfprnt-button pdfprnt-button-print\" target=\"_blank\"><img decoding=\"async\" src=\"https:\/\/la-presse-anarchiste.net\/wp-content\/plugins\/pdf-print\/images\/print.png\" alt=\"image_print\" title=\"Contenu imprim\u00e9\"><\/a><\/div>\n<figure class=\"wp-block-image alignleft\" style=\"text-align: justify;\"><a href=\"https:\/\/la-presse-anarchiste.net\/index.php\/1922\/01\/01\/mouvement-international-4\/international\/\" rel=\"attachment wp-att-8167\"><img loading=\"lazy\" decoding=\"async\" width=\"500\" height=\"247\" class=\"wp-image-8167\" src=\"https:\/\/la-presse-anarchiste.net\/wp-content\/uploads\/1922\/01\/international.jpg\" alt srcset=\"https:\/\/la-presse-anarchiste.net\/wp-content\/uploads\/1922\/01\/international.jpg 500w, https:\/\/la-presse-anarchiste.net\/wp-content\/uploads\/1922\/01\/international-300x148.jpg 300w\" sizes=\"auto, (max-width: 500px) 100vw, 500px\"><\/a><\/figure>\n\n\n<p style=\"text-align: justify;\">Dans une s\u00e9rie d\u2019articles, parus en 1916 et 1917 dans le jour\u00adnal <i>Ce qu\u2019il faut dire<\/i>, j\u2019ai \u00e9tu\u00addi\u00e9 lon\u00adgue\u00adment toute l\u2019histoire du socia\u00adlisme en ces cin\u00adquante der\u00adni\u00e8res ann\u00e9es, et je me suis effor\u00adc\u00e9 \u00e0 d\u00e9ga\u00adger les rai\u00adsons qui avaient ame\u00adn\u00e9 la faillite lamen\u00adtable de la II<sup>e<\/sup> Internationale.<\/p>\n\n\n<p style=\"text-align: justify;\">Je ren\u00adver\u00adrai donc les lec\u00adteurs qui s\u2019int\u00e9ressent \u00e0 l\u2019histoire du mou\u00adve\u00adment ouvrier mon\u00addial dans sa triple forme&nbsp;: socia\u00adliste, syn\u00addi\u00adca\u00adliste et anar\u00adchiste. \u00e0 la col\u00adlec\u00adtion de <i>C.Q.F.D.<\/i>, en atten\u00addant que j\u2019aie les pos\u00adsi\u00adbi\u00adli\u00adt\u00e9s de publier ces articles en brochure.<\/p>\n\n\n<p style=\"text-align: justify;\">Je trans\u00adcri\u00adrai seule\u00adment ici quelques chiffres qui mon\u00adtre\u00adront, mieux que des phrases, la puis\u00adsance du mou\u00adve\u00adment social alle\u00admand dans l\u2019avant-guerre et qui aide\u00adront \u00e0 com\u00adprendre le mou\u00adve\u00adment actuel.<\/p>\n\n\n<p style=\"text-align: justify;\">\u00c0 la veille de la guerre, le Par\u00adti Social-D\u00e9mo\u00adcrate alle\u00admand comp\u00adtait 1.500.000 membres, avec des orga\u00adni\u00adsa\u00adtions par\u00adti\u00adcu\u00adli\u00e8res pour les femmes (150.000 membres) et pour la jeu\u00adnesse (100.000 adh\u00e9rents).<\/p>\n\n\n<p style=\"text-align: justify;\">La presse socia\u00adliste com\u00adpre\u00adnait 90 jour\u00adnaux quo\u00adti\u00addiens, avec plus de 1.500.000 abon\u00adn\u00e9s, une mul\u00adti\u00adtude d\u2019hebdomadaires, 2 organes sati\u00adriques&nbsp;: le <i>Vrai Jacob<\/i>, de Stutt\u00adgart, et le <i>Pos\u00adtillon<\/i>, de Munich, tirant \u00e0 400.000 ex.; un jour\u00adnal lit\u00adt\u00e9\u00adraire illus\u00adtr\u00e9, <i>Die Neue Welt<\/i> (<i>Le Nou\u00adveau Monde<\/i>): 500.000 ex.; l\u2019organe des femmes, <i>Glei\u00adch\u00adheit<\/i> (L\u2019\u00c9galit\u00e9), avec 110.000 abon\u00adn\u00e9s, et l\u2019<i>Arbei\u00adter Jugend<\/i> (La Jeu\u00adnesse Ouvri\u00e8re) qui pos\u00ads\u00e9\u00addait 80.000 abon\u00adn\u00e9s. Il faut aus\u00adsi noter la revue <i>Neue Zeit<\/i> (Temps Nou\u00adveaux), diri\u00adg\u00e9e par K. Kauts\u00adky et F. Meh\u00adring, et les <i>Cahiers Socia\u00adlistes<\/i>, revue men\u00adsuelle luxueu\u00adse\u00adment \u00e9di\u00adt\u00e9e, o\u00f9 col\u00adla\u00adbo\u00adraient Bern\u00adstein, Heine, Kampf\u00admeyer, et qui avaient res\u00adpec\u00adti\u00adve\u00adment 15.000 et 10.000 abonn\u00e9s.<\/p>\n\n\n<p style=\"text-align: justify;\">La Librai\u00adrie socia\u00adliste du <i>Vor\u00adwaerts<\/i> fai\u00adsait annuel\u00adle\u00adment 700.000 francs d\u2019affaires.<\/p>\n\n\n<p style=\"text-align: justify;\">Des cours de socio\u00adlo\u00adgie et de science \u00e9co\u00adno\u00admique se fai\u00adsaient r\u00e9gu\u00adli\u00e8\u00adre\u00adment dans 221 villes, et \u00e9taient sui\u00advis par 9.000 \u00e9l\u00e8ves, dont 700 femmes (chiffres de l\u2019ann\u00e9e 1912).<\/p>\n\n\n<p style=\"text-align: justify;\">Une <i>\u00c9cole du Par\u00adti<\/i>, fon\u00add\u00e9e en 1906, rece\u00advait chaque ann\u00e9e une tren\u00adtaine d\u2019\u00e9l\u00e8ves dont les frais d\u2019\u00e9tudes et d\u2019entretien \u00e9taient enti\u00e8\u00adre\u00adment \u00e0 la charge du Par\u00adti. Ces \u00e9l\u00e8ves appre\u00adnaient \u00e0 deve\u00adnir des mili\u00adtants socialistes.<\/p>\n\n\n<p style=\"text-align: justify;\">Le par\u00adti social-d\u00e9mo\u00adcrate \u00e9tait le plus puis\u00adsant de l\u2019Empire alle\u00admand. Les chiffres sui\u00advants des votes obte\u00adnus aux \u00e9lec\u00adtions de 1912 en donnent une id\u00e9e exacte.<\/p>\n\n\n<figure class=\"wp-block-table is-style-regular\" style=\"text-align: justify;\">\n<table>\n<tbody>\n<tr>\n<td>&nbsp;<\/td>\n<td class=\"has-text-align-right\" data-align=\"right\">&nbsp;<\/td>\n<\/tr>\n<tr>\n<td>Social-D\u00e9mo\u00adcrates<\/td>\n<td class=\"has-text-align-right\" data-align=\"right\">4.250.329 voix<\/td>\n<\/tr>\n<tr>\n<td>Centre catho\u00adlique<\/td>\n<td class=\"has-text-align-right\" data-align=\"right\">2.035.290<\/td>\n<\/tr>\n<tr>\n<td>Natio\u00adnaux-lib\u00e9\u00adraux<\/td>\n<td class=\"has-text-align-right\" data-align=\"right\">1.672.618<\/td>\n<\/tr>\n<tr>\n<td>Pro\u00adgres\u00adsistes<\/td>\n<td class=\"has-text-align-right\" data-align=\"right\">1.558.330<\/td>\n<\/tr>\n<tr>\n<td>Conser\u00adva\u00adteurs<\/td>\n<td class=\"has-text-align-right\" data-align=\"right\">1.129.274<\/td>\n<\/tr>\n<tr>\n<td>Chr\u00e9\u00adtiens sociaux<\/td>\n<td class=\"has-text-align-right\" data-align=\"right\">356.195<\/td>\n<\/tr>\n<\/tbody>\n<\/table>\n<\/figure>\n\n\n<p style=\"text-align: justify;\">Etc\u2026<\/p>\n\n\n<p style=\"text-align: justify;\">Les syn\u00addi\u00adcats, p\u00e9n\u00e9\u00adtr\u00e9s de l\u2019esprit des social-d\u00e9mo\u00adcrates et diri\u00adg\u00e9s par eux, ren\u00adfor\u00ad\u00e7aient cette posi\u00adtion formidable.<\/p>\n\n\n<p style=\"text-align: justify;\">Voi\u00adci les sta\u00adtis\u00adtiques de&nbsp;1911&nbsp;:<\/p>\n\n\n<figure class=\"wp-block-table\" style=\"text-align: justify;\">\n<table>\n<tbody>\n<tr>\n<td>Syn\u00addi\u00adcats social-d\u00e9mocrates<\/td>\n<td>2.421.000<\/td>\n<\/tr>\n<tr>\n<td>Syn\u00addi\u00adcats chr\u00e9tiens<\/td>\n<td>340.000<\/td>\n<\/tr>\n<tr>\n<td>Syn\u00addi\u00adcats Hirsch-Dun\u00adcher\n\n<p>(lib\u00e9\u00adra\u00adlisme manchest\u00e9rien)<\/p>\n<\/td>\n<td>107.000<\/td>\n<\/tr>\n<tr>\n<td>Syn\u00addi\u00adcats jaunes<\/td>\n<td>160.000<\/td>\n<\/tr>\n<tr>\n<td>Syn\u00addi\u00adcats localistes<\/td>\n<td>9.000<\/td>\n<\/tr>\n<\/tbody>\n<\/table>\n<\/figure>\n\n\n<p style=\"text-align: justify;\">Les Syn\u00addi\u00adcats social-d\u00e9mo\u00adcrates for\u00adte\u00adment cen\u00adtra\u00adli\u00ads\u00e9s grou\u00adpaient des F\u00e9d\u00e9\u00adra\u00adtions d\u2019Industrie (F\u00e9d\u00e9\u00adra\u00adtion des m\u00e9taux&nbsp;: 500.000 coti\u00adsants&nbsp;; du b\u00e2ti\u00adment&nbsp;: 300.000&nbsp;; des trans\u00adports&nbsp;: 200.000, etc.) et des Unions de Syndicats.<\/p>\n\n\n<p style=\"text-align: justify;\">Le total des recettes de toutes les Unions et F\u00e9d\u00e9\u00adra\u00adtions attei\u00adgnit, en 1911&nbsp;: 90.108.696 fr. Le fonds de r\u00e9serve du Comi\u00adt\u00e9 cen\u00adtral \u00e9tait, pour la m\u00eame ann\u00e9e, de 77.632.276 francs.<\/p>\n\n\n<p style=\"text-align: justify;\">Les d\u00e9penses consis\u00adtaient en <i>via\u00adti\u00adcum<\/i>, secours de mala\u00addie, de ch\u00f4\u00admage et de sou\u00adtien des gr\u00e8ves. Les ser\u00advices de mutua\u00adli\u00adt\u00e9 \u00e9taient par\u00adti\u00adcu\u00adli\u00e8\u00adre\u00adment bien organis\u00e9s.<\/p>\n\n\n<p style=\"text-align: justify;\">La presse syn\u00addi\u00adcale \u00e9tait d\u2019une richesse et l\u2019une abon\u00addance insoup\u00ad\u00e7on\u00adn\u00e9es en France. Tous les syn\u00addi\u00adcats pos\u00ads\u00e9\u00addaient un heb\u00addo\u00adma\u00addaire&nbsp;: le seul, <i>Metal\u00adlur\u00adbei\u00adter<\/i> (l\u2019Ouvrier m\u00e9tal\u00adlur\u00adgiste), tirait \u00e0 545.000 exemplaires.<\/p>\n\n\n<p style=\"text-align: justify;\">Les mai\u00adsons des syn\u00addi\u00adcats \u00e9taient et sont encore la pro\u00adpri\u00e9\u00adt\u00e9 des ouvriers.<\/p>\n\n\n<p style=\"text-align: justify;\">La magni\u00adfique <i>Gewer\u00adko\u00adchaf\u00adthaus<\/i>, de Ber\u00adlin, dans laquelle se tint le Congr\u00e8s anar\u00adchiste inter\u00adna\u00adtio\u00adnal a co\u00fb\u00adt\u00e9 plus de 3 mil\u00adlions de francs. C\u2019est un magni\u00adfique immeuble, dont la pro\u00adpre\u00adt\u00e9, l\u2019organisation, le luxe m\u00eame \u00e9tonnent.<\/p>\n\n\n<p style=\"text-align: justify;\">Les murs sont ver\u00adnis, le sol cou\u00advert de lino\u00adl\u00e9um&nbsp;: dans chaque bureau, des machines \u00e0 \u00e9crire, des casiers pleins de fiches, de docu\u00adments, de sta\u00adtis\u00adtiques, clas\u00ads\u00e9s dans l\u2019ordre le plus m\u00e9tho\u00addique. Aux murs, des por\u00adtraits de Marx, d\u2019Engels, de Liebk\u00adnecht, de Bebel, ou l\u2019admirable <i>Mar\u00adseillaise<\/i>, de Gus\u00adtave Dor\u00e9. Nous avons vu dans un de ces bureaux, des fresques de Constan\u00adtin Meu\u00adnier et des repro\u00adduc\u00adtions de Rem\u00adbrandt et de Rapha\u00ebl.<\/p>\n\n\n<p style=\"text-align: justify;\">Les mai\u00adsons syn\u00addi\u00adcales de Ham\u00adbourg, de Leip\u00adzig, etc., sont presque aus\u00adsi vastes et somptueuses.<\/p>\n\n\n<p style=\"text-align: justify;\">Th\u00e9o\u00adri\u00adque\u00adment la C.G.T. alle\u00admande \u00e9tait neutre. Pra\u00adti\u00adque\u00adment elle \u00e9tait sou\u00admise \u00e9troi\u00adte\u00adment au Par\u00adti socia\u00adliste, gr\u00e2ce \u00e0 ce que les Alle\u00admands appe\u00adlaient l\u2019<i>Union per\u00adson\u00adnelle<\/i> qui se consti\u00adtuait par ce fait que tous les fonc\u00adtion\u00adnaires syn\u00addi\u00adcaux&nbsp;: secr\u00e9\u00adtaires, per\u00adma\u00adnents, pro\u00adpa\u00adgan\u00addistes, \u00e9taient membres du par\u00adti. Karl Legien, secr\u00e9\u00adtaire g\u00e9n\u00e9\u00adral de l\u2019organisme cen\u00adtral&nbsp;; B\u0153mel\u00adburg, secr\u00e9\u00adtaire de la F\u00e9d\u00e9\u00adra\u00adtion du B\u00e2ti\u00adment&nbsp;: Hu\u00e9 et Sachse, secr\u00e9\u00adtaires des mineurs&nbsp;; Robert Schmidt, secr\u00e9\u00adtaire, de la mai\u00adson des Syn\u00addi\u00adcats de Ber\u00adlin&nbsp;; Schu\u00adman, secr\u00e9\u00adtaire, de la F\u00e9d\u00e9\u00adra\u00adtion des Trans\u00adports&nbsp;; Spr\u00e9\u00adger, secr\u00e9\u00adtaire de la M\u00e9tal\u00adlur\u00adgie, \u00e9taient en m\u00eame temps d\u00e9pu\u00adt\u00e9s au Reichstag.<\/p>\n\n\n<p style=\"text-align: justify;\">La subor\u00addi\u00adna\u00adtion des syn\u00addi\u00adcats alle\u00admands au Par\u00adti socia\u00adliste \u00e9tait donc en 1914, une chose r\u00e9a\u00adli\u00ads\u00e9e int\u00e9gralement.<\/p>\n\n\n<p style=\"text-align: justify;\">En face de cette puis\u00adsance for\u00admi\u00addable, le mou\u00adve\u00adment anar\u00adchiste et anar\u00adcho-syn\u00addi\u00adca\u00adliste v\u00e9g\u00e9tait.<\/p>\n\n\n<p style=\"text-align: justify;\">Les syn\u00addi\u00adcats loca\u00adlistes qui s\u2019inspiraient de la tac\u00adtique anar\u00adcho-syn\u00addi\u00adca\u00adliste de la C.G.T. fran\u00ad\u00e7aise grou\u00adpaient, comme nous l\u2019avons vu, 9.000 ouvriers.<\/p>\n\n\n<p style=\"text-align: justify;\">La F\u00e9d\u00e9\u00adra\u00adtion anar\u00adchiste de l\u2019Allemagne pos\u00ads\u00e9\u00addait 1.500 adh\u00e9\u00adrents. Son jour\u00adnal <i>Freie Arbei\u00adter<\/i> (l\u2019Ouvrier libre), tirait \u00e0 3.000&nbsp;ex.<\/p>\n\n\n<p style=\"text-align: justify;\">Il exis\u00adtait encore une frac\u00adtion indi\u00advi\u00addua\u00adliste Stir\u00adn\u00e9\u00adrienne, avec un heb\u00addo\u00adma\u00addaire <i>Der Socia\u00adlist<\/i> (1.000 ex.), quelques colo\u00adnies com\u00admu\u00adnistes natu\u00adriennes et un organe de doc\u00adtrine <i>Kampf<\/i> (La Lutte) (1.500 ex.), que diri\u00adgeait notre valeu\u00adreux cama\u00adrade P. Schre\u00adger, qui d\u00e9ser\u00adta pen\u00addant la guerre, fut extra\u00add\u00e9 de Suisse, condam\u00adn\u00e9 \u00e0 cinq ans de for\u00adte\u00adresse et mou\u00adrut en prison.<\/p>\n\n\n<p style=\"text-align: justify;\">Ain\u00adsi se pr\u00e9\u00adsen\u00adtaient les forces ouvri\u00e8res alle\u00admandes le 2 ao\u00fbt&nbsp;1914.<\/p>\n\n\n<p style=\"text-align: justify;\">Nous ver\u00adrons dans le pro\u00adchain num\u00e9\u00adro com\u00adment elles se com\u00adpor\u00adt\u00e8rent et dans quel sens elles se transform\u00e8rent.<\/p>\n\n\n<p style=\"text-align: right;\">Mau\u00adri\u00adcius.<\/p>\n","protected":false},"excerpt":{"rendered":"<p>Dans une s\u00e9rie d\u2019articles, parus en 1916 et 1917 dans le jour\u00adnal Ce qu\u2019il faut dire, j\u2019ai \u00e9tu\u00addi\u00e9 lon\u00adgue\u00adment toute l\u2019histoire du socia\u00adlisme en ces cin\u00adquante der\u00adni\u00e8res ann\u00e9es, et je me suis effor\u00adc\u00e9 \u00e0 d\u00e9ga\u00adger les rai\u00adsons qui avaient ame\u00adn\u00e9 la faillite lamen\u00adtable de la IIe Inter\u00adna\u00adtio\u00adnale. Je ren\u00adver\u00adrai donc les lec\u00adteurs qui s\u2019int\u00e9ressent \u00e0&nbsp;[\u2026]<\/p>\n","protected":false},"author":295,"featured_media":8089,"comment_status":"closed","ping_status":"closed","sticky":false,"template":"wp-custom-template-page-d-article","format":"standard","meta":{"wp_typography_post_enhancements_disabled":false,"footnotes":""},"categories":[278],"tags":[578],"ppma_author":[1086],"class_list":["post-2657","post","type-post","status-publish","format-standard","has-post-thumbnail","hentry","category-la-revue-anarchiste-n2-fevrier-1922","tag-allemagne"],"authors":[{"term_id":1086,"user_id":295,"is_guest":0,"slug":"mauricius","display_name":"Mauricius","avatar_url":"https:\/\/secure.gravatar.com\/avatar\/2342d0ca8f4118588b1beb14cda5c8de83449f40e1abcf9c15f1b0d440b168c6?s=96&d=mm&r=g","author_category":"","user_url":"","last_name":"","first_name":"","job_title":"","description":""}],"_links":{"self":[{"href":"https:\/\/la-presse-anarchiste.net\/index.php\/wp-json\/wp\/v2\/posts\/2657","targetHints":{"allow":["GET"]}}],"collection":[{"href":"https:\/\/la-presse-anarchiste.net\/index.php\/wp-json\/wp\/v2\/posts"}],"about":[{"href":"https:\/\/la-presse-anarchiste.net\/index.php\/wp-json\/wp\/v2\/types\/post"}],"author":[{"embeddable":true,"href":"https:\/\/la-presse-anarchiste.net\/index.php\/wp-json\/wp\/v2\/users\/295"}],"replies":[{"embeddable":true,"href":"https:\/\/la-presse-anarchiste.net\/index.php\/wp-json\/wp\/v2\/comments?post=2657"}],"version-history":[{"count":6,"href":"https:\/\/la-presse-anarchiste.net\/index.php\/wp-json\/wp\/v2\/posts\/2657\/revisions"}],"predecessor-version":[{"id":8342,"href":"https:\/\/la-presse-anarchiste.net\/index.php\/wp-json\/wp\/v2\/posts\/2657\/revisions\/8342"}],"wp:featuredmedia":[{"embeddable":true,"href":"https:\/\/la-presse-anarchiste.net\/index.php\/wp-json\/wp\/v2\/media\/8089"}],"wp:attachment":[{"href":"https:\/\/la-presse-anarchiste.net\/index.php\/wp-json\/wp\/v2\/media?parent=2657"}],"wp:term":[{"taxonomy":"category","embeddable":true,"href":"https:\/\/la-presse-anarchiste.net\/index.php\/wp-json\/wp\/v2\/categories?post=2657"},{"taxonomy":"post_tag","embeddable":true,"href":"https:\/\/la-presse-anarchiste.net\/index.php\/wp-json\/wp\/v2\/tags?post=2657"},{"taxonomy":"author","embeddable":true,"href":"https:\/\/la-presse-anarchiste.net\/index.php\/wp-json\/wp\/v2\/ppma_author?post=2657"}],"curies":[{"name":"wp","href":"https:\/\/api.w.org\/{rel}","templated":true}]}}