{"id":2658,"date":"1922-02-01T00:24:13","date_gmt":"1922-02-01T00:24:13","guid":{"rendered":"https:\/\/la-presse-anarchiste.net\/index.php\/2010\/12\/05\/mouvement-international-8\/"},"modified":"2024-05-21T09:19:27","modified_gmt":"2024-05-21T09:19:27","slug":"mouvement-international-8","status":"publish","type":"post","link":"https:\/\/la-presse-anarchiste.net\/index.php\/1922\/02\/01\/mouvement-international-8\/","title":{"rendered":"En Italie"},"content":{"rendered":"<div class=\"pdfprnt-buttons pdfprnt-buttons-post pdfprnt-top-right\"><a href=\"https:\/\/la-presse-anarchiste.net\/index.php\/wp-json\/wp\/v2\/posts\/2658?print=pdf\" class=\"pdfprnt-button pdfprnt-button-pdf\" target=\"_blank\"><img decoding=\"async\" src=\"https:\/\/la-presse-anarchiste.net\/wp-content\/plugins\/pdf-print\/images\/pdf.png\" alt=\"image_pdf\" title=\"Afficher le PDF\"><\/a><a href=\"https:\/\/la-presse-anarchiste.net\/index.php\/wp-json\/wp\/v2\/posts\/2658?print=print\" class=\"pdfprnt-button pdfprnt-button-print\" target=\"_blank\"><img decoding=\"async\" src=\"https:\/\/la-presse-anarchiste.net\/wp-content\/plugins\/pdf-print\/images\/print.png\" alt=\"image_print\" title=\"Contenu imprim\u00e9\"><\/a><\/div><p><\/p>\n<figure class=\"wp-block-image alignleft\" style=\"text-align: justify;\"><a href=\"https:\/\/la-presse-anarchiste.net\/index.php\/1922\/01\/01\/mouvement-international-4\/international\/\" rel=\"attachment wp-att-8167\"><img loading=\"lazy\" decoding=\"async\" width=\"500\" height=\"247\" class=\"wp-image-8167\" src=\"https:\/\/la-presse-anarchiste.net\/wp-content\/uploads\/1922\/01\/international.jpg\" alt srcset=\"https:\/\/la-presse-anarchiste.net\/wp-content\/uploads\/1922\/01\/international.jpg 500w, https:\/\/la-presse-anarchiste.net\/wp-content\/uploads\/1922\/01\/international-300x148.jpg 300w\" sizes=\"auto, (max-width: 500px) 100vw, 500px\"><\/a><\/figure>\n<p><br>\n<\/p>\n<p style=\"text-align: justify;\">Les pro\u00adl\u00e9\u00adtaires d\u2019Italie, comme ceux de France et d\u2019ailleurs, paraissent d\u00e9sem\u00adpa\u00adr\u00e9s. Jamais le mou\u00adve\u00adment ouvrier ne fut aus\u00adsi l\u00e2che. La guerre aurait-elle \u00e9mous\u00ads\u00e9 les \u00e9ner\u00adgies et enle\u00adv\u00e9 \u00e0 tous ceux qui triment un peu de leur foi en l\u2019action r\u00e9vo\u00adlu\u00adtion\u00adnaire. L\u2019\u00e9poque est pour\u00adtant triste, ter\u00adrible. En Ita\u00adlie par\u00adti\u00adcu\u00adli\u00e8\u00adre\u00adment, la vie est hors de prix. L\u2019existence y est dif\u00adfi\u00adcile \u00e0 ceux qui n\u2019ont, pour vivre, que le pro\u00adduit de leur tra\u00advail. On s\u2019explique p\u00e9ni\u00adble\u00adment com\u00adment les ouvriers ita\u00adliens sup\u00adportent un aus\u00adsi ter\u00adrible \u00e9tat de choses. L\u2019\u00e9chec de leur der\u00adni\u00e8re r\u00e9volte et la tra\u00adhi\u00adson cer\u00adtaine des chefs, en cette cir\u00adcons\u00adtance, semblent les avoir d\u00e9cou\u00adra\u00adg\u00e9s. Des gr\u00e8ves par\u00adtielles, inter\u00admit\u00adtentes, ont lieu un peu par\u00adtout, mais elles sont vite arr\u00ea\u00adt\u00e9es. La bour\u00adgeoi\u00adsie se d\u00e9fend et sait exploi\u00adter les divi\u00adsions ouvri\u00e8res n\u00e9es de la guerre.<\/p>\n<p><br>\n<\/p>\n<p style=\"text-align: justify;\">Le Fas\u00adcisme s\u00e9vit et, momen\u00adta\u00adn\u00e9\u00adment, triomphe. Il ter\u00adro\u00adrise la p\u00e9nin\u00adsule. Les tra\u00advailleurs r\u00e9agissent et leur action para\u00eet, pour l\u2019instant, n\u2019avoir d\u2019autre but que la lutte contre le nationalisme.<\/p>\n<p style=\"text-align: justify;\">C\u2019est la guerre civile. Les fas\u00adcistes, sous le regard bien\u00adveillant de la police, taci\u00adte\u00adment encou\u00adra\u00adg\u00e9s, aid\u00e9s et sou\u00adte\u00adnus par la bour\u00adgeoi\u00adsie, s\u00e8ment par\u00adtout la mort. For\u00adte\u00adment orga\u00adni\u00ads\u00e9s, ils vont, dans les centres ouvriers, accom\u00adplir leur besogne quo\u00adti\u00addienne de ban\u00addi\u00adtisme. Bourses du tra\u00advail, coop\u00e9\u00adra\u00adtives, mai\u00adsons com\u00admunes sont pill\u00e9es, sac\u00adca\u00adg\u00e9es, incen\u00addi\u00e9es. Ils violent jusqu\u2019aux demeures pri\u00adv\u00e9es des militants.&nbsp;,<\/p>\n<p><br>\n<\/p>\n<p style=\"text-align: justify;\">Nous citons, entre plu\u00adsieurs, un fait ter\u00adrible, qui carac\u00adt\u00e9\u00adrise l\u2019inquisition fasciste.<\/p>\n<p><br>\n<\/p>\n<p style=\"text-align: justify;\">\u00c0 Gros\u00adso\u00adlen\u00adgo, pr\u00e8s de Pia\u00adcen\u00adza, demeure la famille du cama\u00adrade Orlan\u00addi\u00adni, qui jouit, dans le pays, d\u2019une excel\u00adlente r\u00e9pu\u00adta\u00adtion. C\u2019est un r\u00e9vo\u00adlu\u00adtion\u00adnaire sin\u00adc\u00e8re. Cela, jus\u00adte\u00adment, le d\u00e9si\u00adgna \u00e0 la haine des fas\u00adcistes. Il y a quelques mois, un d\u2019eux, nom\u00adm\u00e9 <i>fiol del Nan<\/i>, fameux par ses exploits, entra chez lui, mis tout sens des\u00adsus des\u00adsous, mena\u00ad\u00e7ant tout le monde brutalement.<\/p>\n<p><br>\n<\/p>\n<p style=\"text-align: justify;\">Le fait fut d\u00e9non\u00adc\u00e9 \u00e0 l\u2019autorit\u00e9 qui ne lui don\u00adna aucune suite. Tout est per\u00admis aux fas\u00adcistes. La mai\u00adson d\u2019Orlandini fut, par la suite, \u00e0 plu\u00adsieurs reprises, enva\u00adhie par les natio\u00adna\u00adlistes arm\u00e9s, sans \u00e9gards pour la vieille m\u00e8re de ce cama\u00adrade et pour ses s\u0153urs terroris\u00e9es.<\/p>\n<p><br>\n<\/p>\n<p style=\"text-align: justify;\">Le 7 jan\u00advier, ils recom\u00admen\u00adc\u00e8rent leur inf\u00e2me exp\u00e9\u00addi\u00adtion. Orlan\u00addi\u00adni \u00e9tait absent. Les fas\u00adcistes, revol\u00adver au poing, mena\u00adc\u00e8rent de m\u00eame toute sa famille.<\/p>\n<p><br>\n<\/p>\n<p style=\"text-align: justify;\">Sa s\u0153ur, crai\u00adgnant pour sa vieille m\u00e8re et pour lui, en r\u00e9f\u00e9\u00adra au juge d\u2019instruction. Celui-ci la mit \u00e0 la&nbsp;porte.<\/p>\n<p><br>\n<\/p>\n<p style=\"text-align: justify;\">Un hon\u00adn\u00eate adver\u00adsaire, Atti\u00adlio Cal\u00adza\u00adros\u00adsi, s\u2019\u00e9mut de ces faits et pria Orlan\u00addi\u00adni de se rendre avec lui au <i>Fas\u00adcio di com\u00adbat\u00adti\u00admen\u00adto di Pia\u00adcen\u00adza<\/i> pour d\u00e9non\u00adcer les exploits des fas\u00adcistes. Orlan\u00addi\u00adni, sup\u00adpli\u00e9 par sa m\u00e8re, c\u00e9da. Il par\u00adtit \u00e0 Pia\u00adcen\u00adza avec Cal\u00adza\u00adros\u00adsi et se pr\u00e9\u00adsen\u00adta au Fas\u00adcio o\u00f9 se trou\u00advaient le fameux Mos\u00adco\u00adni et le non moins fameux Bar\u00adbiel\u00adli\u00adni, ain\u00adsi que 15 autres fascistes.<\/p>\n<p><br>\n<\/p>\n<p style=\"text-align: justify;\">Cal\u00adza\u00adros\u00adsi par\u00adla. Il fut mis \u00e0 la porte avec deux paires de gifles. Orlan\u00addi\u00adni fut rete\u00adnu. Mos\u00adco\u00adni l\u2019interrogea<\/p>\n<p><br>\n<\/p>\n<p style=\"text-align: justify;\">\u2014 O\u00f9 caches-tu tes&nbsp;armes&nbsp;?<\/p>\n<p><br>\n<\/p>\n<p style=\"text-align: justify;\">\u2014 Je n\u2019en ai pas, ni sur moi ni \u00e0 la maison.<\/p>\n<p><br>\n<\/p>\n<p style=\"text-align: justify;\">Bar\u00adbiel\u00adli\u00adni intervint.<\/p>\n<p><br>\n<\/p>\n<p style=\"text-align: justify;\">\u2014 Si tu ne te confesses pas de suite, je te tue et je te jette dans le&nbsp;P\u00f4.<\/p>\n<p><br>\n<\/p>\n<p style=\"text-align: justify;\">\u2014 Je n\u2019ai rien \u00e0 confesser.<\/p>\n<p><br>\n<\/p>\n<p style=\"text-align: justify;\">Bar\u00adbiel\u00adli\u00adni b\u00e2illonne Orlan\u00addi\u00adni et Mos\u00adco\u00adni le blesse avec un poignard.<\/p>\n<p><br>\n<\/p>\n<p style=\"text-align: justify;\">Orlan\u00addi\u00adni suf\u00adfoque, g\u00e9mit.<\/p>\n<p><br>\n<\/p>\n<p style=\"text-align: justify;\">\u2014 Fag\u00adgi dit que nous avons tu\u00e9 14 ouvriers. Tu seras le quinzi\u00e8me.<\/p>\n<p><br>\n<\/p>\n<p style=\"text-align: justify;\">Orlan\u00addi\u00adni eut ses che\u00adveux arra\u00adch\u00e9s avec des tenailles, fut br\u00fb\u00adl\u00e9 avec un fer rouge et eut les pieds mar\u00adte\u00adl\u00e9s. Recueillant toutes ses forces, il cria&nbsp;: \u00ab&nbsp;Tuez-moi&nbsp;!&nbsp;\u00bb Mos\u00adco\u00adni r\u00e9pondit&nbsp;:<\/p>\n<p><br>\n<\/p>\n<p style=\"text-align: justify;\">\u2014 Non, l\u00e2che&nbsp;; nous te ferons souf\u00adfrir. On t\u2019arrachera les ongles avec des tenailles\u2026<\/p>\n<p><br>\n<\/p>\n<p style=\"text-align: justify;\">Enfin, le com\u00admis\u00adsaire de P.S., Bel\u00adli, pr\u00e9\u00adve\u00adnu par Cal\u00adza\u00adros\u00adsi, arri\u00adva, sans s\u2019\u00eatre pres\u00ads\u00e9, au Fas\u00adcio&nbsp;? Bel\u00adli est seul. Il ne veut pas de t\u00e9moins. C\u2019est un magis\u00adtrat, mais il est, avant tout, fas\u00adciste. Il pose quelques ques\u00adtions \u00e0 ses amis et \u00e0 Orlan\u00addi\u00adni, qui ne peut r\u00e9pondre&nbsp;: on le lui en emp\u00eache.<\/p>\n<p><br>\n<\/p>\n<p style=\"text-align: justify;\">Les fas\u00adcistes disent \u00e0&nbsp;Belli<\/p>\n<p><br>\n<\/p>\n<p style=\"text-align: justify;\">\u2014 Ce n\u2019est rien, com\u00adman\u00addeur, Orlan\u00addi\u00adni est&nbsp;tomb\u00e9.<\/p>\n<p><br>\n<\/p>\n<p style=\"text-align: justify;\">Et Bel\u00adli, com\u00adman\u00addeur et com\u00admis\u00adsaire de P.S., s\u2019en va. Orlan\u00addi\u00adni est socia\u00adliste&nbsp;: il peut cre\u00adver. Les fas\u00adcistes ont le droit d\u2019assassiner.<\/p>\n<p><br>\n<\/p>\n<p style=\"text-align: justify;\">Orlan\u00addi\u00adni demande \u00e0 \u00eatre trans\u00adpor\u00adt\u00e9 \u00e0 l\u2019h\u00f4pital. Les fas\u00adcistes refusent et ils le conduisent \u00e0 la mai\u00adson. Orlan\u00addi\u00adni est tou\u00adjours \u00e0 la mai\u00adson, ab\u00ee\u00adm\u00e9, sans doute, pour toujours.<\/p>\n<p><br>\n<\/p>\n<p style=\"text-align: justify;\">Mos\u00adco\u00adni et Bar\u00adbiel\u00adli\u00adni sont libres \u00e0 Pia\u00adcen\u00adza, pr\u00eats \u00e0 recom\u00admen\u00adcer leurs cri\u00admi\u00adnels exploits<\/p>\n<p><br>\n<\/p>\n<p style=\"text-align: justify;\">C\u2019est ain\u00adsi que les Fas\u00adcistes ter\u00adro\u00adrisent toute l\u2019Italie, aid\u00e9s et sou\u00adte\u00adnus par la police et le Gou\u00adver\u00adne\u00adment. Leur agi\u00adta\u00adtion constante et cri\u00admi\u00adnelle sera peut-\u00eatre la cause d\u2019un futur mou\u00adve\u00adment r\u00e9vo\u00adlu\u00adtion\u00adnaire. Contre le fas\u00adcisme, la gr\u00e8ve g\u00e9n\u00e9\u00adrale vient d\u2019\u00eatre d\u00e9cr\u00e9\u00adt\u00e9e \u00e0 Naples. Nous sou\u00adhai\u00adtons qu\u2019elle gagne toute l\u2019Italie. Comme le demande <i>Uma\u00adni\u00adta Nova<\/i>, puissent tous les pro\u00adl\u00e9\u00adtaires com\u00adprendre le besoin pres\u00adsant d\u2019agir jusqu\u2019\u00e0 la d\u00e9faite com\u00adpl\u00e8te de la R\u00e9action&nbsp;!<\/p>\n<p><br>\n<\/p>\n<p style=\"text-align: right;\">Fabrice.<\/p>\n<p><\/p>","protected":false},"excerpt":{"rendered":"<p>Les pro\u00adl\u00e9\u00adtaires d\u2019Italie, comme ceux de France et d\u2019ailleurs, paraissent d\u00e9sem\u00adpa\u00adr\u00e9s. Jamais le mou\u00adve\u00adment ouvrier ne fut aus\u00adsi l\u00e2che. La guerre aurait-elle \u00e9mous\u00ads\u00e9 les \u00e9ner\u00adgies et enle\u00adv\u00e9 \u00e0 tous ceux qui triment un peu de leur foi en l\u2019action r\u00e9vo\u00adlu\u00adtion\u00adnaire. L\u2019\u00e9poque est pour\u00adtant triste, ter\u00adrible. En Ita\u00adlie par\u00adti\u00adcu\u00adli\u00e8\u00adre\u00adment, la vie est hors de prix. L\u2019existence [\u2026]<\/p>\n","protected":false},"author":313,"featured_media":8089,"comment_status":"closed","ping_status":"closed","sticky":false,"template":"wp-custom-template-page-d-article","format":"standard","meta":{"wp_typography_post_enhancements_disabled":false,"footnotes":""},"categories":[278],"tags":[1096,942],"ppma_author":[1107],"class_list":["post-2658","post","type-post","status-publish","format-standard","has-post-thumbnail","hentry","category-la-revue-anarchiste-n2-fevrier-1922","tag-fascisme-et-antifascisme","tag-italie"],"authors":[{"term_id":1107,"user_id":313,"is_guest":0,"slug":"fabrice","display_name":"Fabrice","avatar_url":"https:\/\/secure.gravatar.com\/avatar\/ad9e94dcf1aeeb4c3abebb4bafd3ba997de978849945afec940866935fe46fd4?s=96&d=mm&r=g","author_category":"","user_url":"","last_name":"","first_name":"Fabrice","job_title":"","description":"Auteur non identifi\u00e9. Il a \u00e9crit pour Le Libertaire et la Revue Anarchiste (organes de l'UA) dans les ann\u00e9es 20. \r\n\r\nDiff\u00e9rents indices me font penser \u00e0 Luigi Fabbri, mais ce n'est qu'un avis personnel demandant \u00e0 \u00eatre questionn\u00e9."}],"_links":{"self":[{"href":"https:\/\/la-presse-anarchiste.net\/index.php\/wp-json\/wp\/v2\/posts\/2658","targetHints":{"allow":["GET"]}}],"collection":[{"href":"https:\/\/la-presse-anarchiste.net\/index.php\/wp-json\/wp\/v2\/posts"}],"about":[{"href":"https:\/\/la-presse-anarchiste.net\/index.php\/wp-json\/wp\/v2\/types\/post"}],"author":[{"embeddable":true,"href":"https:\/\/la-presse-anarchiste.net\/index.php\/wp-json\/wp\/v2\/users\/313"}],"replies":[{"embeddable":true,"href":"https:\/\/la-presse-anarchiste.net\/index.php\/wp-json\/wp\/v2\/comments?post=2658"}],"version-history":[{"count":5,"href":"https:\/\/la-presse-anarchiste.net\/index.php\/wp-json\/wp\/v2\/posts\/2658\/revisions"}],"predecessor-version":[{"id":8343,"href":"https:\/\/la-presse-anarchiste.net\/index.php\/wp-json\/wp\/v2\/posts\/2658\/revisions\/8343"}],"wp:featuredmedia":[{"embeddable":true,"href":"https:\/\/la-presse-anarchiste.net\/index.php\/wp-json\/wp\/v2\/media\/8089"}],"wp:attachment":[{"href":"https:\/\/la-presse-anarchiste.net\/index.php\/wp-json\/wp\/v2\/media?parent=2658"}],"wp:term":[{"taxonomy":"category","embeddable":true,"href":"https:\/\/la-presse-anarchiste.net\/index.php\/wp-json\/wp\/v2\/categories?post=2658"},{"taxonomy":"post_tag","embeddable":true,"href":"https:\/\/la-presse-anarchiste.net\/index.php\/wp-json\/wp\/v2\/tags?post=2658"},{"taxonomy":"author","embeddable":true,"href":"https:\/\/la-presse-anarchiste.net\/index.php\/wp-json\/wp\/v2\/ppma_author?post=2658"}],"curies":[{"name":"wp","href":"https:\/\/api.w.org\/{rel}","templated":true}]}}