{"id":2662,"date":"1922-02-01T00:21:03","date_gmt":"1922-02-01T00:21:03","guid":{"rendered":"https:\/\/la-presse-anarchiste.net\/index.php\/2010\/12\/05\/ce-qui-se-passe-2\/"},"modified":"2024-05-21T07:39:38","modified_gmt":"2024-05-21T07:39:38","slug":"ce-qui-se-passe-2","status":"publish","type":"post","link":"https:\/\/la-presse-anarchiste.net\/index.php\/1922\/02\/01\/ce-qui-se-passe-2\/","title":{"rendered":"Ce qui se&nbsp;passe"},"content":{"rendered":"<div class=\"pdfprnt-buttons pdfprnt-buttons-post pdfprnt-top-right\"><a href=\"https:\/\/la-presse-anarchiste.net\/index.php\/wp-json\/wp\/v2\/posts\/2662?print=pdf\" class=\"pdfprnt-button pdfprnt-button-pdf\" target=\"_blank\"><img decoding=\"async\" src=\"https:\/\/la-presse-anarchiste.net\/wp-content\/plugins\/pdf-print\/images\/pdf.png\" alt=\"image_pdf\" title=\"Afficher le PDF\"><\/a><a href=\"https:\/\/la-presse-anarchiste.net\/index.php\/wp-json\/wp\/v2\/posts\/2662?print=print\" class=\"pdfprnt-button pdfprnt-button-print\" target=\"_blank\"><img decoding=\"async\" src=\"https:\/\/la-presse-anarchiste.net\/wp-content\/plugins\/pdf-print\/images\/print.png\" alt=\"image_print\" title=\"Contenu imprim\u00e9\"><\/a><\/div><h5 style=\"text-align: justify;\">Apr\u00e8s le Conclave.\u200a\u2014\u200aLe Vatican et l\u2019Europe.<\/h5>\n<p style=\"text-align: justify;\">L\u2019\u00e9lection du car\u00addi\u00adnal Rat\u00adti \u00e0 la supr\u00eame digni\u00adt\u00e9 eccl\u00e9\u00adsias\u00adtique a sus\u00adci\u00adt\u00e9 bien des com\u00admen\u00adtaires. Cer\u00adtains jour\u00adnaux \u00ab&nbsp;r\u00e9pu\u00adbli\u00adcains&nbsp;\u00bb, l\u2019ont repr\u00e9\u00adsen\u00adt\u00e9 comme ger\u00adma\u00adno\u00adphile, d\u2019autres comme fran\u00adco\u00adphile, comme l\u2019<i>\u00c9cho de Paris<\/i> par exemple, tou\u00adjours bien infor\u00adm\u00e9. On dit que son \u00e9lec\u00adtion \u00e9tait d\u00e9si\u00adr\u00e9e par le Quai d\u2019Orsay.<\/p>\n<p style=\"text-align: justify;\">En 1915, nous conte l\u2019<i>Europe Nou\u00advelle<\/i>, il aurait \u00ab&nbsp;regret\u00adt\u00e9&nbsp;\u00bb que son \u00e2ge et sa fonc\u00adtion lui inter\u00addissent de prendre un fusil pour aller com\u00adbattre le \u00ab&nbsp;tedes\u00adco&nbsp;\u00bb abhor\u00adr\u00e9. La m\u00eame revue pr\u00eate au nou\u00adveau Pape des ten\u00addances lib\u00e9rales.<\/p>\n<p style=\"text-align: justify;\">Toutes ces consi\u00add\u00e9\u00adra\u00adtions, sub\u00adti\u00adle\u00adment poli\u00adtiques n\u2019ont qu\u2019un d\u00e9faut&nbsp;: c\u2019est d\u2019\u00eatre exclu\u00adsi\u00adve\u00adment poli\u00adtiques. D\u00e8s qu\u2019un \u00e9v\u00e9\u00adne\u00adment sur\u00adgit, les par\u00adtis s\u2019en emparent, le d\u00e9forment selon les besoins de leur cause, et l\u2019exploitent au mieux de leurs int\u00e9\u00adr\u00eats particuliers.<\/p>\n<p style=\"text-align: justify;\">Mais quand il s\u2019agit d\u2019un fait aus\u00adsi impor\u00adtant pour l\u2019\u00c9glise qu\u2019un Conclave, on peut affir\u00admer, sans crainte d\u2019erreur, que les jour\u00adna\u00adlistes, qu\u2019ils soient de droite ou de gauche, n\u00e9gligent la v\u00e9ri\u00adt\u00e9 fon\u00adda\u00admen\u00adtale, \u00e0 savoir&nbsp;: qu\u2019un Pape, quel qu\u2019il soit, ne peut avoir d\u2019autres d\u00e9si\u00adrs, d\u2019autres direc\u00adtives que les int\u00e9\u00adr\u00eats de l\u2019\u00c9glise Romaine\u200a\u2014\u200aet ceci est absolu.<\/p>\n<p style=\"text-align: justify;\">Qu\u2019il ait pris le nom de Pie XI, c\u2019est certes une indi\u00adca\u00adtion&nbsp;; mais ceux qui l\u2019ont com\u00admen\u00adt\u00e9e igno\u00adraient cer\u00adtai\u00adne\u00adment l\u2019histoire des Papes. Les pre\u00admiers Pie furent des \u00e9ru\u00addits&nbsp;; le car\u00addi\u00adnal Rat\u00adti est un \u00e9ru\u00addit et Pie II comme Pie&nbsp;XI \u00e9cri\u00advirent des ouvrages reli\u00adgieux dont la docu\u00admen\u00adta\u00adtion fait, para\u00eet-il, auto\u00adri\u00adt\u00e9. Pie V fut un saint, Pie VII est c\u00e9l\u00e8bre par ses d\u00e9m\u00ea\u00adl\u00e9s avec Napo\u00adl\u00e9on, Pie IX par son intran\u00adsi\u00adgeance et le dogme de l\u2019Immacul\u00e9e-Conception. Quant \u00e0 Pie&nbsp;X (Sar\u00adto), s\u2019il fut un mys\u00adtique paci\u00adfique, on ne peut dire qu\u2019il f\u00fbt un let\u00adtr\u00e9, \u00e9tant don\u00adn\u00e9 le m\u00e9pris bien connu dans lequel le tenaient les Romains cultiv\u00e9s.<\/p>\n<p style=\"text-align: justify;\">Ces don\u00adn\u00e9es sont donc contra\u00addic\u00adtoires, et il serait t\u00e9m\u00e9\u00adraire d\u2019induire une psy\u00adcho\u00adlo\u00adgie poli\u00adtique de faits aus\u00adsi peu probants.<\/p>\n<p style=\"text-align: justify;\">Il en va autre\u00adment de Mgr Rat\u00adti. Achille Rat\u00adti est mila\u00adnais. Il fut biblio\u00adth\u00e9\u00adcaire de la c\u00e9l\u00e8bre <i>Ambro\u00adsienne<\/i>. Jusqu\u2019en 1910, il mena une vie toute d\u2019\u00e9tude et d\u2019\u00e9rudition, et lorsque, cette ann\u00e9e-l\u00e0, Pie&nbsp;X l\u2019appela \u00e0 Rome, ce fut pour s\u2019occuper de la Biblio\u00adth\u00e8que vaticane.<\/p>\n<p style=\"text-align: justify;\">C\u2019est Benoit qui, recon\u00adnais\u00adsant la grande intel\u00adli\u00adgence de son biblio\u00adth\u00e9\u00adcaire, le d\u00e9si\u00adgna comme visi\u00adteur apos\u00adto\u00adlique en Pologne. Cela se pas\u00adsait en ao\u00fbt 1918&nbsp;; quelques mois tard, Mgr Rat\u00adti s\u2019installait comme nonce \u00e0 Var\u00adso\u00advie. Quand les arm\u00e9es rouges mena\u00adc\u00e8rent la capi\u00adtale polo\u00adnaise, il ne quit\u00adta point Var\u00adso\u00advie, ayant sans doute \u00e0 ce sujet des ins\u00adtruc\u00adtions du Vati\u00adcan, sachant, en outre, qu\u2019il avait peu de chose \u00e0 redou\u00adter. Il fut, par la suite, car\u00addi\u00adnal-arche\u00adv\u00eaque de Milan et c\u2019est \u00e0 ce titre qu\u2019il inau\u00adgu\u00adra l\u2019Universit\u00e9 Catho\u00adlique de cette ville. Il fit, \u00e0 ce sujet, un dis\u00adcours fort indi\u00adca\u00adtif et dans lequel Rat\u00adti se r\u00e9v\u00e8le connue d\u00e9si\u00adreux de conduire les catho\u00adliques vers un grand effort intel\u00adlec\u00adtuel. \u00ab&nbsp;<i>Tout par la science<\/i>&nbsp;\u00bb, disait-il. Pauvre science!\u2026<\/p>\n<p style=\"text-align: justify;\">Le fait d\u2019\u00eatre un homme au cou\u00adrant de la poli\u00adtique de l\u2019Europe cen\u00adtrale, et par\u00adti\u00adcu\u00adli\u00e8\u00adre\u00adment des ques\u00adtions polo\u00adnaises et russes, est une indi\u00adca\u00adtion pr\u00e9\u00adcise. Si l\u2019on y ajoute ce sou\u00adci \u00e9vident d\u2019asservir les forces intel\u00adlec\u00adtuelles aux int\u00e9\u00adr\u00eats de l\u2019\u00c9glise, on aura les deux direc\u00adtives prin\u00adci\u00adpales du nou\u00adveau pontificat.<\/p>\n<p style=\"text-align: justify;\">J\u2019ai d\u00e9j\u00e0 signa\u00adl\u00e9 la publi\u00adca\u00adtion par la revue <i>Les Lettres<\/i> d\u2019une \u00e9tude tr\u00e8s docu\u00admen\u00adt\u00e9e sur l\u2019\u00c9glise russe et son rat\u00adta\u00adche\u00adment pos\u00adsible \u00e0 l\u2019\u00c9glise romaine&nbsp;; voi\u00adci qu\u2019\u00e0 son tour la <i>Croix<\/i> publie un long article sur l\u2019\u00c9glise gr\u00e9\u00adco-russe. C\u2019est l\u00e0, \u00e9vi\u00addem\u00adment, un symp\u00adt\u00f4me des pr\u00e9\u00adoc\u00adcu\u00adpa\u00adtions majeures de l\u2019\u00c9glise.<\/p>\n<p style=\"text-align: justify;\">Le tzar, chef de l\u2019\u00c9glise ortho\u00addoxe, ayant dis\u00adpa\u00adru, les mou\u00adjiks \u00e9tant, mal\u00adgr\u00e9 les pan\u00adcartes de L\u00e9nine, demeu\u00adr\u00e9s fort reli\u00adgieux, les sol\u00addats rouges de m\u00eame, et les popes, plus occu\u00adp\u00e9s de vod\u00adka que de hautes sp\u00e9\u00adcu\u00adla\u00adtions poli\u00adtiques, il est pro\u00adbable qu\u2019\u00e0 G\u00e8nes la ques\u00adtion reli\u00adgieuse sera agi\u00adt\u00e9e, dans la cou\u00adlisse pour le moins, entre l\u2019envoy\u00e9 du Pape du Krem\u00adlin et celui du Pape de&nbsp;Rome.<\/p>\n<p style=\"text-align: justify;\">La Rus\u00adsie est pour l\u2019\u00c9glise un immense champ d\u2019\u00e2mes et de corps&nbsp;; plus de 100 mil\u00adlions de fid\u00e8les et de coti\u00adsants&nbsp;; c\u2019est un beau mor\u00adceau&nbsp;; atten\u00addons-nous \u00e0 ce qu\u2019un effort consi\u00add\u00e9\u00adrable soit fait pour le conqu\u00e9rir.<\/p>\n<p style=\"text-align: justify;\">Atten\u00addons-nous aus\u00adsi \u00e0 voir les intel\u00adlec\u00adtuels catho\u00adliques accen\u00adtuer la vigueur de leur action. Mais, mal\u00adgr\u00e9 les dou\u00adleurs \u00ab&nbsp;r\u00e9demp\u00adtrices&nbsp;\u00bb entas\u00ads\u00e9es par la guerre, il est dou\u00adteux que leur suc\u00adc\u00e8s soit grand dans un pays o\u00f9 tous les scep\u00adti\u00adcismes triomphent de toutes les actions.<\/p>\n<p style=\"text-align: right;\">G.<\/p>\n","protected":false},"excerpt":{"rendered":"<p>Apr\u00e8s le Conclave.\u200a\u2014\u200aLe Vati\u00adcan et l\u2019Europe. L\u2019\u00e9lection du car\u00addi\u00adnal Rat\u00adti \u00e0 la supr\u00eame digni\u00adt\u00e9 eccl\u00e9\u00adsias\u00adtique a sus\u00adci\u00adt\u00e9 bien des com\u00admen\u00adtaires. Cer\u00adtains jour\u00adnaux \u00ab&nbsp;r\u00e9pu\u00adbli\u00adcains&nbsp;\u00bb, l\u2019ont repr\u00e9\u00adsen\u00adt\u00e9 comme ger\u00adma\u00adno\u00adphile, d\u2019autres comme fran\u00adco\u00adphile, comme l\u2019\u00c9cho de Paris par exemple, tou\u00adjours bien infor\u00adm\u00e9. On dit que son \u00e9lec\u00adtion \u00e9tait d\u00e9si\u00adr\u00e9e par le Quai d\u2019Orsay. En 1915, nous conte l\u2019Europe [\u2026]<\/p>\n","protected":false},"author":8,"featured_media":8089,"comment_status":"closed","ping_status":"closed","sticky":false,"template":"wp-custom-template-page-d-article","format":"standard","meta":{"wp_typography_post_enhancements_disabled":false,"footnotes":""},"categories":[278],"tags":[954],"ppma_author":[680],"class_list":["post-2662","post","type-post","status-publish","format-standard","has-post-thumbnail","hentry","category-la-revue-anarchiste-n2-fevrier-1922","tag-eglise-catholique"],"authors":[{"term_id":680,"user_id":8,"is_guest":0,"slug":"anonyme","display_name":"Anonyme","avatar_url":"https:\/\/secure.gravatar.com\/avatar\/cdccebf2bbf18d75df96a6721f7ce7f7ec80d026f1b8ec6be93de563bca5236b?s=96&d=mm&r=g","author_category":"","user_url":"","last_name":"","first_name":"","job_title":"","description":""}],"_links":{"self":[{"href":"https:\/\/la-presse-anarchiste.net\/index.php\/wp-json\/wp\/v2\/posts\/2662","targetHints":{"allow":["GET"]}}],"collection":[{"href":"https:\/\/la-presse-anarchiste.net\/index.php\/wp-json\/wp\/v2\/posts"}],"about":[{"href":"https:\/\/la-presse-anarchiste.net\/index.php\/wp-json\/wp\/v2\/types\/post"}],"author":[{"embeddable":true,"href":"https:\/\/la-presse-anarchiste.net\/index.php\/wp-json\/wp\/v2\/users\/8"}],"replies":[{"embeddable":true,"href":"https:\/\/la-presse-anarchiste.net\/index.php\/wp-json\/wp\/v2\/comments?post=2662"}],"version-history":[{"count":2,"href":"https:\/\/la-presse-anarchiste.net\/index.php\/wp-json\/wp\/v2\/posts\/2662\/revisions"}],"predecessor-version":[{"id":8309,"href":"https:\/\/la-presse-anarchiste.net\/index.php\/wp-json\/wp\/v2\/posts\/2662\/revisions\/8309"}],"wp:featuredmedia":[{"embeddable":true,"href":"https:\/\/la-presse-anarchiste.net\/index.php\/wp-json\/wp\/v2\/media\/8089"}],"wp:attachment":[{"href":"https:\/\/la-presse-anarchiste.net\/index.php\/wp-json\/wp\/v2\/media?parent=2662"}],"wp:term":[{"taxonomy":"category","embeddable":true,"href":"https:\/\/la-presse-anarchiste.net\/index.php\/wp-json\/wp\/v2\/categories?post=2662"},{"taxonomy":"post_tag","embeddable":true,"href":"https:\/\/la-presse-anarchiste.net\/index.php\/wp-json\/wp\/v2\/tags?post=2662"},{"taxonomy":"author","embeddable":true,"href":"https:\/\/la-presse-anarchiste.net\/index.php\/wp-json\/wp\/v2\/ppma_author?post=2662"}],"curies":[{"name":"wp","href":"https:\/\/api.w.org\/{rel}","templated":true}]}}