{"id":2665,"date":"1922-02-01T00:18:54","date_gmt":"1922-02-01T00:18:54","guid":{"rendered":"https:\/\/la-presse-anarchiste.net\/index.php\/2020\/07\/08\/ce-qui-se-passe-5\/"},"modified":"2024-05-21T06:30:49","modified_gmt":"2024-05-21T06:30:49","slug":"ce-qui-se-passe-5","status":"publish","type":"post","link":"https:\/\/la-presse-anarchiste.net\/index.php\/1922\/02\/01\/ce-qui-se-passe-5\/","title":{"rendered":"Ce qui se&nbsp;passe"},"content":{"rendered":"<div class=\"pdfprnt-buttons pdfprnt-buttons-post pdfprnt-top-right\"><a href=\"https:\/\/la-presse-anarchiste.net\/index.php\/wp-json\/wp\/v2\/posts\/2665?print=pdf\" class=\"pdfprnt-button pdfprnt-button-pdf\" target=\"_blank\"><img decoding=\"async\" src=\"https:\/\/la-presse-anarchiste.net\/wp-content\/plugins\/pdf-print\/images\/pdf.png\" alt=\"image_pdf\" title=\"Afficher le PDF\"><\/a><a href=\"https:\/\/la-presse-anarchiste.net\/index.php\/wp-json\/wp\/v2\/posts\/2665?print=print\" class=\"pdfprnt-button pdfprnt-button-print\" target=\"_blank\"><img decoding=\"async\" src=\"https:\/\/la-presse-anarchiste.net\/wp-content\/plugins\/pdf-print\/images\/print.png\" alt=\"image_print\" title=\"Contenu imprim\u00e9\"><\/a><\/div><p style=\"text-align: justify;\">Cette fois le doute n\u2019est plus per\u00admis, la scis\u00adsion est d\u00e9fi\u00adni\u00adti\u00adve\u00adment accom\u00adplie depuis le 14 de ce&nbsp;mois.<\/p>\n<p style=\"text-align: justify;\">Les grands chefs de la C.G.T. r\u00e9for\u00admiste ont atteint leur but&nbsp;; dussent-ils res\u00adter seuls, ils se d\u00e9clarent confiants en l\u2019avenir et plei\u00adne\u00adment satisfaits.<\/p>\n<p style=\"text-align: justify;\">Dans leurs r\u00eaves, ils se voyaient sacr\u00e9s, en grande pompe, fonc\u00adtion\u00adnaires immor\u00adtels, le front ceint d\u2019une cou\u00adronne symbolique\u2026<\/p>\n<p style=\"text-align: justify;\">Des voix leurs disaient&nbsp;: \u00ab&nbsp;Vous \u00eates n\u00e9s et b\u00e2tis pour faire mar\u00adcher les coti\u00adsants, au son de vos organes toni\u00adtruants et ron\u00adflants (\u00f4 com\u00adbien!) vers la vic\u00adtoire de la d\u00e9mo\u00adcra\u00adtie ancienne et nouvelle.&nbsp;\u00bb<\/p>\n<p style=\"text-align: justify;\">Ils ont pris cela au s\u00e9rieux, \u00e0 tel point qu\u2019ils ont oubli\u00e9, dans leur marche triom\u00adphale, le prin\u00adci\u00adpal int\u00e9\u00adres\u00ads\u00e9&nbsp;: le pro\u00adl\u00e9\u00adta\u00adriat&nbsp;; aus\u00adsi s\u2019en vont-ils seuls, bien&nbsp;seuls.<\/p>\n<p style=\"text-align: justify;\">Le Comi\u00adt\u00e9 Conf\u00e9\u00add\u00e9\u00adral Natio\u00adnal\u200a\u2014\u200acelui qu\u2019ils ont fabri\u00adqu\u00e9, dont on atten\u00addait patiem\u00adment et gen\u00adti\u00adment la d\u00e9ci\u00adsion, s\u2019est pro\u00adnon\u00adc\u00e9 sans d\u00e9tours contre son habi\u00adtude, et c\u2019est tant&nbsp;mieux.<\/p>\n<p style=\"text-align: justify;\">Au moins l\u2019on sait \u00e0 quoi s\u2019en tenir. Les plus myopes com\u00admencent \u00e0 voir clair dans la pen\u00ads\u00e9e domi\u00adnante de ceux qui se croient des hommes. Le ciel est d\u00e9bar\u00adras\u00ads\u00e9 des nuages nom\u00adbreux et opaques qui l\u2019assombrissaient. Leurs v\u0153ux cri\u00admi\u00adnels sont exau\u00adc\u00e9s au del\u00e0 m\u00eame de leurs secr\u00e8tes esp\u00e9rances.<\/p>\n<p style=\"text-align: justify;\">Comme c\u2019\u00e9tait \u00e0 pr\u00e9\u00advoir, les Saint-Man\u00add\u00e9ens\u200a\u2014\u200avous me per\u00admet\u00adtrez de les d\u00e9nom\u00admer ain\u00adsi\u200a\u2014\u200aont, eux aus\u00adsi, au cours de leur C.C.N. comme la lune, essay\u00e9 de jouer aux gou\u00adver\u00adnants \u00e0 la recherche des res\u00adpon\u00adsa\u00adbi\u00adli\u00adt\u00e9s, qu\u2019ils ont fait retom\u00adber, bien enten\u00addu, sur le dos des vrais c\u00e9g\u00e9\u00adtistes. Ils affirment donc que le crime accom\u00adpli a pour auteurs ceux qui sont leurs vic\u00adtimes et que l\u2019ind\u00e9pendance du mou\u00adve\u00adment syn\u00addi\u00adcal avait trou\u00adv\u00e9 d\u2019ardents d\u00e9fen\u00adseurs en leurs per\u00adsonnes, accom\u00adpa\u00adgn\u00e9es, il est vrai, d\u2019A. Tho\u00admas, Renau\u00addel et autres Bon\u00adcour, les\u00adquels, tout le monde le sait, sont de notoires anti-politiciens.<\/p>\n<p style=\"text-align: justify;\">Jusque-l\u00e0 et tant qu\u2019il s\u2019agit de mal\u00adheu\u00adreuses et bien pi\u00e8tres per\u00adson\u00adna\u00adli\u00adt\u00e9s, nous pou\u00advons nous per\u00admettre quelques fan\u00adtai\u00adsies. Mais, quand nous arri\u00advons \u00e0 nous occu\u00adper de ce qu\u2019ils appellent leurs tra\u00advaux et que l\u2019on aper\u00ad\u00e7oit leur mani\u00e8re adroite peut-\u00eatre, j\u00e9sui\u00adtique \u00e0 coup s\u00fbr, de tour\u00adner les dif\u00adfi\u00adcul\u00adt\u00e9s jusqu\u2019\u00e0 vou\u00adloir nous faire croire qu\u2019ils s\u2019attachent \u00e0 d\u00e9fendre, seuls, l\u2019int\u00e9r\u00eat des tra\u00advailleurs&nbsp;; alors, c\u2019est fini de&nbsp;rire&nbsp;!<\/p>\n<p style=\"text-align: justify;\">Com\u00adment&nbsp;! Ce qui est sor\u00adti de leurs d\u00e9li\u00adb\u00e9\u00adra\u00adtions ce serait le pro\u00adgramme qui tra\u00adduit les v\u00e9ri\u00adtables et una\u00adnimes sen\u00adti\u00adments du pro\u00adl\u00e9\u00adta\u00adriat de ce&nbsp;pays&nbsp;?<\/p>\n<p style=\"text-align: justify;\">Allons donc&nbsp;! Il serait par trop com\u00admode de par\u00adler de r\u00e9formes all\u00e9\u00adchantes et d\u2019am\u00e9liorations imm\u00e9\u00addiates, alors que l\u2019on sait que l\u2019on ne fera, que l\u2019on ne peut rien faire en implo\u00adrant \u00e0 genoux&nbsp;; et ces gens se per\u00admette de trai\u00adter les autres de d\u00e9magogues&nbsp;?<\/p>\n<p style=\"text-align: justify;\">Ils se sou\u00adcient si peu des aspi\u00adra\u00adtions et des sen\u00adti\u00adments de la classe ouvri\u00e8re, qu\u2019ils ont d\u00e9li\u00adb\u00e9\u00adr\u00e9\u00adment \u00e9br\u00e9\u00adch\u00e9 et peut-\u00eatre bri\u00ads\u00e9 la seule arme avec laquelle celle-ci pou\u00advait com\u00adbattre effi\u00adca\u00adce\u00adment la r\u00e9ac\u00adtion et le capital.<\/p>\n<p style=\"text-align: justify;\">Ils se sont amu\u00ads\u00e9s, comme des petites folles, de la tour\u00adnure que pre\u00adnaient les \u00e9v\u00e9\u00adne\u00adments, quand d\u2019autres en souf\u00adfraient cruel\u00adle\u00adment. Ils se ont com\u00adplu dans l\u2019adoption d\u2019une atti\u00adtude s\u00e8che, cas\u00adsante et hai\u00adneuse, alors que des cama\u00adrades allaient vers eux le c\u0153ur d\u00e9chi\u00adr\u00e9 \u00e0 la pen\u00ads\u00e9e qu\u2019une divi\u00adsion pro\u00adfonde pou\u00advait s\u00e9pa\u00adrer les tra\u00advailleurs d\u2019un m\u00eame chan\u00adtier, d\u2019une m\u00eame usine, d\u2019un m\u00eame bureau.<\/p>\n<p style=\"text-align: justify;\">Ce qui est plus grave, c\u2019est que la scis\u00adsion ne peut les atteindre, puisqu\u2019ils ne sont plus de leur classe, et les d\u00e9chi\u00adre\u00adments, les heurts se pro\u00addui\u00adront alors qu\u2019ils se trou\u00adve\u00adront dans quelque Bordeaux.<\/p>\n<p style=\"text-align: justify;\">Aurons-nous un jour la satis\u00adfac\u00adtion de les voir \u00ab&nbsp;s\u2019expliquer&nbsp;\u00bb net\u00adte\u00adment, quand l\u2019action, que l\u2019on ne peut fuir, aura r\u00e9con\u00adci\u00adli\u00e9 les tra\u00advailleurs par-des\u00adsus leurs t\u00eates couronn\u00e9es&nbsp;?<br>\nCe serait un spec\u00adtacle trop s\u00e9dui\u00adsant pour que nous n\u2019en d\u00e9si\u00adrions pas\u200a\u2014\u200asans tou\u00adte\u00adfois l\u2019esp\u00e9rer\u200a\u2014\u200avoir la mise en&nbsp;sc\u00e8ne.<\/p>\n<h5 style=\"text-align: center;\"><b>* * * * *<\/b><\/h5>\n<p style=\"text-align: justify;\">En face de cette situa\u00adtion, les anar\u00adchistes doivent-ils res\u00adter les spec\u00adta\u00adteurs impas\u00adsibles d\u2019une tra\u00adg\u00e9\u00addie dans laquelle se joue l\u2019avenir du peuple auquel nous sommes li\u00e9s par tant de fibres intimes&nbsp;?<\/p>\n<p style=\"text-align: justify;\">Tant de ques\u00adtions se posent qu\u2019il appa\u00adra\u00eet dif\u00adfi\u00adcile de r\u00e9pondre \u00e0 toutes.<\/p>\n<p style=\"text-align: justify;\">Pour\u00adtant, peut-on oublier que, dans nos r\u00e9unions, dans nos congr\u00e8s, nous avons tou\u00adjours d\u00e9cla\u00adr\u00e9 que les anar\u00adchistes p\u00e9n\u00e9\u00adtraient dans les syn\u00addi\u00adcats pour y sus\u00adci\u00adter l\u2019esprit de r\u00e9volte et y faire \u00e9ta\u00adblir et pra\u00adti\u00adquer le sys\u00adt\u00e8me d\u2019organisation f\u00e9d\u00e9raliste&nbsp;?<\/p>\n<p style=\"text-align: justify;\">Si l\u2019on songe que la semence r\u00e9vo\u00adlu\u00adtion\u00adnaire trou\u00adve\u00adra, dans la C.G.T. r\u00e9g\u00e9\u00adn\u00e9\u00adr\u00e9e, un ter\u00adrain solide et f\u00e9cond&nbsp;; que, d\u2019autre part, l\u2019\u00e9tat d\u2019esprit de ceux qui la com\u00adposent est favo\u00adrable \u00e0 l\u2019id\u00e9e de faire repo\u00adser la nou\u00advelle consti\u00adtu\u00adtion sur une base net\u00adte\u00adment f\u00e9d\u00e9\u00adra\u00adliste, il est tout indi\u00adqu\u00e9 que les com\u00adpa\u00adgnons ont leur place dans cette C.G.T. R\u00e9nov\u00e9e.<\/p>\n<p style=\"text-align: justify;\">Puis, enfin, il ne fau\u00addrait pas se sou\u00adve\u00adnir que nous f\u00fbmes de ceux\u200a\u2014\u200a\u00e0 peu pr\u00e8s les seuls, du reste\u200a\u2014\u200aqui condam\u00adn\u00e8rent vigou\u00adreu\u00adse\u00adment la com\u00adpli\u00adci\u00adt\u00e9 au crime du capi\u00adta\u00adlisme, de ceux qui d\u00e9non\u00adc\u00e8rent sans rel\u00e2che la col\u00adla\u00adbo\u00adra\u00adtion des classes dont la source se retrouve dans l\u2019<i>Union sacr\u00e9e<\/i>, de ceux enfin qui, fai\u00adsant appel \u00e0 la vin\u00addicte publique, \u00e9ta\u00adl\u00e8rent en plein jour les com\u00adpro\u00admis\u00adsions, les trahisons.<\/p>\n<p style=\"text-align: justify;\">Et quand ils pr\u00e9\u00adtendent que c\u2019est le triomphe de la poli\u00adtique de Mos\u00adcou qui se concr\u00e9\u00adtise dans la C.G.T., nous pou\u00advons leur rap\u00adpe\u00adler, sans crainte d\u2019\u00eatre d\u00e9men\u00adtis, que nous avons fait plus qu\u2019eux pour l\u2019autonomie et l\u2019ind\u00e9pendance du Syndicalisme.<\/p>\n<p style=\"text-align: justify;\">En d\u00e9non\u00ad\u00e7ant avec force le p\u00e9ril, d\u00e9nom\u00adm\u00e9 faus\u00adse\u00adment com\u00admu\u00adniste\u200a\u2014\u200ales poli\u00adti\u00adciens ne pou\u00advant l\u2019\u00eatre\u200a\u2014\u200ales anar\u00adchistes se sont dres\u00ads\u00e9s, confor\u00adm\u00e9\u00adment \u00e0 leur bel id\u00e9al, contre l\u2019intrusion poli\u00adtique. En com\u00adbat\u00adtant les poli\u00adti\u00adciens <i>quels qu\u2019ils soient<\/i>, ils visaient aus\u00adsi bien ceux qui se servent du masque com\u00admu\u00adniste que ceux qui, sous le cou\u00advert du socia\u00adlisme, sont deve\u00adnus des auxi\u00adliaires du Gou\u00adver\u00adne\u00adment, sans oublier les \u00ab&nbsp;poli\u00adti\u00adciens de l\u2019\u00e9conomique&nbsp;\u00bb.<\/p>\n<p style=\"text-align: justify;\">Il faut donc que les r\u00e9a\u00adli\u00adsa\u00adteurs de la cri\u00admi\u00adnelle divi\u00adsion se sou\u00adviennent, gr\u00e2ce \u00e0 notre atti\u00adtude pr\u00e9\u00adsente, que notre oppo\u00adsi\u00adtion de tou\u00adjours pos\u00ads\u00e8de des racines pro\u00adfondes et qu\u2019ils nous trou\u00adve\u00adront devant eux, d\u00e9ci\u00add\u00e9s \u00e0 tous les efforts comme \u00e0 tous les sacri\u00adfices pour rui\u00adner la d\u00e9sas\u00adtreuse influence qu\u2019ils exercent encore sur une faible por\u00adtion prol\u00e9tarienne.<\/p>\n<h5 style=\"text-align: center;\"><b>* * * *<\/b><\/h5>\n<p style=\"text-align: justify;\">Abor\u00addons main\u00adte\u00adnant un pro\u00adbl\u00e8me que cer\u00adtains vou\u00addraient r\u00e9soudre, sans aucun \u00e9l\u00e9\u00adment s\u00e9rieux, puisqu\u2019ils oublient le prin\u00adci\u00adpal, je dirai m\u00eame l\u2019indispensable.<\/p>\n<p style=\"text-align: justify;\">Front unique&nbsp;! Front unique&nbsp;!<\/p>\n<p style=\"text-align: justify;\">Voi\u00adl\u00e0 le cri du jour, le boni\u00adment a la mode, le mot qui cir\u00adcule partout.<\/p>\n<p style=\"text-align: justify;\">Eh bien&nbsp;! Si une chose doit nous int\u00e9\u00adres\u00adser, c\u2019est bien cette fameuse ques\u00adtion, car elle est impor\u00adtante et urgente si l\u2019on en croit les nou\u00adveaux venus \u00e0 l\u2019unit\u00e9 de&nbsp;front.<\/p>\n<p style=\"text-align: justify;\">Il faut m\u00eame ne perdre aucun ins\u00adtant, sans cela les tra\u00advailleurs, ces bons bougres, se lais\u00adse\u00adraient entra\u00ee\u00adner, une fois de plus, par un bat\u00adtage savant \u00e0 rendre jaloux un tenan\u00adcier de baraque foraine.<\/p>\n<p style=\"text-align: justify;\">Toutes les rai\u00adsons invo\u00adqu\u00e9es en faveur du front unique sont connues de nous. Fort heu\u00adreu\u00adse\u00adment, car cela ne fait que nous confir\u00admer dans cette pen\u00ads\u00e9e que les anar\u00adchistes, avec l\u2019habitude qu\u2019ils ont de regar\u00adder les choses telles qu\u2019elles sont, pos\u00ads\u00e8dent une puis\u00adsance cri\u00adtique et une clair\u00advoyance qui paraissent faire tota\u00adle\u00adment d\u00e9faut aux \u00ab&nbsp;lumi\u00e8res&nbsp;\u00bb politiciennes.<\/p>\n<p style=\"text-align: justify;\">N\u2019a\u00advons-nous pas tou\u00adjours d\u00e9cla\u00adr\u00e9 aux masses, avec les\u00adquelles nous sommes et nous vou\u00adlons res\u00adter, que si elles vou\u00adlaient r\u00e9a\u00adli\u00adser l\u2019union, elles ren\u00adfor\u00adce\u00adraient leurs puis\u00adsances com\u00adba\u00adtives et aug\u00admen\u00adte\u00adraient d\u2019autant leurs chances de victoires&nbsp;?<\/p>\n<p style=\"text-align: justify;\">Il est vrai que nous ajou\u00adtions ce qui&nbsp;suit&nbsp;:<\/p>\n<p style=\"text-align: justify;\">Pour arri\u00adver \u00e0 ce r\u00e9sul\u00adtat, il est indis\u00adpen\u00adsable de lais\u00adser \u00e0 leur sale besogne les poli\u00adti\u00adciens. Il est n\u00e9ces\u00adsaire de ne pas se lais\u00adser glis\u00adser sur le ter\u00adrain poli\u00adtique o\u00f9 la divi\u00adsion r\u00e8gne en ma\u00ee\u00adtresse imman\u00adqua\u00adble\u00adment. Il ne faut pas qu\u2019on tombe et s\u2019enlise dans ces mares stag\u00adnantes cr\u00e9\u00e9es \u00e0 des\u00adsein par les d\u00e9ten\u00adteurs de pri\u00advi\u00adl\u00e8ges pour conser\u00adver plus s\u00fbre\u00adment ceux-ci.<\/p>\n<p style=\"text-align: justify;\">Il faut, au contraire, conser\u00adver toutes les forces vives du pro\u00adl\u00e9\u00adta\u00adriat, toute l\u2019activit\u00e9 de ses mili\u00adtants, et gar\u00adder intacte la pure\u00adt\u00e9 de leurs intentions.<\/p>\n<p style=\"text-align: justify;\">Et nous d\u00e9cla\u00adrions que, seul, le ter\u00adrain \u00e9co\u00adno\u00admique nous offre toutes garan\u00adties pour l\u2019obtention du r\u00e9sul\u00adtat que nous cher\u00adchons. Celui-l\u00e0 est solide, stable, il est n\u00f4tre. Plus de divi\u00adsions intes\u00adtines dont le point de d\u00e9part est dans l\u2019int\u00e9r\u00eat per\u00adson\u00adnel d\u2019arrivistes imp\u00e9\u00adni\u00adtents ou encore dans le d\u00e9sir de gou\u00adver\u00adner les autres.<\/p>\n<p style=\"text-align: justify;\">Le syn\u00addi\u00adca\u00adlisme r\u00e9unis\u00adsant tous les tra\u00advailleurs sans dis\u00adtinc\u00adtion de ten\u00addances, syn\u00adth\u00e9\u00adtise leurs aspi\u00adra\u00adtions vers plus de mieux-\u00eatre et sur\u00adtout vers l\u2019int\u00e9grale libert\u00e9.<\/p>\n<p style=\"text-align: justify;\">C\u2019est l\u00e0 qu\u2019est le front unique&nbsp;!<\/p>\n<h5 style=\"text-align: center;\"><b>* * * *<\/b><\/h5>\n<p style=\"text-align: justify;\">Nous pou\u00advons, gr\u00e2ce \u00e0 notre influence, don\u00adner au syn\u00addi\u00adca\u00adlisme la pos\u00adsi\u00adbi\u00adli\u00adt\u00e9 de res\u00adter lui-m\u00eame.<\/p>\n<p style=\"text-align: justify;\">Nous pou\u00advons appor\u00adter notre pierre \u00e0 l\u2019\u00e9dification de sa nou\u00advelle demeure, en fai\u00adsant p\u00e9n\u00e9\u00adtrer dans les cer\u00adveaux, la connais\u00adsance que nous avons des faits et des \u00eatres, que nous fait appr\u00e9\u00adcier la haute phi\u00adlo\u00adso\u00adphie \u00e0 laquelle nous avons vou\u00e9 notre&nbsp;vie.<\/p>\n<p style=\"text-align: justify;\">Les ques\u00adtions d\u2019\u00e9tude, d\u2019\u00e9ducation, d\u2019orientation et de vul\u00adga\u00adri\u00adsa\u00adtion doivent atti\u00adrer l\u2019attention des com\u00adpa\u00adgnons tou\u00adjours en&nbsp;\u00e9veil.<\/p>\n<p style=\"text-align: justify;\">Que, d\u00e8s main\u00adte\u00adnant, cha\u00adcun d\u2019entre nous \u00e9tu\u00addie tous ces points par\u00adti\u00adcu\u00adliers, et fasse, autour du tra\u00advail accom\u00adpli, la pro\u00adpa\u00adgande indis\u00adpen\u00adsable dans le sens que lui dicte sa conscience en accord avec ses th\u00e9ories.<\/p>\n<p style=\"text-align: right;\">P. V\u00e9ber.<\/p>\n","protected":false},"excerpt":{"rendered":"<p>Cette fois le doute n\u2019est plus per\u00admis, la scis\u00adsion est d\u00e9fi\u00adni\u00adti\u00adve\u00adment accom\u00adplie depuis le 14 de ce&nbsp;mois. Les grands chefs de la C.G.T. r\u00e9for\u00admiste ont atteint leur but&nbsp;; dussent-ils res\u00adter seuls, ils se d\u00e9clarent confiants en l\u2019avenir et plei\u00adne\u00adment satis\u00adfaits. Dans leurs r\u00eaves, ils se voyaient sacr\u00e9s, en grande pompe, fonc\u00adtion\u00adnaires immor\u00adtels, le front&nbsp;ceint&nbsp;[\u2026]<\/p>\n","protected":false},"author":299,"featured_media":8089,"comment_status":"closed","ping_status":"closed","sticky":false,"template":"wp-custom-template-page-d-article","format":"standard","meta":{"wp_typography_post_enhancements_disabled":false,"footnotes":""},"categories":[278],"tags":[571,635],"ppma_author":[1090],"class_list":["post-2665","post","type-post","status-publish","format-standard","has-post-thumbnail","hentry","category-la-revue-anarchiste-n2-fevrier-1922","tag-orgznisations-syndicales","tag-syndicalisme"],"authors":[{"term_id":1090,"user_id":299,"is_guest":0,"slug":"veber","display_name":"Paul V\u00e9ber","avatar_url":"https:\/\/secure.gravatar.com\/avatar\/f8c0705476be84f8b00e01eea40c78d6572822286abfb3d0ddf25c8a36d8523e?s=96&d=mm&r=g","author_category":"","user_url":"","last_name":"V\u00e9ber","first_name":"Paul","job_title":"","description":""}],"_links":{"self":[{"href":"https:\/\/la-presse-anarchiste.net\/index.php\/wp-json\/wp\/v2\/posts\/2665","targetHints":{"allow":["GET"]}}],"collection":[{"href":"https:\/\/la-presse-anarchiste.net\/index.php\/wp-json\/wp\/v2\/posts"}],"about":[{"href":"https:\/\/la-presse-anarchiste.net\/index.php\/wp-json\/wp\/v2\/types\/post"}],"author":[{"embeddable":true,"href":"https:\/\/la-presse-anarchiste.net\/index.php\/wp-json\/wp\/v2\/users\/299"}],"replies":[{"embeddable":true,"href":"https:\/\/la-presse-anarchiste.net\/index.php\/wp-json\/wp\/v2\/comments?post=2665"}],"version-history":[{"count":2,"href":"https:\/\/la-presse-anarchiste.net\/index.php\/wp-json\/wp\/v2\/posts\/2665\/revisions"}],"predecessor-version":[{"id":8303,"href":"https:\/\/la-presse-anarchiste.net\/index.php\/wp-json\/wp\/v2\/posts\/2665\/revisions\/8303"}],"wp:featuredmedia":[{"embeddable":true,"href":"https:\/\/la-presse-anarchiste.net\/index.php\/wp-json\/wp\/v2\/media\/8089"}],"wp:attachment":[{"href":"https:\/\/la-presse-anarchiste.net\/index.php\/wp-json\/wp\/v2\/media?parent=2665"}],"wp:term":[{"taxonomy":"category","embeddable":true,"href":"https:\/\/la-presse-anarchiste.net\/index.php\/wp-json\/wp\/v2\/categories?post=2665"},{"taxonomy":"post_tag","embeddable":true,"href":"https:\/\/la-presse-anarchiste.net\/index.php\/wp-json\/wp\/v2\/tags?post=2665"},{"taxonomy":"author","embeddable":true,"href":"https:\/\/la-presse-anarchiste.net\/index.php\/wp-json\/wp\/v2\/ppma_author?post=2665"}],"curies":[{"name":"wp","href":"https:\/\/api.w.org\/{rel}","templated":true}]}}