{"id":2670,"date":"1922-03-01T00:19:16","date_gmt":"1922-03-01T00:19:16","guid":{"rendered":"https:\/\/la-presse-anarchiste.net\/index.php\/2010\/12\/09\/deux-manifestations-de-la-vitalite-du-syndicalisme-international\/"},"modified":"2024-05-31T13:09:06","modified_gmt":"2024-05-31T13:09:06","slug":"deux-manifestations-de-la-vitalite-du-syndicalisme-international","status":"publish","type":"post","link":"https:\/\/la-presse-anarchiste.net\/index.php\/1922\/03\/01\/deux-manifestations-de-la-vitalite-du-syndicalisme-international\/","title":{"rendered":"Deux manifestations de la Vitalit\u00e9  du Syndicalisme International"},"content":{"rendered":"<div class=\"pdfprnt-buttons pdfprnt-buttons-post pdfprnt-top-right\"><a href=\"https:\/\/la-presse-anarchiste.net\/index.php\/wp-json\/wp\/v2\/posts\/2670?print=pdf\" class=\"pdfprnt-button pdfprnt-button-pdf\" target=\"_blank\"><img decoding=\"async\" src=\"https:\/\/la-presse-anarchiste.net\/wp-content\/plugins\/pdf-print\/images\/pdf.png\" alt=\"image_pdf\" title=\"Afficher le PDF\"><\/a><a href=\"https:\/\/la-presse-anarchiste.net\/index.php\/wp-json\/wp\/v2\/posts\/2670?print=print\" class=\"pdfprnt-button pdfprnt-button-print\" target=\"_blank\"><img decoding=\"async\" src=\"https:\/\/la-presse-anarchiste.net\/wp-content\/plugins\/pdf-print\/images\/print.png\" alt=\"image_print\" title=\"Contenu imprim\u00e9\"><\/a><\/div><p><\/p>\n<figure class=\"wp-block-image alignleft\" style=\"text-align: justify;\"><a href=\"https:\/\/la-presse-anarchiste.net\/index.php\/1922\/01\/01\/une-naissance-dans-linternationale-ouvriere\/syndicat\/\" rel=\"attachment wp-att-8213\"><img loading=\"lazy\" decoding=\"async\" width=\"500\" height=\"225\" class=\"wp-image-8213\" src=\"https:\/\/la-presse-anarchiste.net\/wp-content\/uploads\/2009\/05\/syndicat.jpg\" alt srcset=\"https:\/\/la-presse-anarchiste.net\/wp-content\/uploads\/2009\/05\/syndicat.jpg 500w, https:\/\/la-presse-anarchiste.net\/wp-content\/uploads\/2009\/05\/syndicat-300x135.jpg 300w\" sizes=\"auto, (max-width: 500px) 100vw, 500px\"><\/a><\/figure>\n<p style=\"text-align: justify;\">Dans la confu\u00adsion cr\u00e9\u00e9e par\u00admi les ph\u00e9\u00adno\u00adm\u00e8nes sociaux par la volon\u00adt\u00e9 des poli\u00adti\u00adciens, deux phares \u00e9clairent le pro\u00adl\u00e9\u00adta\u00adriat mon\u00addial et lui per\u00admettent de se recon\u00adna\u00eetre sur la voie de son \u00e9man\u00adci\u00adpa\u00adtion totale. Bien de louches man\u0153uvres tra\u00adm\u00e9es dans l\u2019ombre pour assu\u00adjet\u00adtir le mou\u00adve\u00adment ouvrier sont, par les lueurs conver\u00adgentes de ces deux foyers de clar\u00adt\u00e9, vou\u00e9es \u00e0 l\u2019avortement.\n<\/p>\n<p style=\"text-align: justify;\">Le Comi\u00adt\u00e9 Conf\u00e9\u00add\u00e9\u00adral Natio\u00adnal de la C.G.T. uni\u00adtaire et le Congr\u00e8s de l\u2019Union Syn\u00addi\u00adcale Ita\u00adlienne viennent d\u2019assurer la vita\u00adli\u00adt\u00e9 du syn\u00addi\u00adca\u00adlisme international.&nbsp;<\/p>\n<p style=\"text-align: justify;\">Les par\u00adtis socia\u00adlistes ont com\u00admen\u00adc\u00e9 par se dis\u00adpu\u00adter la supr\u00e9\u00adma\u00adtie totale du pro\u00adl\u00e9\u00adta\u00adriat. Tant que cha\u00adcun d\u2019eux esp\u00e9\u00adrait vaincre dans cette lutte et rem\u00adpor\u00adter pour prix du match l\u2019excellente mati\u00e8re \u00e9lec\u00adto\u00adrale d\u2019une classe ouvri\u00e8re sou\u00admise aux mirages des pro\u00adgrammes, on fut intran\u00adsi\u00adgeant pour faire pr\u00e9\u00adva\u00adloir telle ou telle doc\u00adtrine. On pr\u00ea\u00adcha la scis\u00adsion au sein des orga\u00adni\u00adsa\u00adtions ouvri\u00e8res.&nbsp;<\/p>\n<p style=\"text-align: justify;\">L\u2019Internationale com\u00admu\u00adniste de Mos\u00adcou posait ses 22 condi\u00adtions et l\u2019Internationale syn\u00addi\u00adcale rouge pr\u00e9\u00adten\u00addait s\u2019\u00e9difier en impo\u00adsant aux syn\u00addi\u00adcats du monde entier la dic\u00adta\u00adture du bol\u00adche\u00advisme. D\u2019autre part, les socia\u00adlistes r\u00e9for\u00admistes, par\u00adti\u00adsans de la col\u00adla\u00adbo\u00adra\u00adtion de classe, ins\u00adpi\u00adraient direc\u00adte\u00adment les chefs de l\u2019Internationale syn\u00addi\u00adcale d\u2019Amsterdam et, ayant confiance dans l\u2019autorit\u00e9 de ceux-ci sur la masse des pro\u00adl\u00e9\u00adtaires, leur don\u00adnaient les conseils d\u2019une dic\u00adta\u00adture non moins rigou\u00adreuse et non moins abso\u00adlue que celle de Mos\u00adcou. Ce fut dans toutes les sec\u00adtions de l\u2019Internationale syn\u00addi\u00adcale d\u2019Amsterdam, le mot d\u2019ordre des exclu\u00adsions contre les r\u00e9vo\u00adlu\u00adtion\u00adnaires, lan\u00adc\u00e9 par l\u2019interm\u00e9diaire de Jou\u00adhaux, Gom\u00adpers, Legien, etc. mais, par les ordres des ministres ou appren\u00adtis ministres de la d\u00e9mo\u00adcra\u00adtie sociale, les H\u00e9bert, Noske, Albert Tho\u00admas, Paul-Bon\u00adcour,&nbsp;etc\u2026&nbsp;<\/p>\n<p style=\"text-align: justify;\">Entre les mains de ces hommes d\u2019\u00c9tat, le syn\u00addi\u00adca\u00adlisme n\u2019est qu\u2019un ins\u00adtru\u00adment de gou\u00adver\u00adne\u00adment. Ils en usent, les uns et les autres, avec une inco\u00adh\u00e9\u00adrence appa\u00adrente de m\u00e9thode, qui mani\u00adfeste leur unique fin&nbsp;: Assu\u00adrer un ordre social dans le pr\u00e9\u00adsent ou pr\u00e9\u00adpa\u00adrer le nou\u00advel ordre dont ils sont les agents pr\u00e9\u00adcur\u00adseurs. L\u2019int\u00e9r\u00eat du tra\u00advailleur, dans cette affaire, leur importe peu. Le suc\u00adc\u00e8s de leur par\u00adti, voi\u00adl\u00e0 l\u2019important.\n<\/p>\n<p style=\"text-align: justify;\">Mais, entre par\u00adtis, comme entre \u00c9tats, la guerre ne peut pas durer, il est des conci\u00adlia\u00adtions n\u00e9ces\u00adsaires quand il s\u2019agit d\u2019\u00e9quilibrer des forces d\u2019autorit\u00e9. Ces conci\u00adlia\u00adtions sont impos\u00adsibles quand il s\u2019agit uni\u00adque\u00adment d\u2019affirmer la r\u00e9a\u00adli\u00adt\u00e9 dou\u00adlou\u00adreuse du pro\u00adl\u00e9\u00adta\u00adriat qui \u00e9prouve, \u00e0 tous les moments de son cal\u00advaire, l\u2019horrible n\u00e9ces\u00adsi\u00adt\u00e9 de la lutte de classe et le seul espoir de son \u00e9man\u00adci\u00adpa\u00adtion, par la des\u00adtruc\u00adtion du capi\u00adta\u00adlisme et par la sup\u00adpres\u00adsion de toutes les formes de gouvernement.&nbsp;<\/p>\n<p style=\"text-align: justify;\">Mos\u00adcou, ne pou\u00advant pas impo\u00adser inter\u00adna\u00adtio\u00adna\u00adle\u00adment sa dic\u00adta\u00adture, et les d\u00e9mo\u00adcra\u00adties d\u2019Europe ne pou\u00advant pas r\u00e9duire Mos\u00adcou par le blo\u00adcus&nbsp;; le gou\u00adver\u00adne\u00adment syn\u00addi\u00adcal de Mon\u00adsieur Jou\u00adhaux, d\u2019autre part, se voyant mena\u00adc\u00e9 par le syn\u00addi\u00adca\u00adlisme r\u00e9vo\u00adlu\u00adtion\u00adnaire tou\u00adjours crois\u00adsant, il y eut, de part et d\u2019autre, un encha\u00ee\u00adne\u00adment de d\u00e9si\u00adrs paci\u00adfiques qui alla de L\u00e9nine jusqu\u2019\u00e0 M.&nbsp;Poin\u00adca\u00adr\u00e9, en pas\u00adsant par Cachin, Lozows\u00adky, Panl-Bon\u00adcour, Albert Tho\u00admas, et en der\u00adnier res\u00adsort M.&nbsp;Jou\u00adhaux. C\u2019est \u00e7a le front unique du prol\u00e9tariat.&nbsp;<\/p>\n<p style=\"text-align: justify;\">Mais le pro\u00adl\u00e9\u00adta\u00adriat ne marche pas. On lui a suf\u00adfi\u00adsam\u00adment appris, en socia\u00adlisme que \u00ab&nbsp;l\u2019\u00e9mancipation des tra\u00advailleurs doit \u00eatre l\u2019\u0153uvre des tra\u00advailleurs eux-m\u00eames&nbsp;\u00bb, qu\u2019il a fini par le croire, et il n\u2019entend pas que sous le pr\u00e9\u00adtexte de son \u00e9man\u00adci\u00adpa\u00adtion on le prive des seules armes dont il dis\u00adpose, des seules forces qu\u2019il ait&nbsp;: la puis\u00adsance auto\u00adnome de son organisation.&nbsp;<\/p>\n<p style=\"text-align: justify;\">Si les ouvriers de ce pays, \u00e0 un cer\u00adtain moment, ont gros\u00adsi les rangs du par\u00adti com\u00admu\u00adniste, c\u2019\u00e9tait uni\u00adque\u00adment afin de mar\u00adquer son hos\u00adti\u00adli\u00adt\u00e9 aux chefs r\u00e9for\u00admistes de la C.G.T. et dans l\u2019espoir, au len\u00adde\u00admain de la guerre, de h\u00e2ter l\u2019\u0153uvre r\u00e9vo\u00adlu\u00adtion\u00adnaire. Ce fut une illu\u00adsion et un tort de leur part. Mais, quoi qu\u2019il en soit, le sen\u00adti\u00adment qui les gui\u00addait n\u2019\u00e9tait pas mau\u00advais et il est cer\u00adtain que le grand nombre de ceux chez qui ce sen\u00adti\u00adment ne s\u2019est pas modi\u00adfi\u00e9 ne seront pas dupes de la man\u0153uvre des chefs du par\u00adti com\u00admu\u00adniste. Ils ne mar\u00adche\u00adront pas pour le front unique, et quand on vou\u00addra leur faire com\u00adprendre la n\u00e9ces\u00adsi\u00adt\u00e9 de se mettre d\u2019accord avec Jou\u00adhaux et Renau\u00addel, ils s\u2019indigneront et l\u00e2che\u00adront les conseilleurs qui ne sont pas les payeurs.&nbsp;<\/p>\n<p style=\"text-align: justify;\">Mal\u00adgr\u00e9 toutes ces emb\u00fbches, le syn\u00addi\u00adca\u00adlisme r\u00e9vo\u00adlu\u00adtion\u00adnaire a fait son che\u00admin. Si nous avons chas\u00ads\u00e9 les tra\u00eetres du mou\u00adve\u00adment ouvrier, si nous avons rom\u00adpu avec les diri\u00adgeants de la rue Lafayette et avec les trou\u00adpeaux qui les suivent, c\u2019est en toute conscience et en dehors de tous conseils ext\u00e9rieurs.&nbsp;<\/p>\n<p style=\"text-align: justify;\">Le par\u00adti com\u00admu\u00adniste a pu s\u2019illusionner un temps sur son influence dans les milieux syn\u00addi\u00adca\u00adlistes. Le comi\u00adt\u00e9 conf\u00e9\u00add\u00e9\u00adral natio\u00adnal de la C.G.T. uni\u00adtaire lui d\u00e9montre que la volon\u00adt\u00e9 du pro\u00adl\u00e9\u00adta\u00adriat est une force intui\u00adtive qui brise les cadres, d\u00e9passe les pr\u00e9\u00advi\u00adsions des socia\u00adlistes en chambre et d\u00e9truit tous les cal\u00adculs des tac\u00adti\u00adciens. Le mou\u00adve\u00adment ouvrier ne se r\u00e9duit pas \u00e0 une \u00ab&nbsp;alg\u00e8bre sociale&nbsp;\u00bb. Les tra\u00advailleurs fran\u00ad\u00e7ais en ont don\u00adn\u00e9 la preuve en mani\u00adfes\u00adtant leur d\u00e9sir de cr\u00e9er d\u00e9fi\u00adni\u00adti\u00adve\u00adment une C.G.T. sur des bases vrai\u00adment f\u00e9d\u00e9\u00adra\u00adlistes, et avec un pro\u00adgramme har\u00addi\u00adment r\u00e9vo\u00adlu\u00adtion\u00adnaire, en dehors de l\u2019influence des par\u00adtis et contre l\u2019autorit\u00e9 arbi\u00adtraire de tous les gouvernements.&nbsp;<\/p>\n<p style=\"text-align: justify;\">Enfin le Congr\u00e8s de l\u2019Union Syn\u00addi\u00adcale Ita\u00adlienne s\u2019est affir\u00adm\u00e9 net\u00adte\u00adment pour la fon\u00adda\u00adtion d\u2019une inter\u00adna\u00adtio\u00adnale syn\u00addi\u00adcale r\u00e9vo\u00adlu\u00adtion\u00adnaire qui, n\u2019ayant pas son si\u00e8ge \u00e0 Mos\u00adcou, et tenant son Congr\u00e8s consti\u00adtu\u00adtif hors de Rus\u00adsie, res\u00adte\u00adrait libre de tout lien avec les par\u00adtis poli\u00adtiques, et tra\u00advaille\u00adrait \u00e0 la des\u00adtruc\u00adtion de l\u2019\u00c9tat sous toutes ses formes, afin de per\u00admettre \u00e0 l\u2019organisation des tra\u00advailleurs d\u2019assurer \u00e0 cha\u00adcun le maxi\u00admum de bien-\u00eatre et de libert\u00e9.&nbsp;<\/p>\n<p style=\"text-align: justify;\">Et si nous sommes satis\u00adfaits de tout cela, qu\u2019on ne pr\u00e9\u00adtende pas nous assi\u00admi\u00adler aux diri\u00adgeants du Par\u00adti Com\u00admu\u00adniste. L\u2019Anarchie n\u2019est pas plus une secte qu\u2019un par\u00adti. L\u2019Anarchie est une force d\u2019\u00e9mancipation qui se mani\u00adfeste indi\u00advi\u00adduel\u00adle\u00adment. Chaque anar\u00adchiste, en entrant dans le mou\u00adve\u00adment ouvrier, apporte cette force au ser\u00advice du Pro\u00adl\u00e9\u00adta\u00adriat. Si le syn\u00addi\u00adca\u00adlisme s\u2019impr\u00e8gne d\u2019anarchie, cela signi\u00adfie que l\u2019organisation des tra\u00advailleurs, en se lib\u00e9\u00adrant de toute auto\u00adri\u00adt\u00e9 ext\u00e9\u00adrieure, n\u2019entend pas s\u2019\u00e9riger elle-m\u00eame en auto\u00adri\u00adt\u00e9 sup\u00e9\u00adrieure. Le syn\u00addi\u00adca\u00adlisme liber\u00adtaire est l\u2019\u00e9manation directe et bien\u00adfai\u00adsante des indi\u00advi\u00addus qu\u2019il repr\u00e9\u00adsente. Son r\u00f4le, inces\u00adsam\u00adment r\u00e9vo\u00adlu\u00adtion\u00adnaire, est d\u2019opposer la dyna\u00admique des pro\u00adduc\u00adteurs \u00e0 la sta\u00adtique des politiciens.&nbsp;<\/p>\n<p class=\"has-text-align-right\" style=\"text-align: right;\">Andr\u00e9 Colo\u00admer<\/p>\n<p><\/p>","protected":false},"excerpt":{"rendered":"<p>Le Comi\u00adt\u00e9 Conf\u00e9\u00add\u00e9\u00adral Natio\u00adnal de la C.G.T. uni\u00adtaire et le Congr\u00e8s de l\u2019Union Syn\u00addi\u00adcale Ita\u00adlienne viennent d\u2019assurer la vita\u00adli\u00adt\u00e9 du syn\u00addi\u00adca\u00adlisme inter\u00adna\u00adtio\u00adnal.&nbsp; Les par\u00adtis socia\u00adlistes ont com\u00admen\u00adc\u00e9 par se dis\u00adpu\u00adter la supr\u00e9\u00adma\u00adtie totale du pro\u00adl\u00e9\u00adta\u00adriat. Tant que cha\u00adcun d\u2019eux esp\u00e9\u00adrait vaincre dans cette lutte et rem\u00adpor\u00adter pour prix du match l\u2019excellente mati\u00e8re \u00e9lec\u00adto\u00adrale d\u2019une classe&nbsp;[\u2026]<\/p>\n","protected":false},"author":308,"featured_media":8089,"comment_status":"closed","ping_status":"closed","sticky":false,"template":"wp-custom-template-page-d-article","format":"standard","meta":{"wp_typography_post_enhancements_disabled":false,"footnotes":""},"categories":[263],"tags":[],"ppma_author":[1100],"class_list":["post-2670","post","type-post","status-publish","format-standard","has-post-thumbnail","hentry","category-la-revue-anarchiste-na3-mars-1922"],"authors":[{"term_id":1100,"user_id":308,"is_guest":0,"slug":"andre-colomer","display_name":"Andr\u00e9 Colomer","avatar_url":"https:\/\/secure.gravatar.com\/avatar\/3d0d3ef1f65599c25706aeac2a8b55c9163bdd911d4b2f4787c57d5f9f29d132?s=96&d=mm&r=g","author_category":"","user_url":"","last_name":"Colomer","first_name":"Andr\u00e9","job_title":"","description":""}],"_links":{"self":[{"href":"https:\/\/la-presse-anarchiste.net\/index.php\/wp-json\/wp\/v2\/posts\/2670","targetHints":{"allow":["GET"]}}],"collection":[{"href":"https:\/\/la-presse-anarchiste.net\/index.php\/wp-json\/wp\/v2\/posts"}],"about":[{"href":"https:\/\/la-presse-anarchiste.net\/index.php\/wp-json\/wp\/v2\/types\/post"}],"author":[{"embeddable":true,"href":"https:\/\/la-presse-anarchiste.net\/index.php\/wp-json\/wp\/v2\/users\/308"}],"replies":[{"embeddable":true,"href":"https:\/\/la-presse-anarchiste.net\/index.php\/wp-json\/wp\/v2\/comments?post=2670"}],"version-history":[{"count":6,"href":"https:\/\/la-presse-anarchiste.net\/index.php\/wp-json\/wp\/v2\/posts\/2670\/revisions"}],"predecessor-version":[{"id":8638,"href":"https:\/\/la-presse-anarchiste.net\/index.php\/wp-json\/wp\/v2\/posts\/2670\/revisions\/8638"}],"wp:featuredmedia":[{"embeddable":true,"href":"https:\/\/la-presse-anarchiste.net\/index.php\/wp-json\/wp\/v2\/media\/8089"}],"wp:attachment":[{"href":"https:\/\/la-presse-anarchiste.net\/index.php\/wp-json\/wp\/v2\/media?parent=2670"}],"wp:term":[{"taxonomy":"category","embeddable":true,"href":"https:\/\/la-presse-anarchiste.net\/index.php\/wp-json\/wp\/v2\/categories?post=2670"},{"taxonomy":"post_tag","embeddable":true,"href":"https:\/\/la-presse-anarchiste.net\/index.php\/wp-json\/wp\/v2\/tags?post=2670"},{"taxonomy":"author","embeddable":true,"href":"https:\/\/la-presse-anarchiste.net\/index.php\/wp-json\/wp\/v2\/ppma_author?post=2670"}],"curies":[{"name":"wp","href":"https:\/\/api.w.org\/{rel}","templated":true}]}}