{"id":2674,"date":"1922-03-01T00:15:51","date_gmt":"1922-03-01T00:15:51","guid":{"rendered":"https:\/\/la-presse-anarchiste.net\/index.php\/2010\/12\/09\/mouvement-international-10\/"},"modified":"2024-05-31T07:20:36","modified_gmt":"2024-05-31T07:20:36","slug":"mouvement-international-10","status":"publish","type":"post","link":"https:\/\/la-presse-anarchiste.net\/index.php\/1922\/03\/01\/mouvement-international-10\/","title":{"rendered":"Mouvement international"},"content":{"rendered":"<div class=\"pdfprnt-buttons pdfprnt-buttons-post pdfprnt-top-right\"><a href=\"https:\/\/la-presse-anarchiste.net\/index.php\/wp-json\/wp\/v2\/posts\/2674?print=pdf\" class=\"pdfprnt-button pdfprnt-button-pdf\" target=\"_blank\"><img decoding=\"async\" src=\"https:\/\/la-presse-anarchiste.net\/wp-content\/plugins\/pdf-print\/images\/pdf.png\" alt=\"image_pdf\" title=\"Afficher le PDF\"><\/a><a href=\"https:\/\/la-presse-anarchiste.net\/index.php\/wp-json\/wp\/v2\/posts\/2674?print=print\" class=\"pdfprnt-button pdfprnt-button-print\" target=\"_blank\"><img decoding=\"async\" src=\"https:\/\/la-presse-anarchiste.net\/wp-content\/plugins\/pdf-print\/images\/print.png\" alt=\"image_print\" title=\"Contenu imprim\u00e9\"><\/a><\/div><p><\/p>\n<figure class=\"wp-block-image alignleft\" style=\"text-align: justify;\"><a href=\"https:\/\/la-presse-anarchiste.net\/index.php\/1922\/01\/01\/mouvement-international-4\/international\/\" rel=\"attachment wp-att-8167\"><img loading=\"lazy\" decoding=\"async\" width=\"500\" height=\"247\" class=\"wp-image-8167\" src=\"https:\/\/la-presse-anarchiste.net\/wp-content\/uploads\/1922\/01\/international.jpg\" alt srcset=\"https:\/\/la-presse-anarchiste.net\/wp-content\/uploads\/1922\/01\/international.jpg 500w, https:\/\/la-presse-anarchiste.net\/wp-content\/uploads\/1922\/01\/international-300x148.jpg 300w\" sizes=\"auto, (max-width: 500px) 100vw, 500px\"><\/a><\/figure>\n<p style=\"text-align: justify;\"><strong>Le der\u00adnier mou\u00adve\u00adment de&nbsp;gr\u00e8ve<\/strong><\/p>\n<p style=\"text-align: justify;\">Les tra\u00advailleurs alle\u00admands, \u00e0 force de lut\u00adter r\u00e9vo\u00adlu\u00adtion\u00adnai\u00adre\u00adment, obtinrent non seule\u00adment la liber\u00adt\u00e9 poli\u00adtique tant pr\u00f4\u00adn\u00e9e, c\u2019est \u00e0 dire la liber\u00adt\u00e9 de se lais\u00adser abattre par les ma\u00eetres qu\u2019ils s\u2019\u00e9taient eux-m\u00eames don\u00adn\u00e9s au lieu de ceux qu\u2019ils avaient, par la gr\u00e2ce de Guillaume, mais encore conquirent quelques avan\u00adtages \u00e9co\u00adno\u00admiques. Les tra\u00advailleurs et les fonc\u00adtion\u00adnaires de l\u2019\u00c9tat, et des com\u00admunes prin\u00adci\u00adpa\u00adle\u00adment, purent jouir de ces avan\u00adtages l\u00e0. Main\u00adte\u00adnant, apr\u00e8s qu\u2019une R\u00e9ac\u00adtion g\u00e9n\u00e9\u00adrale s\u2019est peu \u00e0 peu \u00e9ten\u00addue, les ma\u00eetres du pou\u00advoir croient le moment venu de rendre illu\u00adsoires les conqu\u00eates r\u00e9vo\u00adlu\u00adtion\u00adnaires. Pour la pre\u00admi\u00e8re fois ici, l\u2019\u00c9tat appa\u00adrut dans l\u2019histoire comme employeur et rien qu\u2019un simple employeur en face des fonc\u00adtion\u00adnaires et comme tel il se mon\u00adtra beau\u00adcoup plus bru\u00adtal, plus arro\u00adgant que les entre\u00adpre\u00adneurs priv\u00e9s.<\/p>\n<p style=\"text-align: justify;\">Les avan\u00adtages qui ensuite devaient \u00eatre reti\u00adr\u00e9s aux tra\u00advailleurs et aux fonc\u00adtion\u00adnaires \u00e9taient&nbsp;: la jour\u00adn\u00e9e de huit heures, puis le droit de par\u00adti\u00adci\u00adpa\u00adtion dans les d\u00e9ci\u00adsions du Conseil de l\u2019Exploitation&nbsp;; en outre, on devait intro\u00adduire dans les condi\u00adtions du tra\u00advail des aggra\u00adva\u00adtions que les ouvriers et les fonc\u00adtion\u00adnaires n\u2019accept\u00e8rent pas sans murmure.<\/p>\n<p style=\"text-align: justify;\">Le ser\u00advice du tra\u00adfic est le nerf vital de la soci\u00e9\u00adt\u00e9 civi\u00adli\u00ads\u00e9e&nbsp;; celui-l\u00e0 cou\u00adp\u00e9, toute l\u2019activit\u00e9 \u00e9co\u00adno\u00admique et sociale est alors para\u00adly\u00ads\u00e9e. C\u2019est ce qui s\u2019est v\u00e9ri\u00adfi\u00e9 ici. La gr\u00e8ve des che\u00admins de fer embras\u00adsa toute l\u2019Allemagne \u00e0 l\u2019exception de la Bavi\u00e8re et d\u2019une par\u00adtie de l\u2019ancien duch\u00e9 de Bade. 800.000 che\u00admi\u00adnots \u00e9taient en gr\u00e8ve enga\u00adg\u00e9s dans une action de d\u00e9fense contre l\u2019\u00c9tat oppres\u00adseur. Durant cette gr\u00e8ve, les tra\u00advailleurs et employ\u00e9s com\u00admu\u00adnaux de Ber\u00adlin se joi\u00adgnirent au mou\u00adve\u00adment. Cette gr\u00e8ve \u00e9ga\u00adle\u00adment embras\u00adsa tout le ser\u00advice du tra\u00adfic ber\u00adli\u00adnois, en outre les usines, de gaz et d\u2019\u00e9lectricit\u00e9 furent arr\u00eat\u00e9es.<\/p>\n<p style=\"text-align: justify;\">Ber\u00adlin, le centre de l\u2019Allemagne, \u00e9tait sans lumi\u00e8re, sans char\u00adbon, sans tram et sans che\u00admin de fer. Faute de com\u00adbus\u00adtible, un cer\u00adtain nombre d\u2019exploitations pri\u00adv\u00e9es durent s\u2019arr\u00eater, de sorte que la situa\u00adtion prit de plus en plus tour\u00adnure de gr\u00e8ve g\u00e9n\u00e9rale.&nbsp;<\/p>\n<h4 style=\"text-align: center;\"><b>* * * *<\/b>\n<\/h4>\n<p style=\"text-align: justify;\">Les causes de la gr\u00e8ve des che\u00admins de fer furent autres que celles des tra\u00advailleurs com\u00admu\u00adnaux ber\u00adli\u00adnois. Depuis long\u00adtemps les che\u00admi\u00adnots \u00e9taient en n\u00e9go\u00adcia\u00adtions avec le Gou\u00adver\u00adne\u00adment au sujet des salaires, mais celles-ci \u00e9taient tra\u00ee\u00adn\u00e9es en lon\u00adgueur par le Gou\u00adver\u00adne\u00adment et n\u2019amen\u00e8rent aucun r\u00e9sultat.<\/p>\n<p style=\"text-align: justify;\">Les che\u00admi\u00adnots per\u00addirent enfin patience et d\u00e9cla\u00adr\u00e8rent la guerre au Gou\u00adver\u00adne\u00adment&nbsp;; la gr\u00e8ve g\u00e9n\u00e9\u00adrale des che\u00admi\u00adnots d\u2019Allemagne fut pro\u00adcla\u00adm\u00e9e. \u00c0 c\u00f4t\u00e9 des causes g\u00e9n\u00e9\u00adrales de la gr\u00e8ve qui r\u00e9sident dans la d\u00e9pr\u00e9\u00adcia\u00adtion tou\u00adjours plus grande du mark alle\u00admand, il y eut d\u2019autres causes par\u00adti\u00adcu\u00adli\u00e8res qui s\u2019ajout\u00e8rent encore \u00e0 celles-ci. Par suite de l\u2019effondrement du cours du mark sur le mar\u00adch\u00e9 inter\u00adna\u00adtio\u00adnal des valeurs, le mark tom\u00adba \u00e0 une valeur d\u2019avant guerre de 2 pfen\u00adnig (2 cen\u00adtimes \u00bd). Les mati\u00e8res pre\u00admi\u00e8res que l\u2019Allemagne devait ache\u00adter \u00e0 l\u2019\u00e9tranger virent leur cours mon\u00adter dans les m\u00eames pro\u00adpor\u00adtions et les prix des vivres et des articles d\u2019usage en subirent le contre\u00adcoup. Mais les salaires des tra\u00advailleurs ne mon\u00adt\u00e8rent pas dans les m\u00eames pro\u00adpor\u00adtions et les condi\u00adtions de vie chez les ouvriers et employ\u00e9s de l\u2019\u00c9tat devinrent de plus en plus difficiles.&nbsp;<\/p>\n<p style=\"text-align: justify;\">Celui-l\u00e0 seule\u00adment put conti\u00adnuer son train de vie comme avant la guerre, dont le reve\u00adnu \u00e9tait de 25&nbsp;% sup\u00e9\u00adrieur \u00e0 ce qu\u2019il \u00e9tait avant la guerre. Mais c\u2019est l\u00e0 une part de la popu\u00adla\u00adtion qui dimi\u00adnue de plus en plus&nbsp;; ce sont les patriotes de l\u2019arri\u00e8re et les pro\u00adfi\u00adteurs de la guerre.&nbsp;<\/p>\n<p style=\"text-align: justify;\">D\u2019apr\u00e8s les cal\u00adculs sta\u00adtis\u00adtiques du Gou\u00adver\u00adne\u00adment alle\u00admand, en d\u00e9cembre le mini\u00admum du co\u00fbt de l\u2019existence \u00e9tait pour une famille avec deux enfants, 2.500 marks&nbsp;; les appoin\u00adte\u00adments d\u2019un conduc\u00adteur de loco\u00admo\u00adtive n\u2019\u00e9taient cepen\u00addant pas plus haut que 1.300 \u00e0 2.100 marks&nbsp;; si les che\u00admi\u00adnots vou\u00adlaient ne pas \u00eatre lit\u00adt\u00e9\u00adra\u00adle\u00adment ron\u00adg\u00e9s par la faim, il leur fal\u00adlait obte\u00adnir des salaires plus \u00e9lev\u00e9s.&nbsp;<\/p>\n<p style=\"text-align: justify;\">Ce n\u2019est pas tout. \u00c0 c\u00f4t\u00e9 de ces rai\u00adsons \u00e9co\u00adno\u00admiques, il y eut des rai\u00adsons d\u2019id\u00e9es qui entr\u00e8rent en jeu. Par l\u2019\u00e9tablissement d\u2019une loi sp\u00e9\u00adciale, le Gou\u00adver\u00adne\u00adment vou\u00adlait aug\u00admen\u00adter la jour\u00adn\u00e9e de 8 heures, mais une dis\u00adpo\u00adsi\u00adtion de cette loi per\u00admet\u00adtait de pro\u00adlon\u00adger jusqu\u2019\u00e0 dix et m\u00eame jusqu\u2019\u00e0 quinze heures, le temps de pr\u00e9\u00adsence de l\u2019ouvrier ou de l\u2019employ\u00e9 \u00e0 l\u2019exploitation. Afin de sau\u00adver les appa\u00adrences de la jour\u00adn\u00e9e de huit heures, pen\u00addant tout ce temps on ne tra\u00advaille\u00adrait que huit heures. Si une inter\u00adrup\u00adtion for\u00adtuite de tra\u00advail venait \u00e0 se pro\u00adduire, le tra\u00advailleur la pas\u00adse\u00adrait et ce temps ne pour\u00adrait \u00eatre comp\u00adt\u00e9 comme temps de tra\u00advail. C\u2019\u00e9tait donc l\u00e0 la cause du conflit. Les ouvriers et employ\u00e9s exi\u00adg\u00e8rent pre\u00admi\u00e8\u00adre\u00adment&nbsp;: le r\u00e8gle\u00adment de la ques\u00adtion des salaires en accord avec la hausse crois\u00adsante du prix des vivres et objets d\u2019usage et l\u2019abandon de la loi sur la dur\u00e9e de tra\u00advail, c\u2019est-\u00e0-dire le main\u00adtien int\u00e9\u00adgral de la jour\u00adn\u00e9e de huit heures. Le Gou\u00adver\u00adne\u00adment comme employeur ne vou\u00adlut point accor\u00adder et ce fut la&nbsp;gr\u00e8ve.&nbsp;<\/p>\n<h4 style=\"text-align: center;\"><b>* * * *<\/b>\n<\/h4>\n<p style=\"text-align: justify;\">Le Gou\u00adver\u00adne\u00adment, comme repr\u00e9\u00adsen\u00adtant de l\u2019id\u00e9e d\u2019\u00c9tat avait tou\u00adjours un int\u00e9\u00adr\u00eat \u00e0 \u00e9ta\u00adblir aus\u00adsi soli\u00adde\u00adment que pos\u00adsible et \u00e0 conser\u00adver la puis\u00adsance de l\u2019\u00c9tat. Or les sou\u00adtiens les plus qua\u00adli\u00adfi\u00e9es de l\u2019\u00c9tat \u00e9taient les mili\u00adtaires et les fonctionnaires.&nbsp;<\/p>\n<p style=\"text-align: justify;\">Dans le vieil \u00c9tat de Prusse les fonc\u00adtion\u00adnaires avaient \u00e9t\u00e9, pour cette rai\u00adson, m\u00e9na\u00adg\u00e9s de telle sorte qu\u2019ils ne connussent jamais la n\u00e9ces\u00adsi\u00adt\u00e9 d\u2019exposer leurs reven\u00addi\u00adca\u00adtions \u00e0 l\u2019\u00c9tat. De toutes les classes de tra\u00advailleurs de la nation, c\u2019\u00e9tait la plus pri\u00advi\u00adl\u00e9\u00adgi\u00e9e. Mais ces pri\u00advi\u00adl\u00e8ges les enga\u00adgeaient aus\u00adsi \u00e0 cer\u00adtaines res\u00adtric\u00adtions tan\u00addis que les tra\u00advailleurs et employ\u00e9s pri\u00adv\u00e9s jouis\u00adsaient du droit de se r\u00e9unir pour la sau\u00adve\u00adgarde de leurs int\u00e9\u00adr\u00eats \u00e9co\u00adno\u00admiques, les fonc\u00adtion\u00adnaires et tra\u00advailleurs de l\u2019\u00c9tat prus\u00adsien et alle\u00admand, eux, ne l\u2019avaient pas.&nbsp;<\/p>\n<p style=\"text-align: justify;\">Mal\u00adgr\u00e9 que la R\u00e9pu\u00adblique, apr\u00e8s la r\u00e9vo\u00adlu\u00adtion, se soit effor\u00adc\u00e9e, comme l\u2019ancienne monar\u00adchie, de main\u00adte\u00adnir la situa\u00adtion pri\u00advi\u00adl\u00e9\u00adgi\u00e9e des fonc\u00adtion\u00adnaires de l\u2019\u00c9tat, elle n\u2019a pas r\u00e9us\u00adsi dans la mesure esp\u00e9\u00adr\u00e9e. La seule classe qui conser\u00advait comme par le pas\u00ads\u00e9 tous ses pri\u00advi\u00adl\u00e8ges, fut la caste mili\u00adta\u00adriste. Celle-ci est la plus impor\u00adtante pour le main\u00adtien de l\u2019ordre \u00e9ta\u00adtique, du joug capi\u00adta\u00adliste, aus\u00adsi l\u2019\u00c9tat essaie-t-il de lui assu\u00adrer les meilleurs salaires pour gagner sa confiance et s\u2019assurer de ses \u00e9l\u00e9ments.&nbsp;<\/p>\n<p style=\"text-align: justify;\">Afin d\u2019am\u00e9liorer la situa\u00adtion finan\u00adci\u00e8re des mili\u00adtaires, le Gou\u00adver\u00adne\u00adment alle\u00admand a cher\u00adch\u00e9, pour obte\u00adnir les fonds n\u00e9ces\u00adsaires, \u00e0 pres\u00adsu\u00adrer les autres ins\u00adti\u00adtu\u00adtions de l\u2019\u00c9tat. Mais, d\u2019un autre c\u00f4t\u00e9, le Gou\u00adver\u00adne\u00adment alle\u00admand a \u00e0 comp\u00adter avec les pr\u00e9\u00adten\u00addues \u00ab&nbsp;n\u00e9ces\u00adsi\u00adt\u00e9s&nbsp;\u00bb inter\u00adna\u00adtio\u00adnales qui lui ont \u00e9t\u00e9 impo\u00ads\u00e9es par 1<sup>e<\/sup> trai\u00adt\u00e9 de Versailles,&nbsp;<\/p>\n<p style=\"text-align: justify;\">Il fut deman\u00add\u00e9 \u00e0 la conf\u00e9\u00adrence de Cannes, \u00e0 laquelle le Gou\u00adver\u00adne\u00adment alle\u00admand \u00e9tait repr\u00e9\u00adsen\u00adt\u00e9 par Rathe\u00adnau, d\u2019am\u00e9liorer cette situa\u00adtion du Gou\u00adver\u00adne\u00adment, afin de parer, avant tout, au d\u00e9fi\u00adcit des entre\u00adprises d\u2019\u00c9tat.\n<\/p>\n<p style=\"text-align: justify;\">Depuis nombre d\u2019ann\u00e9es, dans les che\u00admins de fer alle\u00admands en par\u00adti\u00adcu\u00adlier, on tra\u00advaillait en d\u00e9fi\u00adcit. Les rai\u00adsons en sont mul\u00adtiples. L\u2019une d\u2019elles m\u00e9rite pour\u00adtant d\u2019\u00eatre sp\u00e9\u00adcia\u00adle\u00adment mise en relief, parce qu\u2019elle est en rap\u00adport direct avec la posi\u00adtion du Gou\u00adver\u00adne\u00adment avant et pen\u00addant la gr\u00e8ve. Le per\u00adson\u00adnel des che\u00admins de fer de l\u2019\u00c9tat alle\u00admand tra\u00advaillait avant la guerre dix heures&nbsp;; lorsque apr\u00e8s la r\u00e9vo\u00adlu\u00adtion, la jour\u00adn\u00e9e de huit heures fut intro\u00adduite par\u00adtout, il fal\u00adlut aug\u00admen\u00adter le per\u00adson\u00adnel pour sub\u00adve\u00adnir aux besoins de l\u2019exploitation&nbsp;; le chiffre de celui-ci aug\u00admen\u00adta de 750.000 \u00e0 un mil\u00adlion. Depuis, de nou\u00adveau, des r\u00e9duc\u00adtions ont \u00e9t\u00e9 faites, de sorte que c\u2019est 93.000 hommes qui ont \u00e9t\u00e9 licen\u00adci\u00e9s Pour r\u00e9duire davan\u00adtage encore le per\u00adson\u00adnel, le Gou\u00adver\u00adne\u00adment vou\u00adlut pro\u00adlon\u00adger la dur\u00e9e de tra\u00advail, sui\u00advant les direc\u00adtives pr\u00e9\u00adc\u00e9\u00addem\u00adment indi\u00adqu\u00e9es. 100.000 hommes encore au moins devaient \u00eatre licen\u00adci\u00e9s. Ce fut \u00e9ga\u00adle\u00adment une des rai\u00adsons pour les\u00adquelles les che\u00admi\u00adnots s\u2019oppos\u00e8rent au pro\u00adjet du Gouvernement.&nbsp;<\/p>\n<p style=\"text-align: justify;\">Les social-d\u00e9mo\u00adcrates d\u00e9clarent \u00e0 pr\u00e9\u00adsent que le Gou\u00adver\u00adne\u00adment n\u2019avait pas d\u2019autre moyen de cou\u00advrir le d\u00e9fi\u00adcit dans les che\u00admins de fer. Cela est cepen\u00addant pour le moins inexact, car l\u2019administration des che\u00admins de fer fai\u00adsait en m\u00eame temps aupr\u00e8s des capi\u00adta\u00adlistes pri\u00adv\u00e9s des grandes usines de m\u00e9tal\u00adlur\u00adgie, des com\u00admandes tel\u00adle\u00adment gigan\u00adtesques, que celles-ci englou\u00adtis\u00adsaient tout le sur\u00adplus du reve\u00adnu des che\u00admins de fer, lequel a aug\u00admen\u00adt\u00e9 consi\u00add\u00e9\u00adra\u00adble\u00adment par suite de la hausse nou\u00advelle de plus du double des tarifs fer\u00adro\u00adviaires, en vigueur depuis le 1<sup>er<\/sup> f\u00e9vrier&nbsp;; de plus, tous les char\u00adbons n\u00e9ces\u00adsaires aux che\u00admins de fer sont deman\u00add\u00e9s aux capi\u00adta\u00adlistes pri\u00adv\u00e9s, Thys\u00adsen, Stinnes etc\u2026 ce sont ceux-l\u00e0 qui empochent les mil\u00adliards de pro\u00adfit, car le char\u00adbon et le fer ont \u00e9t\u00e9 \u00e0 nou\u00adveau aug\u00admen\u00adt\u00e9s \u00e0 par\u00adtir du 1<sup>er<\/sup> f\u00e9vrier, de 40 \u00e0&nbsp;50&nbsp;%.&nbsp;<\/p>\n<p style=\"text-align: justify;\">Ce sont l\u00e0 les omis\u00adsions dont les social-d\u00e9mo\u00adcrates se sont ren\u00addus cou\u00adpables dans les pre\u00admiers jours de la r\u00e9vo\u00adlu\u00adtion et qui se mani\u00adfestent \u00e0 pr\u00e9\u00adsent. Toute la classe des tra\u00advailleurs \u00e9tait alors tout feu tout flamme pour la socia\u00adli\u00adsa\u00adtion des mines de char\u00adbon et des grandes usines m\u00e9tal\u00adlur\u00adgiques. Les par\u00adtis qui, en Alle\u00admagne \u00e9taient depuis Karl Marx les plus puis\u00adsants, les social-d\u00e9mo\u00adcrates par\u00adle\u00admen\u00adtaires, n\u2019ont rien fait pour don\u00adner cours \u00e0 cette aspi\u00adra\u00adtion des masses. Ils conquirent pour eux et leurs adh\u00e9\u00adrents le pou\u00advoir dans l\u2019\u00c9tat, c\u2019est-\u00e0-dire quelques si\u00e8ges minis\u00adt\u00e9\u00adriels et ce fut l\u00e0 pour eux la r\u00e9volution.&nbsp;<\/p>\n<p style=\"text-align: justify;\">Les masses n\u2019en furent point satis\u00adfaites, les Jun\u00adkers res\u00adt\u00e8rent en pos\u00adses\u00adsion de la terre comme devant, de m\u00eame que les barons du char\u00adbon res\u00adt\u00e8rent ma\u00eetres des mines et les che\u00adva\u00adliers d\u2019industrie de leurs grandes indus\u00adtries. La poli\u00adtique de l\u2019activit\u00e9 \u00e9co\u00adno\u00admique fut apr\u00e8s, comme avant, \u00e9ta\u00adblie au b\u00e9n\u00e9\u00adfice de quelques-uns&nbsp;; les masses durent comme avant la r\u00e9vo\u00adlu\u00adtion se conten\u00adter des miettes de pain qui tom\u00adbaient de la table des gros indus\u00adtriels. Et voi\u00adl\u00e0 com\u00adment il a pu se faire que l\u2019\u00e9conomie n\u2019a pu deve\u00adnir pro\u00adfi\u00adtable pour tous et com\u00adment l\u2019int\u00e9r\u00eat et le pro\u00adfit de quelques uns res\u00adta le prin\u00adcipe d\u00e9ter\u00admi\u00adnant de toute l\u2019\u00e9conomie de l\u2019Allemagne.\n<\/p>\n<p style=\"text-align: justify;\">Toutes ces omis\u00adsions, fautes et bourdes faites par les par\u00adtis poli\u00adtiques depuis le com\u00admen\u00adce\u00adment de la l\u2019\u00e9volution en Alle\u00admagne s\u2019accumul\u00e8rent tou\u00adjours plus pour ali\u00admen\u00adter le m\u00e9con\u00adten\u00adte\u00adment des masses labo\u00adrieuses \u00e0 l\u2019\u00e9gard des chefs poli\u00adtiques. \u00c0 cela vint s\u2019ajouter l\u2019extension de la mis\u00e8re \u00e9co\u00adno\u00admique pour accro\u00eetre la m\u00e9fiance des tra\u00advailleurs et des petits employ\u00e9s.&nbsp;<\/p>\n<p style=\"text-align: justify;\">Bien que la majo\u00adri\u00adt\u00e9 des tra\u00advailleurs et des employ\u00e9s en Alle\u00admagne soit dans les grands syn\u00addi\u00adcats sous une direc\u00adtion social-d\u00e9mo\u00adcrate, une par\u00adtie de ces syn\u00addi\u00adcats s\u2019en sont d\u00e9j\u00e0 reti\u00adr\u00e9s\u2026 Les groupes d\u2019employ\u00e9s et ouvriers ne sont pas encore all\u00e9s jusqu\u2019\u00e0 subir l\u2019influence funeste des chefs social-d\u00e9mo\u00adcrates. Les fonc\u00adtion\u00adnaires et les ouvriers de l\u2019\u00c9tat en Alle\u00admagne n\u2019ayant conquis le droit de coa\u00adli\u00adtion qu\u2019apr\u00e8s la guerre, ce n\u2019est qu\u2019apr\u00e8s que la r\u00e9vo\u00adlu\u00adtion e\u00fbt \u00e9cla\u00adt\u00e9 qu\u2019ils furent \u00e0 m\u00eame de consti\u00adtuer des syn\u00addi\u00adcats. Diverses unions d\u2019employ\u00e9s sur\u00adgirent, sui\u00advant le d\u00e9ve\u00adlop\u00adpe\u00adment intel\u00adlec\u00adtuel et poli\u00adtique des membres. Les che\u00admi\u00adnots \u00e9ga\u00adle\u00adment orga\u00adni\u00ads\u00e8rent non pas seule\u00adment un, mais plu\u00adsieurs syn\u00addi\u00adcats. Une par\u00adtie des che\u00admi\u00adnots s\u2019organisa en union social-d\u00e9mo\u00adcrate sous le nom de \u00ab&nbsp;Deut\u00adscher Eisen\u00adbah\u00adner Ver\u00adband&nbsp;\u00bb ini\u00adtiales D.E.V. Mais une autre par\u00adtie, et ce fut la majo\u00adri\u00adt\u00e9, vou\u00adlut res\u00adter libre de toute orien\u00adta\u00adtion poli\u00adtique et c\u2019est pour\u00adquoi elle consti\u00adtua une union sous le nom de \u00ab&nbsp;Reichs\u00adge\u00adwerk\u00adschaft deut\u00adscher Eisen\u00adbahn\u00adbeam\u00adter und Anw\u00e4r\u00adter&nbsp;\u00bb. Cette union com\u00adpre\u00adnait aus\u00adsi le syn\u00addi\u00adcat des conduc\u00adteurs de loco\u00admo\u00adtives. Par suite de sa neu\u00adtra\u00adli\u00adt\u00e9 poli\u00adtique, cette union fut trai\u00adt\u00e9e de jaune par les social-d\u00e9mo\u00adcrates et les communistes.&nbsp;<\/p>\n<h4 style=\"text-align: center;\"><b>* * * *<\/b>\n<\/h4>\n<p style=\"text-align: justify;\">Cela cepen\u00addant est tout \u00e0 fait inexact. Lorsque les che\u00admi\u00adnots n\u00e9go\u00adci\u00e8rent avec le Gou\u00adver\u00adne\u00adment, les Unions social-d\u00e9mo\u00adcrates se mirent pour le moins autant du c\u00f4t\u00e9 du Gou\u00adver\u00adne\u00adment que de celui des tra\u00advailleurs et employ\u00e9s qu\u2019elles devaient par\u00adti\u00adcu\u00adli\u00e8\u00adre\u00adment repr\u00e9\u00adsen\u00adter. C\u2019est que les amis per\u00adson\u00adnels et poli\u00adtiques des chefs de ces syn\u00addi\u00adcats, ain\u00adsi qu\u2019une par\u00adtie des ministres du Gou\u00adver\u00adne\u00adment \u00e9taient membres du par\u00adti social-d\u00e9mo\u00adcrate. Il arrive m\u00eame par\u00adfois que les repr\u00e9\u00adsen\u00adtants des syn\u00addi\u00adcats social-d\u00e9mo\u00adcrates prennent part aux affaires du Gou\u00adver\u00adne\u00adment. Il leur fal\u00adlut donc sau\u00adve\u00adgar\u00adder aus\u00adsi bien les int\u00e9\u00adr\u00eats du Gou\u00adver\u00adne\u00adment que les int\u00e9\u00adr\u00eats de leur union, ou, ce qui revient au m\u00eame, <i>repr\u00e9\u00adsen\u00adter \u00e0 la fois les int\u00e9\u00adr\u00eats des employeurs et ceux des employ\u00e9s<\/i>. Il \u00e9tait \u00e0 pr\u00e9\u00advoir que les syn\u00addi\u00adcats social-d\u00e9mo\u00adcrates ne pour\u00adraient agir de fa\u00e7on effi\u00adcace dans l\u2019int\u00e9r\u00eat des employ\u00e9s. La conduite de la bataille contre le Gou\u00adver\u00adne\u00adment ne pou\u00advait par cons\u00e9\u00adquent venir que du syn\u00addi\u00adcat plei\u00adne\u00adment ind\u00e9\u00adpen\u00addant \u00e0 l\u2019\u00e9gard du Gou\u00adver\u00adne\u00adment. Et ce syn\u00addi\u00adcat fut pour les che\u00admi\u00adnots le \u00ab&nbsp;Reichs\u00adge\u00adwerk\u00adschaft&nbsp;\u00bb. On a pu voir clai\u00adre\u00adment alors non seule\u00adment l\u2019incapacit\u00e9 pra\u00adtique du syn\u00addi\u00adcat qui s\u2019appuie sur le Gou\u00adver\u00adne\u00adment, mais aus\u00adsi l\u2019inexactitude th\u00e9o\u00adrique sur laquelle les social-d\u00e9mo\u00adcrates alle\u00admands, et du reste aus\u00adsi les syn\u00addi\u00adcats russes, sont bas\u00e9s. Les syn\u00addi\u00adcats sont des orga\u00adni\u00adsa\u00adtions \u00e9co\u00adno\u00admiques pour la d\u00e9fense des int\u00e9\u00adr\u00eats des tra\u00advailleurs et ils ont, comme tels et en pre\u00admier lieu, \u00e0 repr\u00e9\u00adsen\u00adter les int\u00e9\u00adr\u00eats \u00e9co\u00adno\u00admiques de leurs membres et \u00e0 employer tous moyens pour la sau\u00adve\u00adgarde de ces int\u00e9\u00adr\u00eats en face de tout employeur. Il ne peut donc y avoir d\u2019int\u00e9r\u00eat plus \u00e9le\u00adv\u00e9 pour les syn\u00addi\u00adcats que celui de leurs membres. L\u2019int\u00e9r\u00eat \u00e9co\u00adno\u00admique des membres, voi\u00adl\u00e0 ce que les syn\u00addi\u00adcats doivent sau\u00adve\u00adgar\u00adder en toute situa\u00adtion et sous tout ordre social.&nbsp;<\/p>\n<p style=\"text-align: justify;\">Radi\u00adca\u00adle\u00adment faux est donc le point de vue sui\u00advant lequel les int\u00e9\u00adr\u00eats des membres ne doivent pas \u00eatre pla\u00adc\u00e9s avant ceux de l\u2019\u00c9tat\u2026 capi\u00adta\u00adliste cela va sans dire\u2026 mais socia\u00adliste et com\u00admu\u00adniste \u00e9ga\u00adle\u00adment. Si les syn\u00addi\u00adcats veulent \u00eatre quelque chose de plus que les pro\u00adtec\u00adteurs des int\u00e9\u00adr\u00eats de leurs membres et avoir en eux quelque chose de r\u00e9vo\u00adlu\u00adtion\u00adnaire, cela ne peut \u00eatre nul\u00adle\u00adment en fai\u00adsant aban\u00addon et en fai\u00adsant bon mar\u00adch\u00e9 des int\u00e9\u00adr\u00eats des membres au b\u00e9n\u00e9\u00adfice d\u2019une quel\u00adconque forme poli\u00adtique \u00e9ta\u00adtique. Ce que les orga\u00adni\u00adsa\u00adtions syn\u00addi\u00adcales ont de r\u00e9vo\u00adlu\u00adtion\u00adnaire ne peut que se concen\u00adtrer sur ce point&nbsp;: assu\u00adrer la s\u00e9cu\u00adri\u00adt\u00e9 \u00e9co\u00adno\u00admique abso\u00adlue \u00e0 leurs membres, c\u2019est-\u00e0-dire assu\u00adrer un \u00e9tat social dans lequel l\u2019exploitation \u00e9co\u00adno\u00admique sera abolie.&nbsp;<\/p>\n<p style=\"text-align: justify;\">Les syn\u00addi\u00adcats ne pour\u00adront abo\u00adlir l\u2019exploitation \u00e9co\u00adno\u00admique que lorsqu\u2019ils met\u00adtront \u00e0 la place de l\u2019actuelle poli\u00adtique \u00e9co\u00adno\u00admique de pro\u00adfit capi\u00adta\u00adliste, une pro\u00adduc\u00adtion ad\u00e9\u00adquate aux besoins. Ce que les syn\u00addi\u00adcats ont de r\u00e9vo\u00adlu\u00adtion\u00adnaire doit donc consis\u00adter \u00e0 conqu\u00e9\u00adrir le contr\u00f4le sur la pro\u00adduc\u00adtion et enfin \u00e0 prendre eux-m\u00eames l\u2019industrie en mains. L\u00e0 seule\u00adment doit \u00eatre le but posi\u00adtif qui doit \u00eatre pris en consi\u00add\u00e9\u00adra\u00adtion par les syn\u00addi\u00adcats. Et les exploi\u00adteurs \u00e9co\u00adno\u00admiques ayant \u00e9t\u00e9 de tous temps repr\u00e9\u00adsen\u00adt\u00e9s par les classes domi\u00adnantes, c\u2019est donc entre ces classes au pou\u00advoir, c\u2019est-\u00e0-dire contre l\u2019\u00c9tat que les syn\u00addi\u00adcats doivent se mettre en marche pour la r\u00e9a\u00adli\u00adsa\u00adtion de leur but. Il en r\u00e9sulte donc entre les syn\u00addi\u00adcats et l\u2019\u00c9tat une anti\u00adno\u00admie. L\u2019on ne peut donc dire d\u2019un syn\u00addi\u00adcat qu\u2019il est vrai\u00adment r\u00e9vo\u00adlu\u00adtion\u00adnaire que lorsqu\u2019il m\u00e8ne aus\u00adsi le com\u00adbat contre l\u2019\u00c9tat, en tant que pro\u00adtec\u00adteur de la classe r\u00e9gnante et exploi\u00adteuse. Les syn\u00addi\u00adcats qui ont conclu avec l\u2019\u00c9tat une \u00ab&nbsp;Union sacr\u00e9e&nbsp;\u00bb ou une col\u00adla\u00adbo\u00adra\u00adtion se sont du m\u00eame coup reti\u00adr\u00e9 tout droit d\u2019\u0153uvrer sur la soci\u00e9\u00adt\u00e9 dans le sens liber\u00adtaire, c\u2019est-\u00e0-dire d\u2019affranchissement. Au contraire, par leur opi\u00adnion, ils seront contraints au jour de l\u2019action, de tra\u00adhir leurs propres membres. Ils se trou\u00adve\u00adront dans cette situa\u00adtion ou d\u2019avoir \u00e0 choi\u00adsir entre les int\u00e9\u00adr\u00eats de l\u2019\u00c9tat et ceux de leurs membres. Les syn\u00addi\u00adcats social-d\u00e9mo\u00adcrates ou soit disant libres ont fait leur choix et ont pla\u00adc\u00e9 au-des\u00adsus de celui de leurs propres membres, c\u2019est-\u00e0-dire des masses exploi\u00adt\u00e9es, l\u2019int\u00e9r\u00eat de l\u2019\u00c9tat, par cons\u00e9\u00adquent des repr\u00e9\u00adsen\u00adtants d\u00e9l\u00e9\u00adgu\u00e9s de la classe domi\u00adnante. C\u2019est donc d\u2019une igno\u00admi\u00adnieuse tra\u00adhi\u00adson dont ils se sont ren\u00addus coupables.&nbsp;<\/p>\n<p style=\"text-align: justify;\">Cette tra\u00adhi\u00adson n\u2019\u00e9tait m\u00eame pas cou\u00adverte ou voi\u00adl\u00e9e, Non&nbsp;! ouver\u00adte\u00adment, du pre\u00admier jour de la gr\u00e8ve, les Unions qui sont \u00e0 la t\u00eate se sont d\u00e9cla\u00adr\u00e9es contre la gr\u00e8ve, et l\u2019ont qua\u00adli\u00adfi\u00e9e d\u2019indisciplin\u00e9e&nbsp;; plus encore, ils ont ouver\u00adte\u00adment fait des appels afin de bri\u00adser la gr\u00e8ve. Les diri\u00adgeants social-d\u00e9mo\u00adcrates paraissent avoir \u00e9t\u00e9 \u00e0 la m\u00eame \u00e9cole que leurs fr\u00e8res de Russie.&nbsp;<\/p>\n<p style=\"text-align: justify;\">Tout comme ceux-ci, ils repr\u00e9\u00adsen\u00adtaient les tra\u00advailleurs et employ\u00e9s gr\u00e9\u00advistes comme ache\u00adt\u00e9s par la R\u00e9ac\u00adtion, d\u00e9si\u00adreuse de nuire \u00e0 l\u2019\u00c9tat popu\u00adlaire social-d\u00e9mo\u00adcrate et \u00e0 la R\u00e9pu\u00adblique d\u00e9mocratique.&nbsp;<\/p>\n<p style=\"text-align: justify;\">Mais il ne s\u2019agit pas seule\u00adment en ceci des socio-d\u00e9mo\u00adcrates de droite&nbsp;; les ind\u00e9\u00adpen\u00addants eux aus\u00adsi, eurent une atti\u00adtude \u00e9quivoque.&nbsp;<\/p>\n<p style=\"text-align: justify;\">Leur feuille, la <i>Frei\u00adheit<\/i>, comme leurs chefs, furent davan\u00adtage du c\u00f4t\u00e9 de l\u2019\u00c9tat que de celui des gr\u00e9\u00advistes. Et cela se com\u00adprend&nbsp;: t\u00f4t ou tard, ce par\u00adti sera appe\u00adl\u00e9 \u00e0 par\u00adti\u00adci\u00adper au gou\u00adver\u00adne\u00adment et il doit se mon\u00adtrer \u00ab&nbsp;minis\u00adtrable&nbsp;\u00bb. En fait, le ministre ind\u00e9\u00adpen\u00addant Lipins\u00adky, en Saxe, car en Saxe le par\u00adti ind\u00e9\u00adpen\u00addant est d\u00e9j\u00e0 au minis\u00adt\u00e8re, a d\u00e9cla\u00adr\u00e9 que la gr\u00e8ve \u00e9tait une atteinte \u00e0 la Consti\u00adtu\u00adtion du nou\u00advel \u00c9tat alle\u00admand, tan\u00addis qu\u2019\u00e0 Ber\u00adlin l\u2019avocat Rosen\u00adfeld, lequel ne fait pas encore par\u00adtie du Gou\u00adver\u00adne\u00adment a repr\u00e9\u00adsen\u00adt\u00e9 la gr\u00e8ve comme jus\u00adti\u00adfi\u00e9e et l\u2019interdiction de gr\u00e8ve du Gou\u00adver\u00adne\u00adment comme une atteinte \u00e0 la Consti\u00adtu\u00adtion. Mais le mor\u00adceau le plus beau vient du social-d\u00e9mo\u00adcrate et ex-Com\u00admis\u00adsaire du peuple, \u00c9mile Barth, lors d\u2019une r\u00e9union des Conseils d\u2019exploitation de Ber\u00adlin. Il d\u00e9cla\u00adra que le Syn\u00addi\u00adcat Natio\u00adnal des Che\u00admi\u00adnots, Reichs\u00adge\u00adwerk\u00adschaft, pou\u00advant payer trois mil\u00adlions de fonds de gr\u00e8ve et rece\u00advant quo\u00adti\u00addien\u00adne\u00adment 15.000 marks de sou\u00adtien du Minis\u00adt\u00e8re de la Jus\u00adtice, n\u2019\u00e9tait pas un syn\u00addi\u00adcat socia\u00adliste, mais un syn\u00addi\u00adcat r\u00e9actionnaire.&nbsp;<\/p>\n<p style=\"text-align: justify;\">On voit pour\u00adquoi les social-d\u00e9mo\u00adcrates de toutes nuances com\u00adbat\u00adtirent la gr\u00e8ve&nbsp;: parce qu\u2019ils ne purent prendre en mains la direc\u00adtion de la gr\u00e8ve. C\u2019est par des\u00adsus la t\u00eate des chefs \u00ab&nbsp;auto\u00adri\u00ads\u00e9s&nbsp;\u00bb des syn\u00addi\u00adcats, que les tra\u00advailleurs d\u00e9cla\u00adr\u00e8rent la gr\u00e8ve et c\u2019est contre leur volon\u00adt\u00e9 qu\u2019ils l\u2019ont&nbsp;men\u00e9e.&nbsp;<\/p>\n<p style=\"text-align: justify;\">Le Gou\u00adver\u00adne\u00adment prit posi\u00adtion natu\u00adrel\u00adle\u00adment contre la gr\u00e8ve et le fit d\u2019une mani\u00e8re si bru\u00adtale, qu\u2019elle ne reste pas en des\u00adsous de celle des jour\u00adn\u00e9es san\u00adglantes de Noske et m\u00eame du Gou\u00adver\u00adne\u00adment monar\u00adchiste des Hohen\u00adzol\u00adlern. Le m\u00eame jour o\u00f9 \u00e9cla\u00adtait la gr\u00e8ve, donc du 1<sup>er<\/sup> au 2 f\u00e9vrier, le Pr\u00e9\u00adsident social-d\u00e9mo\u00adcrate de la R\u00e9pu\u00adblique, pro\u00admul\u00adgua un d\u00e9cret dans lequel \u00ab&nbsp;il \u00e9tait por\u00adt\u00e9 \u00e0 la connais\u00adsance de tous les employ\u00e9s et \u00e0 ceux des che\u00admins de fer en par\u00adti\u00adcu\u00adlier, que <i>la ces\u00adsa\u00adtion ou le refus du tra\u00advail qui leur incom\u00adbait \u00e9tait inter\u00addit<\/i>. Celui qui inci\u00adte\u00adrait ou enga\u00adge\u00adrait un employ\u00e9 des che\u00admins de fer \u00e0 la ces\u00adsa\u00adtion inter\u00addite du tra\u00advail, serait puni de pri\u00adson et d\u2019une amende pou\u00advant aller jusqu\u2019\u00e0 50.000 marks&nbsp;\u00bb.&nbsp;<\/p>\n<p style=\"text-align: justify;\">\u00c9ga\u00adle\u00adment tout sabo\u00adtage ou entrave \u00e0 la \u00ab&nbsp;liber\u00adt\u00e9&nbsp;\u00bb du tra\u00advail serait consi\u00add\u00e9\u00adr\u00e9 comme acte punis\u00adsable et \u00e9tait mena\u00adc\u00e9 des m\u00eames ch\u00e2timents.&nbsp;<\/p>\n<p style=\"text-align: justify;\">En rai\u00adson de ce d\u00e9cret, le Pr\u00e9\u00adfet de Police social d\u00e9mo\u00adcrate de Ber\u00adlin fit para\u00eetre un arr\u00ea\u00adt\u00e9 sui\u00advant lequel&nbsp;:&nbsp;<\/p>\n<p style=\"text-align: justify;\">\u00ab&nbsp;Tous les fonds des\u00adti\u00adn\u00e9s \u00e0 la conduite de la gr\u00e8ve seront sai\u00adsis, l\u2019impression d\u2019appels conte\u00adnant des pro\u00advo\u00adca\u00adtions \u00e0 la gr\u00e8ve seront emp\u00ea\u00adch\u00e9s. Les appels en faveur de la gr\u00e8ve seront sai\u00adsis. Les per\u00adsonnes qui se seront ren\u00addues cou\u00adpables de pro\u00advo\u00adca\u00adtions \u00e0 la gr\u00e8ve seront mises en \u00e9tat d\u2019arrestation.&nbsp;\u00bb\n<\/p>\n<p style=\"text-align: justify;\">Les ma\u00eetres socio-d\u00e9mo\u00adcrates ont ain\u00adsi mon\u00adtr\u00e9 qu\u2019ils com\u00adpre\u00adnaient leur m\u00e9tier au moins aus\u00adsi bien que leurs adver\u00adsaires monar\u00adchistes. Et ces arr\u00ea\u00adt\u00e9s ne res\u00adt\u00e8rent pas seule\u00adment \u00e0 l\u2019\u00e9tat de d\u00e9cla\u00adra\u00adtions pla\u00adto\u00adniques, mais ils devinrent aus\u00adsi la dure r\u00e9a\u00adli\u00adt\u00e9, car d\u00e9j\u00e0 au pre\u00admier jour de gr\u00e8ve, les chefs gr\u00e9\u00advistes du Reichs\u00adge\u00adwerk\u00adschaft furent arr\u00ea\u00adt\u00e9s, le Comi\u00adt\u00e9 de gr\u00e8ve pour\u00adchas\u00ads\u00e9 d\u2019un endroit \u00e0 un autre, la caisse de gr\u00e8ve fut sai\u00adsie et alors que l\u2019un des chefs gr\u00e9\u00advistes allait reti\u00adrer un mil\u00adlion de fonds d\u2019une Banque de Ber\u00adlin, il fut appr\u00e9\u00adhen\u00add\u00e9 \u00e0 sa sor\u00adtie avec tous les fonds dont il \u00e9tait porteur.&nbsp;<\/p>\n<p style=\"text-align: justify;\">Le Gou\u00adver\u00adne\u00adment et la Police crurent par ces moyens de rigueur mater la gr\u00e8ve et ils avaient pour eux l\u2019assentiment des syn\u00addi\u00adcats pr\u00eats \u00e0 tout faire en leur pou\u00advoir afin d\u2019emp\u00eacher l\u2019extension de la gr\u00e8ve. Les mesures gou\u00adver\u00adne\u00admen\u00adtales eurent cepen\u00addant un r\u00e9sul\u00adtat oppos\u00e9.&nbsp;<\/p>\n<p style=\"text-align: justify;\">Par cette attaque aux droits fon\u00adda\u00admen\u00adtaux de la classe ouvri\u00e8re, celle-ci se sen\u00adtit mena\u00adc\u00e9e et com\u00adprit qu\u2019il \u00e9tait de son devoir de r\u00e9pondre au gou\u00adver\u00adne\u00adment&nbsp;; alors ce ne fut pas seule\u00adment le Syn\u00addi\u00adcat Natio\u00adnal des Che\u00admi\u00adnots, mais toutes les Unions des Che\u00admi\u00adnots qui se mirent en gr\u00e8ve, mal\u00adgr\u00e9 que leurs chefs se fussent \u00e9ner\u00adgi\u00adque\u00adment pro\u00adnon\u00adc\u00e9s contre le mouvement.&nbsp;<\/p>\n<h4 class=\"wp-block-heading\" style=\"text-align: center;\"><b>* * * *<\/b>\n<\/h4>\n<p style=\"text-align: justify;\">La gr\u00e8ve s\u2019\u00e9tendit tou\u00adjours davan\u00adtage et englo\u00adba bien\u00adt\u00f4t 800.000 che\u00admi\u00adnots dans toute l\u2019Allemagne.\n<\/p>\n<p style=\"text-align: justify;\">Deux jours apr\u00e8s que la gr\u00e8ve eut \u00e9cla\u00adt\u00e9 l\u2019organisation bri\u00adseuse de gr\u00e8ve orga\u00adni\u00ads\u00e9e par le Social-D\u00e9mo\u00adcrate Noske, la \u00ab&nbsp;<i>Tech\u00adni\u00adsehe Nol\u00adhilfe<\/i>&nbsp;\u00bb (Ligue civique) entra en action. Elle essaya de main\u00adte\u00adnir le tra\u00adfic n\u00e9ces\u00adsaire des che\u00admins de fer en exer\u00adcice, mais s\u2019aper\u00e7ut bien\u00adt\u00f4t qu\u2019elle cau\u00adsait plus de dom\u00admages que de bien. La gr\u00e8ve se pour\u00adsui\u00advit avec une vigueur non dimi\u00adnu\u00e9e. Dans tout Ber\u00adlin la classe ouvri\u00e8re \u00e9tait avec les gr\u00e9\u00advistes et m\u00eame les tra\u00advailleurs qui \u00e9taient orga\u00adni\u00ads\u00e9s dans le par\u00adti social-d\u00e9mo\u00adcrate et qui avaient sui\u00advi tou\u00adjours fid\u00e8\u00adle\u00adment leurs chefs, d\u00e9cla\u00adr\u00e8rent alors, dans de nom\u00adbreuses exploi\u00adta\u00adtions, que le d\u00e9cret de leur \u00ab&nbsp;Cama\u00adrade&nbsp;\u00bb, Pr\u00e9\u00adsident de la R\u00e9pu\u00adblique \u00e9tait une honte pour la classe ouvri\u00e8re et qu\u2019il devait \u00eatre rapport\u00e9.&nbsp;<\/p>\n<p style=\"text-align: justify;\">Il sem\u00adblait de plus en plus que le Gou\u00adver\u00adne\u00adment en cette lutte qu\u2019il avait lui-m\u00eame pr\u00e9\u00adpa\u00adr\u00e9e, allait \u00eatre mis en \u00e9tat d\u2019inf\u00e9riorit\u00e9. Une autre cir\u00adcons\u00adtance avait encore aggra\u00adv\u00e9 la posi\u00adtion du Gou\u00adver\u00adne\u00adment. Les tra\u00advailleurs et employ\u00e9s com\u00admu\u00adnaux de Ber\u00adlin \u00e9taient depuis assez long\u00adtemps en n\u00e9go\u00adcia\u00adtions avec le Magis\u00adtrat de cette ville et le Gou\u00adver\u00adne\u00adment, au sujet de la conti\u00adnua\u00adtion de leurs conven\u00adtions des tarifs. Le Magis\u00adtrat vou\u00adlut, ain\u00adsi que le Gou\u00adver\u00adne\u00adment l\u2019avait fait aupr\u00e8s des tra\u00advailleurs de l\u2019\u00c9tat, reti\u00adrer leurs anciens droits aux ouvriers, pro\u00adlon\u00adger la jour\u00adn\u00e9e de 8 heures, dimi\u00adnuer ce droit qu\u2019ils avaient de prendre part aux d\u00e9ci\u00adsions, leur reti\u00adrer la per\u00admis\u00adsion de d\u00e9tente et sur\u00adtout leur enle\u00adver le droit de gr\u00e8ve. Les employ\u00e9s com\u00admu\u00adnaux exi\u00adg\u00e8rent la pro\u00adlon\u00adga\u00adtion des anciens tarifs jusqu\u2019\u00e0 fin 1922, avec tous les avan\u00adtages conquis en p\u00e9riode r\u00e9vo\u00adlu\u00adtion\u00adnaire, apr\u00e8s une rude bataille. Le Magis\u00adtrat ne vou\u00adlut accor\u00adder la pro\u00adlon\u00adga\u00adtion que jusqu\u2019\u00e0 juillet et les tra\u00advailleurs et employ\u00e9s com\u00admu\u00adnaux se mirent \u00e9ga\u00adle\u00adment en gr\u00e8ve. Il est peu dou\u00adteux que dans cette d\u00e9ci\u00adsion de quit\u00adter le tra\u00advail, ce fut \u00e0 la fois la situa\u00adtion dans laquelle la classe ouvri\u00e8re \u00e9tait pla\u00adc\u00e9e par le Gou\u00adver\u00adne\u00adment \u00e0 l\u2019occasion de la gr\u00e8ve des che\u00admins de fer, l\u2019appel des che\u00admi\u00adnots \u00e0 toute la classe ouvri\u00e8re d\u2019Allemagne en faveur de la soli\u00adda\u00adri\u00adt\u00e9 qui pro\u00addui\u00adsirent \u00e9ga\u00adle\u00adment leur effet. Les tra\u00advailleurs com\u00admu\u00adnaux ber\u00adli\u00adnois d\u00e9cla\u00adr\u00e8rent la gr\u00e8ve, deux jours apr\u00e8s que celle des che\u00admins de fer eut \u00e9clat\u00e9.&nbsp;<\/p>\n<p style=\"text-align: justify;\">La situa\u00adtion dans toute l\u2019Allemagne et \u00e0 Ber\u00adlin sur\u00adtout \u00e9tait alors extr\u00ea\u00adme\u00adment ten\u00addue. La confiance mon\u00adtait au c\u0153ur de la classe ouvri\u00e8re. L\u2019on avait la convic\u00adtion dans les milieux r\u00e9vo\u00adlu\u00adtion\u00adnaires en g\u00e9n\u00e9\u00adral, que, si la gr\u00e8ve venait \u00e0 durer une semaine de plus, le Gou\u00adver\u00adne\u00adment flan\u00adche\u00adrait et que la lutte se ter\u00admi\u00adne\u00adrait par une vic\u00adtoire des tra\u00advailleurs et des employ\u00e9s. Une par\u00adtie des entre\u00adprises indus\u00adtrielles pri\u00adv\u00e9es fut for\u00adc\u00e9e de ces\u00adser le tra\u00advail \u00e0 cause du manque de char\u00adbon&nbsp;; une autre par\u00adtie le ces\u00adsa par soli\u00adda\u00adri\u00adt\u00e9. Les opti\u00admistes par\u00adlaient m\u00eame d\u2019une pro\u00adchaine r\u00e9vo\u00adlu\u00adtion, vers laquelle sui\u00advant eux la situa\u00adtion se diri\u00adgeait. Le Gou\u00adver\u00adne\u00adment \u00e9tait momen\u00adta\u00adn\u00e9\u00adment impuis\u00adsant, mais d\u2019avance il \u00e9tait \u00e0 pr\u00e9\u00advoir qu\u2019il ferait tout pour sau\u00adve\u00adgar\u00adder son auto\u00adri\u00adt\u00e9. Il s\u2019adressa aux Chefs des Syn\u00addi\u00adcats pour qu\u2019ils lui vinssent en aide, et ceux-ci ne firent point d\u00e9faut. D\u00e8s le d\u00e9but de l\u2019action, les Chefs des orga\u00adni\u00adsa\u00adtions libres et social-d\u00e9mo\u00adcrates, autre\u00adfois appe\u00adl\u00e9es Unions Cen\u00adtrales et qui sont aujourd\u2019hui les orga\u00adni\u00adsa\u00adtions de t\u00eate, avaient \u00e9t\u00e9 adver\u00adsaires de la gr\u00e8ve&nbsp;; ils se mirent \u00e0 la dis\u00adpo\u00adsi\u00adtion du Gou\u00adver\u00adne\u00adment, pour des n\u00e9go\u00adcia\u00adtions en vue de bri\u00adser le mou\u00adve\u00adment et un accord fut conclu sui\u00advant lequel la gr\u00e8ve serait arr\u00ea\u00adt\u00e9e et l\u2019interdiction de gr\u00e8ve du Gouver\u00adnement ren\u00addue pla\u00adto\u00adnique. En confor\u00admi\u00adt\u00e9 avec cet arran\u00adge\u00adment les orga\u00adni\u00adsa\u00adtions lan\u00adc\u00e8rent un appel dans lequel on d\u00e9cla\u00adrait&nbsp;: \u00ab&nbsp;La res\u00adpon\u00adsa\u00adbi\u00adli\u00adt\u00e9 qui incombe aux orga\u00adni\u00adsa\u00adtions de t\u00eate sous\u00adsi\u00adgn\u00e9es, leur fait un devoir d\u2019inviter tous les Che\u00admi\u00adnots se trou\u00advant en gr\u00e8ve \u00e0 la reprise imm\u00e9\u00addiate du tra\u00advail. La gr\u00e8ve a \u00e9t\u00e9 d\u00e9cla\u00adr\u00e9e par le \u00ab&nbsp;Reichs\u00adge\u00adwerk\u00adschaft&nbsp;\u00bb sans que celui-ci ait tenu aucun compte des prin\u00adcipes syndicalistes.&nbsp;\u00bb&nbsp;<\/p>\n<p style=\"text-align: justify;\">Non contents d\u2019affaiblir le plus qu\u2019il leur fut pos\u00adsible la gr\u00e8ve par ces simples appels en faveur de la reprise du tra\u00advail, ils firent \u00e9ga\u00adle\u00adment tout der\u00adri\u00e8re le dos des tra\u00advailleurs afin de sou\u00adte\u00adnir le Gou\u00adver\u00adne\u00adment. Celui-ci ne vou\u00adlait point trai\u00adter avec les che\u00admi\u00adnots gr\u00e9\u00advistes, pas plus que le Magis\u00adtrat \u00e0 Ber\u00adlin avec les tra\u00advailleurs en gr\u00e8ve. C\u2019est alors que les chefs des Syn\u00addi\u00adcats cen\u00adtraux s\u2019interpos\u00e8rent d\u2019une part entre le Gou\u00adver\u00adne\u00adment et les che\u00admi\u00adnots, et entre le Magis\u00adtrat de Ber\u00adlin et les tra\u00advailleurs com\u00admu\u00adnaux d\u2019autre part, afin de se rendre ma\u00eetres du mou\u00adve\u00adment. Puis les chefs de syn\u00addi\u00adcats s\u2019adress\u00e8rent aux gr\u00e9\u00advistes, et sou\u00admirent aux Comi\u00adt\u00e9s de gr\u00e8ve les condi\u00adtions du Gou\u00adver\u00adne\u00adment et celles du Magistrat.&nbsp;<\/p>\n<p style=\"text-align: justify;\">En m\u00eame temps des r\u00e9unions monstres de gr\u00e9\u00advistes eurent lieu \u00e0 Ber\u00adlin et les par\u00adti\u00adci\u00adpants se pro\u00adnon\u00adc\u00e8rent una\u00adni\u00adme\u00adment contre la reprise du tra\u00advail. La fin de la gr\u00e8ve n\u2019en avait pas moins \u00e9t\u00e9 d\u00e9ci\u00add\u00e9e par les chefs et en fait le mou\u00adve\u00adment fut&nbsp;bris\u00e9.&nbsp;<\/p>\n<p style=\"text-align: justify;\">Les cama\u00adrades de l\u2019\u00e9tranger vont dire ici&nbsp;: Mais com\u00adment fut-ce pos\u00adsible&nbsp;? Pour le com\u00adprendre il faut conna\u00eetre la psy\u00adcho\u00adlo\u00adgie du tra\u00advailleur alle\u00admand&nbsp;; quand on sait com\u00adment dans le \u00ab&nbsp;Kapp-Putsche&nbsp;\u00bb (les \u00e9chauf\u00adfou\u00adr\u00e9es aux\u00adquelles don\u00adn\u00e8rent lieu le coup d\u2019\u00c9tat de Kapp), les tra\u00advailleurs \u00e9taient fer\u00adme\u00adment d\u00e9ci\u00add\u00e9s \u00e0 uti\u00adli\u00adser la vic\u00adtoire qu\u2019ils avaient rem\u00adpor\u00adt\u00e9e, gr\u00e2ce \u00e0 la gr\u00e8ve g\u00e9n\u00e9\u00adrale pour r\u00e9a\u00adli\u00adser leurs reven\u00addi\u00adca\u00adtions socia\u00adlistes et com\u00adment cepen\u00addant les poli\u00adti\u00adciens sur\u00adent l\u2019emp\u00eacher, on ne peut s\u2019\u00e9tonner que ces m\u00eames poli\u00adti\u00adciens aient su cette fois encore, rou\u00adler les tra\u00advailleurs. Les Comi\u00adt\u00e9s de gr\u00e8ve des tra\u00advailleurs durent dans les pre\u00admiers jours de gr\u00e8ve soi\u00adgneu\u00adse\u00adment se dis\u00adsi\u00admu\u00adler aux yeux de la police. Puis s\u2019\u00e9tant vu auto\u00adri\u00ads\u00e9s, sans aucune crainte d\u2019\u00eatre arr\u00ea\u00adt\u00e9s, \u00e0 prendre part aux n\u00e9go\u00adcia\u00adtions, les membres du Comi\u00adt\u00e9 de gr\u00e8ve \u00e9prou\u00adv\u00e8rent comme le sen\u00adti\u00adment d\u2019une demi-vic\u00adtoire. Ils don\u00adn\u00e8rent leur assen\u00adti\u00adment pour la ter\u00admi\u00adnai\u00adson de la gr\u00e8ve et sous\u00adsi\u00adgn\u00e8rent une invi\u00adta\u00adtion \u00e0 reprendre le tra\u00advail qui avait \u00e9t\u00e9 \u00e9la\u00adbo\u00adr\u00e9e par les Chefs des Syn\u00addi\u00adcats. Lorsque, le jour sui\u00advant, cette invi\u00adta\u00adtion par\u00advint aux yeux des tra\u00advailleurs, ils eurent comme r\u00e9ponse, une una\u00adnime et grande indi\u00adgna\u00adtion. Des r\u00e9unions par ate\u00adlier et par exploi\u00adta\u00adtion furent pr\u00e9\u00adpa\u00adr\u00e9es, o\u00f9 les chefs gr\u00e9\u00advistes locaux invi\u00adt\u00e8rent les gr\u00e9\u00advistes \u00e0 reprendre le tra\u00advail, confor\u00adm\u00e9\u00adment \u00e0 l\u2019appel de la direc\u00adtion cen\u00adtrale de la gr\u00e8ve. Les grandes masses de tra\u00advailleurs et de che\u00admi\u00adnots \u00e9taient oppo\u00ads\u00e9es \u00e0 la reprise du tra\u00advail. Des diver\u00adgences s\u2019ensuivirent et la plu\u00adpart des r\u00e9unions eurent lieu sans r\u00e9sul\u00adtat, sans que les tra\u00advail leurs aient clai\u00adre\u00adment dans les yeux, ce qui alors devait arriver.&nbsp;<\/p>\n<p style=\"text-align: justify;\">Un but au moins \u00e9tait atteint&nbsp;: l\u2019<i>Uni\u00adt\u00e9 des gr\u00e9\u00advistes \u00e9tait bri\u00ads\u00e9e<\/i>. Gou\u00adver\u00adne\u00adment et Magis\u00adtrat rele\u00adv\u00e8rent la t\u00eate et firent para\u00eetre des d\u00e9cla\u00adra\u00adtions, sui\u00advant les\u00adquelles tous ceux qui ne repren\u00addraient pas imm\u00e9\u00addia\u00adte\u00adment le tra\u00advail seraient consi\u00add\u00e9\u00adr\u00e9s comme licenci\u00e9s.&nbsp;<\/p>\n<p style=\"text-align: justify;\">Et voi\u00adci le plus beau&nbsp;: les orga\u00adni\u00adsa\u00adtions de t\u00eate et leurs direc\u00adtions, qui avaient sur\u00adtout contri\u00adbu\u00e9 \u00e0 divi\u00adser les tra\u00advailleurs, se pr\u00e9\u00adsen\u00adt\u00e8rent alors com\u00admue les sau\u00adveurs de la situa\u00adtion. Elles d\u00e9cla\u00adr\u00e8rent vou\u00adloir trai\u00adter avec le Gou\u00adver\u00adne\u00adment et avec le Magis\u00adtrat afin d\u2019emp\u00eacher le cong\u00e9\u00addie\u00adment des gr\u00e9\u00advistes. Et si elles l\u2019obtenaient, c\u2019est \u00e0 elles que les tra\u00advailleurs le devraient. C\u2019est ain\u00adsi que ces tra\u00eetres vou\u00adlaient recon\u00adqu\u00e9\u00adrir aupr\u00e8s des tra\u00advailleurs leur pres\u00adtige per\u00addu, et appa\u00adra\u00eetre encore comme les sau\u00adveurs de la situa\u00adtion. Ils ne r\u00e9us\u00adsirent point cepen\u00addant. La plu\u00adpart des tra\u00advailleurs r\u00e9vo\u00adlu\u00adtion\u00adnaires ont vu la tra\u00adhi\u00adson de ces orga\u00adni\u00adsa\u00adtions de t\u00eate. Cette fois-ci elle avait \u00e9t\u00e9 trop appa\u00adrente. Ils ont d\u00e9chi\u00adr\u00e9 leurs livrets de membres de l\u2019Union et cherchent \u00e0 se grou\u00adper main\u00adte\u00adnant dans les orga\u00adni\u00adsa\u00adtions r\u00e9vo\u00adlu\u00adtion\u00adnaires C\u2019est par cen\u00adtaines qu\u2019ils viennent \u00e0 pr\u00e9\u00adsent au bureau des syn\u00addi\u00adca\u00adlistes de la F.A.U.D. (Freie Arbei\u00adter Union Deut\u00adschlands), <i>Union libre des tra\u00advailleurs d\u2019Allemagne<\/i> et les uns veulent avoir un ora\u00adteur syn\u00addi\u00adca\u00adliste dans leurs r\u00e9unions, les autres ren\u00adtrer dans les orga\u00adni\u00adsa\u00adtions syn\u00addi\u00adca\u00adlistes. Sans doute, les syn\u00addi\u00adcats r\u00e9el\u00adle\u00adment syn\u00addi\u00adca\u00adlistes et radi\u00adcaux ont gagn\u00e9 \u00e0 ce mou\u00adve\u00adment, mal\u00adgr\u00e9 que celui-ci ait \u00e9t\u00e9 une d\u00e9faite pour les gr\u00e9vistes.&nbsp;<\/p>\n<p style=\"text-align: justify;\">Le Gou\u00adver\u00adne\u00adment et le Magis\u00adtrat ont, d\u00e8s le pre\u00admier moment, fait cette conces\u00adsion de ne prendre aucune mesure contre les tra\u00advailleurs gr\u00e9\u00advistes, mais cepen\u00addant, d\u00e8s que la gr\u00e8ve fut ter\u00admi\u00adn\u00e9e, l\u2019un et l\u2019autre vio\u00adl\u00e8rent leurs enga\u00adge\u00adments. Pas plus tard que deux jours apr\u00e8s la ter\u00admi\u00adnai\u00adson du conflit, le Gou\u00adver\u00adne\u00adment indi\u00adquait les direc\u00adtives en vue des pour\u00adsuites sys\u00adt\u00e9\u00adma\u00adtiques et du ren\u00advoi des gr\u00e9vistes.&nbsp;<\/p>\n<p style=\"text-align: justify;\">Les tra\u00advailleurs recon\u00adnaissent \u00e0 pr\u00e9\u00adsent qu\u2019ils ont \u00e9t\u00e9 bafou\u00e9s et trom\u00adp\u00e9s de la plus vile mani\u00e8re et com\u00admencent \u00e0 s\u2019agiter \u00e0 nou\u00adveau. Par l\u2019emploi de moyens r\u00e9gio\u00adnaux le Gouverne\u00adment et le Magis\u00adtrat de Ber\u00adlin vou\u00adlurent faire un tel exemple que l\u2019envie serait \u00f4t\u00e9e aux tra\u00advailleurs de faire gr\u00e8ve une seconde fois. Ils se trom\u00adpaient cepen\u00addant. Main\u00adte\u00adnant, apr\u00e8s la gr\u00e8ve, mal\u00adgr\u00e9 les nom\u00adbreux ren\u00advois, les tra\u00advailleurs ne sont nul\u00adle\u00adment inti\u00admi\u00add\u00e9s, mais sont par contre tr\u00e8s exas\u00adp\u00e9\u00adr\u00e9s. Ils ne parlent rien moins que d\u2019une nou\u00advelle gr\u00e8ve. L\u2019\u00e9ventualit\u00e9 d\u2019un mou\u00adve\u00adment auquel pren\u00addraient part non seule\u00adment les tra\u00advailleurs com\u00admu\u00adnaux de Ber\u00adlin, mais toute la classe ouvri\u00e8re ber\u00adli\u00adnoise, n\u2019est nul\u00adle\u00adment \u00e0 \u00e9carter.&nbsp;<\/p>\n<p style=\"text-align: justify;\">Les tra\u00advailleurs ber\u00adli\u00adnois des exploi\u00adta\u00adtions pri\u00adv\u00e9es se sentent tr\u00e8s gra\u00adve\u00adment mena\u00adc\u00e9s par l\u2019attitude du Gou\u00adver\u00adne\u00adment&nbsp;; c\u2019est le droit de gr\u00e8ve qu\u2019on menace et ils ne sont nul\u00adle\u00adment dis\u00adpo\u00ads\u00e9s \u00e0 res\u00adter impas\u00adsibles en face d\u2019une nou\u00advelle vio\u00adla\u00adtion de leur droit par le Gouvernement.&nbsp;<\/p>\n<h4 class=\"wp-block-heading\" style=\"text-align: center;\"><b>* * * *<\/b>\n<\/h4>\n<p style=\"text-align: justify;\">Si une nou\u00advelle lutte ne r\u00e9sulte pas de cette ren\u00adcontre, cette der\u00adni\u00e8re gr\u00e8ve n\u2019en aura pas moins ouvert les yeux \u00e0 la frac\u00adtion la plus \u00e9vo\u00adlu\u00e9e de la classe ouvri\u00e8re. Les pro\u00adchaines batailles trou\u00adve\u00adront le pro\u00adl\u00e9\u00adta\u00adriat r\u00e9vo\u00adlu\u00adtion\u00adnaire dans les orga\u00adni\u00adsa\u00adtions, avec les\u00adquelles ils sont de c\u0153ur d\u00e9j\u00e0. Cer\u00adtai\u00adne\u00adment l\u2019ann\u00e9e 1922 et l\u2019avenir ver\u00adront l\u2019Allemagne deve\u00adnir le th\u00e9\u00e2tre d\u2019une grande m\u00eal\u00e9e, dont cette gr\u00e8ve n\u2019a \u00e9t\u00e9 que le pr\u00e9\u00adlude. La ten\u00adta\u00adtive du Gou\u00adver\u00adne\u00adment de rendre illu\u00adsoire par une nou\u00advelle loi sur la r\u00e9gle\u00admen\u00adta\u00adtion de la dur\u00e9e du tra\u00advail, la jour\u00adn\u00e9e de huit heures et cela afin que l\u2019Allemagne puisse \u00eatre \u00e0 m\u00eame de rem\u00adplir les enga\u00adge\u00adments que le Trai\u00adt\u00e9 de Ver\u00adsailles lui a impo\u00ads\u00e9s, se heur\u00adte\u00adra \u00e0 la plus grande r\u00e9sis\u00adtance de la part des travailleurs.&nbsp;<\/p>\n<p style=\"text-align: justify;\">Pour sau\u00adve\u00adgar\u00adder l\u2019int\u00e9r\u00eat de la Bour\u00adgeoi\u00adsie, c\u2019est sur les \u00e9paules des tra\u00advailleurs que le gou\u00adver\u00adne\u00adment alle\u00admand veut reje\u00adter les charges de la guerre. La Conf\u00e9\u00adrence de G\u00eanes n\u2019a pas d\u2019autre but que de pro\u00adt\u00e9\u00adger le capi\u00adta\u00adlisme inter\u00adna\u00adtio\u00adnal et de com\u00adbattre sur le ter\u00adrain inter\u00adna\u00adtio\u00adnal les reven\u00addi\u00adca\u00adtions ouvri\u00e8res. Les tra\u00advailleurs alle\u00admands sentent qu\u2019ils feront par\u00adtie des sacri\u00adfi\u00e9s. Ils se d\u00e9fen\u00addront contre ces man\u0153uvres et ils s\u2019attendent \u00e0 de nou\u00advelles batailles pro\u00advo\u00adqu\u00e9es par les nou\u00advelles attaques dont ils seront l\u2019objet de la part du Gou\u00adver\u00adne\u00adment. Cela ne sau\u00adrait tar\u00adder. Les der\u00adni\u00e8res gr\u00e8ves leur ont des\u00adsill\u00e9 les yeux et mon\u00adtr\u00e9 qu\u2019ils n\u2019ont rien \u00e0 attendre de leurs syn\u00addi\u00adcats qu\u2019une hos\u00adti\u00adli\u00adt\u00e9 d\u00e9cla\u00adr\u00e9e. Si donc la der\u00adni\u00e8re gr\u00e8ve a conduit la classe ouvri\u00e8re \u00e0 une d\u00e9faite, elle n\u2019en est pas moins un pro\u00adgr\u00e8s en ce sens qu\u2019elle a ser\u00advi \u00e0 aver\u00adtir les tra\u00advailleurs sur le carac\u00adt\u00e8re des orga\u00adni\u00adsa\u00adtions de t\u00eates syn\u00addi\u00adcales, dans les\u00adquelles si long\u00adtemps ils pla\u00adc\u00e8rent leur confiance.&nbsp;<\/p>\n<p style=\"text-align: right;\">Augus\u00adtin Souchy<\/p>\n<p><\/p>","protected":false},"excerpt":{"rendered":"<p>* * * * Les causes de la gr\u00e8ve des che\u00admins de fer furent autres que celles des tra\u00advailleurs com\u00admu\u00adnaux ber\u00adli\u00adnois. Depuis long\u00adtemps les che\u00admi\u00adnots \u00e9taient en n\u00e9go\u00adcia\u00adtions avec le Gou\u00adver\u00adne\u00adment au sujet des salaires, mais celles-ci \u00e9taient tra\u00ee\u00adn\u00e9es en lon\u00adgueur par le Gou\u00adver\u00adne\u00adment et n\u2019amen\u00e8rent aucun r\u00e9sul\u00adtat. Les che\u00admi\u00adnots per\u00addirent enfin patience et d\u00e9clar\u00e8rent&nbsp;[\u2026]<\/p>\n","protected":false},"author":328,"featured_media":8089,"comment_status":"closed","ping_status":"closed","sticky":false,"template":"wp-custom-template-page-d-article","format":"standard","meta":{"wp_typography_post_enhancements_disabled":false,"footnotes":""},"categories":[263],"tags":[578,575],"ppma_author":[1131],"class_list":["post-2674","post","type-post","status-publish","format-standard","has-post-thumbnail","hentry","category-la-revue-anarchiste-na3-mars-1922","tag-allemagne","tag-luttes-ouvrieres"],"authors":[{"term_id":1131,"user_id":328,"is_guest":0,"slug":"augustin-souchy","display_name":"Augustin Souchy","avatar_url":"https:\/\/secure.gravatar.com\/avatar\/fd353d308f907fa43da60f71640528340482e665c9e8a0779ce7d3cb3cd7c355?s=96&d=mm&r=g","author_category":"","user_url":"","last_name":"Souchy","first_name":"Augustin","job_title":"","description":""}],"_links":{"self":[{"href":"https:\/\/la-presse-anarchiste.net\/index.php\/wp-json\/wp\/v2\/posts\/2674","targetHints":{"allow":["GET"]}}],"collection":[{"href":"https:\/\/la-presse-anarchiste.net\/index.php\/wp-json\/wp\/v2\/posts"}],"about":[{"href":"https:\/\/la-presse-anarchiste.net\/index.php\/wp-json\/wp\/v2\/types\/post"}],"author":[{"embeddable":true,"href":"https:\/\/la-presse-anarchiste.net\/index.php\/wp-json\/wp\/v2\/users\/328"}],"replies":[{"embeddable":true,"href":"https:\/\/la-presse-anarchiste.net\/index.php\/wp-json\/wp\/v2\/comments?post=2674"}],"version-history":[{"count":6,"href":"https:\/\/la-presse-anarchiste.net\/index.php\/wp-json\/wp\/v2\/posts\/2674\/revisions"}],"predecessor-version":[{"id":8607,"href":"https:\/\/la-presse-anarchiste.net\/index.php\/wp-json\/wp\/v2\/posts\/2674\/revisions\/8607"}],"wp:featuredmedia":[{"embeddable":true,"href":"https:\/\/la-presse-anarchiste.net\/index.php\/wp-json\/wp\/v2\/media\/8089"}],"wp:attachment":[{"href":"https:\/\/la-presse-anarchiste.net\/index.php\/wp-json\/wp\/v2\/media?parent=2674"}],"wp:term":[{"taxonomy":"category","embeddable":true,"href":"https:\/\/la-presse-anarchiste.net\/index.php\/wp-json\/wp\/v2\/categories?post=2674"},{"taxonomy":"post_tag","embeddable":true,"href":"https:\/\/la-presse-anarchiste.net\/index.php\/wp-json\/wp\/v2\/tags?post=2674"},{"taxonomy":"author","embeddable":true,"href":"https:\/\/la-presse-anarchiste.net\/index.php\/wp-json\/wp\/v2\/ppma_author?post=2674"}],"curies":[{"name":"wp","href":"https:\/\/api.w.org\/{rel}","templated":true}]}}