{"id":2679,"date":"1922-03-01T00:10:16","date_gmt":"1922-03-01T00:10:16","guid":{"rendered":"https:\/\/la-presse-anarchiste.net\/index.php\/2010\/12\/09\/ce-qui-se-passe-10\/"},"modified":"2024-05-28T15:04:52","modified_gmt":"2024-05-28T15:04:52","slug":"ce-qui-se-passe-10","status":"publish","type":"post","link":"https:\/\/la-presse-anarchiste.net\/index.php\/1922\/03\/01\/ce-qui-se-passe-10\/","title":{"rendered":"Ce qui se&nbsp;passe"},"content":{"rendered":"<div class=\"pdfprnt-buttons pdfprnt-buttons-post pdfprnt-top-right\"><a href=\"https:\/\/la-presse-anarchiste.net\/index.php\/wp-json\/wp\/v2\/posts\/2679?print=pdf\" class=\"pdfprnt-button pdfprnt-button-pdf\" target=\"_blank\"><img decoding=\"async\" src=\"https:\/\/la-presse-anarchiste.net\/wp-content\/plugins\/pdf-print\/images\/pdf.png\" alt=\"image_pdf\" title=\"Afficher le PDF\"><\/a><a href=\"https:\/\/la-presse-anarchiste.net\/index.php\/wp-json\/wp\/v2\/posts\/2679?print=print\" class=\"pdfprnt-button pdfprnt-button-print\" target=\"_blank\"><img decoding=\"async\" src=\"https:\/\/la-presse-anarchiste.net\/wp-content\/plugins\/pdf-print\/images\/print.png\" alt=\"image_print\" title=\"Contenu imprim\u00e9\"><\/a><\/div><p style=\"text-align: justify;\">Tant que la C.G.T., d\u00e9nom\u00adm\u00e9e pro\u00advi\u00adsoire, n\u2019avait pour but que de ser\u00advir de lien entre les orga\u00adni\u00adsa\u00adtions d\u00e9si\u00adreuses de refaire l\u2019unit\u00e9, bri\u00ads\u00e9e par les mono\u00admanes scis\u00adsion\u00adnistes, nous ne pou\u00advions, certes pas, attendre d\u2019elle autre chose qu\u2019une besogne administrative.<\/p>\n<p style=\"text-align: justify;\">Mal\u00adgr\u00e9 les innom\u00adbrables dif\u00adfi\u00adcul\u00adt\u00e9s que sou\u00adl\u00e8ve la r\u00e9or\u00adga\u00adni\u00adsa\u00adtion des forces syn\u00addi\u00adcales, d\u00e9sem\u00adpa\u00adr\u00e9es par le fait d\u2019une divi\u00adsion savam\u00adment entre\u00adte\u00adnue, nous pou\u00advons dire que le r\u00e9sul\u00adtat obte\u00adnu est satis\u00adfai\u00adsant, si l\u2019on songe que 320.000 cama\u00adrades sont aujourd\u2019hui r\u00e9unis dans la C.G.T. r\u00e9no\u00adv\u00e9e, for\u00admant ain\u00adsi un bloc d\u00e9j\u00e0 com\u00adpact et r\u00e9sistant.<\/p>\n<p style=\"text-align: justify;\">Ceux qui atten\u00addaient, pour prendre posi\u00adtion, de voir \u00e0 l\u2019\u0153uvre le nou\u00advel orga\u00adnisme ouvrier, vont pou\u00advoir se d\u00e9ter\u00admi\u00adner, s\u2019ils veulent bien suivre avec nous, pas \u00e0 pas, ce qu\u2019il a d\u00e9j\u00e0 r\u00e9a\u00adli\u00ads\u00e9 depuis que la scis\u00adsion lui a don\u00adn\u00e9 un carac\u00adt\u00e8re d\u00e9finitif.<\/p>\n<p style=\"text-align: justify;\">Main\u00adte\u00adnant que le syn\u00addi\u00adca\u00adlisme, ain\u00adsi regrou\u00adp\u00e9, peut faire \u0153uvre sociale sans aban\u00addon\u00adner pour cela sa besogne du d\u00e9but\u200a\u2014\u200ace qui serait une faute\u200a\u2014\u200ail suf\u00adfi\u00adra d\u2019examiner atten\u00adti\u00adve\u00adment ses faits et gestes pour se rendre compte de l\u2019utilit\u00e9 qu\u2019il y a pour les anar\u00adchistes de par\u00adti\u00adci\u00adper \u00e0 toute son action.<\/p>\n<p style=\"text-align: justify;\">Pour \u00eatre exact, il com\u00adporte de recon\u00adna\u00eetre que les com\u00adpa\u00adgnons donnent au syn\u00addi\u00adca\u00adlisme une place impor\u00adtante, en y appor\u00adtant une acti\u00advi\u00adt\u00e9 de plus en plus consid\u00e9rable.<\/p>\n<p style=\"text-align: justify;\">Et c\u2019est tant&nbsp;mieux&nbsp;!<\/p>\n<p style=\"text-align: justify;\">Cette consta\u00adta\u00adtion faite, il ne fau\u00addrait pas que cer\u00adtains de nos amis pensent que nous croyons que l\u2019Anarchie est conte\u00adnue toute en&nbsp;lui.<\/p>\n<p style=\"text-align: justify;\">Ce serait com\u00admettre une erreur, dont notre phi\u00adlo\u00adso\u00adphie aurait \u00e0 souf\u00adfrir et cela nous ne le vou\u00adlons pas, au contraire.<\/p>\n<p style=\"text-align: justify;\">Ceci dit, com\u00admen\u00ad\u00e7ons \u00e0 enre\u00adgis\u00adtrer, \u00e0 \u00e9tu\u00addier et \u00e0 com\u00admen\u00adter l\u2019activit\u00e9 de la C.G.T. uni\u00adtaire en m\u00eame temps que nous jet\u00adte\u00adrons un regard vers ce qui se passe chez les \u00ab&nbsp;Saint-Man\u00add\u00e9ens&nbsp;\u00bb, pour nous confir\u00admer dans notre opi\u00adnion et jus\u00adti\u00adfier\u200a\u2014\u200a(le besoin s\u2019en fera-t-il sen\u00adtir un jour?)\u200a\u2014\u200ala posi\u00adtion que nous avons&nbsp;prise.<\/p>\n<h4 style=\"text-align: center;\"><b>* * * *<\/b><\/h4>\n<p style=\"text-align: justify;\">Alors que le C.C.N. des \u00ab&nbsp;col\u00adla\u00adbo\u00adra\u00adtion\u00adnistes&nbsp;\u00bb n\u2019avait lais\u00ads\u00e9 per\u00adcer que le men\u00adsonge, la dupe\u00adrie pour les tra\u00advailleurs et la haine pour ceux qui vou\u00adlaient res\u00adter ou reve\u00adnir au prin\u00adcipe de \u00ab&nbsp;luttes des classes&nbsp;\u00bb, celui qui fut tenu par les orga\u00adni\u00adsa\u00adtions \u00ab&nbsp;uni\u00adtaires&nbsp;\u00bb, nous laisse esp\u00e9\u00adrer un ave\u00adnir meilleur pour le d\u00e9ve\u00adlop\u00adpe\u00adment du mou\u00adve\u00adment ouvrier.<\/p>\n<p style=\"text-align: justify;\">Pour s\u2019en convaincre, il suf\u00adfit de jeter un coup d\u2019\u0153il d\u2019ensemble sur les motions et r\u00e9so\u00adlu\u00adtions adop\u00adt\u00e9es, il est vrai, apr\u00e8s des dis\u00adcus\u00adsions par\u00adfois tr\u00e8s anim\u00e9es.<\/p>\n<p style=\"text-align: justify;\">Aus\u00adsi, consta\u00adtons que l\u2019accord s\u2019est r\u00e9a\u00adli\u00ads\u00e9, mal\u00adgr\u00e9 tout, quand il s\u2019est agi de mani\u00adfes\u00adter <i>\u00ab&nbsp;son enti\u00e8re soli\u00adda\u00adri\u00adt\u00e9 avec ceux qui, dans tous les pays, sont per\u00ads\u00e9\u00adcu\u00adt\u00e9s et empri\u00adson\u00adn\u00e9s, par les gou\u00adver\u00adne\u00adments quels qu\u2019ils soient, pour leurs id\u00e9es, leurs prin\u00adcipes en faveur de la d\u00e9fense ou de la r\u00e9a\u00adli\u00adsa\u00adtion de la R\u00e9vo\u00adlu\u00adtion net\u00adte\u00adment prol\u00e9tarienne.&nbsp;\u00bb<\/i><\/p>\n<p style=\"text-align: justify;\">Dans le rap\u00adport moral du bureau et de la C.A. pro\u00advi\u00adsoire, qui fut adop\u00adt\u00e9 sans r\u00e9serves, une ten\u00addance net\u00adte\u00adment f\u00e9d\u00e9\u00adra\u00adliste est mar\u00adqu\u00e9e en ce qui concerne la forme et l\u2019organisation de la pro\u00adpa\u00adgande et de l\u2019administration. Cela n\u2019est pas fait pour d\u00e9plaire \u00e0 nos amis, j\u2019en suis persuad\u00e9.<\/p>\n<p style=\"text-align: justify;\">La d\u00e9ci\u00adsion concer\u00adnant la non-r\u00e9\u00e9li\u00adgi\u00adbi\u00adli\u00adt\u00e9 des fonc\u00adtion\u00adnaires doit recou\u00advrir une impor\u00adtance que l\u2019on ne sau\u00adrait nier, car c\u2019est recon\u00adna\u00eetre et com\u00adbattre d\u2019ores et d\u00e9j\u00e0 la noci\u00advi\u00adt\u00e9 du fonc\u00adtion\u00adna\u00adrisme, dont la dis\u00adpa\u00adri\u00adtion s\u2019annoncera d\u2019autant plus rapi\u00adde\u00adment que nous sau\u00adrons faire la pro\u00adpa\u00adgande \u00e9du\u00adca\u00adtive indispensable.<\/p>\n<p style=\"text-align: justify;\">Ce qui doit rete\u00adnir plus par\u00adti\u00adcu\u00adli\u00e8\u00adre\u00adment notre atten\u00adtion, est la ques\u00adtion de la dua\u00adli\u00adt\u00e9 entre les f\u00e9d\u00e9\u00adra\u00adtion d\u2019industries et les unions d\u00e9par\u00adte\u00admen\u00adtales, qui pesait si lour\u00adde\u00adment sur les d\u00e9ci\u00adsions qu\u2019auraient vou\u00adlu prendre les syn\u00addi\u00adqu\u00e9s. Cette forme de repr\u00e9\u00adsen\u00adta\u00adtion double, apr\u00e8s s\u2019\u00eatre mani\u00adfes\u00adt\u00e9e dans un vote, a \u00e9t\u00e9 condam\u00adn\u00e9e et nous ne pou\u00advons qu\u2019applaudir \u00e0 ce geste dont la signi\u00adfi\u00adca\u00adtion et la por\u00adt\u00e9e n\u2019\u00e9chapperont \u00e0 aucun de&nbsp;nous.<\/p>\n<p style=\"text-align: justify;\">\u00c0 la suite de ces consta\u00adta\u00adtions, il est utile d\u2019insister aupr\u00e8s des com\u00adpa\u00adgnons sur l\u2019attitude de la jeu\u00adnesse n\u00e9o-com\u00admu\u00adniste \u00e0 l\u2019\u00e9gard de la C.G.T. uni\u00adtaire. En effet, elle a une ten\u00addance net\u00adte\u00adment d\u00e9fi\u00adnie \u00e0 nous faire subir un boy\u00adcot\u00adtage, qui, \u00e0 lui seul devrait d\u00e9mon\u00adtrer vers quelle voie cette orga\u00adni\u00adsa\u00adtion se dirige. Soyons donc pr\u00eats \u00e0 toutes \u00e9ven\u00adtua\u00adli\u00adt\u00e9s et d\u00e9ci\u00add\u00e9s \u00e0 nous mani\u00adfes\u00adter en toutes occasions.<\/p>\n<h4 style=\"text-align: center;\"><b>* * * *<\/b><\/h4>\n<p style=\"text-align: justify;\">Reve\u00adnons un peu sur la ques\u00adtion du front unique, qui reste d\u2019actualit\u00e9 gr\u00e2ce au concours inat\u00adten\u00addu de cer\u00adtain manieur de pis\u00adto\u00adlet en carton.<\/p>\n<p style=\"text-align: justify;\">Ce n\u2019est plus une com\u00e9\u00addie, c\u2019est un vrai vaudeville&nbsp;!<\/p>\n<p style=\"text-align: justify;\">Les sc\u00e8nes se suc\u00adc\u00e8dent dans un imbro\u00adglio presque incon\u00adce\u00advable. Les sujets les plus divers s\u2019y ren\u00adcontrent dans un enche\u00adv\u00ea\u00adtre\u00adment du plus haut comique. Les effets y sont savam\u00adment \u00e9tu\u00addi\u00e9s. De l\u00e0 \u00e0 dire que l\u2019interpr\u00e9tation s\u2019y montre brillante, il n\u2019y a qu\u2019un pas \u00e0 franchir.<\/p>\n<p style=\"text-align: justify;\">C\u2019est \u00e0 se tordre de rire&nbsp;! Pour\u00advu que cela n\u2019aille pas jusqu\u2019aux larmes&nbsp;!<\/p>\n<p style=\"text-align: justify;\">Le d\u00e9cor repr\u00e9\u00adsente une salle de Bruxelles o\u00f9 se tient un grand mee\u00adting. Jou\u00adhaux-le-sten\u00adtor y ren\u00adcontre Fim\u00admen-la-cr\u00e9\u00adcelle et tous deux entonnent l\u2019hymne au front unique, repris en ch\u0153ur par des ministres de roi et autres cabo\u00adtins. Le bruit qu\u2019ils font se r\u00e9per\u00adcute&nbsp;; tel l\u2019\u00e9cho de la mon\u00adtagne, il roule presque ind\u00e9finiment.<\/p>\n<p style=\"text-align: justify;\">Et nous sommes trans\u00adpor\u00adt\u00e9s \u00e0 Mos\u00adcou le 17 f\u00e9vrier, o\u00f9 nous ren\u00adcon\u00adtrons Zino\u00adviev et sa com\u00adpa\u00adgnie ain\u00adsi que l\u2019ineffable Ros\u00admer cos\u00adtu\u00adm\u00e9 en gosse \u00e0 la Poul\u00adbot et d\u00e9cla\u00adrant&nbsp;: \u00ab&nbsp;Je veux res\u00adter \u00e0 l\u2019Ex\u00e9cutif, na&nbsp;!&nbsp;\u00bb puis ils ren\u00advoient aux sc\u00e9\u00adl\u00e9\u00adrats d\u2019hier le refrain que l\u2019\u00e9cho leur a apport\u00e9.<\/p>\n<p style=\"text-align: justify;\">Le der\u00adnier acte sera cer\u00adtai\u00adne\u00adment une repro\u00adduc\u00adtion, en plus grande pompe, du mariage de Tom\u00adma\u00adsi avec le gros&nbsp;L\u00e9on.<\/p>\n<p style=\"text-align: justify;\">L\u2019Hym\u00e9n\u00e9e de Mos\u00adcou et d\u2019Amsterdam&nbsp;!<\/p>\n<p style=\"text-align: justify;\">Je vous assure que ce sera dr\u00f4le. Aus\u00adsi je retiens d\u00e8s main\u00adte\u00adnant un fau\u00adteuil d\u2019orchestre pour mieux assis\u00adter \u00e0 cette repr\u00e9\u00adsen\u00adta\u00adtion, qui sera la der\u00adni\u00e8re, car j\u2019esp\u00e8re bien que les spec\u00adta\u00adteurs, les tra\u00advailleurs en l\u2019occurrence, sau\u00adront applau\u00addir comme il convient \u00e0 ce spectacle.<\/p>\n<p style=\"text-align: justify;\">Et si les auteurs le veulent bien, je leur conseille d\u2019appeler cela <i>le Front unique<\/i>.<\/p>\n<h4 style=\"text-align: center;\"><b>* * * *<\/b><\/h4>\n<p style=\"text-align: justify;\">Tel un navire que l\u2019on ren\u00adfloue, cer\u00adtains cama\u00adrades syn\u00addi\u00adca\u00adlistes essaient de faire remon\u00adter \u00e0 la sur\u00adface l\u2019adh\u00e9sion du syn\u00addi\u00adca\u00adlisme fran\u00ad\u00e7ais \u00e0 l\u2019Internationale syn\u00addi\u00adcale dite rouge dont le si\u00e8ge est \u00e0 Moscou.<\/p>\n<p style=\"text-align: justify;\">\u00ab&nbsp;Mos\u00adcou quand m\u00eame&nbsp;!&nbsp;\u00bb \u00e9crit Mon\u00admous\u00adseau, et le voi\u00adl\u00e0 par\u00adti sur son che\u00adval de bataille.<\/p>\n<p style=\"text-align: justify;\">Je ne vou\u00addrais lui faire aucune peine, m\u00eame l\u00e9g\u00e8re, pour\u00adtant je dois \u00e0 la v\u00e9ri\u00adt\u00e9 de lui dire com\u00adbien je regrette son igno\u00adrance de la v\u00e9ri\u00adt\u00e9 avec un grand V, car s\u2019il vou\u00adlait vrai\u00adment savoir, je suis per\u00adsua\u00add\u00e9 qu\u2019il serait plus cir\u00adcons\u00adpect quand il nous repr\u00e9\u00adsente ce centre comme \u00e9tant la r\u00e9vo\u00adlu\u00adtion, toute la R\u00e9volution.<\/p>\n<p style=\"text-align: justify;\">Je l\u2019engage donc, cor\u00addia\u00adle\u00adment, \u00e0 s\u2019informer \u00e0 d\u2019autres sources qu\u2019\u00e0 celle, tou\u00adjours la m\u00eame, o\u00f9 il puise, et il se ren\u00addra compte rapi\u00adde\u00adment, je l\u2019esp\u00e8re, qu\u2019il fait fausse route.<\/p>\n<p style=\"text-align: justify;\">Ne sait-il pas que L\u00e9nine a d\u00e9cla\u00adr\u00e9 qu\u2019il se ser\u00advait du syn\u00addi\u00adca\u00adlisme aujourd\u2019hui sim\u00adple\u00adment parce que celui-ci pou\u00advait ser\u00advir aux int\u00e9\u00adr\u00eats pri\u00admor\u00addiaux du Par\u00adti poli\u00adtique et que demain il le ferait dis\u00adpa\u00adra\u00eetre s\u2019il le g\u00eanait dans sa ges\u00adtion du Pou\u00advoir&nbsp;? Ignore-t-il toutes les d\u00e9cla\u00adra\u00adtions, d\u00e9ci\u00adsions et ordres, toute l\u2019activit\u00e9 sou\u00adter\u00adraine des lea\u00adders de l\u2019I.S. dite rouge et du P.C. qui tendent \u00e0 dimi\u00adnuer la valeur morale et mat\u00e9\u00adrielle de l\u2019organisation \u00e9conomique&nbsp;?<\/p>\n<p style=\"text-align: justify;\">Il ne fau\u00addrait tout de m\u00eame pas nous faire croire qu\u2019il suf\u00adfit d\u2019\u00eatre aveu\u00adgl\u00e9 pour prou\u00adver que l\u2019on y voit tr\u00e8s clair, ni non plus par\u00adler des r\u00e9a\u00adli\u00adsa\u00adtions com\u00admu\u00adnistes de ceux qui sont les pre\u00admiers \u00e0 recon\u00adna\u00ee\u00adtra qu\u2019ils ont \u00e0 d\u00e9fendre un d\u00e9mo\u00adcra\u00adtisme naissant.<\/p>\n<p style=\"text-align: justify;\">Aus\u00adsi bien nous repr\u00e9\u00adsente-t-on la r\u00e9vo\u00adlu\u00adtion russe comme \u00e9tant \u00e0 peine au m\u00eame point que la r\u00e9vo\u00adlu\u00adtion fran\u00ad\u00e7aise apr\u00e8s la prise du pou\u00advoir par les bour\u00adgeois de l\u2019\u00e9poque.<\/p>\n<p style=\"text-align: justify;\">Cela ne dimi\u00adnue aucu\u00adne\u00adment les r\u00e9vo\u00adlu\u00adtion\u00adnaires de 1793 ni non plus ceux de 1917, mais n\u2019augmente pas dans nos c\u0153urs l\u2019estime que nous devons avoir pour ceux qui, oubliant la valeur cr\u00e9a\u00adtrice du Pro\u00adl\u00e9\u00adta\u00adriat sur le ter\u00adrain \u00e9co\u00adno\u00admique, font pas\u00adser avant tout l\u2019int\u00e9r\u00eat poli\u00adtique de leur&nbsp;parti.<\/p>\n<p style=\"text-align: justify;\">Ain\u00adsi ceux qui ont pris en mains les r\u00eanes de la r\u00e9vo\u00adlu\u00adtion conduisent-ils vers le N\u00e9ant un peuple qu\u2019ils croyaient diri\u00adger vers la&nbsp;vie.<\/p>\n<p style=\"text-align: justify;\">Qu\u2019il me soit per\u00admis de ter\u00admi\u00adner en nous situant bien.<\/p>\n<p style=\"text-align: justify;\"><i>Nous sommes avec tous ceux qui tendent une main fra\u00adter\u00adnelle aux tra\u00advailleurs russes. Avec les syn\u00addi\u00adca\u00adlistes r\u00e9vo\u00adlu\u00adtion\u00adnaires de ce pauvre pays, nous vou\u00adlons nous entendre pour assu\u00adrer le triomphe de l\u2019\u00e9conomique. Contre tous ceux qui, arbi\u00adtrai\u00adre\u00adment, usent de pro\u00adc\u00e9\u00add\u00e9s ignobles pour res\u00adtreindre la pen\u00ads\u00e9e humaine dans ses efforts pour r\u00e9a\u00adli\u00adser une soci\u00e9\u00adt\u00e9 har\u00admo\u00adnique<\/i>.<\/p>\n<p style=\"text-align: justify;\">Nous ne deman\u00addons donc pas mieux que de nous entendre pour faire recon\u00adna\u00eetre l\u2019ind\u00e9pendance du syn\u00addi\u00adca\u00adlisme r\u00e9vo\u00adlu\u00adtion\u00adnaire en Rus\u00adsie et lui per\u00admettre de se d\u00e9ve\u00adlop\u00adper libre\u00adment. En nous atte\u00adlant \u00e0 cette besogne, nous aurons d\u00e9ga\u00adg\u00e9 le syn\u00addi\u00adca\u00adlisme\u200a\u2014\u200atout court si vous le vou\u00adlez\u200a\u2014\u200ade la tutelle poli\u00adtique qui l\u2019enserre jusqu\u2019\u00e0 l\u2019\u00e9touffer.<\/p>\n<h4 style=\"text-align: center;\"><b>* * * *<\/b><\/h4>\n<p style=\"text-align: justify;\">L\u2019anniversaire de la mort du regret\u00adt\u00e9 F. Pel\u00adlou\u00adtier nous rap\u00adpelle uti\u00adle\u00adment qu\u2019un anar\u00adchiste sin\u00adc\u00e8re peut \u00e0 la fois se don\u00adner au Pro\u00adl\u00e9\u00adta\u00adriat en bataillant dans le syn\u00addi\u00adca\u00adlisme et res\u00adter l\u2019amoureux fervent de l\u2019int\u00e9grale liber\u00adt\u00e9 en com\u00adbat\u00adtant pour l\u2019Anarchie.<\/p>\n<p style=\"text-align: right;\">VEBER.<\/p>\n","protected":false},"excerpt":{"rendered":"<p>Tant que la C.G.T., d\u00e9nom\u00adm\u00e9e pro\u00advi\u00adsoire, n\u2019avait pour but que de ser\u00advir de lien entre les orga\u00adni\u00adsa\u00adtions d\u00e9si\u00adreuses de refaire l\u2019unit\u00e9, bri\u00ads\u00e9e par les mono\u00admanes scis\u00adsion\u00adnistes, nous ne pou\u00advions, certes pas, attendre d\u2019elle autre chose qu\u2019une besogne admi\u00adnis\u00adtra\u00adtive. Mal\u00adgr\u00e9 les innom\u00adbrables dif\u00adfi\u00adcul\u00adt\u00e9s que sou\u00adl\u00e8ve la r\u00e9or\u00adga\u00adni\u00adsa\u00adtion des forces syn\u00addi\u00adcales, d\u00e9sem\u00adpa\u00adr\u00e9es par le fait d\u2019une division&nbsp;[\u2026]<\/p>\n","protected":false},"author":299,"featured_media":8089,"comment_status":"closed","ping_status":"closed","sticky":false,"template":"wp-custom-template-page-d-article","format":"standard","meta":{"wp_typography_post_enhancements_disabled":false,"footnotes":""},"categories":[263],"tags":[635],"ppma_author":[1090],"class_list":["post-2679","post","type-post","status-publish","format-standard","has-post-thumbnail","hentry","category-la-revue-anarchiste-na3-mars-1922","tag-syndicalisme"],"authors":[{"term_id":1090,"user_id":299,"is_guest":0,"slug":"veber","display_name":"Paul V\u00e9ber","avatar_url":"https:\/\/secure.gravatar.com\/avatar\/f8c0705476be84f8b00e01eea40c78d6572822286abfb3d0ddf25c8a36d8523e?s=96&d=mm&r=g","author_category":"","user_url":"","last_name":"V\u00e9ber","first_name":"Paul","job_title":"","description":""}],"_links":{"self":[{"href":"https:\/\/la-presse-anarchiste.net\/index.php\/wp-json\/wp\/v2\/posts\/2679","targetHints":{"allow":["GET"]}}],"collection":[{"href":"https:\/\/la-presse-anarchiste.net\/index.php\/wp-json\/wp\/v2\/posts"}],"about":[{"href":"https:\/\/la-presse-anarchiste.net\/index.php\/wp-json\/wp\/v2\/types\/post"}],"author":[{"embeddable":true,"href":"https:\/\/la-presse-anarchiste.net\/index.php\/wp-json\/wp\/v2\/users\/299"}],"replies":[{"embeddable":true,"href":"https:\/\/la-presse-anarchiste.net\/index.php\/wp-json\/wp\/v2\/comments?post=2679"}],"version-history":[{"count":3,"href":"https:\/\/la-presse-anarchiste.net\/index.php\/wp-json\/wp\/v2\/posts\/2679\/revisions"}],"predecessor-version":[{"id":8419,"href":"https:\/\/la-presse-anarchiste.net\/index.php\/wp-json\/wp\/v2\/posts\/2679\/revisions\/8419"}],"wp:featuredmedia":[{"embeddable":true,"href":"https:\/\/la-presse-anarchiste.net\/index.php\/wp-json\/wp\/v2\/media\/8089"}],"wp:attachment":[{"href":"https:\/\/la-presse-anarchiste.net\/index.php\/wp-json\/wp\/v2\/media?parent=2679"}],"wp:term":[{"taxonomy":"category","embeddable":true,"href":"https:\/\/la-presse-anarchiste.net\/index.php\/wp-json\/wp\/v2\/categories?post=2679"},{"taxonomy":"post_tag","embeddable":true,"href":"https:\/\/la-presse-anarchiste.net\/index.php\/wp-json\/wp\/v2\/tags?post=2679"},{"taxonomy":"author","embeddable":true,"href":"https:\/\/la-presse-anarchiste.net\/index.php\/wp-json\/wp\/v2\/ppma_author?post=2679"}],"curies":[{"name":"wp","href":"https:\/\/api.w.org\/{rel}","templated":true}]}}