{"id":269,"date":"2007-03-31T16:35:09","date_gmt":"2007-03-31T16:35:09","guid":{"rendered":"https:\/\/la-presse-anarchiste.net\/index.php\/2007\/03\/31\/repression-en-bulgarie\/"},"modified":"2007-03-31T16:35:09","modified_gmt":"2007-03-31T16:35:09","slug":"repression-en-bulgarie","status":"publish","type":"post","link":"https:\/\/la-presse-anarchiste.net\/index.php\/2007\/03\/31\/repression-en-bulgarie\/","title":{"rendered":"R\u00e9pression en Bulgarie"},"content":{"rendered":"<div class=\"pdfprnt-buttons pdfprnt-buttons-post pdfprnt-top-right\"><a href=\"https:\/\/la-presse-anarchiste.net\/index.php\/wp-json\/wp\/v2\/posts\/269?print=pdf\" class=\"pdfprnt-button pdfprnt-button-pdf\" target=\"_blank\"><img decoding=\"async\" src=\"https:\/\/la-presse-anarchiste.net\/wp-content\/plugins\/pdf-print\/images\/pdf.png\" alt=\"image_pdf\" title=\"Afficher le PDF\"><\/a><a href=\"https:\/\/la-presse-anarchiste.net\/index.php\/wp-json\/wp\/v2\/posts\/269?print=print\" class=\"pdfprnt-button pdfprnt-button-print\" target=\"_blank\"><img decoding=\"async\" src=\"https:\/\/la-presse-anarchiste.net\/wp-content\/plugins\/pdf-print\/images\/print.png\" alt=\"image_print\" title=\"Contenu imprim\u00e9\"><\/a><\/div><div align=\"justify\">\nOn parle beau\u00adcoup de la r\u00e9pres\u00adsion en Alle\u00admagne, en France, en Espagne, au Chi\u00adli, etc. Mais peu dans les pays de capi\u00adta\u00adlisme d\u2019\u00c9\u00adtat. Pour\u00adtant une oppo\u00adsi\u00adtion existe\u2026 en Bulgarie.\n<p>\tDes nou\u00advelles par\u00adve\u00adnues en d\u00e9cembre 74 informent sur la d\u00e9ten\u00adtion et l\u2019in\u00adter\u00adne\u00adment de plu\u00adsieurs cama\u00adrades anar\u00adchistes&nbsp;: Alexandre Nakov (che\u00admi\u00adnot), Ata\u00adnas Kuceuv (ins\u00adti\u00adtu\u00adteur) et Lubo\u00admir Djer\u00adma\u00adnov (tech\u00adni\u00adcien des mines), tous les trois de la ville de Per\u00adnik, centre m\u00e9tal\u00adlur\u00adgique, ont \u00e9t\u00e9 condam\u00adn\u00e9s \u00e0 cinq ans de pri\u00adson ferme. Chris\u00adto Kolev, apr\u00e8s 11 ans de camp de concen\u00adtra\u00adtion a \u00e9t\u00e9 de nou\u00adveau inter\u00adn\u00e9 apr\u00e8s avoir par\u00adti\u00adci\u00adp\u00e9 \u00e0 l\u2019\u00e9\u00adrec\u00adtion du Monu\u00adment Mor\u00adtuaire de Vasil Iko\u00adno\u00admov, gu\u00e9\u00adrille\u00adro anar\u00adchiste des ann\u00e9es 20\u200a\u2013\u200a25. (On sait que dans les pays de l\u2019Est les \u00ab&nbsp;enter\u00adre\u00adments&nbsp;\u00bb sont l\u2019oc\u00adca\u00adsion de ras\u00adsem\u00adble\u00adment d\u2019op\u00adpo\u00adsants.) Gant\u00adcho Damia\u00adnov (comp\u00adtable) et Ata\u00adnas Artu\u00adkouv ont \u00e9t\u00e9 inter\u00adn\u00e9s. Ain\u00adsi que Sacho Gui\u00adgov (sculp\u00adteur) qui est mort en sep\u00adtembre pen\u00addant son internement.<\/p>\n<p>\tInter\u00adne\u00adment signi\u00adfie r\u00e9si\u00addence for\u00adc\u00e9e dans des vil\u00adlages et d\u00e9pla\u00adce\u00adments r\u00e9p\u00e9t\u00e9s.&nbsp;<\/p><\/div>\n","protected":false},"excerpt":{"rendered":"<p>On parle beau\u00adcoup de la r\u00e9pres\u00adsion en Alle\u00admagne, en France, en Espagne, au Chi\u00adli, etc. Mais peu dans les pays de capi\u00adta\u00adlisme d\u2019\u00c9\u00adtat. Pour\u00adtant une oppo\u00adsi\u00adtion existe\u2026 en Bul\u00adga\u00adrie. Des nou\u00advelles par\u00adve\u00adnues en d\u00e9cembre 74 informent sur la d\u00e9ten\u00adtion et l\u2019in\u00adter\u00adne\u00adment de plu\u00adsieurs cama\u00adrades anar\u00adchistes&nbsp;: Alexandre Nakov (che\u00admi\u00adnot), Ata\u00adnas Kuceuv (ins\u00adti\u00adtu\u00adteur) et Lubo\u00admir Djer\u00adma\u00adnov (tech\u00adni\u00adcien [\u2026]<\/p>\n","protected":false},"author":1,"featured_media":0,"comment_status":"closed","ping_status":"closed","sticky":false,"template":"","format":"standard","meta":{"wp_typography_post_enhancements_disabled":false,"footnotes":""},"categories":[37],"tags":[],"ppma_author":[540],"class_list":["post-269","post","type-post","status-publish","format-standard","hentry","category-la-lanterne-noire-na3-juin-juillet-1975"],"authors":[{"term_id":540,"user_id":1,"is_guest":0,"slug":"admin_3gikpwyf","display_name":"Vincent Dubuc","avatar_url":"https:\/\/secure.gravatar.com\/avatar\/d015720652c25fd2ced191ade86430094e1f288a17483713e3b34d26dea52507?s=96&d=mm&r=g","author_category":"","user_url":"https:\/\/la-presse-anarchiste.net","last_name":"Dubuc","first_name":"Vincent","job_title":"","description":""}],"_links":{"self":[{"href":"https:\/\/la-presse-anarchiste.net\/index.php\/wp-json\/wp\/v2\/posts\/269","targetHints":{"allow":["GET"]}}],"collection":[{"href":"https:\/\/la-presse-anarchiste.net\/index.php\/wp-json\/wp\/v2\/posts"}],"about":[{"href":"https:\/\/la-presse-anarchiste.net\/index.php\/wp-json\/wp\/v2\/types\/post"}],"author":[{"embeddable":true,"href":"https:\/\/la-presse-anarchiste.net\/index.php\/wp-json\/wp\/v2\/users\/1"}],"replies":[{"embeddable":true,"href":"https:\/\/la-presse-anarchiste.net\/index.php\/wp-json\/wp\/v2\/comments?post=269"}],"version-history":[{"count":0,"href":"https:\/\/la-presse-anarchiste.net\/index.php\/wp-json\/wp\/v2\/posts\/269\/revisions"}],"wp:attachment":[{"href":"https:\/\/la-presse-anarchiste.net\/index.php\/wp-json\/wp\/v2\/media?parent=269"}],"wp:term":[{"taxonomy":"category","embeddable":true,"href":"https:\/\/la-presse-anarchiste.net\/index.php\/wp-json\/wp\/v2\/categories?post=269"},{"taxonomy":"post_tag","embeddable":true,"href":"https:\/\/la-presse-anarchiste.net\/index.php\/wp-json\/wp\/v2\/tags?post=269"},{"taxonomy":"author","embeddable":true,"href":"https:\/\/la-presse-anarchiste.net\/index.php\/wp-json\/wp\/v2\/ppma_author?post=269"}],"curies":[{"name":"wp","href":"https:\/\/api.w.org\/{rel}","templated":true}]}}