{"id":271,"date":"2007-03-31T16:54:39","date_gmt":"2007-03-31T16:54:39","guid":{"rendered":"https:\/\/la-presse-anarchiste.net\/index.php\/2007\/03\/31\/lire-ou-ne-pas-lire-11\/"},"modified":"2007-03-31T16:54:39","modified_gmt":"2007-03-31T16:54:39","slug":"lire-ou-ne-pas-lire-11","status":"publish","type":"post","link":"https:\/\/la-presse-anarchiste.net\/index.php\/2007\/03\/31\/lire-ou-ne-pas-lire-11\/","title":{"rendered":"Lire ou ne pas&nbsp;lire"},"content":{"rendered":"<div class=\"pdfprnt-buttons pdfprnt-buttons-post pdfprnt-top-right\"><a href=\"https:\/\/la-presse-anarchiste.net\/index.php\/wp-json\/wp\/v2\/posts\/271?print=pdf\" class=\"pdfprnt-button pdfprnt-button-pdf\" target=\"_blank\"><img decoding=\"async\" src=\"https:\/\/la-presse-anarchiste.net\/wp-content\/plugins\/pdf-print\/images\/pdf.png\" alt=\"image_pdf\" title=\"Afficher le PDF\"><\/a><a href=\"https:\/\/la-presse-anarchiste.net\/index.php\/wp-json\/wp\/v2\/posts\/271?print=print\" class=\"pdfprnt-button pdfprnt-button-print\" target=\"_blank\"><img decoding=\"async\" src=\"https:\/\/la-presse-anarchiste.net\/wp-content\/plugins\/pdf-print\/images\/print.png\" alt=\"image_print\" title=\"Contenu imprim\u00e9\"><\/a><\/div><div align=\"justify\">\n\tComme le sage sur sa col\u00adline, l\u2019his\u00adto\u00adrien \u00ab&nbsp;peut se per\u00admettre d\u2019af\u00adfir\u00admer que sa sym\u00adpa\u00adthie va aux rebelles, tout en conc\u00e9\u00addant que la r\u00e9pres\u00adsion bol\u00adche\u00advique fut jus\u00adti\u00adfi\u00e9e. Le recon\u00adna\u00eetre, c\u2019est en v\u00e9ri\u00adt\u00e9 embras\u00adser la tra\u00adg\u00e9\u00addie de Crons\u00adtadt dans sa pl\u00e9\u00adni\u00adtude&nbsp;\u00bb (p.&nbsp;14). Avrich affirme ain\u00adsi la r\u00e9a\u00adli\u00adt\u00e9 d\u2019une science his\u00adto\u00adrique pla\u00adc\u00e9e au-des\u00adsus de toutes contin\u00adgences, ce qui lui per\u00admet de dis\u00adtil\u00adler sur ce sujet br\u00fb\u00adlant, une infor\u00adma\u00adtion impar\u00adtiale. Rien n\u2019est jamais, ni tout \u00e0 fait blanc, ni tout \u00e0 fait noir et on peut com\u00adprendre et m\u00eame jus\u00adti\u00adfier les agis\u00adse\u00adments des bol\u00adche\u00adviks. Tem\u00adp\u00e9\u00adrons donc notre enthou\u00adsiasme pour les insur\u00adg\u00e9s. Il y a tou\u00adjours des ombres au tableau. La th\u00e9\u00e2\u00adtra\u00adli\u00adsa\u00adtion de cet \u00e9pi\u00adsode insur\u00adrec\u00adtion\u00adnel qui ten\u00adta de r\u00e9sis\u00adter \u00e0 la for\u00adma\u00adtion d\u2019un pou\u00advoir d\u2019\u00c9\u00adtat tou\u00adjours plus puis\u00adsant, t\u00e9moigne d\u2019une volon\u00adt\u00e9 de la fondre dans une glu impres\u00adsion\u00adniste. Ne serait-ce que pour \u00e9chap\u00adper au cli\u00advage mani\u00adch\u00e9iste qu\u2019A\u00advrich reproche pr\u00e9\u00adci\u00ads\u00e9\u00adment aux popu\u00adlistes. Une ques\u00adtion se pose \u00e0 l\u2019his\u00adto\u00adrien&nbsp;: pour \u00e9chap\u00adper \u00e0 la ten\u00adta\u00adtion de l\u2019\u00e9\u00adpo\u00adp\u00e9e, doit-il tem\u00adp\u00e9\u00adrer ces juge\u00adments (et ceci r\u00e9sume gros\u00adsi\u00e8\u00adre\u00adment la d\u00e9marche d\u2019A\u00advrich) ou alors, la consti\u00adtu\u00adtion d\u2019un cor\u00adpus his\u00adto\u00adrique qui ne sacri\u00adfie pas l\u2019a\u00adgen\u00adce\u00adment mat\u00e9\u00adriel de ses \u00e9l\u00e9\u00adments au pro\u00adjet id\u00e9o\u00adlo\u00adgique, peut-il per\u00admettre de sor\u00adtir de cette alter\u00adna\u00adtive&nbsp;: com\u00adment cela a\u2011t-il fonctionn\u00e9&nbsp;?\n<p>\tLe poin\u00adtage de l\u2019an\u00adti\u00ads\u00e9\u00admi\u00adtisme des Crons\u00adtad\u00adtiens est un de ces \u00e9l\u00e9\u00adments de contre\u00adpoint carac\u00adt\u00e9\u00adris\u00adtique de cette logique de clair-obs\u00adcur que d\u00e9ve\u00adloppe Avrich. \u00ab&nbsp;Le soir, un d\u00e9ta\u00adche\u00adment bol\u00adche\u00advique s\u2019ap\u00adproche de Crons\u00adtadt par le sud, pr\u00e9\u00adc\u00e9\u00add\u00e9 d\u2019un dra\u00adpeau blanc. Deux membres du comi\u00adt\u00e9 r\u00e9vo\u00adlu\u00adtion\u00adnaire pro\u00advi\u00adsoire, Ver\u00adchi\u00adnine et Kou\u00adpo\u00adlov, se por\u00adt\u00e8rent \u00e0 sa ren\u00adcontre \u00e0 che\u00adval. Selon le t\u00e9moi\u00adgnage d\u2019un kour\u00adsant membre du d\u00e9ta\u00adche\u00adment, Vachi\u00adnine, un mate\u00adlot du S\u00e9bas\u00adto\u00adpol, appe\u00adla \u00e0 l\u2019ac\u00adtion com\u00admune contre les oppres\u00adseurs juifs et com\u00admu\u00adnistes et \u00e0 l\u2019\u00e9\u00adlec\u00adtion d\u2019une v\u00e9ri\u00adtable auto\u00adri\u00adt\u00e9 r\u00e9vo\u00adlu\u00adtion\u00adnaire, c\u2019est-\u00e0-dire de soviets libres&nbsp;\u00bb (p.&nbsp;151)&nbsp;; ou \u00ab&nbsp;encore que, du m\u00eame souffle, les rebelles se d\u00e9fen\u00addissent d\u2019\u00e9\u00adprou\u00adver le moindre pr\u00e9\u00adju\u00adg\u00e9 anti\u00ads\u00e9\u00admite, il est indis\u00adcu\u00adtable que l\u2019hos\u00adti\u00adli\u00adt\u00e9 aux juifs \u00e9tait forte par\u00admi les mate\u00adlots de la flotte de la Bal\u00adtique, dont nombre \u00e9taient ori\u00adgi\u00adnaires d\u2019U\u00adkraine et des r\u00e9gions fron\u00adti\u00e8res, ber\u00adceau tra\u00addi\u00adtion\u00adnel de l\u2019an\u00adti\u00ads\u00e9\u00admi\u00adtisme le plus viru\u00adlent en Rus\u00adsie&nbsp;\u00bb (p.&nbsp;171\u200a\u2013\u200a172). La fra\u00adgi\u00adli\u00adt\u00e9 de ces affir\u00adma\u00adtions on ne peut plus vague\u200a\u2014\u200ale t\u00e9moi\u00adgnage d\u2019un kour\u00adsant, d\u00e9duc\u00adtion scien\u00adti\u00adfique quant aux pr\u00e9\u00adju\u00adg\u00e9s de classe de membres issus de la pay\u00adsan\u00adne\u00adrie\u200a\u2014\u200ac\u00e8de \u00e0 une faci\u00adli\u00adt\u00e9 de com\u00adpo\u00adsi\u00adtion regret\u00adtable. Il est pos\u00adsible que des Crons\u00adtad\u00adtiens aient \u00e9t\u00e9 anti\u00ads\u00e9\u00admites comme cer\u00adtai\u00adne\u00adment miso\u00adgynes. Est-ce \u00e0 dire qu\u2019un des rouages de l\u2019in\u00adsur\u00adrec\u00adtion, un des moteurs mat\u00e9\u00adriels concret, visible, ait \u00e9t\u00e9 l\u2019an\u00adti\u00ads\u00e9\u00admi\u00adtisme&nbsp;? Avrich ne nous donne pas les \u00e9l\u00e9\u00adments pour affir\u00admer cela. Les fai\u00adblesses de cette m\u00e9thode his\u00adto\u00adrique sont d\u2019au\u00adtant plus graves qu\u2019elles peuvent se faire le sup\u00adport d\u2019in\u00adt\u00e9\u00adr\u00eats poli\u00adtiques bien pr\u00e9\u00adcis. Ces \u00e9pi\u00adsodes san\u00adglants de la r\u00e9vo\u00adlu\u00adtion russe, si soi\u00adgneu\u00adse\u00adment cen\u00adsu\u00adr\u00e9s (presque pen\u00addant 50 ans), tota\u00adle\u00adment incon\u00adnus il y a 10 ans si ce n\u2019est par quelques ini\u00adti\u00e9s, sortent timi\u00adde\u00adment de l\u2019ou\u00adbli depuis mai 68. \u00c0 ce moment-l\u00e0 on trouve moyen de les enro\u00adber sub\u00adti\u00adle\u00adment des pr\u00e9\u00adju\u00adg\u00e9s de ceux qui, pr\u00e9\u00adci\u00ads\u00e9\u00adment, les ont r\u00e9pri\u00adm\u00e9s. On retrouve en fili\u00adgrane, dans l\u2019oeuvre d\u2019A\u00advrich, les pr\u00e9\u00adju\u00adg\u00e9s bol\u00adche\u00adviques \u00e0 l\u2019\u00e9\u00adgard de la pay\u00adsan\u00adne\u00adrie et de sa poten\u00adtia\u00adli\u00adt\u00e9 r\u00e9vo\u00adlu\u00adtion\u00adnaire, ain\u00adsi qu\u2019une esp\u00e8ce de juge\u00adment de valeur sur le carac\u00adt\u00e8re anar\u00adcho-popu\u00adliste de la men\u00adta\u00adli\u00adt\u00e9 des rebelles.<\/p>\n<p>\t\u00ab&nbsp;Les agi\u00adta\u00adteurs rebelles (comme devait l\u2019ob\u00adser\u00adver plus tard un jour\u00adna\u00adliste qui les inter\u00adro\u00adgeait) s\u2019\u00e9\u00adtaient for\u00adg\u00e9 un lan\u00adgage, \u00e9crit et par\u00adl\u00e9, d\u2019o\u00f9 \u00e9taient absents le jar\u00adgon mar\u00adxiste et les expres\u00adsions d\u2019al\u00adlure \u00e9tran\u00adg\u00e8re. \u00c9vi\u00adtant d\u00e9li\u00adb\u00e9\u00adr\u00e9\u00adment le terme \u00ab&nbsp;pro\u00adl\u00e9\u00adta\u00adriat&nbsp;\u00bb, ils pr\u00e9\u00adf\u00e9\u00adraient, en vrais popu\u00adlistes, se faire les avo\u00adcats d\u2019une soci\u00e9\u00adt\u00e9 dans laquelle l\u2019en\u00adsemble des tra\u00advailleurs\u200a\u2014\u200apay\u00adsans, ouvriers, intel\u00adlec\u00adtuels\u200a\u2014\u200atien\u00addraient le haut du pav\u00e9. Ils avaient ten\u00addance \u00e0 par\u00adler de la r\u00e9vo\u00adlu\u00adtion \u00ab&nbsp;sociale&nbsp;\u00bb plu\u00adt\u00f4t que \u00ab&nbsp;socia\u00adliste&nbsp;\u00bb car ils n\u2019en\u00advi\u00adsa\u00adgeaient pas la lutte des classes sous la forme \u00e9troite du conflit oppo\u00adsant les tra\u00advailleurs de l\u2019in\u00addus\u00adtrie \u00e0 la bour\u00adgeoi\u00adsie mais au sens narod\u00adnik tra\u00addi\u00adtion\u00adnel du com\u00adbat des masses labo\u00adrieuses dans leur ensemble contre ceux qui pros\u00adp\u00e9\u00adraient sur leur mis\u00e8re et leur exploi\u00adta\u00adtion, poli\u00adti\u00adciens et fonc\u00adtion\u00adnaires aus\u00adsi bien que pro\u00adpri\u00e9\u00adtaires et capi\u00adta\u00adlistes&nbsp;\u00bb (p.&nbsp;166).<\/p>\n<p>\tPar\u00admi les grands mythes, pro\u00adfon\u00add\u00e9\u00adment enra\u00adci\u00adn\u00e9s dans la psy\u00adcho\u00adlo\u00adgie pay\u00adsanne, celui de l\u2019\u00c9\u00adtat cen\u00adtra\u00adli\u00ads\u00e9, envi\u00adsa\u00adg\u00e9 comme un corps \u00e9tran\u00adger, arti\u00adfi\u00adciel\u00adle\u00adment gref\u00adf\u00e9 sur la soci\u00e9\u00adt\u00e9 russe, excrois\u00adsance mons\u00adtrueuse, pesant de tout son poids sur le peuple et res\u00adpon\u00adsable de ses souf\u00adfrances. La haine popu\u00adlaire du gou\u00adver\u00adne\u00adment et de ses fonc\u00adtion\u00adnaires s\u2019en\u00adra\u00adci\u00adnait pro\u00adfon\u00add\u00e9\u00adment dans l\u2019his\u00adtoire russe remon\u00adtant jus\u00adqu\u2019aux r\u00e9voltes cosaques et pay\u00adsannes des XVIIe et XVIII<sup>e<\/sup> si\u00e8cles.&nbsp;\u00bb (p.&nbsp;167).<\/p>\n<p>\tRap\u00adpe\u00adlons quelques pr\u00e9\u00adci\u00adsions de Voline \u00e0 pro\u00adpos du recru\u00adte\u00adment des marins de Crons\u00adtadt avant la r\u00e9vo\u00adlu\u00adtion (<em>La r\u00e9vo\u00adlu\u00adtion incon\u00adnue<\/em> \u2015 N.O.E. 1972, p.&nbsp;175, tome 2)&nbsp;: \u00ab&nbsp;D\u2019a\u00adbord les marins se recru\u00adtaient n\u00e9ces\u00adsai\u00adre\u00adment de tout temps, plu\u00adt\u00f4t par\u00admi les ouvriers. Et bien enten\u00addu on pr\u00e9\u00adf\u00e9\u00adrait pour les marins les plus qua\u00adli\u00adfi\u00e9s let\u00adtr\u00e9s et \u2018d\u00e9gour\u00addis\u2019.&nbsp;\u00bb<\/p>\n<p>\tD\u2019autre part, visi\u00adtant, en rai\u00adson m\u00eame de leur ser\u00advice, les pays \u00e9tran\u00adgers, les marins se ren\u00addaient faci\u00adle\u00adment compte de la dif\u00adf\u00e9\u00adrence entre les r\u00e9gimes rela\u00adti\u00adve\u00adment libres de ces pays et celui de la Rus\u00adsie tsa\u00adriste&nbsp;: ils assi\u00admi\u00adlaient mieux que n\u2019im\u00adporte quelle autre frac\u00adtion du peuple ou de l\u2019ar\u00adm\u00e9e les id\u00e9es et les pro\u00adgrammes des par\u00adtis politiques.<\/p>\n<p>\tPour\u00adquoi cette ind\u00e9\u00adpen\u00addance d\u2019es\u00adprit, ce sens de l\u2019i\u00adni\u00adtia\u00adtive qui carac\u00adt\u00e9\u00adri\u00ads\u00e8rent les marins de Crons\u00adtadt de 1905 \u00e0 1917 devraient-ils se muer en un obs\u00adcu\u00adran\u00adtisme pay\u00adsan&nbsp;? Certes, les popu\u00adlistes lors\u00adqu\u2019ils allaient au peuple \u00e0 la fin du si\u00e8cle s\u2019ac\u00adcor\u00addaient pour dire que les classes rurales \u00e9taient res\u00adt\u00e9es \u00e0 la d\u00e9vo\u00adtion du tzar id\u00e9al et qu\u2019elles croyaient tou\u00adjours \u00e0 l\u2019ap\u00adproche du jour o\u00f9 il devait chas\u00adser du pays tous les pro\u00adpri\u00e9\u00adtaires du sol et dis\u00adtri\u00adbuer leurs biens \u00e0 ses fid\u00e8les pay\u00adsans. Sans pen\u00adser que cet \u00e9tat d\u2019es\u00adprit pas\u00adsif ait dis\u00adpa\u00adru dans la pay\u00adsan\u00adne\u00adrie russe, pour\u00adquoi pra\u00adti\u00adquer un amal\u00adgame th\u00e9\u00adma\u00adtique qu\u2019au\u00adcune don\u00adn\u00e9e concr\u00e8te n\u2019autorise&nbsp;?<\/p>\n<p>\t\u00ab&nbsp;Tout le pou\u00advoir aux soviets locaux&nbsp;\u00bb est une lutte contre la cen\u00adtra\u00adli\u00adt\u00e9 bol\u00adche\u00advique. Quant \u00e0 dire que c\u2019est une r\u00e9sur\u00adgence de l\u2019\u00ab&nbsp;uto\u00adpie&nbsp;\u00bb popu\u00adliste qui pen\u00adsait la sup\u00adpres\u00adsion du tsar comme le d\u00e9to\u00adna\u00adteur de la r\u00e9vo\u00adlu\u00adtion, c\u2019est pen\u00adser l\u2019his\u00adtoire en terme de tra\u00adves\u00adtis\u00adse\u00adment. La forme est dif\u00adf\u00e9\u00adrente. mais la sub\u00adstance sem\u00adblable. Et m\u00eame si cer\u00adtains anar\u00adchistes se sont plu \u00e0 se trou\u00adver des anc\u00eatres dans le popu\u00adlisme, il semble que le tra\u00advail his\u00adto\u00adrique se situe \u00e0 un autre niveau du \u00ab&nbsp;r\u00e9el&nbsp;\u00bb que la simple r\u00e9col\u00adlec\u00adtion de dis\u00adcours. Rien ne nous donne dans cet ouvrage une id\u00e9e de l\u2019or\u00adga\u00adni\u00adsa\u00adtion concr\u00e8te de lutte sinon de r\u00e9sis\u00adtance tant au plan stra\u00adt\u00e9\u00adgique que pro\u00adpre\u00adment quotidien.<\/p>\n<p>Gil\u00adberte.\n<\/p><\/div>\n","protected":false},"excerpt":{"rendered":"<p>Comme le sage sur sa col\u00adline, l\u2019his\u00adto\u00adrien \u00ab&nbsp;peut se per\u00admettre d\u2019af\u00adfir\u00admer que sa sym\u00adpa\u00adthie va aux rebelles, tout en conc\u00e9\u00addant que la r\u00e9pres\u00adsion bol\u00adche\u00advique fut jus\u00adti\u00adfi\u00e9e. Le recon\u00adna\u00eetre, c\u2019est en v\u00e9ri\u00adt\u00e9 embras\u00adser la tra\u00adg\u00e9\u00addie de Crons\u00adtadt dans sa pl\u00e9\u00adni\u00adtude&nbsp;\u00bb (p.&nbsp;14). Avrich affirme ain\u00adsi la r\u00e9a\u00adli\u00adt\u00e9 d\u2019une science his\u00adto\u00adrique pla\u00adc\u00e9e au-des\u00ad\u00adsus de toutes contin\u00adgences, ce&nbsp;qui&nbsp;[\u2026]<\/p>\n","protected":false},"author":1,"featured_media":0,"comment_status":"closed","ping_status":"closed","sticky":false,"template":"","format":"standard","meta":{"wp_typography_post_enhancements_disabled":false,"footnotes":""},"categories":[37],"tags":[],"ppma_author":[540],"class_list":["post-271","post","type-post","status-publish","format-standard","hentry","category-la-lanterne-noire-na3-juin-juillet-1975"],"authors":[{"term_id":540,"user_id":1,"is_guest":0,"slug":"admin_3gikpwyf","display_name":"Vincent Dubuc","avatar_url":"https:\/\/secure.gravatar.com\/avatar\/d015720652c25fd2ced191ade86430094e1f288a17483713e3b34d26dea52507?s=96&d=mm&r=g","author_category":"","user_url":"https:\/\/la-presse-anarchiste.net","last_name":"Dubuc","first_name":"Vincent","job_title":"","description":""}],"_links":{"self":[{"href":"https:\/\/la-presse-anarchiste.net\/index.php\/wp-json\/wp\/v2\/posts\/271","targetHints":{"allow":["GET"]}}],"collection":[{"href":"https:\/\/la-presse-anarchiste.net\/index.php\/wp-json\/wp\/v2\/posts"}],"about":[{"href":"https:\/\/la-presse-anarchiste.net\/index.php\/wp-json\/wp\/v2\/types\/post"}],"author":[{"embeddable":true,"href":"https:\/\/la-presse-anarchiste.net\/index.php\/wp-json\/wp\/v2\/users\/1"}],"replies":[{"embeddable":true,"href":"https:\/\/la-presse-anarchiste.net\/index.php\/wp-json\/wp\/v2\/comments?post=271"}],"version-history":[{"count":0,"href":"https:\/\/la-presse-anarchiste.net\/index.php\/wp-json\/wp\/v2\/posts\/271\/revisions"}],"wp:attachment":[{"href":"https:\/\/la-presse-anarchiste.net\/index.php\/wp-json\/wp\/v2\/media?parent=271"}],"wp:term":[{"taxonomy":"category","embeddable":true,"href":"https:\/\/la-presse-anarchiste.net\/index.php\/wp-json\/wp\/v2\/categories?post=271"},{"taxonomy":"post_tag","embeddable":true,"href":"https:\/\/la-presse-anarchiste.net\/index.php\/wp-json\/wp\/v2\/tags?post=271"},{"taxonomy":"author","embeddable":true,"href":"https:\/\/la-presse-anarchiste.net\/index.php\/wp-json\/wp\/v2\/ppma_author?post=271"}],"curies":[{"name":"wp","href":"https:\/\/api.w.org\/{rel}","templated":true}]}}