{"id":272,"date":"2007-03-31T17:11:19","date_gmt":"2007-03-31T17:11:19","guid":{"rendered":"https:\/\/la-presse-anarchiste.net\/index.php\/2007\/03\/31\/debat\/"},"modified":"2007-03-31T17:11:19","modified_gmt":"2007-03-31T17:11:19","slug":"debat","status":"publish","type":"post","link":"https:\/\/la-presse-anarchiste.net\/index.php\/2007\/03\/31\/debat\/","title":{"rendered":"D\u00e9bat"},"content":{"rendered":"<div class=\"pdfprnt-buttons pdfprnt-buttons-post pdfprnt-top-right\"><a href=\"https:\/\/la-presse-anarchiste.net\/index.php\/wp-json\/wp\/v2\/posts\/272?print=pdf\" class=\"pdfprnt-button pdfprnt-button-pdf\" target=\"_blank\"><img decoding=\"async\" src=\"https:\/\/la-presse-anarchiste.net\/wp-content\/plugins\/pdf-print\/images\/pdf.png\" alt=\"image_pdf\" title=\"Afficher le PDF\"><\/a><a href=\"https:\/\/la-presse-anarchiste.net\/index.php\/wp-json\/wp\/v2\/posts\/272?print=print\" class=\"pdfprnt-button pdfprnt-button-print\" target=\"_blank\"><img decoding=\"async\" src=\"https:\/\/la-presse-anarchiste.net\/wp-content\/plugins\/pdf-print\/images\/print.png\" alt=\"image_print\" title=\"Contenu imprim\u00e9\"><\/a><\/div><div align=\"justify\">\n\tPer\u00adtur\u00adba\u00adtions et plus encore confu\u00adsion, au point que les r\u00e9ponses appor\u00adt\u00e9es par ces articles ne semblent pas d\u2019une aveu\u00adglante clart\u00e9.\n<p>\tPour\u00adtant une fois admise une posi\u00adtion de base anti-\u00c9tat et anti-d\u00e9l\u00e9\u00adga\u00adtion, on ne peut consi\u00add\u00e9\u00adrer le R\u00c9SULTAT d\u2019une \u00e9lec\u00adtion que comme pure\u00adment anecdotique.<\/p>\n<p>\tCe qui est impor\u00adtant, c\u2019est la situa\u00adtion \u00e9lec\u00adto\u00adrale. Elle s\u2019im\u00adpose \u00e0 nous comme la pluie, nous pou\u00advons l\u2019i\u00adgno\u00adrer ou ten\u00adter d\u2019en tirer par\u00adti mais non la&nbsp;nier.<\/p>\n<p>Le pre\u00admier d\u00e9bat devrait donc por\u00adter sur ce point&nbsp;: le ph\u00e9\u00adno\u00adm\u00e8ne est-il, oui ou non, exploi\u00adtable. On peut esti\u00admer que non. Parce que les \u00e9lec\u00adtions sont, en effet, une for\u00admi\u00addable machine de d\u00e9po\u00adli\u00adti\u00adsa\u00adtion. Parce que ce serait entrer dans le sys\u00adt\u00e8me ou encore par crainte des confu\u00adsions voir des com\u00adpro\u00admis\u00adsions. Il faut cepen\u00addant recon\u00adna\u00eetre que pen\u00addant la cam\u00adpagne, le public dans son ensemble est sen\u00adsi\u00adbi\u00adli\u00ads\u00e9 aux ques\u00adtions poli\u00adtiques, que l\u2019en\u00adsemble du per\u00adson\u00adnel poli\u00adtique est contraint de mon\u00adter en ligne aug\u00admen\u00adtant ain\u00adsi sa vul\u00adn\u00e9\u00adra\u00adbi\u00adli\u00adt\u00e9. Enfin il est indis\u00adcu\u00adtable que ce peut \u00eatre l\u2019oc\u00adca\u00adsion d\u2019un cer\u00adtain \u00ab&nbsp;d\u00e9tour\u00adne\u00adment des mass-m\u00e9dia du capi\u00adtal&nbsp;\u00bb. Contes\u00adter cela en citant Kri\u00advine c\u2019est condam\u00adner <em>La Lan\u00adterne Noire<\/em> en citant <em>Minute<\/em>.<\/p>\n<p>\tIl semble donc qu\u2019il soit pos\u00adsible de tirer autre chose des \u00e9lec\u00adtions que notre per\u00adtur\u00adba\u00adtion. Le pro\u00adbl\u00e8me qui se pose alors, notre atti\u00adtude envers tel ou tel can\u00addi\u00addat est d\u2019ordre pure\u00adment tac\u00adtique. Peu nous chaut que notre action risque de favo\u00adri\u00adser dans l\u2019im\u00adm\u00e9\u00addiat la \u00ab&nbsp;droite&nbsp;\u00bb ou la \u00ab&nbsp;gauche&nbsp;\u00bb, le r\u00e9sul\u00adtat \u00e9lec\u00adto\u00adral importe peu. La ques\u00adtion est de choi\u00adsir une atti\u00adtude qui favo\u00adrise notre tra\u00advail r\u00e9el, c\u2019est-\u00e0-dire la dif\u00adfu\u00adsion de nos&nbsp;id\u00e9es.<\/p>\n<p>\tCe tra\u00advail de dif\u00adfu\u00adsion a mal\u00adheu\u00adreu\u00adse\u00adment ten\u00addance \u00e0 se faire en cir\u00adcuit qua\u00adsi fer\u00adm\u00e9. On parle tou\u00adjours de \u00ab&nbsp;d\u00e9mas\u00adquer&nbsp;\u00bb, \u00ab&nbsp;d\u00e9mys\u00adti\u00adfier&nbsp;\u00bb, ce qui implique en fait comme cible les mili\u00adtants et sym\u00adpa\u00adthi\u00adsants des autres groupes et orga\u00adni\u00adsa\u00adtions, peut-\u00eatre 5&nbsp;% de la popu\u00adla\u00adtion. Celle-ci est beau\u00adcoup plus ali\u00e9\u00adn\u00e9e que mys\u00adti\u00adfi\u00e9e. Notons au pas\u00adsage que cette atti\u00adtude est par\u00adfai\u00adte\u00adment logique chez cer\u00adtains. Pour eux il faut \u00ab&nbsp;ani\u00admer les masses&nbsp;\u00bb et sur\u00adtout pas de masses anim\u00e9es.<\/p>\n<p>\tCette ten\u00addance n\u2019\u00e9\u00adpargne pas les liber\u00adtaires, <a href=\"211\">il semble que Gil\u00adberte<\/a>, par exemple, se pas\u00adsionne pour les d\u00e9cla\u00adra\u00adtions de Cohn-Ben\u00addit. Kri\u00advine, Seguy, voire Levy Leblond, alors qu\u2019il vau\u00addrait sans doute mieux pen\u00adser aux moyens de semer le doute et la r\u00e9flexion dans l\u2019es\u00adprit de gens qui ont sur\u00adtout enten\u00addu par\u00adler de Pou\u00adli\u00addor. Le plus iro\u00adnique c\u2019est que si on peut en quelques mois fabri\u00adquer un hon\u00adn\u00eate sta\u00adli\u00adnien \u00e0 par\u00adtir d\u2019un Dupont cou\u00adrant, quinze ann\u00e9es ne seront pas de trop pour le rame\u00adner \u00e0 une pen\u00ads\u00e9e plus&nbsp;saine.<\/p>\n<p>\tDans ces condi\u00adtions on ne voit pas trop d\u2019in\u00adt\u00e9\u00adr\u00eat \u00e0 atta\u00adquer sys\u00adt\u00e9\u00adma\u00adti\u00adque\u00adment la \u00ab&nbsp;gauche&nbsp;\u00bb sur\u00adtout qu\u2019elle n\u2019est pas au pou\u00advoir. Et ce d\u2019au\u00adtant plus&nbsp;que&nbsp;:<\/p>\n<ul>\n<li>Il est g\u00e9n\u00e9\u00adra\u00adle\u00adment plus facile de \u00ab&nbsp;faire pas\u00adser&nbsp;\u00bb un th\u00e8me positif.<\/li>\n<\/ul>\n<ul>\n<li>Il faut par\u00adler aux gens de ce qui les touche, il n\u2019est pas \u00e9vident que m\u00eame la masse des \u00e9lec\u00adteurs com\u00admu\u00adnistes se pas\u00adsionnent pour Marchais.<\/li>\n<\/ul>\n<ul>\n<li>Toute attaque entra\u00eene riposte. Est-il vrai\u00adment effi\u00adcace de pol\u00e9\u00admi\u00adquer \u00e0 lon\u00adgueur d\u2019an\u00adn\u00e9e avec les m\u00eames ennemis&nbsp;?<\/li>\n<\/ul>\n<p>\tEn guise de conclu\u00adsion, ne serait-il pas rai\u00adson\u00adnable de pen\u00adser d\u2019a\u00adbord au conte\u00adnu de notre mes\u00adsage, ensuite de nous pr\u00e9\u00adoc\u00adcu\u00adper de ses des\u00adti\u00adna\u00adtaires afin de d\u00e9fi\u00adnir forme et moyens plu\u00adt\u00f4t que de nous ame\u00adner \u00e0 ten\u00adter d\u2019\u00e9\u00adta\u00adblir un clas\u00adse\u00adment par ordre de noci\u00advi\u00adt\u00e9 crois\u00adsante entre les dif\u00adf\u00e9\u00adrentes sous-esp\u00e8ces d\u2019autoritaires&nbsp;?<\/p>\n<\/div>","protected":false},"excerpt":{"rendered":"<p>Per\u00adtur\u00adba\u00adtions et plus encore confu\u00adsion, au point que les r\u00e9ponses appor\u00adt\u00e9es par ces articles ne semblent pas d\u2019une aveu\u00adglante clar\u00adt\u00e9. Pour\u00adtant une fois admise une posi\u00adtion de base anti-\u00c9tat et anti-d\u00e9l\u00e9\u00ad\u00adga\u00ad\u00adtion, on ne peut consi\u00add\u00e9\u00adrer le R\u00c9SULTAT d\u2019une \u00e9lec\u00adtion que comme pure\u00adment anec\u00addo\u00adtique. Ce qui est impor\u00adtant, c\u2019est la situa\u00adtion \u00e9lec\u00adto\u00adrale. Elle s\u2019im\u00adpose \u00e0&nbsp;nous&nbsp;[\u2026]<\/p>\n","protected":false},"author":1,"featured_media":0,"comment_status":"closed","ping_status":"closed","sticky":false,"template":"","format":"standard","meta":{"wp_typography_post_enhancements_disabled":false,"footnotes":""},"categories":[37],"tags":[],"ppma_author":[540],"class_list":["post-272","post","type-post","status-publish","format-standard","hentry","category-la-lanterne-noire-na3-juin-juillet-1975"],"authors":[{"term_id":540,"user_id":1,"is_guest":0,"slug":"admin_3gikpwyf","display_name":"Vincent Dubuc","avatar_url":"https:\/\/secure.gravatar.com\/avatar\/d015720652c25fd2ced191ade86430094e1f288a17483713e3b34d26dea52507?s=96&d=mm&r=g","author_category":"","user_url":"https:\/\/la-presse-anarchiste.net","last_name":"Dubuc","first_name":"Vincent","job_title":"","description":""}],"_links":{"self":[{"href":"https:\/\/la-presse-anarchiste.net\/index.php\/wp-json\/wp\/v2\/posts\/272","targetHints":{"allow":["GET"]}}],"collection":[{"href":"https:\/\/la-presse-anarchiste.net\/index.php\/wp-json\/wp\/v2\/posts"}],"about":[{"href":"https:\/\/la-presse-anarchiste.net\/index.php\/wp-json\/wp\/v2\/types\/post"}],"author":[{"embeddable":true,"href":"https:\/\/la-presse-anarchiste.net\/index.php\/wp-json\/wp\/v2\/users\/1"}],"replies":[{"embeddable":true,"href":"https:\/\/la-presse-anarchiste.net\/index.php\/wp-json\/wp\/v2\/comments?post=272"}],"version-history":[{"count":0,"href":"https:\/\/la-presse-anarchiste.net\/index.php\/wp-json\/wp\/v2\/posts\/272\/revisions"}],"wp:attachment":[{"href":"https:\/\/la-presse-anarchiste.net\/index.php\/wp-json\/wp\/v2\/media?parent=272"}],"wp:term":[{"taxonomy":"category","embeddable":true,"href":"https:\/\/la-presse-anarchiste.net\/index.php\/wp-json\/wp\/v2\/categories?post=272"},{"taxonomy":"post_tag","embeddable":true,"href":"https:\/\/la-presse-anarchiste.net\/index.php\/wp-json\/wp\/v2\/tags?post=272"},{"taxonomy":"author","embeddable":true,"href":"https:\/\/la-presse-anarchiste.net\/index.php\/wp-json\/wp\/v2\/ppma_author?post=272"}],"curies":[{"name":"wp","href":"https:\/\/api.w.org\/{rel}","templated":true}]}}