{"id":2724,"date":"2011-05-28T17:28:42","date_gmt":"2011-05-28T17:28:42","guid":{"rendered":"https:\/\/la-presse-anarchiste.net\/index.php\/2011\/05\/28\/ce-qui-se-passe-18\/"},"modified":"2011-05-28T17:28:42","modified_gmt":"2011-05-28T17:28:42","slug":"ce-qui-se-passe-18","status":"publish","type":"post","link":"https:\/\/la-presse-anarchiste.net\/index.php\/2011\/05\/28\/ce-qui-se-passe-18\/","title":{"rendered":"Ce qui se&nbsp;passe"},"content":{"rendered":"<div class=\"pdfprnt-buttons pdfprnt-buttons-post pdfprnt-top-right\"><a href=\"https:\/\/la-presse-anarchiste.net\/index.php\/wp-json\/wp\/v2\/posts\/2724?print=pdf\" class=\"pdfprnt-button pdfprnt-button-pdf\" target=\"_blank\"><img decoding=\"async\" src=\"https:\/\/la-presse-anarchiste.net\/wp-content\/plugins\/pdf-print\/images\/pdf.png\" alt=\"image_pdf\" title=\"Afficher le PDF\"><\/a><a href=\"https:\/\/la-presse-anarchiste.net\/index.php\/wp-json\/wp\/v2\/posts\/2724?print=print\" class=\"pdfprnt-button pdfprnt-button-print\" target=\"_blank\"><img decoding=\"async\" src=\"https:\/\/la-presse-anarchiste.net\/wp-content\/plugins\/pdf-print\/images\/print.png\" alt=\"image_print\" title=\"Contenu imprim\u00e9\"><\/a><\/div><p>La renais\u00adsance syn\u00addi\u00adcale s\u2019affirme de plus en&nbsp;plus.<\/p>\n<p>Quand on songe au rude coup que por\u00adta, au syn\u00addi\u00adca\u00adlisme l\u2019\u00e9chec des gr\u00e8ves de 1920 et que l\u2019on sent, quand m\u00eame, vibrer dans les c\u0153urs le d\u00e9sir de se mesu\u00adrer \u00e0 nou\u00adveau avec nos adver\u00adsaires directs, on peut se d\u00e9cla\u00adrer en par\u00adtie satisfait.<\/p>\n<p>D\u2019autant plus que divers \u00e9v\u00e9\u00adne\u00adments sont encore venus accro\u00eetre les dif\u00adfi\u00adcul\u00adt\u00e9s et que, loin d\u2019\u00eatre uni\u00adforme, la pro\u00adpa\u00adgande qui se fait contra\u00adrie sou\u00advent les efforts des uns et des autres.<\/p>\n<p>Il est cer\u00adtain que pour obte\u00adnir un r\u00e9sul\u00adtat pro\u00adbant et voir se r\u00e9a\u00adli\u00adser notre espoir, il est indis\u00adpen\u00adsable que tous les syn\u00addi\u00adca\u00adlistes, tous les com\u00adpa\u00adgnons apportent \u00e0 la pro\u00adpa\u00adga\u00adtion des th\u00e9o\u00adries \u00e9co\u00adno\u00admiques une acti\u00advi\u00adt\u00e9 inlas\u00adsable et qu\u2019ils recherchent une base de dis\u00adcus\u00adsion d\u2019o\u00f9 pour\u00adrait sor\u00adtir un pro\u00adgramme d\u2019action plus appro\u00adpri\u00e9 aux cir\u00adcons\u00adtances et par l\u00e0 m\u00eame plus efficace.<\/p>\n<p>Le pro\u00adl\u00e9\u00adta\u00adriat en tire\u00adrait un b\u00e9n\u00e9\u00adfice cer\u00adtain et nous arri\u00adve\u00adrions ain\u00adsi \u00e0 anni\u00adhi\u00adler l\u2019activit\u00e9 per\u00adni\u00adcieuse des poli\u00adti\u00adciens de tous crins, tout en par\u00adfai\u00adsant l\u2019\u00e9ducation n\u00e9cessaire.<\/p>\n<p>Plus la pr\u00e9\u00adpa\u00adra\u00adtion \u00e0 l\u2019action sera pro\u00adfonde, \u00e9ten\u00addue, plus les masses seront atteintes par notre vul\u00adga\u00adri\u00adsa\u00adtion, plus notre impul\u00adsion se fera sen\u00adtir, et mieux nous pour\u00adrons envi\u00adsa\u00adger les pos\u00adsi\u00adbi\u00adli\u00adt\u00e9s r\u00e9alisatrices.<\/p>\n<p>[|<b>*  *  *  *<\/b>|]<br>\n<\/p>\n<p>Le 1<sup>er<\/sup> mai 1922 a, par son ampleur, d\u00e9pas\u00ads\u00e9 cer\u00adtai\u00adne\u00adment les pr\u00e9\u00advi\u00adsions que l\u2019on \u00e9tait \u00e0 m\u00eame de se permettre.<\/p>\n<p>Le ch\u00f4\u00admage, pour n\u2019\u00eatre pas com\u00adplet, s\u2019est \u00e9ten\u00addu suf\u00adfi\u00adsam\u00adment pour que cette jour\u00adn\u00e9e rev\u00eate le carac\u00adt\u00e8re de mani\u00adfes\u00adta\u00adtion reven\u00addi\u00adca\u00adtrice que nous d\u00e9si\u00adrons lui voir prendre.<\/p>\n<p>Paris avait per\u00addu un peu de la vie tr\u00e9\u00adpi\u00addante, de la fi\u00e8vre d\u00e9bor\u00addante, de cette acti\u00advi\u00adt\u00e9 bruyante qui le carac\u00adt\u00e9\u00adrise&nbsp;; cela, mal\u00adgr\u00e9 les ordres des gou\u00adver\u00adnants de la finance, et les pr\u00e9\u00adcau\u00adtions qu\u2019avaient pu prendre les orga\u00adni\u00adsa\u00adtions dites d\u2019int\u00e9r\u00eat \u00e9co\u00adno\u00admique et autres ligues civiques<\/p>\n<p>Le suc\u00adc\u00e8s des mani\u00adfes\u00adta\u00adtions d\u2019ensemble du dimanche et du lun\u00addi r\u00e9pon\u00addit aux esp\u00e9\u00adrances des mili\u00adtants et ce retour \u00e0 la vie active des orga\u00adni\u00adsa\u00adtions syn\u00addi\u00adcales est de bon aloi. Une fois de plus, les anar\u00adchistes s\u2019affirm\u00e8rent en par\u00adti\u00adci\u00adpant effi\u00adca\u00adce\u00adment \u00e0 toutes les actions entreprises.<\/p>\n<p>En pro\u00advince, le r\u00e9sul\u00adtat obte\u00adnu fut encore plus satis\u00adfai\u00adsant, toutes pro\u00adpor\u00adtions gar\u00add\u00e9es&nbsp;; d\u2019autant plus que le recul subi par les syn\u00addi\u00adcats y avait \u00e9t\u00e9 for\u00adte\u00adment mar\u00adqu\u00e9 et que les mili\u00adtants obs\u00adcurs de ces orga\u00adni\u00adsa\u00adtions \u00e9prouvent beau\u00adcoup plus de dif\u00adfi\u00adcul\u00adt\u00e9s \u00e0 se mani\u00adfes\u00adter et \u00e0&nbsp;agir.<\/p>\n<p>Tenant compte des moments dif\u00adfi\u00adciles par les\u00adquels est pas\u00ads\u00e9 le syn\u00addi\u00adca\u00adlisme et consta\u00adtant qu\u2019il n\u2019a rien per\u00addu de sa puis\u00adsance d\u2019attraction, nous pou\u00advons affir\u00admer que l\u2019expression du m\u00e9con\u00adten\u00adte\u00adment des tra\u00advailleurs ne fera que cro\u00eetre, au fur et \u00e0 mesure que les \u00e9v\u00e9\u00adne\u00adments se pr\u00e9\u00adci\u00adpi\u00adte\u00adront et que, paral\u00adl\u00e8\u00adle\u00adment, notre action se fera plus pr\u00e9\u00adcise et plus pressante.<\/p>\n<p>[|<b>*  *  *  *<\/b>|]<br>\n<\/p>\n<p>Quelques semaines seule\u00adment nous s\u00e9parent du Congr\u00e8s consti\u00adtu\u00adtif de notre C.G.T. et les dis\u00adcus\u00adsions vont bon&nbsp;train.<\/p>\n<p>Les ten\u00addances se font jour en s\u2019affirmant davan\u00adtage. Le choc des id\u00e9es se pro\u00adduit. La lutte s\u2019engage sur dif\u00adf\u00e9\u00adrents points bien d\u00e9termin\u00e9s.<\/p>\n<p>La Com\u00admis\u00adsion admi\u00adnis\u00adtra\u00adtive a sou\u00admis \u00e0 l\u2019\u00e9tude et \u00e0 la dis\u00adcus\u00adsion des orga\u00adni\u00adsa\u00adtions un pro\u00adjet de sta\u00adtuts qui contient d\u2019excellentes modi\u00adfi\u00adca\u00adtions et des am\u00e9\u00adlio\u00adra\u00adtions incon\u00adtes\u00adtables sur les pr\u00e9c\u00e9dents.<\/p>\n<p>Ces nou\u00adveaux sta\u00adtuts ne sont cer\u00adtai\u00adne\u00adment pas par\u00adfaits et nous avons encore \u00e0 appor\u00adter des sug\u00adges\u00adtions utiles au d\u00e9ve\u00adlop\u00adpe\u00adment du mou\u00adve\u00adment ouvrier \u00e9conomique.<\/p>\n<p>La pr\u00e9\u00advoyance et la clair\u00advoyance dont les anar\u00adchistes ont tou\u00adjours fait preuve doivent \u00eatre d\u2019un appoint s\u00e9rieux \u00e0 l\u2019\u00e9laboration pr\u00e9\u00adsente de ce pro\u00adjet qui doit ser\u00advir de base \u00e0 la char\u00adpente souple et solide sur laquelle vien\u00addront s\u2019amalgamer les \u00e9l\u00e9\u00adments com\u00adpo\u00adsant le bloc puis\u00adsant que doit for\u00admer la classe ouvri\u00e8re.<\/p>\n<p>L\u2019impression pre\u00admi\u00e8re, qui res\u00adsort des contro\u00adverses enga\u00adg\u00e9es, nous conduit \u00e0 pen\u00adser que le f\u00e9d\u00e9\u00adra\u00adlisme construc\u00adteur sor\u00adti\u00adra triom\u00adphant de sa lutte contre le cen\u00adtra\u00adlisme et que le syn\u00addi\u00adca\u00adlisme d\u00e9ga\u00adg\u00e9 de toutes les orni\u00e8res, pour\u00adsui\u00advra sa route jusqu\u2019\u00e0 la des\u00adtruc\u00adtion de toutes les formes d\u2019autorit\u00e9.<\/p>\n<p>[|<b>*  *  *  *<\/b>|]<br>\n<\/p>\n<p>Il est une affir\u00adma\u00adtion, fai\u00adsant par\u00adtie int\u00e9\u00adgrante du pro\u00adjet de sta\u00adtuts actuel\u00adle\u00adment en dis\u00adcus\u00adsion, qui a fait et fera cou\u00adler encore beau\u00adcoup d\u2019encre et d\u00e9ver\u00adser des flots d\u2019\u00e9loquence&nbsp;: c\u2019est celle qui consiste \u00e0 situer le syn\u00addi\u00adca\u00adlisme sur le ter\u00adrain anti-\u00e9tatique.<\/p>\n<p>Cela a cau\u00ads\u00e9 quelque per\u00adtur\u00adba\u00adtion dans cer\u00adtains milieux, et ne sera jamais par\u00addon\u00adn\u00e9 par ceux qui, sous l\u2019emprise de l\u2019esprit poli\u00adti\u00adcien et de l\u2019id\u00e9e de par\u00adti, pensent que les tra\u00advailleurs sont inca\u00adpables par eux-m\u00eames d\u2019organiser et d admi\u00adnis\u00adtrer la pro\u00adduc\u00adtion, la cir\u00adcu\u00adla\u00adtion et la r\u00e9partition.<\/p>\n<p>\u00c0 leurs yeux, il n\u2019est d\u2019autre salut que dans le cadre \u00e9troit de l\u2019\u00c9tat in\u00e9vi\u00adta\u00adble\u00adment cen\u00adtra\u00adliste, dans la com\u00adp\u00e9\u00adtence, la connais\u00adsance, la sup\u00e9\u00adrio\u00adri\u00adt\u00e9 d\u2019une \u00e9lite dont ils sont \u00e9vi\u00addem\u00adment les membres les plus marquants.<\/p>\n<p>Le plus \u00e9ton\u00adnant dans cette his\u00adtoire, c\u2019est leur pr\u00e9\u00adten\u00adtion \u00e0 \u00eatre par\u00admi les pre\u00admiers d\u00e9non\u00adcia\u00adteurs des erreurs et des crimes que com\u00admet l\u2019\u00c9tat par le moyen et le tru\u00adche\u00adment de ses rouages et ins\u00adti\u00adtu\u00adtions, et qu\u2019ils paraissent se dres\u00adser v\u00e9h\u00e9\u00admen\u00adte\u00adment contre les hommes au Pou\u00advoir, de la Finance, du Capi\u00adtal, qui se croient, eux aus\u00adsi, d\u00e9si\u00adgn\u00e9s tout natu\u00adrel\u00adle\u00adment comme des conduc\u00adteurs d\u2019hommes, des direc\u00adteurs de conscience, en un mot comme une \u00e9lite dont l\u2019existence est indis\u00adpen\u00adsable au bon fonc\u00adtion\u00adne\u00adment de la soci\u00e9\u00adt\u00e9 humaine.<\/p>\n<p>Il est vrai que nos \u00e9ta\u00adtistes s\u2019empressent d\u2019ajouter qu\u2019il ne faut pas com\u00adpa\u00adrer l\u2019\u00c9tat qu\u2019ils pr\u00e9\u00advoient avec celui qui existe et contre lequel ils vitup\u00e8rent.<\/p>\n<p>Heu\u00adreu\u00adse\u00adment pour nous, du moins nous pou\u00advons l\u2019esp\u00e9rer, que les syn\u00addi\u00adca\u00adlistes n\u2019oublieront pas que l\u2019\u00c9tat, <i>quel qu\u2019il soit<\/i>, est for\u00adc\u00e9\u00adment res\u00adtric\u00adtif, qu\u2019il amoin\u00addrit l\u2019individu et que son exis\u00adtence ne peut per\u00addu\u00adrer que gr\u00e2ce \u00e0 l\u2019utilisation, pour des fins int\u00e9\u00adres\u00ads\u00e9es, de la cor\u00adrup\u00adtion, de l\u2019arbitraire et de l\u2019oppression.<\/p>\n<p>[|<b>*  *  *  *<\/b>|]<br>\n<\/p>\n<p>Cer\u00adtains cama\u00adrades pou\u00advaient croire que le Front Inique fai\u00adsait figure de mort-n\u00e9 dans notre pays, mal\u00adgr\u00e9 la cou\u00adveuse arti\u00adfi\u00adcielle de Moscou.<\/p>\n<p>Comme ils se sont trom\u00adp\u00e9s&nbsp;! puisque, dans le syn\u00addi\u00adca\u00adlisme m\u00eame, d\u2019anciens spa\u00addas\u00adsins mino\u00adri\u00adtaires, v\u00e9ri\u00adtables pour\u00adfen\u00addeurs de majo\u00adri\u00adtaires ont d\u00e9gai\u00adn\u00e9 leurs rapi\u00e8res pour nous influen\u00adcer en faveur du mariage de rai\u00adson dont ils sont les protagonistes.<\/p>\n<p>Ils n\u2019y vont pas de main morte dans leurs expli\u00adca\u00adtions d\u2019un pareil revi\u00adre\u00adment, puisqu\u2019aux seuls\u200a\u2014\u200aparait-il\u200a\u2014\u200avoient clair aujourd\u2019hui.<\/p>\n<p>Qu\u2019avaient-ils donc dans les yeux,&nbsp;hier&nbsp;?<\/p>\n<p>Il est vrai que, depuis la nais\u00adsance de la C.G.T.U., que l\u2019on chan\u00adtait sur un air de m\u00e9lo\u00addie ou plu\u00adt\u00f4t de com\u00adplainte, les temps ont chan\u00adg\u00e9 et que l\u2019autorit\u00e9 morale dont ils dis\u00adpo\u00adsaient a bais\u00ads\u00e9 consid\u00e9rablement.<\/p>\n<p>Nous devrions les excu\u00adser et les plaindre puisque la cou\u00adtume per\u00admet de dire qu\u2019il est humain, lorsque l\u2019on subit un \u00e9chec, de se retour\u00adner tout comme une girouette qui, sur son toit, r\u00e9pond sans cesse aux orien\u00adta\u00adtions du&nbsp;vent.<\/p>\n<p>Nous ne devrions donc pas les prendre au s\u00e9rieux, si l\u2019illusion, \u00e0 notre \u00e9poque, ne fai\u00adsait pas plus de recette que la r\u00e9alit\u00e9.<\/p>\n<p>Aus\u00adsi bien, mal\u00adgr\u00e9 le refus cat\u00e9\u00adgo\u00adrique qu\u2019ils essuie\u00adront de la part des Saint-man\u00add\u00e9ens\u200a\u2014\u200adont la vie est si tran\u00adquille main\u00adte\u00adnant\u200a\u2014\u200adevons-nous tenir compte de leurs \u00e9lu\u00adcu\u00adbra\u00adtions pour d\u00e9non\u00adcer sans cesse tout ce qu\u2019elles contiennent de cons\u00e9\u00adquences nui\u00adsibles au syn\u00addi\u00adca\u00adlisme en par\u00adti\u00adcu\u00adlier et au pro\u00adl\u00e9\u00adta\u00adriat en g\u00e9n\u00e9ral<\/p>\n<p>[|<b>*  *  *  *<\/b>|]<br>\n<\/p>\n<p>Un peu plus, nous allions revivre les heures du Comi\u00adt\u00e9 d\u2019action, de si triste m\u00e9moire, for\u00adm\u00e9 par les orga\u00adni\u00adsa\u00adtions dites d\u2019avant-garde.<\/p>\n<p>Donc ces divers grou\u00adpe\u00adments furent invi\u00adt\u00e9s par la C.G.T.U. \u00e0 venir dis\u00adcu\u00adter des moda\u00adli\u00adt\u00e9s de l\u2019action \u00e0 entre\u00adprendre contre la guerre, \u00e0 nou\u00adveau mena\u00ad\u00e7ante. Il res\u00adsort des conver\u00adsa\u00adtions qui eurent lieu que cer\u00adtaines orga\u00adni\u00adsa\u00adtions vou\u00adlaient tirer pro\u00adfit de l\u2019action \u00e0 enga\u00adger, ce qui nous prouve une fois encore que l\u2019on ne pense plus au but pour\u00adsui\u00advi lorsqu\u2019il s\u2019agit de b\u00e9n\u00e9\u00adfi\u00adcier d\u2019une p\u00e9riode mou\u00adve\u00admen\u00adt\u00e9e, pour r\u00e9a\u00adli\u00adser, \u00e0 la faveur de l\u2019agitation, un recru\u00adte\u00adment intensif.<\/p>\n<p>Quand donc le syn\u00addi\u00adca\u00adlisme com\u00adpren\u00addra-t-il que, seul, il doit entrer dans la lutte sans se sou\u00adcier des orga\u00adnismes d\u2019\u00e0\u2011c\u00f4t\u00e9 dont les \u00e9l\u00e9\u00adments ouvriers ont leur place mar\u00adqu\u00e9e dans son&nbsp;sein.<\/p>\n<p>Que pou\u00advant les conte\u00adnir tous, il refl\u00e8te n\u00e9an\u00admoins leurs pen\u00ads\u00e9es com\u00admunes, puisqu\u2019il syn\u00adth\u00e9\u00adtise les aspi\u00adra\u00adtions de ceux qui souffrent.<\/p>\n<p>Chaque fois que, sur l\u2019\u00e9tendue du ter\u00adrain social, les tra\u00advailleurs ont \u00e0 inter\u00adve\u00adnir, leur seule orga\u00adni\u00adsa\u00adtion de classe, le syn\u00addi\u00adcat, doit se lan\u00adcer dans la bataille, avec sa puis\u00adsance, ses \u00e9l\u00e9\u00adments propres, dont la volon\u00adt\u00e9, le d\u00e9s\u00adin\u00adt\u00e9\u00adres\u00adse\u00adment et l\u2019activit\u00e9 suf\u00adfi\u00adront ample\u00adment \u00e0 entra\u00ee\u00adner avec eux les ind\u00e9\u00adcis, m\u00eame les indif\u00adf\u00e9\u00adrents du moment, leur confiance dans les poli\u00adti\u00adciens \u00e9tant limi\u00adt\u00e9e au strict minimum.<\/p>\n<p>[|<b>*  *  *  *<\/b>|]<br>\n<\/p>\n<p>La ques\u00adtion de l\u2019adh\u00e9sion \u00e0 l\u2019Internationale syn\u00addi\u00adcale dite rouge, entre dans une phase active.<\/p>\n<p>Une conf\u00e9\u00adrence pr\u00e9a\u00adlable doit avoir lieu \u00e0 Ber\u00adlin dans le cou\u00adrant de juin peu de temps avant \u00e0 congr\u00e8s de Saint-Etienne.<\/p>\n<p>Aus\u00adsi, que les anar\u00adchistes, sans perdre de temps, se mettent \u00e0 la besogne pour faire conna\u00eetre la V\u00e9ri\u00adt\u00e9, tant com\u00adpro\u00admise par le Mensonge.<\/p>\n<p>L\u2019obscurantisme \u00e9tant \u00e0 l\u2019ordre du jour, les hommes ont, plus que jamais, besoin de lumi\u00e8re.<\/p>\n<p>[\/\u200b<sc>V\u00e9ber<\/sc>.\/\u200b]<\/p>\n","protected":false},"excerpt":{"rendered":"<p>La renais\u00adsance syn\u00addi\u00adcale s\u2019affirme de plus en&nbsp;plus. Quand on songe au rude coup que por\u00adta, au syn\u00addi\u00adca\u00adlisme l\u2019\u00e9chec des gr\u00e8ves de 1920 et que l\u2019on sent, quand m\u00eame, vibrer dans les c\u0153urs le d\u00e9sir de se mesu\u00adrer \u00e0 nou\u00adveau avec nos adver\u00adsaires directs, on peut se d\u00e9cla\u00adrer en par\u00adtie satis\u00adfait. D\u2019autant plus que divers \u00e9v\u00e9nements&nbsp;[\u2026]<\/p>\n","protected":false},"author":1,"featured_media":0,"comment_status":"closed","ping_status":"closed","sticky":false,"template":"","format":"standard","meta":{"wp_typography_post_enhancements_disabled":false,"footnotes":""},"categories":[318],"tags":[],"ppma_author":[540],"class_list":["post-2724","post","type-post","status-publish","format-standard","hentry","category-la-revue-anarchiste-na5-mai-1922"],"authors":[{"term_id":540,"user_id":1,"is_guest":0,"slug":"admin_3gikpwyf","display_name":"Vincent Dubuc","avatar_url":"https:\/\/secure.gravatar.com\/avatar\/d015720652c25fd2ced191ade86430094e1f288a17483713e3b34d26dea52507?s=96&d=mm&r=g","author_category":"","user_url":"https:\/\/la-presse-anarchiste.net","last_name":"Dubuc","first_name":"Vincent","job_title":"","description":""}],"_links":{"self":[{"href":"https:\/\/la-presse-anarchiste.net\/index.php\/wp-json\/wp\/v2\/posts\/2724","targetHints":{"allow":["GET"]}}],"collection":[{"href":"https:\/\/la-presse-anarchiste.net\/index.php\/wp-json\/wp\/v2\/posts"}],"about":[{"href":"https:\/\/la-presse-anarchiste.net\/index.php\/wp-json\/wp\/v2\/types\/post"}],"author":[{"embeddable":true,"href":"https:\/\/la-presse-anarchiste.net\/index.php\/wp-json\/wp\/v2\/users\/1"}],"replies":[{"embeddable":true,"href":"https:\/\/la-presse-anarchiste.net\/index.php\/wp-json\/wp\/v2\/comments?post=2724"}],"version-history":[{"count":0,"href":"https:\/\/la-presse-anarchiste.net\/index.php\/wp-json\/wp\/v2\/posts\/2724\/revisions"}],"wp:attachment":[{"href":"https:\/\/la-presse-anarchiste.net\/index.php\/wp-json\/wp\/v2\/media?parent=2724"}],"wp:term":[{"taxonomy":"category","embeddable":true,"href":"https:\/\/la-presse-anarchiste.net\/index.php\/wp-json\/wp\/v2\/categories?post=2724"},{"taxonomy":"post_tag","embeddable":true,"href":"https:\/\/la-presse-anarchiste.net\/index.php\/wp-json\/wp\/v2\/tags?post=2724"},{"taxonomy":"author","embeddable":true,"href":"https:\/\/la-presse-anarchiste.net\/index.php\/wp-json\/wp\/v2\/ppma_author?post=2724"}],"curies":[{"name":"wp","href":"https:\/\/api.w.org\/{rel}","templated":true}]}}