{"id":2727,"date":"2010-12-17T08:33:39","date_gmt":"2010-12-17T08:33:39","guid":{"rendered":"https:\/\/la-presse-anarchiste.net\/index.php\/2010\/12\/17\/differentes-polemiques-avec-la-emancipacion\/"},"modified":"2010-12-17T08:33:39","modified_gmt":"2010-12-17T08:33:39","slug":"differentes-polemiques-avec-la-emancipacion","status":"publish","type":"post","link":"https:\/\/la-presse-anarchiste.net\/index.php\/2010\/12\/17\/differentes-polemiques-avec-la-emancipacion\/","title":{"rendered":"Diff\u00e9rentes pol\u00e9miques avec la <i>Emancipacion<\/i>"},"content":{"rendered":"<div class=\"pdfprnt-buttons pdfprnt-buttons-post pdfprnt-top-right\"><a href=\"https:\/\/la-presse-anarchiste.net\/index.php\/wp-json\/wp\/v2\/posts\/2727?print=pdf\" class=\"pdfprnt-button pdfprnt-button-pdf\" target=\"_blank\"><img decoding=\"async\" src=\"https:\/\/la-presse-anarchiste.net\/wp-content\/plugins\/pdf-print\/images\/pdf.png\" alt=\"image_pdf\" title=\"Afficher le PDF\"><\/a><a href=\"https:\/\/la-presse-anarchiste.net\/index.php\/wp-json\/wp\/v2\/posts\/2727?print=print\" class=\"pdfprnt-button pdfprnt-button-print\" target=\"_blank\"><img decoding=\"async\" src=\"https:\/\/la-presse-anarchiste.net\/wp-content\/plugins\/pdf-print\/images\/print.png\" alt=\"image_print\" title=\"Contenu imprim\u00e9\"><\/a><\/div><p>Un jour\u00adnal que Karl Marx fait publier \u00e0 Madrid et qui s\u2019ap\u00adpelle la <i>Eman\u00adci\u00adpa\u00adcion<\/i>, ayant lu dans notre <i>Bul\u00adle\u00adtin<\/i> les obser\u00adva\u00adtions que nous avons adres\u00ads\u00e9es au pr\u00e9\u00adsident de la Sec\u00adtion de Mou\u00adtier, s\u2019empresse de d\u00e9non\u00adcer les Sec\u00adtions juras\u00adsiennes comme ayant conser\u00adv\u00e9 dans leur sein l\u2019ins\u00adti\u00adtu\u00adtion r\u00e9ac\u00adtion\u00adnaire de la pr\u00e9\u00adsi\u00addence. Or la Sec\u00adtion de Mou\u00adtier est la <i>seule<\/i> dans notre f\u00e9d\u00e9\u00adra\u00adtion qui ait encore un pr\u00e9\u00adsident&nbsp;; dans toutes les autres Sec\u00adtions jnras\u00adsiennes la Pr\u00e9\u00adsi\u00addence est abo\u00adlie depuis le Congr\u00e8s de B\u00e2le. \u2013 Et pr\u00e9\u00adci\u00ads\u00e9\u00adment c\u2019est cette Sec\u00adtion de Mou\u00adtier, la seule o\u00f9 existe encore l\u2019ins\u00adti\u00adtu\u00adtion de la pr\u00e9\u00adsi\u00addence, qui fait l\u2019es\u00adpoir des amis de Karl Marx, comme on peut le voir dans un autre article de ce num\u00e9\u00adro. La <i>Eman\u00adci\u00adpa\u00adcion<\/i> a per\u00addu l\u00e0 une belle occa\u00adsion de se&nbsp;taire.<\/p>\n<p>[|<b>*  *  *  *<\/b>|]<br>\n<\/p>\n<p>Le m\u00eame jour\u00adnal ou un autre de m\u00eame farine, peu importe, nous reproche d\u2019ad\u00admettre dans notre f\u00e9d\u00e9\u00adra\u00adtion des <i>membres cen\u00adtraux<\/i>&nbsp;; on feint de croire que ces membres dits <i>cen\u00adtraux<\/i> jouissent de quelque pri\u00advi\u00adl\u00e8ge sur les membres des Sec\u00adtions. Cepen\u00addant le num\u00e9\u00adro du <i>Bul\u00adle\u00adtin<\/i> qui ren\u00addait compte du Congr\u00e8s du Locle o\u00f9 a \u00e9t\u00e9 prise la d\u00e9ci\u00adsion d\u2019ad\u00admettre des membres cen\u00adtraux, expli\u00adquait assez la chose&nbsp;: le Congr\u00e8s du Locle a vou\u00adlu per\u00admettre aux socia\u00adlistes <i>qui  habitent dans des loca\u00adli\u00adt\u00e9s o\u00f9 n\u2019existe point de Sec\u00adtion de l\u2019In\u00adter\u00adna\u00adtio\u00adnale, et \u00e0 ceux-l\u00e0 seule\u00adment<\/i>, de deve\u00adnir membres de la f\u00e9d\u00e9\u00adra\u00adtion juras\u00adsienne au moyen d\u2019une adh\u00e9\u00adsion directe&nbsp;; ces membres cen\u00adtraux ne jouissent d\u2019au\u00adcun pri\u00advi\u00adl\u00e8ge&nbsp;; ils ont au contraire des droits en moins, puisque, ne fai\u00adsant pas par\u00adtie d\u2019une sec\u00adtion, ils n\u2019ont jamais l\u2019oc\u00adca\u00adsion de prendre part \u00e0 un vote. \u2013 Cette mesure avait sur\u00adtout en vue un cer\u00adtain nombre de citoyens habi\u00adtant un pays o\u00f9 l\u2019In\u00adter\u00adna\u00adtio\u00adnale est pros\u00adcrite, et qui nous avaient deman\u00add\u00e9 s\u2019il n\u2019\u00e9\u00adtait pas pos\u00adsible de faire par\u00adtie de l\u2019In\u00adter\u00adna\u00adtio\u00adnale \u00e0 titre de membres individuels.<\/p>\n<p>Du reste, la f\u00e9d\u00e9\u00adra\u00adtion des Sec\u00adtions de la Suisse alle\u00admande, qui vient de se consti\u00adtuer, a admis dans son r\u00e8gle\u00adment, publi\u00e9 par la <i>Tag\u00adwacht<\/i> du 2 novembre, la m\u00eame dis\u00adpo\u00adsi\u00adtion. Il y est dit, article 6&nbsp;:<\/p>\n<p>\u00ab&nbsp;Les per\u00adsonnes habi\u00adtant une loca\u00adli\u00adt\u00e9 o\u00f9 il n\u2019y a point de sec\u00adtion de la f\u00e9d\u00e9\u00adra\u00adtion, ou bien o\u00f9 la Sec\u00adtion exis\u00adtant est une soci\u00e9\u00adt\u00e9 d\u2019un m\u00e9tier autre que le leur, peuvent se faire rece\u00advoir <i>direc\u00adte\u00adment<\/i> comme membres par le Comi\u00adt\u00e9 central.&nbsp;\u00bb<\/p>\n<p>Ce qui est l\u00e9gi\u00adtime quand il s\u2019a\u00adgit des Sec\u00adtions de langue alle\u00admande, devien\u00addrait-il un crime quand c\u2019est la F\u00e9d\u00e9\u00adra\u00adtion juras\u00adsienne qui le pratique&nbsp;?<\/p>\n<p>[|<b>*  *  *  *<\/b>|]<br>\n<\/p>\n<p>Cette m\u00eame <i>Eman\u00adci\u00adpa\u00adcion<\/i> publie sous le titre de <i>D\u00e9ser\u00adtion des Belges<\/i> un article que nous croyons utile de faire conna\u00eetre aux inter\u00adna\u00adtio\u00adnaux de la Bel\u00adgique, qui pro\u00adba\u00adble\u00adment ignorent l\u2019exis\u00adtence de ce jour\u00adnal. Voi\u00adci les absur\u00addi\u00adt\u00e9s que Marx a le front de faire, publier en espa\u00adgnol, esp\u00e9\u00adrant qu\u2019on ne les lira pas hors de Madrid et qu\u2019elles pas\u00adse\u00adront inaper\u00ad\u00e7ues de ceux que la chose concerne.<\/p>\n<p>\u00ab&nbsp;Les jour\u00adnaux belges qui jus\u00adqu\u2019\u00e0 pr\u00e9\u00adsent avaient d\u00e9fen\u00addu avec tant de z\u00e8le les int\u00e9\u00adr\u00eats de notre Asso\u00adcia\u00adtion, sont enfin tom\u00adb\u00e9s dans le pi\u00e8ge que de longue date leur avait ten\u00addu, l\u2019as\u00adtu\u00adcieux Guillaume, lieu\u00adte\u00adnant de Bakou\u00adnine, et ils ont pas\u00ads\u00e9 \u00e0 l\u2019Al\u00adliance avec armes et bagage. D\u00e9j\u00e0 au mois d\u2019ao\u00fbt der\u00adnier, les man\u0153uvres de l\u2019Al\u00adliance s\u2019\u00e9\u00adtaient mani\u00adfes\u00adt\u00e9es dans le Congr\u00e8s r\u00e9gio\u00adnal belge, par le fameux pro\u00adjet de r\u00e9vi\u00adsion  des Sta\u00adtuts g\u00e9n\u00e9\u00adraux, pro\u00adjet repous\u00ads\u00e9 par le bon sens des tra\u00advailleurs de ce pays. La majo\u00adri\u00adt\u00e9 des inter\u00adna\u00adtio\u00adnaux belges conti\u00adnue \u00e0 repous\u00adser les th\u00e9o\u00adries de quelques hommes impru\u00addents ou ambi\u00adtieux, et nous sommes cer\u00adtains que dans peu de temps leurs jour\u00adnaux seront for\u00adc\u00e9s d\u2019a\u00adban\u00addon\u00adner le ter\u00adrain sur lequel ils se sont enga\u00adg\u00e9s si incon\u00adsi\u00add\u00e9\u00adr\u00e9\u00adment, sous peine de se trou\u00adver en oppo\u00adsi\u00adtion avec tous les v\u00e9ri\u00adtables inter\u00adna\u00adtio\u00adnaux de Belgique.&nbsp;\u00bb<\/p>\n<p>Le Mon\u00adsieur qui a \u00e9crit ces belles choses a \u00e9vi\u00addem\u00adment le cer\u00adveau d\u00e9ran\u00adg\u00e9 par une mala\u00addie qu\u2019on pour\u00adrait appe\u00adler l\u2019<i>Allian\u00ad\u00e7o\u00adpho\u00adbie<\/i>&nbsp;: il voit l\u2019Al\u00adliance par\u00adtout&nbsp;; les Belges ayant mani\u00adfes\u00adt\u00e9 la volon\u00adt\u00e9 de gar\u00adder leur orga\u00adni\u00adsa\u00adtion auto\u00adnome, deviennent imm\u00e9\u00addia\u00adte\u00adment pour lui des affi\u00adli\u00e9s de cette Alliance ima\u00adgi\u00adnaire. Et voi\u00adl\u00e0 com\u00adment M.&nbsp;Marx entend la pol\u00e9\u00admique&nbsp;! Quant \u00e0 cette asser\u00adtion ridi\u00adcule, que les jour\u00adnaux inter\u00adna\u00adtio\u00adnaux belges ne repr\u00e9\u00adsentent pas la v\u00e9ri\u00adtable opi\u00adnion des ouvriers de ce pays \u2013 opi\u00adnion qui serait sans doute bien mieux repr\u00e9\u00adsen\u00adt\u00e9e par la v\u00e9ri\u00addique <i>Eman\u00adci\u00adpa\u00adcion<\/i> \u2013 cela fera rire nos amis de Bel\u00adgique, voi\u00adl\u00e0&nbsp;tout.<\/p>\n<p>Vous aurez beau vous battre les flancs pour cher\u00adcher \u00e0 nous divi\u00adser encore, Mes\u00adsieurs de la cote\u00adrie gou\u00adver\u00adne\u00admen\u00adtale&nbsp;; c\u2019est peine per\u00addue. Les f\u00e9d\u00e9\u00adra\u00adtions sont r\u00e9so\u00adlues \u00e0 res\u00adter libres et \u00e0 res\u00adter unies&nbsp;: elles le sont et elles le resteront.<\/p>\n","protected":false},"excerpt":{"rendered":"<p>Un jour\u00adnal que Karl Marx fait publier \u00e0 Madrid et qui s\u2019ap\u00adpelle la Eman\u00adci\u00adpa\u00adcion, ayant lu dans notre Bul\u00adle\u00adtin les obser\u00adva\u00adtions que nous avons adres\u00ads\u00e9es au pr\u00e9\u00adsident de la Sec\u00adtion de Mou\u00adtier, s\u2019empresse de d\u00e9non\u00adcer les Sec\u00adtions juras\u00adsiennes comme ayant conser\u00adv\u00e9 dans leur sein l\u2019ins\u00adti\u00adtu\u00adtion r\u00e9ac\u00adtion\u00adnaire de la pr\u00e9\u00adsi\u00addence. Or la Sec\u00adtion de Mou\u00adtier&nbsp;est&nbsp;[\u2026]<\/p>\n","protected":false},"author":1,"featured_media":0,"comment_status":"closed","ping_status":"closed","sticky":false,"template":"","format":"standard","meta":{"wp_typography_post_enhancements_disabled":false,"footnotes":""},"categories":[319],"tags":[],"ppma_author":[540],"class_list":["post-2727","post","type-post","status-publish","format-standard","hentry","category-bulletin-de-la-federation-jurassienne-n22-20-novembre-1872"],"authors":[{"term_id":540,"user_id":1,"is_guest":0,"slug":"admin_3gikpwyf","display_name":"Vincent Dubuc","avatar_url":"https:\/\/secure.gravatar.com\/avatar\/d015720652c25fd2ced191ade86430094e1f288a17483713e3b34d26dea52507?s=96&d=mm&r=g","author_category":"","user_url":"https:\/\/la-presse-anarchiste.net","last_name":"Dubuc","first_name":"Vincent","job_title":"","description":""}],"_links":{"self":[{"href":"https:\/\/la-presse-anarchiste.net\/index.php\/wp-json\/wp\/v2\/posts\/2727","targetHints":{"allow":["GET"]}}],"collection":[{"href":"https:\/\/la-presse-anarchiste.net\/index.php\/wp-json\/wp\/v2\/posts"}],"about":[{"href":"https:\/\/la-presse-anarchiste.net\/index.php\/wp-json\/wp\/v2\/types\/post"}],"author":[{"embeddable":true,"href":"https:\/\/la-presse-anarchiste.net\/index.php\/wp-json\/wp\/v2\/users\/1"}],"replies":[{"embeddable":true,"href":"https:\/\/la-presse-anarchiste.net\/index.php\/wp-json\/wp\/v2\/comments?post=2727"}],"version-history":[{"count":0,"href":"https:\/\/la-presse-anarchiste.net\/index.php\/wp-json\/wp\/v2\/posts\/2727\/revisions"}],"wp:attachment":[{"href":"https:\/\/la-presse-anarchiste.net\/index.php\/wp-json\/wp\/v2\/media?parent=2727"}],"wp:term":[{"taxonomy":"category","embeddable":true,"href":"https:\/\/la-presse-anarchiste.net\/index.php\/wp-json\/wp\/v2\/categories?post=2727"},{"taxonomy":"post_tag","embeddable":true,"href":"https:\/\/la-presse-anarchiste.net\/index.php\/wp-json\/wp\/v2\/tags?post=2727"},{"taxonomy":"author","embeddable":true,"href":"https:\/\/la-presse-anarchiste.net\/index.php\/wp-json\/wp\/v2\/ppma_author?post=2727"}],"curies":[{"name":"wp","href":"https:\/\/api.w.org\/{rel}","templated":true}]}}