{"id":2730,"date":"2011-01-10T07:15:37","date_gmt":"2011-01-10T07:15:37","guid":{"rendered":"https:\/\/la-presse-anarchiste.net\/index.php\/2011\/01\/10\/la-quinzaine-sociale-5\/"},"modified":"2011-01-10T07:15:37","modified_gmt":"2011-01-10T07:15:37","slug":"la-quinzaine-sociale-5","status":"publish","type":"post","link":"https:\/\/la-presse-anarchiste.net\/index.php\/2011\/01\/10\/la-quinzaine-sociale-5\/","title":{"rendered":"La quinzaine sociale"},"content":{"rendered":"<div class=\"pdfprnt-buttons pdfprnt-buttons-post pdfprnt-top-right\"><a href=\"https:\/\/la-presse-anarchiste.net\/index.php\/wp-json\/wp\/v2\/posts\/2730?print=pdf\" class=\"pdfprnt-button pdfprnt-button-pdf\" target=\"_blank\"><img decoding=\"async\" src=\"https:\/\/la-presse-anarchiste.net\/wp-content\/plugins\/pdf-print\/images\/pdf.png\" alt=\"image_pdf\" title=\"Afficher le PDF\"><\/a><a href=\"https:\/\/la-presse-anarchiste.net\/index.php\/wp-json\/wp\/v2\/posts\/2730?print=print\" class=\"pdfprnt-button pdfprnt-button-print\" target=\"_blank\"><img decoding=\"async\" src=\"https:\/\/la-presse-anarchiste.net\/wp-content\/plugins\/pdf-print\/images\/print.png\" alt=\"image_print\" title=\"Contenu imprim\u00e9\"><\/a><\/div><p>Pour la d\u00e9fense de ce pro\u00adjet gou\u00adver\u00adne\u00admen\u00adtal, il fal\u00adlait s\u2019at\u00adtendre \u00e0 ce que les r\u00e9for\u00admistes syn\u00addi\u00adcaux viennent se ran\u00adger aux c\u00f4t\u00e9s de Jau\u00adr\u00e8s. Le fait s\u2019est pro\u00adduit. Consta\u00adtons-le et don\u00adnons sans com\u00admen\u00adtaires le mani\u00adfeste, publi\u00e9 par l\u2019<i>Action ouvri\u00e8re<\/i>, du 1<sup>er<\/sup> f\u00e9vrier&nbsp;:<\/p>\n<p>\u00ab&nbsp;C\u2019est au nom des \u00ab&nbsp;prin\u00adcipes&nbsp;\u00bb et de la \u00ab&nbsp;mora\u00adli\u00adt\u00e9&nbsp;\u00bb que les tra\u00advailleurs adver\u00adsaires des retraites ouvri\u00e8res m\u00e8nent contre le pro\u00adjet actuel\u00adle\u00adment en dis\u00adcus\u00adsion au S\u00e9nat l\u2019ar\u00addente cam\u00adpagne que l\u2019on&nbsp;sait.<\/p>\n<p>\u00ab&nbsp;Nous ne pou\u00advons adop\u00adter le point de vue de ces oppo\u00adsants parce que les rai\u00adsons de prin\u00adcipe qu\u2019ils invoquent contre les retraites seraient valables contre tout pro\u00adjet de r\u00e9forme ouvri\u00e8re, elles nous emp\u00ea\u00adche\u00adraient de sou\u00adte\u00adnir ou d\u2019ac\u00adcep\u00adter aucune loi sociale qui ne r\u00e9a\u00adli\u00adse\u00adrait pas int\u00e9\u00adgra\u00adle\u00adment les reven\u00addi\u00adca\u00adtions ouvri\u00e8res.<\/p>\n<p>\u00ab&nbsp;Elles nous entra\u00ee\u00adne\u00adraient \u00e0 n\u00e9gli\u00adger tout de l\u2019ac\u00adtion l\u00e9gale, de l\u2019ap\u00adpli\u00adca\u00adtion des lois sociales et \u00e0 ne comp\u00adter abso\u00adlu\u00adment que sur l\u2019ac\u00adtion syn\u00addi\u00adcale pour \u00e9man\u00adci\u00adper brus\u00adque\u00adment la classe ouvri\u00e8re.<\/p>\n<p>\u00ab&nbsp;Cette m\u00e9thode exclu\u00adsive n\u2019est pas n\u00f4tre. Si elle fut d\u2019ailleurs \u00e0 maintes reprises sou\u00adte\u00adnue dans des d\u00e9bats th\u00e9o\u00adriques par d\u2019autres groupes de syn\u00addi\u00adqu\u00e9s, dans le domaine de la pra\u00adtique, le seul qui compte \u00e0 nos yeux, elle est conti\u00adnuel\u00adle\u00adment m\u00e9con\u00adnue par ses th\u00e9o\u00adri\u00adciens eux-m\u00eames les plus tapageurs.<\/p>\n<p>\u00ab&nbsp;Sans doute, les lois tou\u00adchant \u00e0 la condi\u00adtion des tra\u00advailleurs \u00e0 l\u2019in\u00adt\u00e9\u00adrieur ou au dehors de l\u2019u\u00adsine, les r\u00e8gle\u00adments rela\u00adtifs \u00e0 l\u2019hy\u00adgi\u00e8ne, les ins\u00adti\u00adtu\u00adtions d\u2019as\u00adsis\u00adtance sont tr\u00e8s loin de nous don\u00adner satis\u00adfac\u00adtion et de nous para\u00eetre d\u00e9fi\u00adni\u00adtifs&nbsp;; nous avons cent fois r\u00e9p\u00e9\u00adt\u00e9 que les lois bour\u00adgeoises ne sont et ne peuvent \u00eatre qu\u2019in\u00adsuf\u00adfi\u00adsantes. Est-ce \u00e0 dire qu\u2019elles ne sont d\u2019au\u00adcune valeur&nbsp;? Et, parce que nous ne pou\u00advons pas obte\u00adnir d\u2019un seul coup tout ce que nous esti\u00admons juste, devons-nous reje\u00adter les conqu\u00eates par\u00adtielles qui, tout en sou\u00adla\u00adgeant, trop l\u00e9g\u00e8\u00adre\u00adment sans doute, les souf\u00adfrances du pro\u00adl\u00e9\u00adta\u00adriat, lui donnent cepen\u00addant un peu de mieux-\u00eatre et lui font sur\u00adtout com\u00adprendre l\u2019im\u00adpor\u00adtance de son action de classe, qui doit deve\u00adnir chaque jour plus robuste et plus \u00e9clair\u00e9e&nbsp;?<\/p>\n<p>\u00ab&nbsp;Nous ne le croyons pas et c\u2019est pour\u00adquoi nous vou\u00adlons cette fois encore, nous effor\u00adcer de faire rendre au pro\u00adjet actuel\u00adle\u00adment en dis\u00adcus\u00adsion sur les retraites ouvri\u00e8res, son maxi\u00admum de r\u00e9sultats.<\/p>\n<p>\u00ab&nbsp;Nous com\u00adpre\u00adnons tr\u00e8s bien que des tra\u00advailleurs s\u2019in\u00adqui\u00e8tent, de ce que la loi pro\u00adje\u00adt\u00e9e sti\u00adpule que les ouvriers seront tenus de ver\u00adser eux-m\u00eames chaque ann\u00e9e, une cotisation.<\/p>\n<p> \u00ab&nbsp;l\u2019\u00c9\u00adtat bour\u00adgeois qui trouve l\u2019argent pour l\u2019ar\u00adm\u00e9e, la marine, les arr\u00e9\u00adrages de la dette publique, l\u2019\u00c9\u00adtat, dont le bud\u00adget d\u00e9passe quatre mil\u00adliards, devrait faci\u00adle\u00adment trou\u00adver les quatre-vingts ou cent mil\u00adlions sup\u00adpl\u00e9\u00admen\u00adtaires qui dis\u00adpen\u00adse\u00adraient les tra\u00advailleurs de tout ver\u00adse\u00adment. Sans doute, mais peut-on croire que le Par\u00adle\u00adment soit actuel\u00adle\u00adment dis\u00adpo\u00ads\u00e9 \u00e0 voter un pro\u00adjet sans aucune coti\u00adsa\u00adtion ouvri\u00e8re&nbsp;? Les repr\u00e9\u00adsen\u00adtants des ouvriers \u00e0 la Chambre et au S\u00e9nat sont-ils assez nom\u00adbreux pour faire adop\u00adter ce prin\u00adcipe&nbsp;? Les syn\u00addi\u00adqu\u00e9s ouvriers sont-ils assez puis\u00adsam\u00adment orga\u00adni\u00ads\u00e9s pour l\u2019im\u00adpo\u00adser au&nbsp;pays&nbsp;?<\/p>\n<p>\u00ab&nbsp;La r\u00e9ponse \u00e0 ces deux ques\u00adtions n\u2019est mal\u00adheu\u00adreu\u00adse\u00adment pas dou\u00adteuse&nbsp;: elle est n\u00e9gative.<\/p>\n<p>\u00ab&nbsp;Puisque l\u2019or\u00adga\u00adni\u00adsa\u00adtion des retraites ouvri\u00e8res n\u2019est pas pos\u00adsible actuel\u00adle\u00adment sans pr\u00e9\u00adl\u00e8\u00adve\u00adment sur les salaires ouvriers, nous nous trou\u00advons donc en face de ce dilemme&nbsp;: ou avoir des retraites pour les\u00adquelles les ouvriers ver\u00adse\u00adront une cer\u00adtaine pro\u00adpor\u00adtion&nbsp;; ou ne pas avoir de retraite du&nbsp;tout.<\/p>\n<p>\u00ab&nbsp;Pour nous, nous croyons de l\u2019in\u00adt\u00e9\u00adr\u00eat de la classe ouvri\u00e8re d\u2019a\u00advoir des retraites, m\u00eame au prix d\u2019une coti\u00adsa\u00adtion \u00e9lev\u00e9e.<\/p>\n<p>\u00ab&nbsp;La capi\u00adta\u00adli\u00adsa\u00adtion a don\u00adn\u00e9 lieu \u00e0 une ardente pol\u00e9mique.<\/p>\n<p>\u00ab&nbsp;Nous ne croyons pas que l\u2019on pour\u00adrait obte\u00adnir avant un cer\u00adtain temps que la majo\u00adri\u00adt\u00e9 du Par\u00adle\u00adment, qui s\u2019est d\u00e9cla\u00adr\u00e9e en faveur de la capi\u00adta\u00adli\u00adsa\u00adtion, chan\u00adge\u00e2t d\u2019a\u00advis et se pro\u00adnon\u00ad\u00e7\u00e2t pour la r\u00e9par\u00adti\u00adtion. Devons-nous donc deman\u00adder aux \u00e9lus de la classe ouvri\u00e8re de voter en bloc contre la capi\u00adta\u00adli\u00adsa\u00adtion, c\u2019est-\u00e0-dire contre la loi m\u00eame des retraites et d\u2019en\u00adtre\u00adprendre \u00e0 l\u2019in\u00adt\u00e9\u00adrieur de la Chambre une cam\u00adpagne des\u00adti\u00adn\u00e9e \u00e0 faire \u00e9chec \u00e0 la loi \u00e0 son retour au S\u00e9nat&nbsp;? \u00c0 sup\u00adpo\u00adser m\u00eame que la capi\u00adta\u00adli\u00adsa\u00adtion ait tous les d\u00e9fauts qu\u2019on lui pr\u00eate, nous pr\u00e9\u00adf\u00e9\u00adrons une loi d\u00e9fec\u00adtueuse \u00e0 pas de loi du tout. Car nous avons confiance qu\u2019a\u00advec le temps, en France comme en Alle\u00admagne, sous l\u2019ac\u00adtion des \u00e9lus des tra\u00advailleurs au Par\u00adle\u00adment et sous l\u2019in\u00adfluence des syn\u00addi\u00adcats ouvriers, gran\u00addis\u00adsant en force et en volon\u00adt\u00e9, la loi impar\u00adfaite s\u2019am\u00e9liorera.<\/p>\n<p>\u00ab&nbsp;Oui, c\u2019est parce que nous avons confiance dans la classe ouvri\u00e8re orga\u00adni\u00ads\u00e9e que nous croyons pou\u00advoir accep\u00adter un pro\u00adjet, sans doute tr\u00e8s insuf\u00adfi\u00adsant, mais qui existe cepen\u00addant et qui sera cer\u00adtai\u00adne\u00adment l\u2019oc\u00adca\u00adsion de r\u00e9formes nou\u00advelles, de per\u00adfec\u00adtion\u00adne\u00adments ult\u00e9rieurs.<\/p>\n<p>[\/\u200b<sc>Cleuest, P. Cou\u00adpat, E. Gu\u00e9\u00adrard, A. Keu\u00adfer, L. Mar\u00adti\u00adnet, R. Mon\u00adte\u00adli\u00admard, G. Thil<\/sc>\u00bb\/\u200b]<\/p>\n","protected":false},"excerpt":{"rendered":"<p>Pour la d\u00e9fense de ce pro\u00adjet gou\u00adver\u00adne\u00admen\u00adtal, il fal\u00adlait s\u2019at\u00adtendre \u00e0 ce que les r\u00e9for\u00admistes syn\u00addi\u00adcaux viennent se ran\u00adger aux c\u00f4t\u00e9s de Jau\u00adr\u00e8s. Le fait s\u2019est pro\u00adduit. Consta\u00ad\u00adtons-le et don\u00adnons sans com\u00admen\u00adtaires le mani\u00adfeste, publi\u00e9 par l\u2019Action ouvri\u00e8re, du 1<sup>er<\/sup> f\u00e9vrier&nbsp;: \u00ab&nbsp;C\u2019est au nom des \u00ab&nbsp;prin\u00adcipes&nbsp;\u00bb et de la \u00ab&nbsp;mora\u00adli\u00adt\u00e9&nbsp;\u00bb que les tra\u00advailleurs adver\u00adsaires des&nbsp;[\u2026]<\/p>\n","protected":false},"author":1,"featured_media":0,"comment_status":"closed","ping_status":"closed","sticky":false,"template":"","format":"standard","meta":{"wp_typography_post_enhancements_disabled":false,"footnotes":""},"categories":[320],"tags":[],"ppma_author":[540],"class_list":["post-2730","post","type-post","status-publish","format-standard","hentry","category-la-vie-ouvriere-n9-10-5-20-fevrier-1910"],"authors":[{"term_id":540,"user_id":1,"is_guest":0,"slug":"admin_3gikpwyf","display_name":"Vincent Dubuc","avatar_url":"https:\/\/secure.gravatar.com\/avatar\/d015720652c25fd2ced191ade86430094e1f288a17483713e3b34d26dea52507?s=96&d=mm&r=g","author_category":"","user_url":"https:\/\/la-presse-anarchiste.net","last_name":"Dubuc","first_name":"Vincent","job_title":"","description":""}],"_links":{"self":[{"href":"https:\/\/la-presse-anarchiste.net\/index.php\/wp-json\/wp\/v2\/posts\/2730","targetHints":{"allow":["GET"]}}],"collection":[{"href":"https:\/\/la-presse-anarchiste.net\/index.php\/wp-json\/wp\/v2\/posts"}],"about":[{"href":"https:\/\/la-presse-anarchiste.net\/index.php\/wp-json\/wp\/v2\/types\/post"}],"author":[{"embeddable":true,"href":"https:\/\/la-presse-anarchiste.net\/index.php\/wp-json\/wp\/v2\/users\/1"}],"replies":[{"embeddable":true,"href":"https:\/\/la-presse-anarchiste.net\/index.php\/wp-json\/wp\/v2\/comments?post=2730"}],"version-history":[{"count":0,"href":"https:\/\/la-presse-anarchiste.net\/index.php\/wp-json\/wp\/v2\/posts\/2730\/revisions"}],"wp:attachment":[{"href":"https:\/\/la-presse-anarchiste.net\/index.php\/wp-json\/wp\/v2\/media?parent=2730"}],"wp:term":[{"taxonomy":"category","embeddable":true,"href":"https:\/\/la-presse-anarchiste.net\/index.php\/wp-json\/wp\/v2\/categories?post=2730"},{"taxonomy":"post_tag","embeddable":true,"href":"https:\/\/la-presse-anarchiste.net\/index.php\/wp-json\/wp\/v2\/tags?post=2730"},{"taxonomy":"author","embeddable":true,"href":"https:\/\/la-presse-anarchiste.net\/index.php\/wp-json\/wp\/v2\/ppma_author?post=2730"}],"curies":[{"name":"wp","href":"https:\/\/api.w.org\/{rel}","templated":true}]}}