{"id":2733,"date":"2011-01-10T07:15:30","date_gmt":"2011-01-10T07:15:30","guid":{"rendered":"https:\/\/la-presse-anarchiste.net\/index.php\/2011\/01\/10\/la-quinzaine-sociale-8\/"},"modified":"2011-01-10T07:15:30","modified_gmt":"2011-01-10T07:15:30","slug":"la-quinzaine-sociale-8","status":"publish","type":"post","link":"https:\/\/la-presse-anarchiste.net\/index.php\/2011\/01\/10\/la-quinzaine-sociale-8\/","title":{"rendered":"La quinzaine sociale"},"content":{"rendered":"<div class=\"pdfprnt-buttons pdfprnt-buttons-post pdfprnt-top-right\"><a href=\"https:\/\/la-presse-anarchiste.net\/index.php\/wp-json\/wp\/v2\/posts\/2733?print=pdf\" class=\"pdfprnt-button pdfprnt-button-pdf\" target=\"_blank\"><img decoding=\"async\" src=\"https:\/\/la-presse-anarchiste.net\/wp-content\/plugins\/pdf-print\/images\/pdf.png\" alt=\"image_pdf\" title=\"Afficher le PDF\"><\/a><a href=\"https:\/\/la-presse-anarchiste.net\/index.php\/wp-json\/wp\/v2\/posts\/2733?print=print\" class=\"pdfprnt-button pdfprnt-button-print\" target=\"_blank\"><img decoding=\"async\" src=\"https:\/\/la-presse-anarchiste.net\/wp-content\/plugins\/pdf-print\/images\/print.png\" alt=\"image_print\" title=\"Contenu imprim\u00e9\"><\/a><\/div><p>Le sep\u00adti\u00e8me congr\u00e8s des fabri\u00adcants fran\u00ad\u00e7ais de conserves de sar\u00addines s\u2019est r\u00e9uni \u00e0 Nantes les 14 et 15 jan\u00advier. Les pro\u00adpri\u00e9\u00adtaires de 124 usines \u00e9taient pr\u00e9\u00adsents ou repr\u00e9sent\u00e9s.<\/p>\n<p>Il a \u00e9t\u00e9, natu\u00adrel\u00adle\u00adment, beau\u00adcoup ques\u00adtion des conflits de l\u2019\u00e9\u00adt\u00e9 der\u00adnier et des inci\u00addents qui les ont marqu\u00e9s.<\/p>\n<p>C\u2019est ain\u00adsi que le Congr\u00e8s a d\u00e9ci\u00add\u00e9 de renou\u00adve\u00adler l\u2019en\u00adtente inter\u00adpa\u00adtro\u00adnale de l\u2019an\u00adn\u00e9e pr\u00e9\u00adc\u00e9\u00addente, concer\u00adnant le mesures de d\u00e9fense \u00e0 prendre pour l\u2019emploi dans les usines, des machines \u00e0 for\u00admer les boites. Aux termes de cette conven\u00adtion que Mer\u00adrheim exa\u00admi\u00adna ici, au cours de son \u00e9tude sur les <i>sou\u00addeurs bre\u00adtons<\/i> [[&nbsp;<i>Vie Ouvri\u00e8re<\/i> <a href=\"688.\">n\u00b0 du 3 novembre 1909<\/a>], les fabri\u00adcants de chaque r\u00e9gion s\u2019en\u00adgagent \u00e0 pro\u00adcla\u00admer, en cas de confit avec le ouvriers sou\u00addeurs, le lock-out de soli\u00adda\u00adri\u00adt\u00e9 r\u00e9gionale.<\/p>\n<p>Le Congr\u00e8s a d\u00e9ci\u00add\u00e9 d\u2019in\u00advi\u00adter les pou\u00advoirs publics prendre les mesures n\u00e9ces\u00adsaires pour sau\u00adve\u00adgar\u00adder la liber\u00adt\u00e9 du tra\u00advail, en par\u00adti\u00adcu\u00adlier pour per\u00admettre la fabri\u00adca\u00adtion des conserves de thon et d\u2019autres pois\u00adsons, concur\u00adrem\u00adment avec celle des conserves de sardines.<\/p>\n<p>\u00c0 l\u2019\u00e9\u00adgard des p\u00eacheurs, les fabri\u00adcants ont accep\u00adt\u00e9 en prin\u00adcipe la for\u00adma\u00adtion de com\u00admis\u00adsions mixtes ayant pour objet de fixer les prix mini\u00adma du pois\u00adson, mais ils ont d\u00e9ci\u00add\u00e9 de n\u2019ac\u00adcep\u00adter la for\u00adma\u00adtion de ces com\u00admis\u00adsions que sous la r\u00e9serve for\u00admelle que chaque fabri\u00adcant res\u00adte\u00adra abso\u00adlu\u00adment libre de diri\u00adger ses achats sui\u00advant ses res\u00adsources et les demandes de sa clien\u00adt\u00e8le. En ce qui concerne la ques\u00adtion des quan\u00adti\u00adt\u00e9s \u00e0 prendre jour\u00adnel\u00adle\u00adment, le r\u00f4le de la com\u00admis\u00adsion devra se bor\u00adner \u00e0 cen\u00adtra\u00adli\u00adser chaque jour, sans pou\u00advoir les dis\u00adcu\u00adter, les indi\u00adca\u00adtions qui lui seront four\u00adnies par les fabri\u00adcants sur leurs besoins pr\u00e9\u00adsu\u00adm\u00e9s du lendemain.<\/p>\n","protected":false},"excerpt":{"rendered":"<p>Le sep\u00adti\u00e8me congr\u00e8s des fabri\u00adcants fran\u00ad\u00e7ais de conserves de sar\u00addines s\u2019est r\u00e9uni \u00e0 Nantes les 14 et 15 jan\u00advier. Les pro\u00adpri\u00e9\u00adtaires de 124 usines \u00e9taient pr\u00e9\u00adsents ou repr\u00e9\u00adsen\u00adt\u00e9s. Il a \u00e9t\u00e9, natu\u00adrel\u00adle\u00adment, beau\u00adcoup ques\u00adtion des conflits de l\u2019\u00e9\u00adt\u00e9 der\u00adnier et des inci\u00addents qui les ont mar\u00adqu\u00e9s. C\u2019est ain\u00adsi que le Congr\u00e8s a d\u00e9ci\u00add\u00e9 de renouveler&nbsp;[\u2026]<\/p>\n","protected":false},"author":1,"featured_media":0,"comment_status":"closed","ping_status":"closed","sticky":false,"template":"","format":"standard","meta":{"wp_typography_post_enhancements_disabled":false,"footnotes":""},"categories":[320],"tags":[],"ppma_author":[540],"class_list":["post-2733","post","type-post","status-publish","format-standard","hentry","category-la-vie-ouvriere-n9-10-5-20-fevrier-1910"],"authors":[{"term_id":540,"user_id":1,"is_guest":0,"slug":"admin_3gikpwyf","display_name":"Vincent Dubuc","avatar_url":"https:\/\/secure.gravatar.com\/avatar\/d015720652c25fd2ced191ade86430094e1f288a17483713e3b34d26dea52507?s=96&d=mm&r=g","author_category":"","user_url":"https:\/\/la-presse-anarchiste.net","last_name":"Dubuc","first_name":"Vincent","job_title":"","description":""}],"_links":{"self":[{"href":"https:\/\/la-presse-anarchiste.net\/index.php\/wp-json\/wp\/v2\/posts\/2733","targetHints":{"allow":["GET"]}}],"collection":[{"href":"https:\/\/la-presse-anarchiste.net\/index.php\/wp-json\/wp\/v2\/posts"}],"about":[{"href":"https:\/\/la-presse-anarchiste.net\/index.php\/wp-json\/wp\/v2\/types\/post"}],"author":[{"embeddable":true,"href":"https:\/\/la-presse-anarchiste.net\/index.php\/wp-json\/wp\/v2\/users\/1"}],"replies":[{"embeddable":true,"href":"https:\/\/la-presse-anarchiste.net\/index.php\/wp-json\/wp\/v2\/comments?post=2733"}],"version-history":[{"count":0,"href":"https:\/\/la-presse-anarchiste.net\/index.php\/wp-json\/wp\/v2\/posts\/2733\/revisions"}],"wp:attachment":[{"href":"https:\/\/la-presse-anarchiste.net\/index.php\/wp-json\/wp\/v2\/media?parent=2733"}],"wp:term":[{"taxonomy":"category","embeddable":true,"href":"https:\/\/la-presse-anarchiste.net\/index.php\/wp-json\/wp\/v2\/categories?post=2733"},{"taxonomy":"post_tag","embeddable":true,"href":"https:\/\/la-presse-anarchiste.net\/index.php\/wp-json\/wp\/v2\/tags?post=2733"},{"taxonomy":"author","embeddable":true,"href":"https:\/\/la-presse-anarchiste.net\/index.php\/wp-json\/wp\/v2\/ppma_author?post=2733"}],"curies":[{"name":"wp","href":"https:\/\/api.w.org\/{rel}","templated":true}]}}