{"id":2738,"date":"2011-01-10T07:15:13","date_gmt":"2011-01-10T07:15:13","guid":{"rendered":"https:\/\/la-presse-anarchiste.net\/index.php\/2011\/01\/10\/laffaire-de-louenza\/"},"modified":"2011-01-10T07:15:13","modified_gmt":"2011-01-10T07:15:13","slug":"laffaire-de-louenza","status":"publish","type":"post","link":"https:\/\/la-presse-anarchiste.net\/index.php\/2011\/01\/10\/laffaire-de-louenza\/","title":{"rendered":"L\u2019affaire de l\u2019Ouenza"},"content":{"rendered":"<div class=\"pdfprnt-buttons pdfprnt-buttons-post pdfprnt-top-right\"><a href=\"https:\/\/la-presse-anarchiste.net\/index.php\/wp-json\/wp\/v2\/posts\/2738?print=pdf\" class=\"pdfprnt-button pdfprnt-button-pdf\" target=\"_blank\"><img decoding=\"async\" src=\"https:\/\/la-presse-anarchiste.net\/wp-content\/plugins\/pdf-print\/images\/pdf.png\" alt=\"image_pdf\" title=\"Afficher le PDF\"><\/a><a href=\"https:\/\/la-presse-anarchiste.net\/index.php\/wp-json\/wp\/v2\/posts\/2738?print=print\" class=\"pdfprnt-button pdfprnt-button-print\" target=\"_blank\"><img decoding=\"async\" src=\"https:\/\/la-presse-anarchiste.net\/wp-content\/plugins\/pdf-print\/images\/print.png\" alt=\"image_print\" title=\"Contenu imprim\u00e9\"><\/a><\/div><h2>Comment je d\u00e9couvris l\u2019Ouenza<\/h2>\n<p>Dans le cou\u00adrant de jan\u00advier 1908, l\u2019U\u00adnion F\u00e9d\u00e9\u00adrale des ouvriers m\u00e9tal\u00adlur\u00adgistes m\u2019en\u00advoya en d\u00e9l\u00e9\u00adga\u00adtion dans l\u2019Est. Suc\u00adces\u00adsi\u00adve\u00adment je visi\u00adtai Nan\u00adcy, Pom\u00adpey, Faux et Neuves-Mai\u00adsons. Puis quit\u00adtant le bas\u00adsin de Nan\u00adcy pour ceux de Longwy et de Briey, je visi\u00adtai J\u0153uf, Hom\u00e9\u00adcourt, Hus\u00adsi\u00adgny-God\u00adbrange, Sanlnes, Vil\u00adle\u00adrupt et Longwy.<\/p>\n<p>Depuis les gr\u00e8ves de 1905, je n\u2019\u00e9\u00adtais pas retour\u00adn\u00e9 dans ces r\u00e9gions. H\u00e9las&nbsp;! je pus me rendre compte que l\u2019o\u00addieuse exploi\u00adta\u00adtion qui y s\u00e9vis\u00adsait alors n\u2019\u00e9\u00adtait pas chan\u00adg\u00e9e. Au contraire, elle s\u2019\u00e9\u00adtait aggrav\u00e9e.<\/p>\n<p>La plu\u00adpart des \u00e9co\u00adno\u00admats, afin d\u2019\u00e9\u00adlu\u00adder le pro\u00adjet de loi d\u00e9po\u00ads\u00e9 au len\u00adde\u00admain des gr\u00e8ves de Longwy, par M.&nbsp;Flayelle, d\u00e9pu\u00adt\u00e9 des Vosges, avaient \u00e9t\u00e9 \u00ab&nbsp;bap\u00adti\u00ads\u00e9s&nbsp;\u00bb coop\u00e9ratives.<\/p>\n<p>Dans les usines, l\u2019ar\u00adro\u00adgance des poten\u00adtats m\u00e9tal\u00adlur\u00adgiques s\u2019exer\u00ad\u00e7ait avec le m\u00eame cynisme et la m\u00eame impu\u00adni\u00adt\u00e9. Des mil\u00adliers de Belges, d\u2019Al\u00adle\u00admands, d\u2019I\u00adta\u00adliens et de Fran\u00ad\u00e7ais conti\u00adnuaient \u00e0 \u00eatre odieu\u00adse\u00adment pres\u00adsu\u00adr\u00e9s. Tout \u00eatre qui vou\u00adlait vivre, pen\u00adser, s\u2019or\u00adga\u00adni\u00adser pour agir, \u00e9tait imm\u00e9\u00addia\u00adte\u00adment affa\u00adm\u00e9, chas\u00ads\u00e9, expuls\u00e9.<\/p>\n<p>Les bles\u00ads\u00e9s qui, en se cachant, osaient venir me deman\u00adder conseil me par\u00adlaient avec la m\u00eame ter\u00adreur qu\u2019au\u00adtre\u00adfois des bou\u00adche\u00adries\u200a\u2014\u200ah\u00f4pi\u00adtaux annex\u00e9s aux usines\u200a\u2014\u200ao\u00f9 on les oblige \u00e0 se faire soigner.<\/p>\n<p>Dans les mines de fer, les bas\u00adcu\u00adleurs, pay\u00e9s par les ouvriers, qui avaient \u00e9t\u00e9 impo\u00ads\u00e9s par la gr\u00e8ve pour contr\u00f4\u00adler le poids des wagon\u00adnets de mine\u00adrai, avaient \u00e9t\u00e9 supprim\u00e9s.<\/p>\n<p>Bref, par\u00adtout la ter\u00adreur, l\u2019\u00e9\u00adpou\u00advante tenaient et tiennent encore cour\u00adb\u00e9s des mil\u00adliers d\u2019ou\u00advriers m\u00e9tallurgistes.<\/p>\n<p>Aus\u00adsi est-ce le c\u0153ur tor\u00adtu\u00adr\u00e9 par tous les r\u00e9cits lamen\u00adtables, que j\u2019a\u00advais enten\u00addus, que j\u2019ar\u00adri\u00advai \u00e0 Longwy un dimanche \u00e0 7 heures et demie du matin. Contrai\u00adre\u00adment \u00e0 mon attente, per\u00adsonne n\u2019\u00e9\u00adtait \u00e0 la gare. N\u2019ayant pas l\u2019a\u00addresse des cama\u00adrades qui m\u2019a\u00advaient \u00e9crit, je me dis qu\u2019au train sui\u00advant ils vien\u00addraient me prendre et j\u2019at\u00adten\u00addis au&nbsp;caf\u00e9.<\/p>\n<p>Ayant \u00e9t\u00e9 m\u00eal\u00e9 des mois durant aux gr\u00e8ves de Longwy, je fus vite recon\u00adnu. Les consom\u00adma\u00adteurs pr\u00e9\u00adsents ne se g\u00e9n\u00e8rent pas pour me d\u00e9vi\u00adsa\u00adger et bien\u00adt\u00f4t les injures habi\u00adtuelles&nbsp;: <i>agent de l\u2019\u00e9\u00adtran\u00adger<\/i>, <i>pay\u00e9 par les Alle\u00admands<\/i>, <i>anar\u00adchiste<\/i>, etc., arri\u00adv\u00e8rent \u00e0 mes oreilles.<\/p>\n<p>Je me gar\u00addais bien de r\u00e9pondre, lisant tran\u00adquille\u00adment mon jour\u00adnal. Mais un grand gaillard vint s\u2019as\u00adseoir \u00e0 ma table et alors s\u2019en\u00adga\u00adgea le dia\u00adlogue suivant&nbsp;:<\/p>\n<p>\u2014\tVous \u00eates bien Mer\u00adrheim, de&nbsp;Paris&nbsp;?<br>\n<br>\u2014\tOui, et&nbsp;apr\u00e8s&nbsp;?<br>\n<br>\u2014\tQu\u2019est-ce que vous venez encore faire par&nbsp;ici&nbsp;?<br>\n<br>\u2014\tMet\u00adtez que cela ne vous regarde pas.<br>\n<br>\u2014 C\u2019est pos\u00adsible, mais j\u2019ai bien le droit de vous le demander.<br>\n<br>\u2014 Et moi de refu\u00adser de vous r\u00e9pondre.<br>\n<br>\u2014 Droits \u00e9gaux, me r\u00e9tor\u00adqua-t-il en riant. Cepen\u00addant vous devez en avoir assez, voyons&nbsp;! Pour\u00adquoi &nbsp;? Pour\u00adquoi atta\u00adquer les Aci\u00e9\u00adries comme vous le faites&nbsp;? Vous ne r\u00e9us\u00adsi\u00adrez qu\u2019\u00e0 vous faire condam\u00adner chaque fois. Voyez&nbsp;: \u00e0 Briey, \u00e0 Nan\u00adcy, \u00e0 Paris, par\u00adtout, c\u2019est vous qui avez \u00e9t\u00e9 condamn\u00e9.<br>\n<br>\u2014 Et apr\u00e8s&nbsp;? Si cela me pla\u00eet \u00e0 moi d\u2019\u00eatre le per\u00adp\u00e9\u00adtuel condamn\u00e9&nbsp;!<br>\n<br>\u2014 Mais, enfin, votre cam\u00adpagne ne sau\u00adrait abou\u00adtir. Vous venez, aujourd\u2019\u00adhui, pour faire une r\u00e9union ici, vous ne la ferez pas. Ce sera demain comme aujourd\u2019\u00adhui&nbsp;; nous sommes les plus&nbsp;forts.<br>\n<br>\u2014 Nous ver\u00adrons bien. En tout cas, vous pou\u00advez faire \u00e0 ceux qui sont les plus forts, que je pr\u00e9\u00adpare une cam\u00adpagne sur leurs mines, qui comptera\u2026<\/p>\n<p>Mon inter\u00adlo\u00adcu\u00adteur par\u00adtit d\u2019un grand rire.\u200a\u2014\u200aMon pauvre gar\u00ad\u00e7on, nous nous en fichons comme de vous-m\u00eame. Puisque \u00e7a vous pla\u00eet d\u2019\u00eatre condam\u00adn\u00e9, on vous pour\u00adsui\u00advra, et soyez s\u00fbr qu\u2019on ne vous man\u00adque\u00adra pas. C\u2019est d\u00e9ci\u00add\u00e9 et vous avez d\u00fb vous en apercevoir.<br>\n<br>\u2014 Mais qui \u00eates-vous&nbsp;?<br>\n<br>\u2014 Un ing\u00e9\u00adnieur qui vous conseille avant d\u2019en\u00adtre\u00adprendre votre cam\u00adpagne\u200a\u2014\u200anou\u00adveaux rires\u200a\u2014\u200ade jeter un coup d\u2019\u0153il sur l\u2019Ouen\u00adza. Nous aurons la Meurthe-et-Moselle comme nous le vou\u00addrons et plus faci\u00adle\u00adment encore l\u2019Ouenza.<\/p>\n<p>La conver\u00adsa\u00adtion tour\u00adna alors en dis\u00adpute et je quit\u00adtai le&nbsp;caf\u00e9.<\/p>\n<p>L\u2019in\u00adg\u00e9\u00adnieur\u200a\u2014\u200aou pr\u00e9\u00adten\u00addu tel\u200a\u2014\u200aavait raison.<\/p>\n<p>La r\u00e9union n\u2019eut pas lieu. En face de la salle qui avait \u00e9t\u00e9 rete\u00adnue, deux jaunes se tenaient avec un sur\u00adveillant des Aci\u00e9\u00adries, un appa\u00adreil pho\u00adto\u00adgra\u00adphique ins\u00adtan\u00adta\u00adn\u00e9 \u00e0 la main. Pas un ouvrier n\u2019o\u00adsa p\u00e9n\u00e9\u00adtrer \u00e0 la r\u00e9union, et les deux cama\u00adrades qui vinrent me retrou\u00adver furent ren\u00advoy\u00e9s quelque temps&nbsp;apr\u00e8s.<\/p>\n<p>Mais ren\u00adtr\u00e9 \u00e0 Paris, je n\u2019ou\u00adbliai pas mon ing\u00e9\u00adnieur et son d\u00e9fi. Je me mis en qu\u00eate de ren\u00adsei\u00adgne\u00adments sur ce mys\u00adt\u00e9\u00adrieux Ouen\u00adza dont j\u2019a\u00advais enten\u00addu par\u00adler l\u00e0-bas pour la pre\u00admi\u00e8re&nbsp;fois.<\/p>\n<h2>Le gisement de l\u2019Ouenza<\/h2>\n<p>[|<b>Sa richesse en fer\u2026 et en cuivre, en plomb, en zinc<\/b>|]<\/p>\n<p><quote>Les gise\u00adments de fer de l\u2019Ouen\u00adza, dans le d\u00e9par\u00adte\u00adment de Constan\u00adtine, sont connus depuis long\u00adtemps. C\u2019est, dit-on, une masse de fer de 30 \u00e0 40 mil\u00adlions, assez impor\u00adtante sans doute, mais qui ne repr\u00e9\u00adsente gu\u00e8re plus, comme ton\u00adnage, que la plus petite des conces\u00adsions de Briey, dans le d\u00e9par\u00adte\u00adment de Meurthe-et-Moselle.<br>\n<br>Jon\u00adnart. <i>D\u00e9cla\u00adra\u00adtion \u00e0 la Chambre des d\u00e9pu\u00adt\u00e9s. (S\u00e9ance du 21 jan\u00advier&nbsp;1910.)<\/i><\/quote><\/p>\n<p>L\u2019Ouen\u00adza est situ\u00e9 \u00e0 une cen\u00adtaine de kilo\u00adm\u00e8tres \u00e0 vol d\u2019oi\u00adseau, au sud du port de B\u00f4ne (d\u00e9par\u00adte\u00adment de Constan\u00adtine), sur la com\u00admune mixte de Mor\u00adsott. La conces\u00adsion a une \u00e9ten\u00addue de 3.079 hectares.<\/p>\n<p>Quelle est l\u2019im\u00adpor\u00adtance de ce gise\u00adment&nbsp;? Voi\u00adci un pre\u00admier point \u00e0 \u00e9claircir.<\/p>\n<p>M.&nbsp;Jon\u00adnart reprend \u00e0 son compte l\u2019af\u00adfir\u00adma\u00adtion \u00e9mise dans un article de la <i>Revue Poli\u00adtique et Par\u00adle\u00admen\u00adtaire<\/i> [[Num\u00e9\u00adro du 10 jan\u00advier 1909.]], sign\u00e9 XXX. Ce mys\u00adt\u00e9\u00adrieux ano\u00adny\u00admat recouvre l\u2019in\u00adg\u00e9\u00adnieur Car\u00adbon\u00adnel, des ser\u00advices de M.&nbsp;Schnei\u00adder, dont nous aurons \u00e0 reparler.<\/p>\n<p>\u00ab&nbsp;L\u2019Ouen\u00adza-B\u00f4ne, \u00e9cri\u00advait XXX, repr\u00e9\u00adsente 40 \u00e0 45 mil\u00adlions de tonnes de minerai.&nbsp;\u00bb<\/p>\n<p>Cette affir\u00adma\u00adtion est abso\u00adlu\u00adment fausse. L\u2019Ouen\u00adza rec\u00e8le un nombre plus \u00e9le\u00adv\u00e9 de tonnes de fer et il pos\u00ads\u00e8de en outre d\u2019autres m\u00e9taux qui accroissent la valeur de la concession.<\/p>\n<p>\u00c9cou\u00adtons M.&nbsp;Labor\u00add\u00e8re [[&nbsp;<i>Revue de Paris<\/i>, n\u00b0 du 15 f\u00e9vrier 1909, p.&nbsp;809.]]&nbsp;:<\/p>\n<blockquote><p>Le Dje\u00adbel-Ouen\u00adza, la col\u00adline .fer\u00adru\u00adgi\u00adneuse, la masse de mine\u00adrai de fer <i>sp\u00e9\u00adciale<\/i> dont on s\u2019oc\u00adcupe actuel\u00adle\u00adment, n\u2019est pas en effet un acci\u00addent iso\u00adl\u00e9 de min\u00e9\u00adra\u00adli\u00adsa\u00adtion. Dans un rayon d\u2019une soixan\u00adtaine de kilo\u00adm\u00e8tres autour du Dje\u00adbel-Ouen\u00adza, il y a d\u2019autres masses de mine\u00adrai de fer, secon\u00addaires, mais encore impor\u00adtantes, dont l\u2019en\u00adsemble peut atteindre 50 mil\u00adlions de tonnes. Ajou\u00adtez, semble-t-il, d\u2019as\u00adsez nom\u00adbreuses poches de cala\u00admine (zinc), des filons plom\u00adbeux&nbsp;; enfin, avec un peu\u200a\u2014\u200aou beau\u00adcoup\u200a\u2014\u200ad\u2019i\u00adma\u00adgi\u00adna\u00adtion, on peut entre\u00advoir qu\u2019un des gros \u00e9l\u00e9\u00adments d\u2019a\u00adve\u00adnir de cette r\u00e9gion, <i>c\u2019est le cuivre<\/i>&nbsp;: il y a, para\u00eet-il, dans le Dje\u00adbel-Ouen\u00adza lui-m\u00eame, des kilo\u00adm\u00e8tres de gale\u00adries romaines qui ont ser\u00advi \u00e0 exploi\u00adter le mine\u00adrai pour ses teneurs de cuivre.<\/p><\/blockquote>\n<p>Les d\u00e9cla\u00adra\u00adtions d\u00e9 M.&nbsp;Labor\u00add\u00e8re devaient \u00eatre pr\u00e9\u00adci\u00ads\u00e9es, peu de temps apr\u00e8s, par M.&nbsp;Bor\u00addy dans l\u2019<i>Infor\u00adma\u00adtion<\/i> [[Num\u00e9\u00adro du 30 mars 1909.]]. Nous appre\u00adnions alors&nbsp;que<\/p>\n<p><quote>L\u2019un des plus dis\u00adtin\u00adgu\u00e9s ing\u00e9\u00adnieurs des <i>Mines de l\u2019\u00c9tat<\/i> a esti\u00adm\u00e9 la puis\u00adsance du gise\u00adment de l\u2019Ouen\u00adza \u00e0 150 mil\u00adlions de tonnes. Ce n\u2019est pas tout&nbsp;; sous le cha\u00adpeau de fer se trouve un \u00e9norme gise\u00adment de cuivre, lequel est \u00e0 l\u2019\u00e9\u00adtat d\u2019oxyde de mala\u00adchite, uzu\u00adrite et cuprite avec des veines et noyaux de cuivre gris argentif\u00e8re.<\/quote><\/p>\n<p>Cette <i>mine de Cuivre<\/i> de l\u2019Ouen\u00adza est la plus impor\u00adtante de toute l\u2019Al\u00adg\u00e9\u00adrie-Tuni\u00adsie&nbsp;; les mine\u00adrais tout venant qu\u2019on y exploi\u00adtait en 1905, par gale\u00adries sou\u00adter\u00adraines ou \u00e0 ciel ouvert, ont une teneur moyenne de 5&nbsp;p.&nbsp;100 de cuivre m\u00e9tal\u00adlique. Aux fameuses mines de Rio-Tin\u00adto, la teneur moyenne est seule\u00adment de 2,88&nbsp;p.&nbsp;100.<\/p>\n<p>En accor\u00addant la conces\u00adsion de l\u2019Ouen\u00adza, c\u2019est toute la r\u00e9gion que l\u2019on accorde. Ce n\u2019est pas sim\u00adple\u00adment le mine\u00adrai de fer qu\u2019on peut \u00e9va\u00adluer au mini\u00admum \u00e0 cent cin\u00adquante mil\u00adlions de tonnes [[Au der\u00adnier moment, M.&nbsp;Fran\u00adcis Laur \u00e9crit dans l\u2019<i>Infor\u00adma\u00adtion<\/i> (n\u00b0 du 2 f\u00e9vrier 1910)&nbsp;: \u00ab&nbsp;\u2026Il est connu, av\u00e9\u00adr\u00e9 que la par\u00adtie seule du gise\u00adment appe\u00adl\u00e9e Sainte-Barbe contient 30 mil\u00adlions de tonnes de mine\u00adrai et c\u2019est le plus petit mor\u00adceau de l\u2019Ouen\u00adza. Les plus modestes esti\u00adma\u00adtions ont accu\u00ads\u00e9 un total de 70 mil\u00adlions de tonnes et l\u2019on est plu\u00adt\u00f4t d\u2019ac\u00adcord sur celui de cent millions.<\/p>\n<p>Mais le g\u00eete de l\u2019Ouen\u00adza est ins\u00e9\u00adpa\u00adrable de celui de Bou-Kadra, un peu plus au sud et qui contient encore plus de 50 mil\u00adlions. Il y a donc l\u00e0 150 \u00e0 200 mil\u00adlions de tonnes de mine\u00adrai de fer.&nbsp;\u00bb]], mais encore les mine\u00adrais de zinc, de plomb et de cuivre.<\/p>\n<p>Un rap\u00adport de l\u2019in\u00adg\u00e9\u00adnieur des mines Jacob, dat\u00e9 du 3 juin 1903, dit tex\u00adtuel\u00adle\u00adment que le cuivre est m\u00e9lan\u00adg\u00e9 au fer et qu\u2019on sera obli\u00adg\u00e9 de les extraire ensemble.<\/p>\n<p>M.&nbsp;Jon\u00adnart, pas plus que les porte-plumes du Creu\u00adsot, n\u2019a\u00advouent donc la richesse r\u00e9elle du gisement.<\/p>\n<p>Ce gise\u00adment pos\u00ads\u00e8de une valeur plus grande encore quand on exa\u00admine le mar\u00adch\u00e9 inter\u00adna\u00adtio\u00adnal du&nbsp;fer.<\/p>\n<p>[|<b>Son impor\u00adtance internationale<br>\n<br>La famine du fer<\/b>|]<\/p>\n<p>Le gise\u00adment du Dje\u00adbel-Ouen\u00adza tire sa valeur de deux&nbsp;faits&nbsp;:<\/p>\n<ol>\n<li> Les prin\u00adci\u00adpales nations m\u00e9tal\u00adlur\u00adgiques, l\u2019A\u00adm\u00e9\u00adrique, l\u2019An\u00adgle\u00adterre et l\u2019Al\u00adle\u00admagne, sont \u00e0 la veille de voir leurs gise\u00adments de mine\u00adrai de fer \u00e9puis\u00e9s&nbsp;;<\/li>\n<li> Le mine\u00adrai non phos\u00adpho\u00adreux de l\u2019Ouen\u00adza est indis\u00adpen\u00adsable pour les fabri\u00adca\u00adtions sp\u00e9\u00adciales de canons, obus, plaques de blin\u00addages, etc.<\/li>\n<\/ol>\n<p>Exa\u00admi\u00adnons le pre\u00admier&nbsp;fait.<\/p>\n<p>Il n\u2019est pas pos\u00adsible de le contes\u00adter. Aus\u00adsi, en a\u2011t-on pu trou\u00adver sous la signa\u00adture XXX (<i>alias<\/i> Car\u00adbon\u00adnel) la recon\u00adnais\u00adsance \u00e9clatante&nbsp;:<\/p>\n<blockquote><p>L\u2019An\u00adgle\u00adterre, qui est, \u00e0 l\u2019heure actuelle, le pre\u00admier mar\u00adchand de char\u00adbon du monde, n\u2019a plus en mine\u00adrai de fer que des <i>r\u00e9serves tout \u00e0 fait insuf\u00adfi\u00adsantes<\/i>&nbsp;; elle \u00e9puise les lam\u00adbeaux de quelques gise\u00adments d\u2019h\u00e9\u00adma\u00adtite \u00e0 <i>haute teneur<\/i>, et voit, d\u2019an\u00adn\u00e9e en ann\u00e9e, bais\u00adser de qua\u00adli\u00adt\u00e9 et dimi\u00adnuer de quan\u00adti\u00adt\u00e9 le ren\u00adde\u00adment de ses fers car\u00adbo\u00adna\u00adt\u00e9s du Cle\u00adve\u00adland. Il lui faut d\u00e8s aujourd\u2019\u00adhui 8 mil\u00adlions d\u00e9 tonnes de mine\u00adrai par an [[&nbsp;<i>Revue Poli\u00adtique et Par\u00adle\u00admen\u00adtaire<\/i>, n\u00b0 du 10 jan\u00advier 1909, page&nbsp;46.]].<\/p><\/blockquote>\n<p>O\u00f9 ira-t-elle les chercher&nbsp;?<\/p>\n<p>En Espagne&nbsp;? Les gise\u00adments qu\u2019elle y pos\u00ads\u00e8de \u00e0 San\u00adtan\u00adder, \u00e0 Car\u00adtha\u00adg\u00e8ne, etc., sont presque \u00e9pui\u00ads\u00e9s et ce qui reste revient \u00e0 un prix trop&nbsp;\u00e9lev\u00e9.<\/p>\n<p>Les m\u00e9tal\u00adlur\u00adgistes anglais sont donc en qu\u00eate de minee\u00adrai. En France, avec quelques firmes alle\u00admandes, ils acca\u00adparent petit \u00e0 petit la pro\u00adduc\u00adtion des prin\u00adci\u00adpales mines de fer des Pyr\u00e9\u00adn\u00e9es-Orien\u00adtales. Le tra\u00adfic e Port-Vendres avec l\u2019An\u00adgle\u00adterre est deve\u00adnu fort important.<\/p>\n<p>Les ini\u00adti\u00e9s connaissent le \u00ab&nbsp;Consor\u00adtium anglo-alle\u00admand et fran\u00ad\u00e7ais des mines de fer du Cani\u00adgou&nbsp;\u00bb, pro\u00adpri\u00e9\u00adtaire des mines de Riols, \u00e0 Ver\u00adnet-les-Bains, de celles de Ria, des Holt\u00adzer&nbsp;; de Bal\u00adles\u00adta\u00advy, de Pauillac. On affir\u00admait fin sep\u00adtembre 1908, qu\u2019il cher\u00adchait \u00e0 acca\u00adpa\u00adrer les mines de Filliols. Des pro\u00adpo\u00adsi\u00adtions furent faites \u00e0 ces mines de louer leurs conces\u00adsions pen\u00addant vingt ans <i>moyen\u00adnant une rede\u00advance de cent mille francs par an<\/i>, soit deux mil\u00adlions de francs.<\/p>\n<p>La Meurthe-et-Moselle ne tar\u00adde\u00adra pas non plus \u00e0 leur four\u00adnir du mine\u00adrai. Un ing\u00e9\u00adnieur, ins\u00adpec\u00adteur des mines de l\u2019Est pour le compte de l\u2019\u00c9tat, M, Bailly, a indi\u00adqu\u00e9 un moyen simple et pra\u00adtique pour mettre d\u2019ac\u00adcord m\u00e9tal\u00adlur\u00adgistes anglais et fran\u00e7ais.<\/p>\n<p>Les mine\u00adrais de l\u2019Est seraient exp\u00e9\u00addi\u00e9s par wagons et navires en Angle\u00adterre. Au prix moyen de 3 francs la tonne sur le car\u00adreau de la mine, auquel s\u2019a\u00adjou\u00adte\u00adrait le co\u00fbt du trans\u00adport, soit dix francs la tonne, jus\u00adqu\u2019\u00e0 un port anglais via Dun\u00adkerque, ce mine\u00adrai serait ren\u00addu au prix de, 13 \u00e0 14 francs la tonne en Angleterre.<\/p>\n<p>Or, \u00e0 qua\u00adli\u00adt\u00e9 \u00e9gale (40.&nbsp;p.&nbsp;100) le prix moyen du mine\u00adrai anglais est, au mini\u00admum, de 18 francs la tonne. D\u2019o\u00f9 b\u00e9n\u00e9\u00adfice par tonne de 4 francs pour les m\u00e9tal\u00adlur\u00adgistes anglais.<\/p>\n<p>Les m\u00e9tal\u00adlur\u00adgistes de l\u2019Est y trou\u00adve\u00adraient, eux, cet avan\u00adtage que les wagons et navires pren\u00addraient, comme fret de retour, les excel\u00adlents char\u00adbons de Durham.<\/p>\n<p>Pour  y arri\u00adver, il suf\u00adfi\u00adrait de com\u00adbi\u00adner les tarifs (c\u2019est-\u00e0-dire de les abais\u00adser)&nbsp;: il y aurait l\u00e0 un excellent moyen d\u2019\u00e9\u00adchap\u00adper au Koh\u00adlen-Syn\u00addi\u00adcat (syn\u00addi\u00adcat des cokes alle\u00admands) qui tient \u00e0 sa mer\u00adci les m\u00e9tal\u00adlur\u00adgistes de&nbsp;l\u2019Est.<\/p>\n<p>Mais, \u00ab&nbsp;\u00e0 cette heure\u200a\u2014\u200a\u00e9cri\u00advait M.&nbsp;Bailly [[M.&nbsp;Bailly a re\u00e7u tr\u00e8s r\u00e9cem\u00adment (1909) la r\u00e9com\u00adpense de ses ser\u00advices. Il a quit\u00adt\u00e9 le ser\u00advice de l\u2019\u00c9\u00adtat pour celui du Comi\u00adt\u00e9 des Forges et des Mines de fer de Meurthe-et-Moselle, qui a cr\u00e9\u00e9 un ser\u00advice sp\u00e9\u00adcial d\u2019\u00e9\u00adtudes des <i>com\u00adbus\u00adtibles<\/i>, dont il est le chef.]], en 1907, dans une lettre aux m\u00e9tal\u00adlur\u00adgistes anglais qui lui avaient deman\u00add\u00e9 avis\u200a\u2014\u200ales usines m\u00e9tal\u00adlur\u00adgiques de West\u00adpha\u00adlie s\u2019in\u00adt\u00e9\u00adressent acti\u00adve\u00adment aux exploi\u00adta\u00adtions du bas\u00adsin de Briey, il serait \u00e0 d\u00e9si\u00adrer que les indus\u00adtriels ne se lais\u00adsassent pas trop devan\u00adcer par leurs rivaux alle\u00admands comme ils se sont lais\u00ads\u00e9s exclure par eux des mines de&nbsp;Su\u00e8de&nbsp;\u00bb.<\/p>\n<p>Si nous nous tour\u00adnons du c\u00f4t\u00e9 de la Bel\u00adgique, nous trou\u00advons une situa\u00adtion iden\u00adtique \u00e0 celle de l\u2019An\u00adgle\u00adterre. Les Belges r\u00e9clament \u00e0 cor et \u00e0 cri le \u00ab&nbsp;pain&nbsp;\u00bb des hauts-four\u00adneaux. Ils ont des mines de fer en Lor\u00adraine alle\u00admande, mais, h\u00e9las&nbsp;! moins bonnes que nos mines de l\u2019Est. Nous pour\u00adrions d\u00e9si\u00adgner une usine qui, ayant des mines en Lor\u00adraine alle\u00admande, pr\u00e9\u00adf\u00e8re s\u2019ap\u00adpro\u00advi\u00adsion\u00adner en Meurthe-et-Moselle, parce que, \u00e0 tous les points de vue, elle y trouve avantage.<\/p>\n<p>Actuel\u00adle\u00adment&nbsp;; les Belges construisent des wagons vingt tonnes pour trans\u00adpor\u00adter, en Bel\u00adgique, le mirai de&nbsp;Briey.<\/p>\n<p>Res\u00adtent les Allemands.<\/p>\n<p>Plus que tous les autres, ils ont besoin de nos mine\u00adrais. Leurs mines s\u2019\u00e9\u00adpuisent de plus en plus. Jus\u00adqu\u2019en 1898, les Alle\u00admands expor\u00adt\u00e8rent leurs mine\u00adrais de fer. Mais, \u00e0 mesure que leur m\u00e9tal\u00adlur\u00adgie se d\u00e9ve\u00adlop\u00adpait, leur extrac\u00adtion deve\u00adnait insuf\u00adfi\u00adsante. D\u2019ex\u00adpor\u00adta\u00adtrice qu\u2019elle \u00e9tait en 1898, l\u2019Al\u00adle\u00admagne main\u00adte\u00adnant demande, chaque ann\u00e9e, plus de <i>huit mil\u00adlions de tonnes<\/i> de mine\u00adrai de fer aux autres nations. Sa pro\u00adduc\u00adtion de mine\u00adrai de fer a \u00e9t\u00e9 de 27.697.000 tonnes en 1907. L\u2019\u00e9\u00adtran\u00adger lui en a four\u00adni 8.476.000 tonnes. La Su\u00e8de entre dans ce chiffre pour 3.603.000 tonnes. L\u2019Es\u00adpagne pour 2.149.000 tonnes, et la France pour 792.000 tonnes.<\/p>\n<p>C\u2019est pour\u00adquoi, dans la Meurthe-et-Moselle, depuis 1900, ils ont suc\u00adces\u00adsi\u00adve\u00adment acca\u00adpa\u00adr\u00e9 des mil\u00adliers d\u2019hec\u00adtares de conces\u00adsions. Voi\u00adci une liste de ces concessions&nbsp;:<\/p>\n<p>1900.\u200a\u2014\u200aConces\u00adsion de Batilly \u00e0 Briey (\u00e9ten\u00addue, 688 hec\u00adtares)&nbsp;; acqu\u00e9\u00adreur, A. Thyssen.<br>\n<br>1902.\u200a\u2014\u200aConces\u00adsion de Joua\u00adville \u00e0 Briey (\u00e9ten\u00addue, 1.032 hec\u00adtares)&nbsp;; acqu\u00e9\u00adreur, A. Thyssen.<br>\n<br>1902.\u200a\u2014\u200aConces\u00adsion de Mou\u00adtiers \u00e0 Briey (\u00e9ten\u00addue, 696 hec\u00adtares)&nbsp;; acqu\u00e9\u00adreur, Deutsch Luxem\u00adbur\u00adgische Berg Werks und Hut\u00adten (part, 25 p.&nbsp;100).<br>\n<br>1903.\u200a\u2014\u200aConces\u00adsion d\u2019H\u00e9\u00adrou\u00adville&nbsp;; acqu\u00e9\u00adreur, Soci\u00e9\u00adt\u00e9 des mines de Luxem\u00adbourg et des forges de Sarrebruck.<br>\n<br>1906.\u200a\u2014\u200aConces\u00adsion Pul\u00adven\u00adteux \u00e0 Longwy (\u00e9ten\u00addue, 216 hec\u00adtares)&nbsp;; acqu\u00e9\u00adreur, Rochling et&nbsp;Cie.<br>\n<br>1906.\u200a\u2014\u200aConces\u00adsion Val\u00adle\u00adroy \u00e0 Briey. (\u00e9ten\u00addue, 886 hec\u00adtares)&nbsp;; acqu\u00e9\u00adreur, le m\u00eame (part de 50 p.&nbsp;100).<br>\n<br>1906.\u200a\u2014\u200aSaint-Pier\u00adre\u00admont (Nord) \u00e0 Briey (\u00e9ten\u00addue, 325 hec\u00adtares)&nbsp;; acqu\u00e9\u00adreur, Aachener.<br>\n<br>1906.\u200a\u2014\u200aSaint-Pier\u00adre\u00admont (Sud) \u00e0 Briey (\u00e9ten\u00addue, 250 hec\u00adtares)&nbsp;; acqu\u00e9\u00adreur, le m\u00eame (part de 7&nbsp;\u00bd).<\/p>\n<p>Enfin, en 1908, la conces\u00adsion de mine\u00adrai de fer de <i>L\u00e9rou\u00adville<\/i> fut ache\u00adt\u00e9e par la Soci\u00e9\u00adt\u00e9 Rume\u00adlange-Saint-Ing\u00adbert de Sar\u00adre\u00adbruck, et la conces\u00adsion de <i>Bel\u00adle\u00advue<\/i>, situ\u00e9e \u00e0 Briey, acquise par l\u2019u\u00adsine Bur\u00adbach (Sar\u00adre\u00adbruck). Ces deux conces\u00adsions, d\u2019une \u00e9ten\u00addue de 1.309 hec\u00adtares, sont situ\u00e9es, comme celles qui ont d\u00e9j\u00e0 \u00e9t\u00e9 ache\u00adt\u00e9es par des Soci\u00e9\u00adt\u00e9s alle\u00admandes, dans la par\u00adtie la plus riche et la plus faci\u00adle\u00adment exploi\u00adtable des gise\u00adments de Meurthe-et-Moselle.<\/p>\n<p>Soit pr\u00e8s de cinq mille hec\u00adtares de ter\u00adrains ferrif\u00e8res.<\/p>\n<p>Aus\u00adsi\u00adt\u00f4t en pos\u00adses\u00adsion de ces conces\u00adsions, les m\u00e9tal\u00adlur\u00adgistes alle\u00admands firent des efforts aupr\u00e8s de leur gou\u00adver\u00adne\u00adment pour all\u00e9\u00adger les frais de transport.<\/p>\n<p>Le co\u00fbt de trans\u00adport d\u2019une tonne de mine\u00adrai de Conflans-Jar\u00adny (Meurthe-et-Moselle), \u00e0 Dort\u00admund (Alle\u00admagne) \u00e9tait de 8 marks 32. Le 1<sup>er<\/sup> mars 1908, la direc\u00adtion des che\u00admins de fer alle\u00admands abais\u00adsait ce tarif \u00e0 6 marks 93, soit une dimi\u00adnu\u00adtion de 1 mark 39 pfen\u00adnig par <i>tonne<\/i>.<\/p>\n<p>Ce tarif est appli\u00adcable aux sta\u00adtions fron\u00adti\u00e8res fran\u00adco-alle\u00admandes, \u00e0 celles d\u2019Al\u00adsace-Lor\u00adraine, du Luxem\u00adbourg et des che\u00admins de fer prus\u00adsiens et hes\u00adsois, <i>ces der\u00adniers com\u00adpre\u00adnant toute la West\u00adpha\u00adlie<\/i>.<\/p>\n<p>De leur c\u00f4t\u00e9 les m\u00e9tal\u00adlur\u00adgistes fran\u00ad\u00e7ais firent des d\u00e9marches aupr\u00e8s de la Com\u00adpa\u00adgnie des che\u00admins de, fer de l\u2019Est pour faire dimi\u00adnuer les tarifs de trans\u00adport de mine\u00adrai. Le comte de Sain\u00adti\u00adgnon, l\u2019un des diri\u00adgeants du Comp\u00adtoir des fontes de Longwy et membre du Comi\u00adt\u00e9 des Forges de France, entra comme admi\u00adnis\u00adtra\u00adteur \u00e0 la Com\u00adpa\u00adgnie des che\u00admins de fer de l\u2019Est dans le but \u00e9vident de rema\u00adnier les tarifs. Il a obte\u00adnu satisfaction.<\/p>\n<p>Ce n\u2019est pas tout. Dans le Coten\u00adtin on a d\u00e9cou\u00advert des gise\u00adments de fer qui s\u2019\u00e9\u00adtendent sur pr\u00e8s de 100 kilo\u00adm\u00e8tres, si l\u2019on en croit les sp\u00e9\u00adcia\u00adlistes. Or, ces gise\u00adments sont acca\u00adpa\u00adr\u00e9s. Par&nbsp;qui&nbsp;?<\/p>\n<p>Par les firmes <i>Krupp et Thys\u00adsen<\/i>, les m\u00eames qu\u2019on retrouve dans l\u2019Ouenza.<\/p>\n<p>Mais ces mine\u00adrais ne r\u00e9pondent pas \u00e0 tous les besoins&nbsp;; ils sont \u00e0 faible teneur, par cons\u00e9\u00adquent impropres aux fabri\u00adca\u00adtions sp\u00e9\u00adciales de la marine et de la guerre.<\/p>\n<p>Le mine\u00adrai de l\u2019Ouen\u00adza, au contraire, est propre \u00e0 ces fabri\u00adca\u00adtions. Jon\u00adnart le pro\u00adcla\u00admait, le 21 jan\u00advier der\u00adnier, \u00e0 la tri\u00adbune de la Chambre&nbsp;:<\/p>\n<blockquote><p> Le mine\u00adrai de l\u2019Ouen\u00adza peut \u00eatre uti\u00adli\u00ads\u00e9 par la plu\u00adpart des usines m\u00e9tal\u00adlur\u00adgiques de France. C\u2019est un mine\u00adrai non phos\u00adpho\u00adreux qui ne convient qu\u2019\u00e0 quelques grandes usines d\u2019Eu\u00adrope, \u00e0 celles qui se livrent \u00e0 des fabri\u00adca\u00adtions sp\u00e9\u00adciales perfectionn\u00e9es.<\/p><\/blockquote>\n<p>Et il ajoutait&nbsp;:<\/p>\n<p><quote>D\u00e8s l\u2019ins\u00adtant o\u00f9 les consom\u00adma\u00adteurs belges, alle\u00admands et anglais, moins favo\u00adri\u00ads\u00e9s que les n\u00f4tres, se voient dans l\u2019o\u00adbli\u00adga\u00adtion d\u2019im\u00adpor\u00adter, pour\u00adquoi serait-ce un crime de dis\u00adpu\u00adter leur clien\u00adt\u00e8le \u00e0 la Su\u00e8de et \u00e0 l\u2019Espagne&nbsp;?<\/quote><\/p>\n<p>[|<b>Les mine\u00adrais su\u00e9\u00addois<\/b>|]<\/p>\n<p>Dis\u00adpu\u00adter la clien\u00adt\u00e8le de l\u2019Es\u00adpagne et de la Su\u00e8de&nbsp;? Men\u00adsonge&nbsp;! Un de plus \u00e0 ajou\u00adter \u00e0 la s\u00e9rie des men\u00adsonges pro\u00adf\u00e9\u00adr\u00e9s par le Gou\u00adver\u00adneur g\u00e9n\u00e9\u00adral de l\u2019Al\u00adg\u00e9\u00adrie dans cette affaire de l\u2019Ouenza.<\/p>\n<p>Mon t\u00e9moi\u00adgnage ne suf\u00adfi\u00adrait pas \u00e0 convaincre M.&nbsp;Jon\u00adnart de faus\u00adse\u00adt\u00e9. Mais il m\u2019est pos\u00adsible d\u2019in\u00advo\u00adquer celui du col\u00adla\u00adbo\u00adra\u00adteur de la <i>Revue de Paris<\/i> M.&nbsp;Labor\u00add\u00e8re [[&nbsp;<i>Revue de Paris<\/i>, n\u00b0 du 15 f\u00e9vrier 1909, page&nbsp;803.]]&nbsp;:<\/p>\n<blockquote><p>L\u2019An\u00adgle\u00adterre n\u2019en a plus gu\u00e8re que pour sept ans de ses mine\u00adrais non phos\u00adpho\u00adreux&nbsp;; Bil\u00adbao ces\u00adse\u00adra dans un temps moins proche, mais pas tr\u00e8s loin\u00adtain, d\u2019ex\u00adpor\u00adter de grandes quan\u00adti\u00adt\u00e9s de mine\u00adrai de fer riche. L\u2019es\u00adpoir de la m\u00e9tal\u00adlur\u00adgie anglaise, l\u2019es\u00adpoir de la m\u00e9tal\u00adlur\u00adgie alle\u00admande en tant qu\u2019elles doivent impor\u00adter des mine\u00adrais riches, est donc concen\u00adtr\u00e9 sur les r\u00e9serves de mine\u00adrai \u00e0 haute teneur, se chif\u00adfrant celles-l\u00e0 par cen\u00adtaines de mil\u00adlions de tonnes, qui existent dans la Lapo\u00adnie su\u00e9doise.<\/p><\/blockquote>\n<p>La Lapo\u00adnie su\u00e9\u00addoise pos\u00ads\u00e8de en effet de riches mine\u00adrais de fer. Mais\u2026, il y a un mais, depuis 1907, un contrat a \u00e9t\u00e9 conclu entre l\u2019\u00c9\u00adtat su\u00e9\u00addois et les Mines laponnes, r\u00e9dui\u00adsant dans de grandes pro\u00adpor\u00adtions le mine\u00adrai exportable.<\/p>\n<p>Par ce contrat, sans bourse d\u00e9lier, l\u2019\u00c9\u00adtat su\u00e9\u00addois sera en pos\u00adses\u00adsion, en 1938, de la moi\u00adti\u00e9 des actions de ces&nbsp;mines.<\/p>\n<p>\u00c0 deux soci\u00e9\u00adt\u00e9s les plus impor\u00adtantes\u200a\u2014\u200aKiru\u00adna\u00adva\u00adra et Gel\u00adli\u00adva\u00adra\u200a\u2014\u200ail a assi\u00adgn\u00e9 un nombre <i>maxi\u00admum<\/i> de tonnes qui, pen\u00addant une p\u00e9riode de vingt-cinq ans, pour\u00adront \u00eatre livr\u00e9es \u00e0 l\u2019exportation.<\/p>\n<p>En sorte qu\u2019au\u00adjourd\u2019\u00adhui, \u00ab&nbsp;excep\u00adt\u00e9 Kou\u00adti\u00adva\u00adra, Kos\u00adkulls-Kulle, Tuol\u00adlu\u00adva\u00adra, tout appar\u00adtient direc\u00adte\u00adment \u00e0 l\u2019\u00c9\u00adtat <i>sous r\u00e9serve de n\u2019en rien extraire avant 1932 pour l\u2019ex\u00adpor\u00adta\u00adtion<\/i>, et \u00e0 par\u00adtir de 1932, le com\u00adpl\u00e9\u00adment, Kiru\u00adna\u00adva\u00adra et Gel\u00adli\u00advare peut \u00eatre ache\u00adt\u00e9 [[. Nicou. <i>La Su\u00e8de. Ses mine\u00adrais de fer. Son indus\u00adtrie sid\u00e9\u00adrur\u00adgique<\/i>, page&nbsp;23.]]&nbsp;\u00bb.<\/p>\n<p>D\u2019a\u00adpr\u00e8s M.&nbsp;Nicou (page 22) Kiru\u00adna\u00adva\u00adra et Gel\u00adli\u00advare pour\u00adront expor\u00adter 2.500.000 tonnes en 1908 et atteindre pro\u00adgres\u00adsi\u00adve\u00adment 3.700.000 tonnes en 1911 et 4.462.000 de 1920 \u00e0&nbsp;1932.<\/p>\n<p>Plus loin, page 26, il indique&nbsp;: \u00ab&nbsp;Les der\u00adniers contrats avec la Wes\u00adpha\u00adlie pas\u00ads\u00e9s par les mines laponnes s\u2019ap\u00adpliquent \u00e0 14 mil\u00adlions de tonnes \u00e0 livrer de 1908 \u00e0&nbsp;1918.&nbsp;\u00bb<\/p>\n<p>Enfin, s\u2019il est inter\u00addit, jus\u00adqu\u2019en 1910, au gou\u00advernent su\u00e9\u00addois, par un trai\u00adt\u00e9 de com\u00admerce avec l\u2019Al\u00adle\u00admagne, de frap\u00adper d\u2019un droit d\u2019ex\u00adpor\u00adta\u00adtion les mine\u00adrais su\u00e9\u00addois, il est pos\u00adsible qu\u2019il le fasse \u00e0 l\u2019ex\u00adpi\u00adra\u00adtion de ce trait\u00e9.<\/p>\n<p>Et alors&nbsp;?\u2026<\/p>\n<p><quote>Alors, d\u00e9clare M.&nbsp;Labor\u00add\u00e8re, gr\u00e2ce aux mil\u00adlions de tonnes de l\u2019Ouen\u00adza, le consor\u00adtium aura entre les mains une arme avec laquelle, \u00e0 cer\u00adtains moments, il pour\u00adra faire fl\u00e9\u00adchir les pr\u00e9\u00adten\u00adtions du grand pays expor\u00adta\u00adteur de mine\u00adrais de fer riche qu\u2019est la&nbsp;Su\u00e8de\u2026<\/quote><\/p>\n<p>\u2026 Pour ces m\u00e9tal\u00adlur\u00adgies (alle\u00admande et anglaise), l\u2019Ouen\u00adza doit appa\u00adra\u00eetre un peu\u200a\u2014\u200an\u2019exa\u00adg\u00e9\u00adrons rien\u200a\u2014\u200acomme la clef du r\u00e9ser\u00advoir su\u00e9\u00addois de mine\u00adrais. C\u2019est l\u2019a\u00adtout d\u2019un mar\u00adchan\u00addage. Par une pres\u00adsion dont l\u2019Ouen\u00adza leur don\u00adne\u00adrait le moyen, il est bien \u00e0 parier qu\u2019elles esp\u00e8rent tirer, plus de mine\u00adrai et \u00e0 meilleur prix de la Su\u00e8de [[&nbsp;<i>Revue de Paris<\/i>, n\u00b0 du 15 f\u00e9vrier 1909, pp. 803 et&nbsp;804]].<\/p>\n<p>Cette pr\u00e9\u00advi\u00adsion de M.&nbsp;Labor\u00add\u00e8re prend une forme pro\u00adfonde de v\u00e9ri\u00adt\u00e9 quand nous voyons M.&nbsp;Jon\u00adnart d\u00e9cla\u00adrer au Par\u00adle\u00adment&nbsp;: \u00ab&nbsp;J\u2019en\u00adtends au contraire lut\u00adter contre la concur\u00adrence su\u00e9\u00addoise et espa\u00adgnole [[Pre\u00admi\u00e8re s\u00e9ance du 21 jan\u00advier 1910. <i>Offi\u00adciel<\/i>, page&nbsp;241.]].&nbsp;\u00bb<\/p>\n<p>C\u2019est Krupp, qui parle ain\u00adsi, par la bouche de M.&nbsp;Jonnart.<\/p>\n<p>Sans exa\u00adg\u00e9\u00adra\u00adtion aucune, M.&nbsp;Labor\u00add\u00e8re avait vu juste, tr\u00e8s juste dans le jeu du consortium.<\/p>\n<p>\u00c0 d\u00e9faut de pr\u00e9\u00advi\u00adsions de guerre avec les\u00adquelles nous pour\u00adrions mon\u00adtrer les artilleurs alle\u00admands nous envoyant des bou\u00adlets fabri\u00adqu\u00e9s avec le mine\u00adrai de l\u2019Ouen\u00adza, Il est une autre consi\u00add\u00e9\u00adra\u00adtion extr\u00ea\u00adme\u00adment importante.<\/p>\n<p>Les m\u00e9tal\u00adlur\u00adgistes fran\u00ad\u00e7ais, les Schnei\u00adder, les Dreux, les Magnin, ont fait voter le main\u00adtien du droit de douane de 15 francs sur les fontes, \u00e9ga\u00adle\u00adment vot\u00e9 par M.&nbsp;Jau\u00adr\u00e8s. Pen\u00addant qu\u2019ils fai\u00adsaient cela, ils met\u00adtaient entre les mains de leurs concur\u00adrents belges, anglais et alle\u00admands la \u00ab&nbsp;moelle&nbsp;\u00bb qui allait leur per\u00admettre d\u2019ac\u00adcen\u00adtuer cette concurrence.<\/p>\n<p>Qu\u2019on s\u2019i\u00adma\u00adgine la France, au contraire, ma\u00ee\u00adtresse de son mar\u00adch\u00e9 de mine\u00adrai, ce mine\u00adrai, deve\u00adnu indis\u00adpen\u00adsable \u00e0 la m\u00e9tal\u00adlur\u00adgie euro\u00adp\u00e9enne. La voi\u00adl\u00e0 mieux arm\u00e9e, plus r\u00e9sis\u00adtante pour faire face \u00e0 cette concurrence.<\/p>\n<p>Par\u00adtout s\u2019ac\u00adcen\u00adtue le besoin de mine\u00adrai. Fait digne de remarque, l\u2019A\u00adm\u00e9\u00adrique elle-m\u00eame recherche les mine\u00adrais \u00e0 haute teneur. L\u2019<i>Infor\u00adma\u00adtion<\/i> (28 d\u00e9c. 1909) annon\u00ad\u00e7ait que le <i>Steel Trust<\/i> venait d\u2019en\u00adle\u00adver \u00e0 l\u2019Al\u00adle\u00admagne un mar\u00adch\u00e9 de 1.200.000 tonnes de mine\u00adrai de fer de Kiru\u00adna\u00adva\u00adra et Gel\u00adli\u00adva\u00adra, en Su\u00e8de [[L\u2019A\u00adm\u00e9\u00adrique vient de se voir refu\u00adser par la Su\u00e8de une demande de 100.000 tonnes de mine\u00adrai, des\u00adti\u00adn\u00e9es \u00e0 l\u2019a\u00adli\u00admen\u00adta\u00adtion d\u2019un nou\u00adveau haut-four\u00adneau devant \u00eatre, bien\u00adt\u00f4t mis \u00e0 feu. (<i>\u00c9cho des Mines<\/i>, 3 f\u00e9vrier 1910.)]].<\/p>\n<p>Et c\u2019est le moment que choi\u00adsit M.&nbsp;Jon\u00adnart pour livrer. le mine\u00adrai de l\u2019Ouen\u00adza \u00e0 prix de revient, sans condi\u00adtions pour les ouvriers, sans avan\u00adtages pour l\u2019Al\u00adg\u00e9\u00adrie, aux m\u00e9tal\u00adlur\u00adgistes belges, alle\u00admands et fran\u00e7ais&nbsp;!<\/p>\n<p>Pour jus\u00adti\u00adfier cette d\u00e9ci\u00adsion, M.&nbsp;Jon\u00adnart a eu le tou\u00adpet de d\u00e9cla\u00adrer devant la com\u00admis\u00adsion des tra\u00advaux publics&nbsp;: \u00ab&nbsp;<i>Si notre pro\u00adjet \u00e9choue, le Dje\u00adbel-Ouen\u00adza ne sera pas exploi\u00adt\u00e9, car on ne recons\u00adti\u00adtue\u00adra pas un consor\u00adtium capable d\u2019ab\u00adsor\u00adber au prix de revient toute la pro\u00adduc\u00adtion de l\u2019Ouen\u00adza<\/i>.&nbsp;\u00bb<\/p>\n<p>Au cours de ce cha\u00adpitre j\u2019ai d\u00e9mon\u00adtr\u00e9 de fa\u00e7on pro\u00adbante que ce n\u2019est l\u00e0 qu\u2019un men\u00adsonge. Il est av\u00e9\u00adr\u00e9 qu\u2019\u00e0 n\u2019im\u00adporte quel prix, les Anglais et les Alle\u00admands ach\u00e8\u00adte\u00adraient pour leur fabri\u00adca\u00adtion sp\u00e9\u00adciale, les mine\u00adrais de l\u2019Ouenza.<\/p>\n<p>Ce n\u2019est pas \u00e0 pro\u00adpos d\u2019un gise\u00adment sans valeur et sans impor\u00adtance inter\u00adna\u00adtio\u00adnale que la bande Krupp-Schnei\u00adder s\u2019est bat\u00adtue avec la bande, Pas\u00adcal-Por\u00adta\u00adlis pen\u00addant pr\u00e8s de dix ans. Cette vive et longue chi\u00adcane, nous la retra\u00adce\u00adrons dans un ins\u00adtant&nbsp;; elle montre sous une lumi\u00e8re trop crue com\u00adment tous les pou\u00advoirs admi\u00adnis\u00adtra\u00adtifs et poli\u00adtiques se mettent aux genoux des barons du Comi\u00adt\u00e9 des Forges, pour que nous ne l\u2019u\u00adti\u00adli\u00adsions, comme un exemple, en faveur de notre pro\u00adpa\u00adgande r\u00e9volutionnaire.<\/p>\n<p>Mais l\u2019es\u00adsen\u00adtiel de la ques\u00adtion, ce qui nous int\u00e9\u00adresse par des\u00adsus tout dans cette affaire de l\u2019Ouen\u00adza, c\u2019est autre chose&nbsp;: quelles garan\u00adties sont accor\u00add\u00e9es aux tra\u00advailleurs qui demain extrai\u00adront le mine\u00adrai de l\u2019Ouenza&nbsp;?<\/p>\n<h2>Les garanties ouvri\u00e8res<\/h2>\n<p>Voi\u00adci un gise\u00adment d\u2019une richesse consi\u00add\u00e9\u00adrable. Il appar\u00adtient \u00e0 la nation&nbsp;; il est pro\u00adpri\u00e9\u00adt\u00e9 commune.<\/p>\n<p>Le gou\u00adver\u00adne\u00adment de l\u2019Al\u00adg\u00e9\u00adrie va-t-il le mettre dou\u00adce\u00adment dans les mains du consor\u00adtium Krupp-Schnei\u00adder et lui dire \u00ab&nbsp;Voi\u00adci 150 mil\u00adlions de tonnes de mine\u00adrai de fer qui repr\u00e9\u00adsentent une valeur mar\u00adchande de 3 mil\u00adliards. Je vous en fais roya\u00adle\u00adment cadeau. Lais\u00adsez-moi quelques miettes seule\u00adment. Quant aux ouvriers que vous occu\u00adpe\u00adrez, arran\u00adgez-vous avec eux et \u00ab&nbsp;arran\u00adgez-les&nbsp;\u00bb \u00e0 votre&nbsp;sauce&nbsp;!&nbsp;\u00bb<\/p>\n<p>C\u2019est ce que le gou\u00adver\u00adne\u00adment de l\u2019Al\u00adg\u00e9\u00adrie, de m\u00e8che avec le consor\u00adtium, veut faire. C\u2019est ce que la Chambre des d\u00e9pu\u00adt\u00e9s est \u00e0 la veille de sanctionner.<\/p>\n<p>Don\u00adner ce mine\u00adrai sans garan\u00adties pour les tra\u00advailleurs, c\u2019est <i>auto\u00adri\u00adser<\/i> les pro\u00adc\u00e9\u00add\u00e9s d\u2019o\u00addieuse exploi\u00adta\u00adtion que les barons de la m\u00e9tal\u00adlur\u00adgie appliquent en Meurthe-et-Moselle.<\/p>\n<p>Car l\u2019Ouen\u00adza et la Meurthe-et-Moselle se tiennent. Ce sont les m\u00eames soci\u00e9\u00adt\u00e9s qui courbent aujourd\u2019\u00adhui sous leur tyran\u00adnie des mil\u00adliers de tra\u00advailleurs en Meurthe-et-Moselle, qui exploi\u00adte\u00adront demain l\u2019Ouen\u00adza, les \u00e9tran\u00adgers n\u2019ap\u00adpa\u00adrais\u00adsant que pour enle\u00adver le minerai.<\/p>\n<p>Ce sera Schnei\u00adder, Cha\u00adtillon-Com\u00admen\u00adtry, Neuves-Mai\u00adsons, les Aci\u00e9\u00adries de la Marine et d\u2019Ho\u00adm\u00e9\u00adcourt qui exploiteront.<\/p>\n<p>Nous ne vou\u00adlons pas que les tra\u00advailleurs alg\u00e9\u00adriens leur soient livr\u00e9s sans condi\u00adtions. Pour leurs ma\u00eetres et direc\u00adteurs ils seraient de la chair \u00e0 tra\u00advail qu\u2019on exploi\u00adte\u00adrait sans mer\u00adci ni piti\u00e9, comme en Meurthe-et-Moselle.<\/p>\n<p>Assez de crimes sont com\u00admis jour\u00adnel\u00adle\u00adment dans l\u2019Est, pour que nous nous oppo\u00adsions de toutes nos forces \u00e0 ce qu\u2019il en soit ain\u00adsi demain dans l\u2019Ouenza.<\/p>\n<p>Nous en avons assez d\u2019en\u00adtendre leurs plaintes. Nous vou\u00adlons lib\u00e9\u00adrer les tra\u00advailleurs \u00e0 venir de l\u2019Ouen\u00adza et les <sc>SERFS<\/sc> d\u2019\u00e0-pr\u00e9\u00adsent de la Meurthe-et-Moselle.<\/p>\n<p>Actuel\u00adle\u00adment, ces r\u00e9gions sont le r\u00e9ser\u00advoir mon\u00addial des m\u00e9tal\u00adlur\u00adgistes, c\u2019est bien le moins que le tra\u00advailleurs en profitent.<\/p>\n<p>Nous par\u00adle\u00adrons un jour pro\u00adchain de la Meurthe-et-Moselle. Voyons com\u00adment se pr\u00e9\u00adsente aujourd\u2019\u00adhui la ques\u00adtion de l\u2019Ouenza.<\/p>\n<p>\u00ab&nbsp;Il s\u2019a\u00adgit, dans l\u2019es\u00adp\u00e8ce, de l\u2019a\u00admo\u00addia\u00adtion d\u2019une mini\u00e8re [[Les gise\u00adments sus\u00adcep\u00adtibles d\u2019\u00eatre exploi\u00adt\u00e9s \u00e0 ciel ouvert consti\u00adtuent ce que la loi appelle une <i>mini\u00e8re<\/i>.<\/p>\n<p>Les gise\u00adments qui ne peuvent \u00eatre exploi\u00adt\u00e9s que par des gale\u00adries sou\u00adter\u00adraines consti\u00adtuent les <i>mines<\/i>.<\/p>\n<p>Mines et mini\u00e8res sont sou\u00admises \u00e0 de r\u00e9gimes l\u00e9gaux diff\u00e9rents.<\/p>\n<p>Tan\u00addis que la mine consti\u00adtue une pro\u00adpri\u00e9\u00adt\u00e9 immo\u00adbi\u00adli\u00e8re, dis\u00adtincte du sol, et fait l\u2019ob\u00adjet d\u2019une conces\u00adsion de l\u2019\u00c9\u00adtat, la mini\u00e8re fait par\u00adtie int\u00e9\u00adgrante du sol et est exploi\u00adt\u00e9e par le pro\u00adpri\u00e9\u00adtaire de la sur\u00adface ou par ses ayants droit.<\/p>\n<p>Dans la ques\u00adtion de l\u2019Ouen\u00adza, la mini\u00e8re \u00e9tant situ\u00e9e sur un ter\u00adrain doma\u00adnial, l\u2019Al\u00adg\u00e9\u00adrie est donc ma\u00ee\u00adtresse de la sur\u00adface, par cons\u00e9\u00adquent pro\u00adpri\u00e9\u00adtaire de la mini\u00e8re.]], en ter\u00adrain doma\u00adnial, c\u2019est-\u00e0-dire du bail <i>d\u2019une pro\u00adpri\u00e9\u00adt\u00e9 de l\u2019Al\u00adg\u00e9\u00adrie<\/i>&nbsp;\u00bb, d\u00e9cla\u00adra M.&nbsp;Jon\u00adnart \u00e0 la Chambre le 21 jan\u00advier der\u00adnier. L\u2019Al\u00adg\u00e9\u00adrie est donc bien pro\u00adpri\u00e9\u00adtaire de la conces\u00adsion. Elle peut impo\u00adser&nbsp;; il faut qu\u2019elle impose aux conces\u00adsion\u00adnaires des garan\u00adties pour les ouvriers.<\/p>\n<p>Qu\u2019on n\u2019al\u00adl\u00e8gue pas que c\u2019est impos\u00adsible. Il suf\u00adfit de vou\u00adloir le faire. L\u2019Al\u00adg\u00e9\u00adrie est pro\u00adpri\u00e9\u00adtaire, comme l\u2019\u00e9\u00adtait la com\u00admune de Fumay, dans les Ardennes, quand en conc\u00e9\u00addant des ardoi\u00adsi\u00e8res elle r\u00e9cla\u00admait et impo\u00adsait des garan\u00adties pour les ouvriers.<\/p>\n<p>Ce que cette com\u00admune a obte\u00adnu parce que pro\u00adpri\u00e9\u00adtaire, l\u2019Al\u00adg\u00e9\u00adrie pour l\u2019Ouen\u00adza, l\u2019\u00c9\u00adtat pour la Meurthe-et-Moselle doivent pou\u00advoir l\u2019obtenir.<\/p>\n<p>[|<b>L\u2019exemple des ardoi\u00adsi\u00e8res de Fumay<\/b>|]<br>\n<br>[|<b>La jour\u00adn\u00e9e de huit heures et le mini\u00admum de salaire<br>\n<br>y sont en vigueur depuis 1863<\/b>|]<\/p>\n<p>Une pre\u00admi\u00e8re fois, en 1863, la ville de Fumay conc\u00e9\u00addait \u00e0 une Soci\u00e9\u00adt\u00e9 dite \u00ab&nbsp;Ardoi\u00adsi\u00e8res du Mou\u00adlin de Sainte-Anne&nbsp;\u00bb 8 hec\u00adtares de fonds communaux.<\/p>\n<p>Par un contrat\u200a\u2014\u200aapprou\u00adv\u00e9 par le pr\u00e9\u00adfet imp\u00e9\u00adrial\u200a\u2014\u200ala ville de Fumay impo\u00adsait au conces\u00adsion\u00adnaire UN MINIMUM DE SALAIRES et une \u00e9chelle d\u2019aug\u00admen\u00adta\u00adtion de ces salaires, bas\u00e9e sur le prix de&nbsp;vente.<\/p>\n<p>outre, l\u2019ar\u00adticle 3 sti\u00adpu\u00adlait que les conces\u00adsion\u00adnaires s\u2019o\u00adbli\u00adgeaient conjoin\u00adte\u00adment \u00e0 livrer \u00e0 la com\u00admune Fumay le vingt-hui\u00adti\u00e8me pen\u00addant dix ans et le tren\u00adti\u00e8me apr\u00e8s cette p\u00e9riode de tous les pro\u00adduits mar\u00adchands extraits de la concession.<\/p>\n<p>L\u2019ar\u00adticle 4 indique que la rede\u00advance sti\u00adpu\u00adl\u00e9e en nature, serait conver\u00adtie et pay\u00e9e en esp\u00e8ces par le concessionnaire.<\/p>\n<p>L\u2019ar\u00adticle 5 \u00e9ta\u00adblit le <i>mini\u00admum des salaires<\/i> des ouvriers mineurs et fen\u00addeurs d\u2019ardoises.<\/p>\n<p>De ce mini\u00admum, bas\u00e9 sur le prix du mille d\u2019ar\u00addoises qui \u00e9tait de 14 francs, il res\u00adsort que le <i>fen\u00addeur<\/i> de 1<sup>re<\/sup> classe devait \u00eatre pay\u00e9 3 fr. 20, celui de 2<sup>e<\/sup> classe 3 fr. 60 et celui de 3<sup>e<\/sup> classe 5 francs par&nbsp;jour.<\/p>\n<p>Les mineurs avaient un salaire mini\u00admum de 17 fr. par semaine en troi\u00adsi\u00e8me classe, 15 en seconde et 13 en pre\u00admi\u00e8re classe.<\/p>\n<p>L\u2019\u00e9\u00adchelle de pro\u00adgres\u00adsion des salaires ne compte pas moins de trente clauses r\u00e9glant auto\u00adma\u00adti\u00adque\u00adment les salaires sur le prix de vente du mille d\u2019ar\u00addoises. Chaque fois que la com\u00admune accor\u00addait une nou\u00advelle conces\u00adsion, ou un agran\u00addis\u00adse\u00adment, elle impo\u00adsait de nou\u00adveaux avantages.<\/p>\n<p>[|<b>Un mod\u00e8le de sta\u00adtuts<\/b>|]<br>\n<\/p>\n<p>En 1889, une Soci\u00e9\u00adt\u00e9 belge deman\u00adda de nou\u00advelles conces\u00adsions. La muni\u00adci\u00adpa\u00adli\u00adt\u00e9 socia\u00adliste de Fumay ne put pas moins faire que celle de l\u2019Em\u00adpire&nbsp;: elle impo\u00adsa un contrat sem\u00adblable au pr\u00e9\u00adc\u00e9\u00addent, dont voi\u00adci les prin\u00adci\u00adpales clauses&nbsp;:<\/p>\n<p>[(ARTICLE PREMIER.\u200a\u2014\u200aPour prix de cette conces\u00adsion, la soci\u00e9\u00adt\u00e9 Sainte-D\u00e9si\u00adr\u00e9e paie\u00adra \u00e0 la com\u00admune de Fumay, tant pour l\u2019ex\u00adploi\u00adta\u00adtion des tr\u00e9\u00adfonds pr\u00e9\u00adsen\u00adte\u00adment et conc\u00e9\u00add\u00e9s pr\u00e9\u00adc\u00e9\u00addem\u00adment, une rede\u00advance annuelle \u00e9gale <i>\u00e0 la cin\u00adquan\u00adti\u00e8me de tous les pro\u00adduits mar\u00adchands<\/i> de son exploi\u00adta\u00adtion, et ce jus\u00adqu\u2019au trente et un d\u00e9cembre 1909. \u00c0 par\u00adtir de cette date, celte <i>rede\u00advance sera por\u00adt\u00e9e \u00e0 la tren\u00adti\u00e8me pour tout le res\u00adtant de la dur\u00e9e de l\u2019ex\u00adploi\u00adta\u00adtion<\/i>.<\/p>\n<p>ART. 2.\u200a\u2014\u200aJamais la rede\u00advance ne pour\u00adra \u00eatre inf\u00e9\u00adrieure deux mille francs par&nbsp;an.<\/p>\n<p>[|<b>CONDITIONS SP\u00c9CIALES \u00c0 TOUS LES OUVRIERS<\/b>|]<br>\n<\/p>\n<p>ART. 1.\u200a\u2014\u200aLa jour\u00adn\u00e9e de l\u2019ou\u00advrier mineur se fera cons\u00e9\u00adcu\u00adti\u00adve\u00adment sans heures d\u2019in\u00adter\u00adrup\u00adtion&nbsp;; les ouvriers tra\u00advaille\u00adront, tou\u00adjours selon l\u2019u\u00adsage \u00e9ta\u00adbli par&nbsp;eux.<\/p>\n<p>La jour\u00adn\u00e9e ordi\u00adnaire sera, pour l\u2019ou\u00advrier mineur, de huit heures, celle du lun\u00addi ne sera que de quatre heures, mais pay\u00e9e \u00e0 l\u2019ou\u00advrier comme compl\u00e8te.<\/p>\n<p>Tous les ouvriers tra\u00advaillant dans la fosse auront droit \u00e0 deux heures de repos la veille des f\u00eates suivantes&nbsp;:<br>\n<br>1<sup>er<\/sup> jan\u00advier, P\u00e2ques, Saint-Georges, Ascen\u00adsion, Pen\u00adte\u00adc\u00f4te, F\u00eate-Dieu, 14 Juillet, Assomp\u00adtion, Rosaire, Tous\u00adsaint, Sainte-Barbe et No\u00ebl. Ils auront \u00e9ga\u00adle\u00adment droit \u00e0 deux heures de repos le len\u00adde\u00admain des f\u00eates ci-apr\u00e8s&nbsp;:<br>\n<br>1<sup>er<\/sup> jan\u00advier, Mar\u00addi-gras, Ascen\u00adsion, 14 Juillet, Sainte-Barbe, No\u00ebl. Les dimanches et jours de f\u00eates seront tou\u00adjours consi\u00add\u00e9\u00adr\u00e9s comme jours de&nbsp;repos.<\/p>\n<p>ART. 2.\u200a\u2014\u200aLes ouvriers d\u00e9bi\u00adteurs devront tou\u00adjours \u00eatre deux pen\u00addant le jour et trois pen\u00addant la nuit, soit pour cou\u00adper, soit pour d\u00e9bi\u00adter dans le m\u00eame ouvrage.<\/p>\n<p>ART. 4.\u200a\u2014\u200aLe salaire des ouvriers mineurs ne sera pas inf\u00e9\u00adrieur \u00e0 60 francs par quin\u00adzaine, ou cinq francs par jour, quel que soit le prix de vente du mille de fla\u00admande en des\u00adsous de 20 francs.<\/p>\n<p>\u00c0 par\u00adtir du prix de vente de 20 francs par mille de fla\u00admande, quand cette ardoise subi\u00adra une aug\u00admen\u00adta\u00adtion de un franc par mille, l\u2019ou\u00advrier mineur devra rece\u00advoir une aug\u00admen\u00adta\u00adtion de deux francs cin\u00adquante cen\u00adtimes par quin\u00adzaine, et r\u00e9ci\u00adpro\u00adque\u00adment il en sera de m\u00eame pour la dimi\u00adnu\u00adtion jus\u00adqu\u2019au prix de vingt francs.<\/p>\n<p>ART. 8.\u200a\u2014\u200aLes ouvriers cra\u00adbot\u00adteurs, wagon\u00adneurs, por\u00adteurs, chauf\u00adfeurs, for\u00adge\u00adrons et m\u00e9ca\u00adni\u00adciens ne pour\u00adront jamais \u00eatre r\u00e9tri\u00adbu\u00e9s \u00e0 des prix int\u00e9\u00adrieurs \u00e0 ceux indi\u00adqu\u00e9s ci-dessous.<\/p>\n<p>Quel que soit le prix de vente du mille de fla\u00admande en des\u00adsous de 20 francs, savoir&nbsp;:<\/p>\n<p>Les cra\u00adbot\u00adteurs \u00e0 rai\u00adson de 5 francs par jour\u00adn\u00e9e de huit heures. Les m\u00e9ca\u00adni\u00adciens, chauf\u00adfeurs et for\u00adge\u00adrons \u00e0 rai\u00adson de 4 fr. 50 par jour\u00adn\u00e9e de dix heures.<\/p>\n<p>Ces ouvriers rece\u00advront une aug\u00admen\u00adta\u00adtion pro\u00adpor\u00adtion\u00adnelle \u00e0 celle des ouvriers mineurs et fen\u00addeurs, lorsque les salaires de ces der\u00adniers seront augment\u00e9s.<\/p>\n<p>(<i>L\u2019ar\u00adticle 11 com\u00adporte une \u00e9chelle mobile de salaires. Le prix de base est de 20 francs. Le mini\u00admum, des salaires varie depuis 3 fr. 60, 6 fr. 20, 7 fr. 20, 8 fr. 20 le mille d\u2019ar\u00addoises, sui\u00advant les qua\u00adli\u00adt\u00e9s<\/i>.)<\/p>\n<p>ART. 14.\u200a\u2014\u200aLa dis\u00adtance o\u00f9 devront se rendre les ouvriers pour trans\u00adpor\u00adter leurs d\u00e9combres ne pour\u00adra d\u00e9pas\u00adser dix m\u00e8tres et cent m\u00e8tres pour trans\u00adpor\u00adter les ardoises.<\/p>\n<p>L\u2019\u00e9\u00adclai\u00adrage, le chauf\u00adfage des baraques et chan\u00adtiers est \u00e0 la charge de la Soci\u00e9t\u00e9.<\/p>\n<p>[|<b>RETRAITES OUVRI\u00c8RES<\/b>|]<br>\n<br>\nLorsque les ouvriers (mineurs, fen\u00addeurs ou autres) devien\u00addront \u00e2g\u00e9s ou, par suite de bles\u00adsures, ne pour\u00adront plus faire le tra\u00advail qu\u2019ils font habi\u00adtuel\u00adle\u00adment, la Soci\u00e9\u00adt\u00e9 conces\u00adsion\u00adnaire ne pour\u00adra jamais les ren\u00advoyer. Elle devra les repla\u00adcer sur les cra\u00adbo\u00adtages ou \u00e0 l\u2019ar\u00adran\u00adge\u00adment des d\u00e9combres, \u00e0 rai\u00adson de quatre francs par&nbsp;jour.<\/p>\n<p>Cepen\u00addant, s\u2019il se trouve des ouvriers qui ont consa\u00adcr\u00e9 vingt ann\u00e9es de ser\u00advice \u00e0 la Soci\u00e9\u00adt\u00e9, ceux-l\u00e0 devront tou\u00adjours \u00eatre pay\u00e9s comme les autres ouvriers, atten\u00addu qu\u2019ils auront fait pen\u00addant le temps de leur jeu\u00adnesse le b\u00e9n\u00e9\u00adfice de ladite Soci\u00e9t\u00e9.)]<\/p>\n<p>L\u2019ar\u00adticle 21 met \u00e0 la charge du conces\u00adsion\u00adnaire en cas d\u2019ac\u00adci\u00addent les frais m\u00e9di\u00adcaux, phar\u00adma\u00adceu\u00adtiques, et en cas de mort, la somme n\u00e9ces\u00adsaire pour sub\u00adve\u00adnir aux besoins de la famille.<\/p>\n<p>[|<b>R\u00e9vi\u00adse\u00adra-t-on la loi sur les mines&nbsp;?<\/b>|]<br>\n<\/p>\n<p>Voi\u00adl\u00e0 ce qu\u2019une simple muni\u00adci\u00adpa\u00adli\u00adt\u00e9 a pu faire sous l\u2019Empire.<\/p>\n<p>Voi\u00adl\u00e0 ce qu\u2019elle obtient aujourd\u2019\u00adhui encore de la Soci\u00e9\u00adt\u00e9 concessionnaire.<\/p>\n<p>Pour\u00adquoi donc l\u2019Al\u00adg\u00e9\u00adrie n\u2019ose-t-elle pas exi\u00adger de Krupp et de Schnei\u00adder, les m\u00eames avan\u00adtages pour les tra\u00advailleurs&nbsp;? Pour\u00adtant la situa\u00adtion est la&nbsp;m\u00eame.<\/p>\n<p>Si la com\u00admune de Fumay est pro\u00adpri\u00e9\u00adtaire du ter\u00adrain o\u00f9 sont creu\u00ads\u00e9es les ardoi\u00adsi\u00e8res, l\u2019Al\u00adg\u00e9\u00adrie, elle aus\u00adsi, est pro\u00adpri\u00e9\u00adtaire de la for\u00eat doma\u00adniale o\u00f9 se trouvent les <i>mini\u00e8res<\/i>.<\/p>\n<p>Pour les mines, l\u2019\u00c9\u00adtat ne le peut qu\u2019\u00e0 la condi\u00adtion de r\u00e9vi\u00adser la loi de 1810. Dans la l\u00e9gis\u00adla\u00adtion pr\u00e9\u00adsente, les condi\u00adtions de conces\u00adsion sont fixes et d\u00e9ter\u00admi\u00adn\u00e9es&nbsp;; le Conseil d\u2019\u00c9\u00adtat, dans ses s\u00e9ances des 19 et 26 d\u00e9cembre 1907, a conclu \u00e0 la n\u00e9ces\u00adsi\u00adt\u00e9, si l\u2019on d\u00e9sire intro\u00adduire de nou\u00advelles dis\u00adpo\u00adsi\u00adtions dans les futures conces\u00adsions, de faire modi\u00adfier la loi par les Chambres.<\/p>\n<p>Le devoir des Syn\u00addi\u00adcats de mineurs \u00e9tait de cr\u00e9er une agi\u00adta\u00adtion autour de cette ques\u00adtion des conces\u00adsions. Les mineurs du Pas-de-Calais ont lais\u00ads\u00e9, sans ouvrir a bouche, accor\u00adder une dizaine de conces\u00adsions en 1909. Nous avons, gr\u00e2ce \u00e0 une lutte de deux ans, emp\u00ea\u00adch\u00e9 qu\u2019il en soit fait de m\u00eame pour la Meurthe-et-Moselle. Mais l\u2019\u00e9\u00adch\u00e9ance approche. L\u2019af\u00adfaire de l\u2019Ouen\u00adza qui pose la ques\u00adtion de prin\u00adcipe va-t-elle se ter\u00admi\u00adner en queue de poisson&nbsp;?<\/p>\n<p>Nous ne nous las\u00adse\u00adrons pas de le r\u00e9p\u00e9\u00adter&nbsp;: l\u2019\u00c9\u00adtat peut et doit exi\u00adger des capi\u00adta\u00adlistes cos\u00admo\u00adpo\u00adlites qui vont acca\u00adpa\u00adrer ces richesses, une part pour les tra\u00advai\u00adleurs qui les extrairont.<\/p>\n<p>I1 peut et doit obte\u00adnir pour eux, comme \u00e0 Fumay&nbsp;: <i>Mini\u00admum de salaires&nbsp;; \u00e9chelle mobile selon le prix du mine\u00adrai&nbsp;; repos heb\u00addo\u00adma\u00addaire&nbsp;; jour\u00adn\u00e9e de huit heures, etc\u2026<\/i><\/p>\n<p>Aucun d\u00e9pu\u00adt\u00e9 n\u2019a \u00e9le\u00adv\u00e9 la voix, aucun par\u00adti n\u2019a deman\u00add\u00e9 que l\u2019Al\u00adg\u00e9\u00adrie suive l\u2019exemple de la com\u00admune de Fumay. Rien n\u2019a \u00e9t\u00e9 fait pour modi\u00adfier la loi de 1810 sur les&nbsp;mines.<\/p>\n<p>C\u2019est un fait. Je le constate.<\/p>\n<p>Faut-il attri\u00adbuer ce silence g\u00e9n\u00e9\u00adral des par\u00adle\u00admen\u00adtaires \u00e0 l\u2019in\u00adfluence du Comi\u00adt\u00e9 des Forges&nbsp;? Cette hypo\u00adth\u00e8se s\u2019im\u00adpose. Le Comi\u00adt\u00e9 des Forges dis\u00adpose dans le Par\u00adle\u00adment et dans l\u2019\u00c9\u00adtat d\u2019une puis\u00adsance occulte for\u00admi\u00addable. Celle-ci s\u2019est mani\u00adfes\u00adt\u00e9e d\u2019une fa\u00e7on inces\u00adsante et pal\u00adpable au cours des conflits et des pro\u00adc\u00e8s sou\u00adte\u00adnus \u00e0 pro\u00adpos de l\u2019Ouen\u00adza. C\u2019est ce que nous allons mon\u00adtrer maintenant.<\/p>\n<p>(\u00e0 suivre)<\/p>\n<p>A. Mer\u00adrheim<\/p>\n","protected":false},"excerpt":{"rendered":"<p>Com\u00adment je d\u00e9cou\u00advris l\u2019Ouenza Dans le cou\u00adrant de jan\u00advier 1908, l\u2019U\u00adnion F\u00e9d\u00e9\u00adrale des ouvriers m\u00e9tal\u00adlur\u00adgistes m\u2019en\u00advoya en d\u00e9l\u00e9\u00adga\u00adtion dans l\u2019Est. Suc\u00adces\u00adsi\u00adve\u00adment je visi\u00adtai Nan\u00adcy, Pom\u00adpey, Faux et Neuves-Mai\u00ad\u00adsons. Puis quit\u00adtant le bas\u00adsin de Nan\u00adcy pour ceux de Longwy et de Briey, je visi\u00adtai J\u0153uf, Hom\u00e9\u00adcourt, Hus\u00ad\u00adsi\u00ad\u00adgny-God\u00ad\u00adbrange, Sanlnes, Vil\u00adle\u00adrupt et Longwy. Depuis les gr\u00e8ves de&nbsp;1905,&nbsp;[\u2026]<\/p>\n","protected":false},"author":1,"featured_media":0,"comment_status":"closed","ping_status":"closed","sticky":false,"template":"","format":"standard","meta":{"wp_typography_post_enhancements_disabled":false,"footnotes":""},"categories":[320],"tags":[],"ppma_author":[540],"class_list":["post-2738","post","type-post","status-publish","format-standard","hentry","category-la-vie-ouvriere-n9-10-5-20-fevrier-1910"],"authors":[{"term_id":540,"user_id":1,"is_guest":0,"slug":"admin_3gikpwyf","display_name":"Vincent Dubuc","avatar_url":"https:\/\/secure.gravatar.com\/avatar\/d015720652c25fd2ced191ade86430094e1f288a17483713e3b34d26dea52507?s=96&d=mm&r=g","author_category":"","user_url":"https:\/\/la-presse-anarchiste.net","last_name":"Dubuc","first_name":"Vincent","job_title":"","description":""}],"_links":{"self":[{"href":"https:\/\/la-presse-anarchiste.net\/index.php\/wp-json\/wp\/v2\/posts\/2738","targetHints":{"allow":["GET"]}}],"collection":[{"href":"https:\/\/la-presse-anarchiste.net\/index.php\/wp-json\/wp\/v2\/posts"}],"about":[{"href":"https:\/\/la-presse-anarchiste.net\/index.php\/wp-json\/wp\/v2\/types\/post"}],"author":[{"embeddable":true,"href":"https:\/\/la-presse-anarchiste.net\/index.php\/wp-json\/wp\/v2\/users\/1"}],"replies":[{"embeddable":true,"href":"https:\/\/la-presse-anarchiste.net\/index.php\/wp-json\/wp\/v2\/comments?post=2738"}],"version-history":[{"count":0,"href":"https:\/\/la-presse-anarchiste.net\/index.php\/wp-json\/wp\/v2\/posts\/2738\/revisions"}],"wp:attachment":[{"href":"https:\/\/la-presse-anarchiste.net\/index.php\/wp-json\/wp\/v2\/media?parent=2738"}],"wp:term":[{"taxonomy":"category","embeddable":true,"href":"https:\/\/la-presse-anarchiste.net\/index.php\/wp-json\/wp\/v2\/categories?post=2738"},{"taxonomy":"post_tag","embeddable":true,"href":"https:\/\/la-presse-anarchiste.net\/index.php\/wp-json\/wp\/v2\/tags?post=2738"},{"taxonomy":"author","embeddable":true,"href":"https:\/\/la-presse-anarchiste.net\/index.php\/wp-json\/wp\/v2\/ppma_author?post=2738"}],"curies":[{"name":"wp","href":"https:\/\/api.w.org\/{rel}","templated":true}]}}