{"id":2742,"date":"2020-07-10T07:15:16","date_gmt":"2020-07-10T07:15:16","guid":{"rendered":"https:\/\/la-presse-anarchiste.net\/index.php\/2020\/07\/10\/le-pourrissoir-au-conseil-de-guerre\/"},"modified":"2020-07-10T07:15:16","modified_gmt":"2020-07-10T07:15:16","slug":"le-pourrissoir-au-conseil-de-guerre","status":"publish","type":"post","link":"https:\/\/la-presse-anarchiste.net\/index.php\/2020\/07\/10\/le-pourrissoir-au-conseil-de-guerre\/","title":{"rendered":"Le \u00ab&nbsp;pourrissoir&nbsp;\u00bb au conseil de guerre"},"content":{"rendered":"<div class=\"pdfprnt-buttons pdfprnt-buttons-post pdfprnt-top-right\"><a href=\"https:\/\/la-presse-anarchiste.net\/index.php\/wp-json\/wp\/v2\/posts\/2742?print=pdf\" class=\"pdfprnt-button pdfprnt-button-pdf\" target=\"_blank\"><img decoding=\"async\" src=\"https:\/\/la-presse-anarchiste.net\/wp-content\/plugins\/pdf-print\/images\/pdf.png\" alt=\"image_pdf\" title=\"Afficher le PDF\"><\/a><a href=\"https:\/\/la-presse-anarchiste.net\/index.php\/wp-json\/wp\/v2\/posts\/2742?print=print\" class=\"pdfprnt-button pdfprnt-button-print\" target=\"_blank\"><img decoding=\"async\" src=\"https:\/\/la-presse-anarchiste.net\/wp-content\/plugins\/pdf-print\/images\/print.png\" alt=\"image_print\" title=\"Contenu imprim\u00e9\"><\/a><\/div><h2>Honn\u00eates gens.<\/h2>\n<p>L\u2019en\u00adsei\u00adgne\u00adment le plus \u00e9vident, qui se d\u00e9gage de cette triste affaire, c\u2019est le n\u00e9ant de cette hon\u00adn\u00ea\u00adte\u00adt\u00e9 bour\u00adgeoise dont sont f\u00e9rus les mora\u00adlistes en redin\u00adgote \u00e0 la Jules&nbsp;Simon.<\/p>\n<p>Voi\u00adci un s\u00e9na\u00adteur, homme una\u00adni\u00adme\u00adment res\u00adpec\u00adt\u00e9 du \u00ab&nbsp;com\u00admun&nbsp;\u00bb que l\u2019ins\u00adtruc\u00adtion et les d\u00e9bats montrent pour le moins comme un escroc assez d\u00e9pour\u00advu de scru\u00adpule. Voi\u00adci Lenoir, fils de Lenoir, type que Bal\u00adzac n\u2019au\u00adrait point os\u00e9 conce\u00advoir, canaille \u00e9norme aupr\u00e8s de qui Isi\u00addore Lechat est un petit niais&nbsp;; et sa sainte femme de m\u00e8re qui pro\u00addigue, \u00e9pis\u00adto\u00adlai\u00adre\u00adment \u00e0 son fils des conseils \u00e9tranges.<\/p>\n<p>Quand on se sou\u00advient que le p\u00e8re Lenoir fut avec Rap\u00adpa\u00adlo\u00advitch le prin\u00adci\u00adpal dis\u00adtri\u00adbu\u00adteur de la publi\u00adci\u00adt\u00e9 finan\u00adci\u00e8re des emprunts russes, des emprunts de l\u2019al\u00adliance cri\u00admi\u00adnelle avec le tza\u00adrisme, on se dit que les mil\u00adlions du p\u00e8re Lenoir sont des mil\u00adlions san\u00adglants, et aupr\u00e8s du crime de les pos\u00ads\u00e9\u00adder, com\u00adbien paraissent sans int\u00e9\u00adr\u00eat les actes pour les\u00adquels les accu\u00ads\u00e9s ont \u00e0 subir la jus\u00adtice des gens d\u2019armes.<\/p>\n<p>Et dans l\u2019ombre des sil\u00adhouettes d\u2019hon\u00adn\u00eates gens indis\u00adcu\u00adtables passent, des noms sont cit\u00e9s, tou\u00adjours des noms d\u2019hon\u00adn\u00eates gens&nbsp;! Il y a des magis\u00adtrats\u200a\u2014\u200aint\u00e8gres natu\u00adrel\u00adle\u00adment\u200a\u2014\u200ail y a m\u00eame le pr\u00e9\u00adsident de la R\u00e9pu\u00adblique&nbsp;!\u2026 Ah&nbsp;! ces hon\u00adn\u00eates gens quand ils s\u2019en m\u00ealent&nbsp;!\u2026<\/p>\n<p>Pour\u00adquoi te bas-tu&nbsp;? ont deman\u00add\u00e9 bien des voix durant le mas\u00adsacre euro\u00adp\u00e9en. La lec\u00adture des d\u00e9bats du 13<sup>e<\/sup> conseil de guerre r\u00e9pond \u00e9lo\u00adquem\u00adment \u00e0. cette ques\u00adtion\u2026 Nous n\u2019in\u00adsis\u00adte\u00adrons&nbsp;pas.<\/p>\n<h2>Relations mondaines.<\/h2>\n<p>C\u2019est dans le <i>Cri de Paris<\/i> (6 avril) que nous cueillons cet \u00e9chos du proc\u00e8s&nbsp;:<\/p>\n<p>On a par\u00adl\u00e9 de beau\u00adcoup de femmes qui furent suc\u00adces\u00adsi\u00adve\u00adment les amies de Pierre Lenoir&nbsp;; on n\u2019a pas rap\u00adpe\u00adl\u00e9 qu\u2019il \u00e9tait mari\u00e9 l\u00e9gi\u00adti\u00adme\u00adment et p\u00e8re de famille.<\/p>\n<p>Son mariage, qui se ter\u00admi\u00adna rapi\u00adde\u00adment par un divorce, fut c\u00e9l\u00e9\u00adbr\u00e9 le 18 mars 1908&nbsp;; Pierre Lenoir n\u2019a\u00advait pas tout \u00e0 fait 23&nbsp;ans.<\/p>\n<p>Ses t\u00e9moins \u00e9taient son oncle, M.&nbsp;Marius Mar\u00adteau, 59 ans, sous-direc\u00adteur des agences d\u00e9par\u00adte\u00admen\u00adtales du Cr\u00e9\u00addit Lyon\u00adnais, et M, Michel Cle\u00admen\u00adceau, 34 ans, ing\u00e9\u00adnieur civil, \u00e0 Paris, rue de la Tour,&nbsp;25.<\/p>\n<p>Pierre Lenoir avait de belles relations.<\/p>\n<p>\u00c9vi\u00addem\u00adment, \u00e9videmment&nbsp;!\u2026<\/p>\n<h2>D\u00e9corations.<\/h2>\n<p>D\u2019autre part, Vic\u00adtor M\u00e9ric demande dans le <i>Jour\u00adnal du Peuple<\/i>&nbsp;:<\/p>\n<p>\u00c0\u2011t-on peur que le nom de M.&nbsp;Michel Cle\u00admen\u00adceau, retrou\u00adv\u00e9, comme par hasard, sur les ch\u00e8ques de M.&nbsp;Lenoir fils, ne sug\u00adg\u00e8re au public quelques id\u00e9es f\u00e2cheuses&nbsp;? Redoute-t-on qu\u2019on explique publi\u00adque\u00adment com\u00adment M.&nbsp;Alphonse Lenoir a re\u00e7u la rosette de la L\u00e9gion d\u2019hon\u00adneur, gr\u00e2ce \u00e0 M.&nbsp;Etienne et \u00e0 M.&nbsp;Cle\u00admen\u00adceau, et en d\u00e9pit des pro\u00adtes\u00adta\u00adtions de M.&nbsp;Caillaux&nbsp;?<\/p>\n<p>Ne fut-il pas \u00e9ga\u00adle\u00adment, au cours des d\u00e9bats, ques\u00adtion de la fameuse d\u00e9co\u00adra\u00adtion de Jelliveck&nbsp;?<\/p>\n<p>Le s\u00e9na\u00adteur Etienne est vrai\u00adment un homme extra\u00ador\u00addi\u00adnaire et dans cette salle du 3<sup>e<\/sup> conseil de guerre, on se demande vrai\u00adment o\u00f9 finit exac\u00adte\u00adment le banc des accus\u00e9s.<\/p>\n<h2>Questions indiscr\u00e8tes.<\/h2>\n<p>Le <i>Cri de Paris<\/i>, plus haut cit\u00e9, pose encore quelques ques\u00adtions indiscr\u00e8tes&nbsp;:<\/p>\n<p>De m\u00eame pour\u00adquoi si peu de curio\u00adsi\u00adt\u00e9 \u00e0 l\u2019\u00e9\u00adgard de ces ban\u00adquiers pari\u00adsiens qui pr\u00e9\u00adsen\u00adt\u00e8rent Bolo \u00e0 Charles Hum\u00adbert&nbsp;? Ne serait-il pas int\u00e9\u00adres\u00adsant de savoir s\u2019ils garan\u00adtirent la sol\u00adva\u00adbi\u00adli\u00adt\u00e9 de Bolo et s\u2019ils l\u2019ac\u00adcr\u00e9\u00addi\u00adt\u00e8rent aupr\u00e8s de leur ancien cor\u00adres\u00adpon\u00addant, Pavenstedt&nbsp;?<\/p>\n<p>Est-ce l\u2019a\u00admi\u00adti\u00e9 d\u2019un magis\u00adtrat, d\u00e9chu mais encore influent, qui les immu\u00adnise&nbsp;? Et ce magis\u00adtrat qui a cor\u00adri\u00adg\u00e9 de sa main le brouillon du contrat&nbsp;? On ne s\u2019ex\u00adplique pas com\u00adment on ne tient pas \u00e0 l\u2019entendre.<\/p>\n<p>M<sup>me<\/sup>&nbsp;Lenoir et le pr\u00e9\u00adsident Monier ne figurent pas sur la liste des deux cents t\u00e9moins qu\u2019on enten\u00addra au pro\u00adc\u00e8s. Pour\u00adquoi&nbsp;? L\u2019ac\u00adcu\u00adsa\u00adtion n\u2019est vrai\u00adment pas curieuse. La d\u00e9fense ne le sera-t-elle pas davantage&nbsp;?<\/p>\n<p>La d\u00e9fense a r\u00e9pon\u00addu par l\u2019af\u00adfir\u00adma\u00adtive \u00e0 cette ques\u00adtion. C\u2019est le <i>Jour\u00adnal<\/i>\u200a\u2014\u200aqui fut \u00e0 M.&nbsp;Charles Hum\u00adbert apr\u00e8s avoir \u00e9t\u00e9 \u00e0 MM.&nbsp;Letel\u00adlier (pl\u00e2tres et ciments de Pana\u00adma)\u200a\u2014\u200aqui r\u00e9pond cette fois (8&nbsp;avril).<\/p>\n<p>L\u2019in\u00adci\u00addent vaut d\u2019\u00eatre cit\u00e9.<\/p>\n<p>On dis\u00adcute si Charles Hum\u00adbert pou\u00advait se croire cou\u00advert par une visite faite au chef de l\u2019\u00c9\u00adtat. La date de cette visite est mise en&nbsp;cause&nbsp;:<\/p>\n<p>Le colo\u00adnel Mas\u00adse\u00adlin veut se faire une opi\u00adnion nette. Hum\u00adbert a\u2011t-il vu le chef de l\u2019\u00c9\u00adtat avant ou apr\u00e8s l\u2019ar\u00adres\u00adta\u00adtion de&nbsp;Bolo&nbsp;?<\/p>\n<p>La ques\u00adtion am\u00e8ne un gros incident.<\/p>\n<p>\u2014 Le 28 sep\u00adtembre, dit-il, arres\u00adta\u00adtion de Bolo. Vous avez fait, \u00e0 ce moment-l\u00e0, une d\u00e9marche aupr\u00e8s du pr\u00e9\u00adsident de la R\u00e9publique.<\/p>\n<p>Hum\u00adbert.\u200a\u2014\u200aAvant.<\/p>\n<p>Le colo\u00adnel Mas\u00adse\u00adlin.\u200a\u2014\u200aVous n\u2019\u00eates pas d\u2019ac\u00adcord avec le pr\u00e9sident.<\/p>\n<p>Me de Moro-Giaf\u00adfer\u00adri.\u200a\u2014\u200aC\u2019est le chef de l\u2019\u00c9\u00adtat. Il vaut peut-\u00eatre mieux\u2026<\/p>\n<p>Le capi\u00adtaine Mor\u00adnet.\u200a\u2014\u200aOn lira sa d\u00e9position.<\/p>\n<p>Me de Moro-Giaf\u00adfer\u00adri, r\u00e9so\u00adlu\u00adment.\u200a\u2014\u200aFaites atten\u00adtion&nbsp;: \u00e0 par\u00adtir du moment o\u00f9 cette d\u00e9po\u00adsi\u00adtion est aux d\u00e9bats, j\u2019ai le droit de la discuter.<\/p>\n<p>Le capi\u00adtaine Mor\u00adnet.\u200a\u2014\u200aC\u2019est votre&nbsp;droit.<\/p>\n<p>Me de Moro-Giaf\u00adfer\u00adri.\u200a\u2014\u200aCette d\u00e9po\u00adsi\u00adtion contient des erreurs volontaires.<\/p>\n<p>Le com\u00admis\u00adsaire du gou\u00adver\u00adne\u00adment p\u00e2lit et se dresse.\u200a\u2014\u200aJe ne vous per\u00admet\u00adtrai pas de dire&nbsp;cela&nbsp;!<\/p>\n<p>Mais l\u2019a\u00advo\u00adcat n\u2019a rien per\u00addu de sa d\u00e9ci\u00adsion ni de son&nbsp;calme.<\/p>\n<p>\u2013 Je vous avais dit qu\u2019il valait mieux n\u2019en pas par\u00adler&nbsp;! Vous m\u2019a\u00advez r\u00e9pon\u00addu&nbsp;: \u00ab&nbsp;Elle est aux d\u00e9bats.&nbsp;\u00bb Je d\u00e9clare, dans ces condi\u00adtions, que j\u2019en use\u00adrai vis-\u00e0-vis d\u2019elle comme de toutes les autres, et je crois que j\u2019ai la pos\u00adsi\u00adbi\u00adli\u00adt\u00e9 d\u2019ap\u00adpor\u00adter la preuve que cette d\u00e9po\u00adsi\u00adtion contient, notam\u00adment, sur le point qui nous occupe, des erreurs. C\u2019est le mot \u00ab&nbsp;volon\u00adtaires&nbsp;\u00bb qui vous g\u00eane&nbsp;? Nous d\u00e9bat\u00adtrons cela plus&nbsp;tard\u2026<\/p>\n<p>Me de Moro-Giaf\u00adfer\u00adri nous pro\u00admet des d\u00e9bats int\u00e9ressants&nbsp;!\u2026<\/p>\n","protected":false},"excerpt":{"rendered":"<p>Hon\u00adn\u00eates gens. L\u2019en\u00adsei\u00adgne\u00adment le plus \u00e9vident, qui se d\u00e9gage de cette triste affaire, c\u2019est le n\u00e9ant de cette hon\u00adn\u00ea\u00adte\u00adt\u00e9 bour\u00adgeoise dont sont f\u00e9rus les mora\u00adlistes en redin\u00adgote \u00e0 la Jules&nbsp;Simon. Voi\u00adci un s\u00e9na\u00adteur, homme una\u00adni\u00adme\u00adment res\u00adpec\u00adt\u00e9 du \u00ab&nbsp;com\u00admun&nbsp;\u00bb que l\u2019ins\u00adtruc\u00adtion et les d\u00e9bats montrent pour le moins comme un escroc assez d\u00e9pour\u00advu de scru\u00adpule.&nbsp;Voici&nbsp;[\u2026]<\/p>\n","protected":false},"author":1,"featured_media":0,"comment_status":"closed","ping_status":"closed","sticky":false,"template":"","format":"standard","meta":{"wp_typography_post_enhancements_disabled":false,"footnotes":""},"categories":[330],"tags":[],"ppma_author":[540],"class_list":["post-2742","post","type-post","status-publish","format-standard","hentry","category-notre-voix-na2-13-avril-1919"],"authors":[{"term_id":540,"user_id":1,"is_guest":0,"slug":"admin_3gikpwyf","display_name":"Vincent Dubuc","avatar_url":"https:\/\/secure.gravatar.com\/avatar\/d015720652c25fd2ced191ade86430094e1f288a17483713e3b34d26dea52507?s=96&d=mm&r=g","author_category":"","user_url":"https:\/\/la-presse-anarchiste.net","last_name":"Dubuc","first_name":"Vincent","job_title":"","description":""}],"_links":{"self":[{"href":"https:\/\/la-presse-anarchiste.net\/index.php\/wp-json\/wp\/v2\/posts\/2742","targetHints":{"allow":["GET"]}}],"collection":[{"href":"https:\/\/la-presse-anarchiste.net\/index.php\/wp-json\/wp\/v2\/posts"}],"about":[{"href":"https:\/\/la-presse-anarchiste.net\/index.php\/wp-json\/wp\/v2\/types\/post"}],"author":[{"embeddable":true,"href":"https:\/\/la-presse-anarchiste.net\/index.php\/wp-json\/wp\/v2\/users\/1"}],"replies":[{"embeddable":true,"href":"https:\/\/la-presse-anarchiste.net\/index.php\/wp-json\/wp\/v2\/comments?post=2742"}],"version-history":[{"count":0,"href":"https:\/\/la-presse-anarchiste.net\/index.php\/wp-json\/wp\/v2\/posts\/2742\/revisions"}],"wp:attachment":[{"href":"https:\/\/la-presse-anarchiste.net\/index.php\/wp-json\/wp\/v2\/media?parent=2742"}],"wp:term":[{"taxonomy":"category","embeddable":true,"href":"https:\/\/la-presse-anarchiste.net\/index.php\/wp-json\/wp\/v2\/categories?post=2742"},{"taxonomy":"post_tag","embeddable":true,"href":"https:\/\/la-presse-anarchiste.net\/index.php\/wp-json\/wp\/v2\/tags?post=2742"},{"taxonomy":"author","embeddable":true,"href":"https:\/\/la-presse-anarchiste.net\/index.php\/wp-json\/wp\/v2\/ppma_author?post=2742"}],"curies":[{"name":"wp","href":"https:\/\/api.w.org\/{rel}","templated":true}]}}