{"id":2746,"date":"1925-07-15T00:04:05","date_gmt":"1925-07-15T00:04:05","guid":{"rendered":"https:\/\/la-presse-anarchiste.net\/index.php\/2011\/01\/15\/etudes-ouvrieres-2\/"},"modified":"2025-07-30T08:42:45","modified_gmt":"2025-07-30T08:42:45","slug":"etudes-ouvrieres-2","status":"publish","type":"post","link":"https:\/\/la-presse-anarchiste.net\/index.php\/1925\/07\/15\/etudes-ouvrieres-2\/","title":{"rendered":"Etudes ouvri\u00e8res"},"content":{"rendered":"<div class=\"pdfprnt-buttons pdfprnt-buttons-post pdfprnt-top-right\"><a href=\"https:\/\/la-presse-anarchiste.net\/index.php\/wp-json\/wp\/v2\/posts\/2746?print=pdf\" class=\"pdfprnt-button pdfprnt-button-pdf\" target=\"_blank\"><img decoding=\"async\" src=\"https:\/\/la-presse-anarchiste.net\/wp-content\/plugins\/pdf-print\/images\/pdf.png\" alt=\"image_pdf\" title=\"Afficher le PDF\"><\/a><a href=\"https:\/\/la-presse-anarchiste.net\/index.php\/wp-json\/wp\/v2\/posts\/2746?print=print\" class=\"pdfprnt-button pdfprnt-button-print\" target=\"_blank\"><img decoding=\"async\" src=\"https:\/\/la-presse-anarchiste.net\/wp-content\/plugins\/pdf-print\/images\/print.png\" alt=\"image_print\" title=\"Contenu imprim\u00e9\"><\/a><\/div><p style=\"text-align: justify;\">Le Secr\u00e9\u00adta\u00adriat de l\u2019As\u00adso\u00adcia\u00adtion Inter\u00adna\u00adtio\u00adnale des Tra\u00advailleurs (Inter\u00adna\u00adtio\u00adnale Syn\u00addi\u00adca\u00adliste R\u00e9vo\u00adlu\u00adtion\u00adnaire anti\u00ad\u00e9ta\u00adtiste, fon\u00add\u00e9e en d\u00e9cembre 1922 au Congr\u00e8s Inter\u00adna\u00adtio\u00adnal des Syn\u00addi\u00adca\u00adlistes r\u00e9vo\u00adlu\u00adtion\u00adnaires, tenu \u00e0 Ber\u00adlin), vient de publier une note sur une \u00ab&nbsp;Sta\u00adtis\u00adtique Inter\u00adna\u00adtio\u00adnale des Condi\u00adtions de Tra\u00advail dans les dif\u00adf\u00e9\u00adrents pays&nbsp;\u00bb dont nous extra\u00adyons les pas\u00adsages suivants&nbsp;:<\/p>\n<p style=\"text-align: justify;\">\u00ab&nbsp;Le quo\u00adti\u00addien de l\u2019or\u00adga\u00adni\u00adsa\u00adtion syn\u00addi\u00adca\u00adliste de Su\u00e8de, <i>Arbe\u00adta\u00adren<\/i>, vient de pro\u00adpo\u00adser l\u2019\u00e9\u00adla\u00adbo\u00adra\u00adtion d\u2019une sta\u00adtis\u00adtique exacte des condi\u00adtions de tra\u00advail (salaires, dur\u00e9e du tra\u00advail, per\u00admis\u00adsions et autres conqu\u00eates de la classe ouvri\u00e8re). Une telle sta\u00adtis\u00adtique sur une \u00e9chelle inter\u00adna\u00adtio\u00adnale aurait cet avan\u00adtage que les ouvriers ne seraient pas, en pr\u00e9\u00adsen\u00adtant leurs reven\u00addi\u00adca\u00adtions aux patrons, \u00e0 la mer\u00adci des sta\u00adtis\u00adtiques capi\u00adta\u00adlistes. Les ouvriers seraient aus\u00adsi en \u00e9tat de cor\u00adri\u00adger les fausses com\u00admu\u00adni\u00adca\u00adtions de la presse patro\u00adnale sur la situa\u00adtion de la classe ouvri\u00e8re dans les autres pays. Dans les pays o\u00f9 les condi\u00adtions de tra\u00advail et de la vie \u00e9co\u00adno\u00admique des tra\u00advailleurs sont mau\u00advaises, toutes indi\u00adca\u00adtions sur les meilleures condi\u00adtions dans d\u2019autres pays, ser\u00advi\u00adraient d\u2019en\u00adcou\u00adra\u00adge\u00adment pour la conqu\u00eate de meilleures condi\u00adtions chez&nbsp;soi\u2026<\/p>\n<p style=\"text-align: justify;\">\u00ab&nbsp;Que toutes les sec\u00adtions de l\u2019A.I.T. pr\u00e9\u00adparent, par l\u2019in\u00adter\u00adm\u00e9\u00addiaire de leurs syn\u00addi\u00adcats locaux, les don\u00adn\u00e9es tri\u00admes\u00adtrielles sur les salaires, les dur\u00e9es de tra\u00advail, le tra\u00advail par pi\u00e8ce, etc., de fa\u00e7on \u00e0 ce que ces tables pr\u00e9\u00adsentent clai\u00adre\u00adment le nombre de tra\u00advailleurs qui jouissent de la jour\u00adn\u00e9e de huit ou de six heures, le nombre de ceux qui tra\u00advaillent \u00e0 la pi\u00e8ce ou au salaire fixe et \u00e0 quoi ils tra\u00advaillent, et l\u2019on aurait en main une aide de grande valeur pour le pro\u00adl\u00e9\u00adta\u00adriat en&nbsp;lutte.&nbsp;\u00bb<\/p>\n<p style=\"text-align: justify;\">Les don\u00adn\u00e9es seraient certes de tr\u00e8s grande impor\u00adtance. Mais ne serait-ce pas plus pra\u00adtique\u200a\u2014\u200aet n\u2019\u00e9\u00adco\u00adno\u00admi\u00adse\u00adrait-on pas du temps\u200a\u2014\u200asi le Secr\u00e9\u00adta\u00adriat de l\u2019A.I.T., qui pos\u00ads\u00e8de cer\u00adtai\u00adne\u00adment une id\u00e9e g\u00e9n\u00e9\u00adrale des condi\u00adtions dans les dif\u00adf\u00e9\u00adrents pays, pr\u00e9\u00adpa\u00adrait, au pr\u00e9a\u00adlable, une table sta\u00adtis\u00adtique que les orga\u00adni\u00adsa\u00adtions locales ou natio\u00adnales pour\u00adraient rem\u00adplir p\u00e9rio\u00addi\u00adque\u00adment et lui ren\u00advoyer pour com\u00adpi\u00adla\u00adtion et \u00e9tudes&nbsp;?<\/p>\n<h4 style=\"text-align: center;\">\u2042<\/h4>\n<p style=\"text-align: justify;\">L\u2019A.I.T., dont nous venons de par\u00adler, vient de prendre \u00e0 son second Congr\u00e8s (tenu \u00e0 Amster\u00addam en mars 1925) une d\u00e9ci\u00adsion tr\u00e8s int\u00e9\u00adres\u00adsante sur la ques\u00adtion d\u2019\u00e9\u00adtudes ouvri\u00e8res. Voi\u00adci le texte de la r\u00e9so\u00adlu\u00adtion du Congr\u00e8s \u00e0 ce&nbsp;sujet&nbsp;:<\/p>\n<p style=\"text-align: justify;\">\u00ab&nbsp;Consi\u00add\u00e9\u00adrant que le d\u00e9ve\u00adlop\u00adpe\u00adment de la crise mon\u00addiale met de plus en plus le pro\u00adl\u00e9\u00adta\u00adriat de tous les pays aux prises avec une solu\u00adtion pra\u00adtique des pro\u00adbl\u00e8mes poli\u00adtiques et \u00e9co\u00adno\u00admiques qui condui\u00adrait \u00e0 l\u2019\u00e9\u00adman\u00adci\u00adpa\u00adtion int\u00e9\u00adgrale des travailleurs&nbsp;;<\/p>\n<p style=\"text-align: justify;\">\u00ab&nbsp;Que l\u2019\u00e9\u00adtude de ces pro\u00adbl\u00e8mes devient par l\u00e0 une des t\u00e2ches les plus urgentes du mou\u00adve\u00adment ouvrier r\u00e9volutionnaire&nbsp;;<\/p>\n<p style=\"text-align: justify;\">\u00ab&nbsp;Le deuxi\u00e8me Congr\u00e8s de l\u2019A.I.T. d\u00e9cide de cr\u00e9er une Com\u00admis\u00adsion Inter\u00adna\u00adtio\u00adnale d\u2019\u00c9\u00adtudes, dont le but&nbsp;sera&nbsp;:<\/p>\n<p style=\"text-align: justify;\">\u00ab&nbsp;D\u2019\u00e9\u00adla\u00adbo\u00adrer une s\u00e9rie de mono\u00adgra\u00adphies sur les dif\u00adf\u00e9\u00adrents aspects du mou\u00adve\u00adment ouvrier, de la lutte contre le capi\u00adta\u00adlisme mon\u00addial et des solu\u00adtions des pro\u00adbl\u00e8mes poli\u00adtiques, \u00e9co\u00adno\u00admiques et sociaux qui se posent devant le pro\u00adl\u00e9\u00adta\u00adriat en lutte pour le com\u00admu\u00adnisme libertaire&nbsp;;<\/p>\n<p style=\"text-align: justify;\">\u00ab&nbsp;Le Secr\u00e9\u00adta\u00adriat est char\u00adg\u00e9 de prendre toutes les mesures pour la publi\u00adca\u00adtion de ces mono\u00adgra\u00adphies, direc\u00adte\u00adment ou par l\u2019in\u00adter\u00adm\u00e9\u00addiaire des cen\u00adtrales natio\u00adnales, en autant de langues que possible.&nbsp;\u00bb<\/p>\n<p style=\"text-align: justify;\">C\u2019est la pre\u00admi\u00e8re fois, croyons-nous, qu\u2019une orga\u00adni\u00adsa\u00adtion syn\u00addi\u00adca\u00adliste anti-\u00e9ta\u00adtiste pose le pro\u00adbl\u00e8me dans toute son \u00e9ten\u00addue et entre\u00adprend la publi\u00adca\u00adtion r\u00e9gu\u00adli\u00e8re d\u2019une s\u00e9rie d\u2019\u00e9\u00adtudes sur l\u2019or\u00adga\u00adni\u00adsa\u00adtion concr\u00e8te de la R\u00e9vo\u00adlu\u00adtion Sociale.<\/p>\n<p style=\"text-align: justify;\">Il ne reste qu\u2019\u00e0 esp\u00e9\u00adrer que la d\u00e9ci\u00adsion du Congr\u00e8s de l\u2019A.I.T. soit plus qu\u2019un v\u0153u de d\u00e9l\u00e9\u00adgu\u00e9s et ne reste pas lettre morte.<\/p>\n<h4 style=\"text-align: center;\">\u2042<\/h4>\n<p style=\"text-align: justify;\">Nous par\u00adle\u00adrons \u00e0 une autre occa\u00adsion de la \u00ab&nbsp;Consul\u00adta\u00adtion Mon\u00addiale sur les T\u00e2ches de l\u2019A\u00adnar\u00adchisme avant, durant et apr\u00e8s la R\u00e9vo\u00adlu\u00adtion&nbsp;\u00bb, entre\u00adprise par la Revue Inter\u00adna\u00adtio\u00adnale Anarchiste.<\/p>\n<p style=\"text-align: right;\">A.S.<\/p>\n","protected":false},"excerpt":{"rendered":"<p>Le Secr\u00e9\u00adta\u00adriat de l\u2019As\u00adso\u00adcia\u00adtion Inter\u00adna\u00adtio\u00adnale des Tra\u00advailleurs (Inter\u00adna\u00adtio\u00adnale Syn\u00addi\u00adca\u00adliste R\u00e9vo\u00adlu\u00adtion\u00adnaire anti\u00ad\u00e9ta\u00adtiste, fon\u00add\u00e9e en d\u00e9cembre 1922 au Congr\u00e8s Inter\u00adna\u00adtio\u00adnal des Syn\u00addi\u00adca\u00adlistes r\u00e9vo\u00adlu\u00adtion\u00adnaires, tenu \u00e0 Ber\u00adlin), vient de publier une note sur une \u00ab&nbsp;Sta\u00adtis\u00adtique Inter\u00adna\u00adtio\u00adnale des Condi\u00adtions de Tra\u00advail dans les dif\u00adf\u00e9\u00adrents pays&nbsp;\u00bb dont nous extra\u00adyons les pas\u00adsages sui\u00advants&nbsp;: \u00ab&nbsp;Le quo\u00adti\u00addien de l\u2019or\u00adga\u00adni\u00adsa\u00adtion syn\u00addi\u00adca\u00adliste de Su\u00e8de, Arbetaren,&nbsp;[\u2026]<\/p>\n","protected":false},"author":361,"featured_media":9209,"comment_status":"closed","ping_status":"closed","sticky":false,"template":"wp-custom-template-page-d-article","format":"standard","meta":{"wp_typography_post_enhancements_disabled":false,"footnotes":""},"categories":[332],"tags":[1252,1253],"ppma_author":[1195],"class_list":["post-2746","post","type-post","status-publish","format-standard","has-post-thumbnail","hentry","category-plus-loin-na5-15-juillet-1925","tag-association-internationale-des-travailleurs-anarcho-syndialiste","tag-organisation-internationale"],"authors":[{"term_id":1195,"user_id":361,"is_guest":0,"slug":"alex-sadier","display_name":"Alex Sadier","avatar_url":"https:\/\/secure.gravatar.com\/avatar\/6415a817e7aa7bdf8aefd7044fb8e90b1918d472931e8b3aad5514e8aeb77a27?s=96&d=mm&r=g","author_category":"","user_url":"","last_name":"","first_name":"","job_title":"","description":""}],"_links":{"self":[{"href":"https:\/\/la-presse-anarchiste.net\/index.php\/wp-json\/wp\/v2\/posts\/2746","targetHints":{"allow":["GET"]}}],"collection":[{"href":"https:\/\/la-presse-anarchiste.net\/index.php\/wp-json\/wp\/v2\/posts"}],"about":[{"href":"https:\/\/la-presse-anarchiste.net\/index.php\/wp-json\/wp\/v2\/types\/post"}],"author":[{"embeddable":true,"href":"https:\/\/la-presse-anarchiste.net\/index.php\/wp-json\/wp\/v2\/users\/361"}],"replies":[{"embeddable":true,"href":"https:\/\/la-presse-anarchiste.net\/index.php\/wp-json\/wp\/v2\/comments?post=2746"}],"version-history":[{"count":2,"href":"https:\/\/la-presse-anarchiste.net\/index.php\/wp-json\/wp\/v2\/posts\/2746\/revisions"}],"predecessor-version":[{"id":9639,"href":"https:\/\/la-presse-anarchiste.net\/index.php\/wp-json\/wp\/v2\/posts\/2746\/revisions\/9639"}],"wp:featuredmedia":[{"embeddable":true,"href":"https:\/\/la-presse-anarchiste.net\/index.php\/wp-json\/wp\/v2\/media\/9209"}],"wp:attachment":[{"href":"https:\/\/la-presse-anarchiste.net\/index.php\/wp-json\/wp\/v2\/media?parent=2746"}],"wp:term":[{"taxonomy":"category","embeddable":true,"href":"https:\/\/la-presse-anarchiste.net\/index.php\/wp-json\/wp\/v2\/categories?post=2746"},{"taxonomy":"post_tag","embeddable":true,"href":"https:\/\/la-presse-anarchiste.net\/index.php\/wp-json\/wp\/v2\/tags?post=2746"},{"taxonomy":"author","embeddable":true,"href":"https:\/\/la-presse-anarchiste.net\/index.php\/wp-json\/wp\/v2\/ppma_author?post=2746"}],"curies":[{"name":"wp","href":"https:\/\/api.w.org\/{rel}","templated":true}]}}